{"id":56545,"date":"2021-05-10T18:05:10","date_gmt":"2021-05-10T18:05:10","guid":{"rendered":"http:\/\/www.noticiasradioreflejos.com.ar\/2021\/?p=56545"},"modified":"2021-05-10T18:05:10","modified_gmt":"2021-05-10T18:05:10","slug":"el-gobierno-reforzo-el-presupuesto-en-70-000-millones-con-mas-recursos-para-la-pandemia","status":"publish","type":"post","link":"https:\/\/www.noticiasradioreflejos.com.ar\/2021\/el-gobierno-reforzo-el-presupuesto-en-70-000-millones-con-mas-recursos-para-la-pandemia\/","title":{"rendered":"El Gobierno reforz\u00f3 el Presupuesto en $ 70.000 millones con m\u00e1s recursos para la pandemia"},"content":{"rendered":"<div class=\"head-content\">\n<p>De esos fondos, $ 22.340 millones ser\u00e1n para atender los programas de Ministerio de Salud referidos al coronavirus, $ 18.600 millones para obras p\u00fablicas, $ 12.000 millones para el Programa de Recuperaci\u00f3n Productiva II (Repro II) y $ 4.468 millones para Desarrollo Social.<\/p>\n<\/div>\n<p><!--more--><\/p>\n<div class=\"main-content-block\">\n<div class=\"main-box clearfix\">\n<div class=\"wrapper-main-section clearfix\">\n<div class=\"wrapper-editable-content\">\n<div class=\"editable-content clearfix\">\n<div id=\"image\" class=\"image\"><img decoding=\"async\" title=\"Los fondos provendr\u00e1n de obligaciones del Tesoro Nacional y cr\u00e9ditos de organismos multilaterales. \" src=\"https:\/\/www.telam.com.ar\/advf\/imagenes\/2016\/12\/5857f310b788d_1004x565.jpg\" alt=\"Los fondos provendr\u00e1n de obligaciones del Tesoro Nacional y cr\u00e9ditos de organismos multilaterales. \" \/><\/p>\n<div class=\"epigrafe\">Los fondos provendr\u00e1n de obligaciones del Tesoro Nacional y cr\u00e9ditos de organismos multilaterales.<\/div>\n<\/div>\n<p>El Gobierno ampli\u00f3 partidas del Presupuesto Nacional en\u00a0<strong>$ 70.000 millones<\/strong>, de los cuales $ 22.340 millones ser\u00e1n para atender los programas de Ministerio de Salud referidos a la pandemia de coronavirus, $ 18.600 millones para obras p\u00fablicas, $ 12.000 millones para el Programa de Recuperaci\u00f3n Productiva II (Repro II) y $ 4.468 millones para pol\u00edticas alimentarias de Desarrollo Social.<\/p>\n<p>Lo hizo a trav\u00e9s de la decisi\u00f3n administrativa 460\/2021 publicada este lunes en el Bolet\u00edn Oficial, que determin\u00f3 una ampliaci\u00f3n por $ 70.000 millones de los cuales\u00a0<strong>$ 60.000 millones ser\u00e1n obligaciones a cargo del Tesoro Nacional,<\/strong>\u00a0y el resto provendr\u00e1 de\u00a0<strong>cr\u00e9ditos de organismos multilaterales.<\/strong><\/p>\n<h4 class=\"auth\">El destino de los fondos<\/h4>\n<p>El\u00a0<strong>Ministerio de Salud recibir\u00e1 recursos extra por $ 22.340.570.230 para atender la adquisici\u00f3n de vacunas,<\/strong>\u00a0test de ant\u00edgenos y el financiamiento para la creaci\u00f3n del Proyecto de Compensaci\u00f3n en el contexto de la pandemia.<\/p>\n<div id=\"image\" class=\"image\"><img decoding=\"async\" title=\"El Ministerio de Salud recibir\u00e1 una partida para vacunas e insumos relacionados con la pandemia. \" src=\"https:\/\/www.telam.com.ar\/advf\/imagenes\/2021\/04\/607482d503028_1004x565.jpg\" alt=\"El Ministerio de Salud recibir\u00e1 una partida para vacunas e insumos relacionados con la pandemia. \" \/><\/p>\n<div class=\"epigrafe\">El Ministerio de Salud recibir\u00e1 una partida para vacunas e insumos relacionados con la pandemia.<\/div>\n<\/div>\n<p>Tambi\u00e9n ser\u00e1 para atender la\u00a0<strong>extensi\u00f3n del pago de la asignaci\u00f3n est\u00edmulo a personal de la salud,<\/strong>\u00a0como as\u00ed tambi\u00e9n para afrontar los servicios profesionales de los hospitales modulares de emergencia y las transferencias para los modulares de zona sur que se encuentran en funcionamiento a trav\u00e9s del Hospital de Alta Complejidad en red El Cruce; y adem\u00e1s se incrementa el presupuesto del Hospital Posadas.<\/p>\n<p>Por su parte, el\u00a0<strong>Ministerio de Obras P\u00fablicas r<\/strong>ecibir\u00e1 $ 18.600 millones, de los cuales<strong>\u00a0$ 600 millones se transferir\u00e1n a las provincias<\/strong>, y el resto se reforzar\u00e1 el presupuesto de\u00a0<strong>Direcci\u00f3n Nacional de Vialidad para la construcci\u00f3n y el mejoramiento de rutas y autopistas en todo el pa\u00eds.<\/strong><\/p>\n<p>En tanto, el\u00a0<strong>Ministerio de Trabajo percibir\u00e1 $ 12.000 millones para el Repro II; Desarrollo Social, $ 4.468.771.336 para pol\u00edticas alimentarias; la Agencia Nacional de Discapacidad $ 4.343.333.847,<\/strong>\u00a0de los cuales $ 3.350 millones ser\u00e1n para el pago de Pensiones no Contributivas por Invalidez Laborativa.<\/p>\n<p>Adem\u00e1s, el\u00a0<strong>Ministerio del Interior percibir\u00e1 $ 1.950 millones\u00a0<\/strong>que otorgar\u00e1 a las provincias, con el objeto de afrontar gastos relativos al desarrollo de las\u00a0<strong>elecciones Primarias, Abiertas, Obligatorias y Simult\u00e1neas (PASO)<\/strong>\u00a0y de las de legisladores nacionales, conjuntamente con las ejecutivas y provinciales as\u00ed como municipales que se realicen de forma simult\u00e1nea.<\/p>\n<p>Por su lado, el<strong>\u00a0Ministerio de Desarrollo Productivo tendr\u00e1 $ 713 millones extra<\/strong>\u00a0que destinar\u00e1 a la\u00a0<strong>promoci\u00f3n de la productividad y competitividad de las peque\u00f1as y medianas empresas\u00a0<\/strong>y al desarrollo de los emprendedores; y otros\u00a0<strong>$ 1.998.442.694<\/strong>\u00a0con los que el<strong>\u00a0Instituto Nacional de Asociativismo y Econom\u00eda Social (INAES)<\/strong>\u00a0asistir\u00e1 a la actividad cooperativa y mutual.<\/p>\n<p>Por \u00faltimo, el\u00a0<strong>Ministerio de Transporte<\/strong>\u00a0recibir\u00e1 $\u00a0<strong>1.572 millones\u00a0<\/strong>para reforzar el presupuesto de la\u00a0<strong>Administracion Nacional de Aviacion Civil (ANAC)<\/strong>; y el\u00a0<strong>Ministerio de Defensa, $ 538.689.000 para el Estado Mayor General de la Armada.<\/strong><\/div>\n<\/div>\n<\/div>\n<\/div>\n<\/div>\n","protected":false},"excerpt":{"rendered":"<p>De esos fondos, $ 22.340 millones ser\u00e1n para atender los programas de Ministerio de Salud referidos al coronavirus, $ 18.600 millones para obras p\u00fablicas, $ 12.000 millones para el Programa de Recuperaci\u00f3n Productiva II (Repro II) y $ 4.468 millones para Desarrollo Social.<\/p>\n","protected":false},"author":3,"featured_media":0,"comment_status":"open","ping_status":"open","sticky":false,"template":"","format":"standard","meta":{"footnotes":""},"categories":[24],"tags":[],"class_list":["post-56545","post","type-post","status-publish","format-standard","hentry","category-politica"],"yoast_head":"<!-- This site is optimized with the Yoast SEO plugin v25.9 - https:\/\/yoast.com\/wordpress\/plugins\/seo\/ -->\n<title>El Gobierno reforz\u00f3 el Presupuesto en $ 70.000 millones con m\u00e1s recursos para la pandemia - Noticias Radio Reflejos<\/title>\n<meta name=\"robots\" content=\"index, follow, max-snippet:-1, max-image-preview:large, max-video-preview:-1\" \/>\n<link rel=\"canonical\" href=\"https:\/\/www.noticiasradioreflejos.com.ar\/2021\/el-gobierno-reforzo-el-presupuesto-en-70-000-millones-con-mas-recursos-para-la-pandemia\/\" \/>\n<meta property=\"og:locale\" content=\"es_ES\" \/>\n<meta property=\"og:type\" content=\"article\" \/>\n<meta property=\"og:title\" content=\"El Gobierno reforz\u00f3 el Presupuesto en $ 70.000 millones con m\u00e1s recursos para la pandemia - Noticias Radio Reflejos\" \/>\n<meta property=\"og:description\" content=\"De esos fondos, $ 22.340 millones ser\u00e1n para atender los programas de Ministerio de Salud referidos al coronavirus, $ 18.600 millones para obras p\u00fablicas, $ 12.000 millones para el Programa de Recuperaci\u00f3n Productiva II (Repro II) y $ 4.468 millones para Desarrollo Social.\" \/>\n<meta property=\"og:url\" content=\"https:\/\/www.noticiasradioreflejos.com.ar\/2021\/el-gobierno-reforzo-el-presupuesto-en-70-000-millones-con-mas-recursos-para-la-pandemia\/\" \/>\n<meta property=\"og:site_name\" content=\"Noticias Radio Reflejos\" \/>\n<meta property=\"article:published_time\" content=\"2021-05-10T18:05:10+00:00\" \/>\n<meta property=\"og:image\" content=\"https:\/\/www.telam.com.ar\/advf\/imagenes\/2016\/12\/5857f310b788d_1004x565.jpg\" \/>\n<meta name=\"author\" content=\"Arnaldo Botto\" \/>\n<meta name=\"twitter:card\" content=\"summary_large_image\" \/>\n<script type=\"application\/ld+json\" class=\"yoast-schema-graph\">{\"@context\":\"https:\/\/schema.org\",\"@graph\":[{\"@type\":\"WebPage\",\"@id\":\"https:\/\/www.noticiasradioreflejos.com.ar\/2021\/el-gobierno-reforzo-el-presupuesto-en-70-000-millones-con-mas-recursos-para-la-pandemia\/\",\"url\":\"https:\/\/www.noticiasradioreflejos.com.ar\/2021\/el-gobierno-reforzo-el-presupuesto-en-70-000-millones-con-mas-recursos-para-la-pandemia\/\",\"name\":\"El Gobierno reforz\u00f3 el Presupuesto en $ 70.000 millones con m\u00e1s recursos para la pandemia - Noticias Radio Reflejos\",\"isPartOf\":{\"@id\":\"https:\/\/www.noticiasradioreflejos.com.ar\/2021\/#website\"},\"primaryImageOfPage\":{\"@id\":\"https:\/\/www.noticiasradioreflejos.com.ar\/2021\/el-gobierno-reforzo-el-presupuesto-en-70-000-millones-con-mas-recursos-para-la-pandemia\/#primaryimage\"},\"image\":{\"@id\":\"https:\/\/www.noticiasradioreflejos.com.ar\/2021\/el-gobierno-reforzo-el-presupuesto-en-70-000-millones-con-mas-recursos-para-la-pandemia\/#primaryimage\"},\"thumbnailUrl\":\"https:\/\/www.telam.com.ar\/advf\/imagenes\/2016\/12\/5857f310b788d_1004x565.jpg\",\"datePublished\":\"2021-05-10T18:05:10+00:00\",\"author\":{\"@id\":\"https:\/\/www.noticiasradioreflejos.com.ar\/2021\/#\/schema\/person\/ad82545263dcc5ec0996818884fd5fb1\"},\"breadcrumb\":{\"@id\":\"https:\/\/www.noticiasradioreflejos.com.ar\/2021\/el-gobierno-reforzo-el-presupuesto-en-70-000-millones-con-mas-recursos-para-la-pandemia\/#breadcrumb\"},\"inLanguage\":\"es\",\"potentialAction\":[{\"@type\":\"ReadAction\",\"target\":[\"https:\/\/www.noticiasradioreflejos.com.ar\/2021\/el-gobierno-reforzo-el-presupuesto-en-70-000-millones-con-mas-recursos-para-la-pandemia\/\"]}]},{\"@type\":\"ImageObject\",\"inLanguage\":\"es\",\"@id\":\"https:\/\/www.noticiasradioreflejos.com.ar\/2021\/el-gobierno-reforzo-el-presupuesto-en-70-000-millones-con-mas-recursos-para-la-pandemia\/#primaryimage\",\"url\":\"https:\/\/www.telam.com.ar\/advf\/imagenes\/2016\/12\/5857f310b788d_1004x565.jpg\",\"contentUrl\":\"https:\/\/www.telam.com.ar\/advf\/imagenes\/2016\/12\/5857f310b788d_1004x565.jpg\"},{\"@type\":\"BreadcrumbList\",\"@id\":\"https:\/\/www.noticiasradioreflejos.com.ar\/2021\/el-gobierno-reforzo-el-presupuesto-en-70-000-millones-con-mas-recursos-para-la-pandemia\/#breadcrumb\",\"itemListElement\":[{\"@type\":\"ListItem\",\"position\":1,\"name\":\"Portada\",\"item\":\"https:\/\/www.noticiasradioreflejos.com.ar\/2021\/\"},{\"@type\":\"ListItem\",\"position\":2,\"name\":\"El Gobierno reforz\u00f3 el Presupuesto en $ 70.000 millones con m\u00e1s recursos para la pandemia\"}]},{\"@type\":\"WebSite\",\"@id\":\"https:\/\/www.noticiasradioreflejos.com.ar\/2021\/#website\",\"url\":\"https:\/\/www.noticiasradioreflejos.com.ar\/2021\/\",\"name\":\"Noticias Radio Reflejos\",\"description\":\"Las noticias de mi comarca\",\"potentialAction\":[{\"@type\":\"SearchAction\",\"target\":{\"@type\":\"EntryPoint\",\"urlTemplate\":\"https:\/\/www.noticiasradioreflejos.com.ar\/2021\/?s={search_term_string}\"},\"query-input\":{\"@type\":\"PropertyValueSpecification\",\"valueRequired\":true,\"valueName\":\"search_term_string\"}}],\"inLanguage\":\"es\"},{\"@type\":\"Person\",\"@id\":\"https:\/\/www.noticiasradioreflejos.com.ar\/2021\/#\/schema\/person\/ad82545263dcc5ec0996818884fd5fb1\",\"name\":\"Arnaldo Botto\",\"image\":{\"@type\":\"ImageObject\",\"inLanguage\":\"es\",\"@id\":\"https:\/\/www.noticiasradioreflejos.com.ar\/2021\/#\/schema\/person\/image\/\",\"url\":\"https:\/\/secure.gravatar.com\/avatar\/55cb5e37c1efa326397366e6974cb338056df65cb50e7d64d1cf314e87504837?s=96&d=mm&r=g\",\"contentUrl\":\"https:\/\/secure.gravatar.com\/avatar\/55cb5e37c1efa326397366e6974cb338056df65cb50e7d64d1cf314e87504837?s=96&d=mm&r=g\",\"caption\":\"Arnaldo Botto\"},\"url\":\"https:\/\/www.noticiasradioreflejos.com.ar\/2021\/author\/arnaldo\/\"}]}<\/script>\n<!-- \/ Yoast SEO plugin. -->","yoast_head_json":{"title":"El Gobierno reforz\u00f3 el Presupuesto en $ 70.000 millones con m\u00e1s recursos para la pandemia - Noticias Radio Reflejos","robots":{"index":"index","follow":"follow","max-snippet":"max-snippet:-1","max-image-preview":"max-image-preview:large","max-video-preview":"max-video-preview:-1"},"canonical":"https:\/\/www.noticiasradioreflejos.com.ar\/2021\/el-gobierno-reforzo-el-presupuesto-en-70-000-millones-con-mas-recursos-para-la-pandemia\/","og_locale":"es_ES","og_type":"article","og_title":"El Gobierno reforz\u00f3 el Presupuesto en $ 70.000 millones con m\u00e1s recursos para la pandemia - Noticias Radio Reflejos","og_description":"De esos fondos, $ 22.340 millones ser\u00e1n para atender los programas de Ministerio de Salud referidos al coronavirus, $ 18.600 millones para obras p\u00fablicas, $ 12.000 millones para el Programa de Recuperaci\u00f3n Productiva II (Repro II) y $ 4.468 millones para Desarrollo Social.","og_url":"https:\/\/www.noticiasradioreflejos.com.ar\/2021\/el-gobierno-reforzo-el-presupuesto-en-70-000-millones-con-mas-recursos-para-la-pandemia\/","og_site_name":"Noticias Radio Reflejos","article_published_time":"2021-05-10T18:05:10+00:00","og_image":[{"url":"https:\/\/www.telam.com.ar\/advf\/imagenes\/2016\/12\/5857f310b788d_1004x565.jpg","type":"","width":"","height":""}],"author":"Arnaldo Botto","twitter_card":"summary_large_image","schema":{"@context":"https:\/\/schema.org","@graph":[{"@type":"WebPage","@id":"https:\/\/www.noticiasradioreflejos.com.ar\/2021\/el-gobierno-reforzo-el-presupuesto-en-70-000-millones-con-mas-recursos-para-la-pandemia\/","url":"https:\/\/www.noticiasradioreflejos.com.ar\/2021\/el-gobierno-reforzo-el-presupuesto-en-70-000-millones-con-mas-recursos-para-la-pandemia\/","name":"El Gobierno reforz\u00f3 el Presupuesto en $ 70.000 millones con m\u00e1s recursos para la pandemia - Noticias Radio Reflejos","isPartOf":{"@id":"https:\/\/www.noticiasradioreflejos.com.ar\/2021\/#website"},"primaryImageOfPage":{"@id":"https:\/\/www.noticiasradioreflejos.com.ar\/2021\/el-gobierno-reforzo-el-presupuesto-en-70-000-millones-con-mas-recursos-para-la-pandemia\/#primaryimage"},"image":{"@id":"https:\/\/www.noticiasradioreflejos.com.ar\/2021\/el-gobierno-reforzo-el-presupuesto-en-70-000-millones-con-mas-recursos-para-la-pandemia\/#primaryimage"},"thumbnailUrl":"https:\/\/www.telam.com.ar\/advf\/imagenes\/2016\/12\/5857f310b788d_1004x565.jpg","datePublished":"2021-05-10T18:05:10+00:00","author":{"@id":"https:\/\/www.noticiasradioreflejos.com.ar\/2021\/#\/schema\/person\/ad82545263dcc5ec0996818884fd5fb1"},"breadcrumb":{"@id":"https:\/\/www.noticiasradioreflejos.com.ar\/2021\/el-gobierno-reforzo-el-presupuesto-en-70-000-millones-con-mas-recursos-para-la-pandemia\/#breadcrumb"},"inLanguage":"es","potentialAction":[{"@type":"ReadAction","target":["https:\/\/www.noticiasradioreflejos.com.ar\/2021\/el-gobierno-reforzo-el-presupuesto-en-70-000-millones-con-mas-recursos-para-la-pandemia\/"]}]},{"@type":"ImageObject","inLanguage":"es","@id":"https:\/\/www.noticiasradioreflejos.com.ar\/2021\/el-gobierno-reforzo-el-presupuesto-en-70-000-millones-con-mas-recursos-para-la-pandemia\/#primaryimage","url":"https:\/\/www.telam.com.ar\/advf\/imagenes\/2016\/12\/5857f310b788d_1004x565.jpg","contentUrl":"https:\/\/www.telam.com.ar\/advf\/imagenes\/2016\/12\/5857f310b788d_1004x565.jpg"},{"@type":"BreadcrumbList","@id":"https:\/\/www.noticiasradioreflejos.com.ar\/2021\/el-gobierno-reforzo-el-presupuesto-en-70-000-millones-con-mas-recursos-para-la-pandemia\/#breadcrumb","itemListElement":[{"@type":"ListItem","position":1,"name":"Portada","item":"https:\/\/www.noticiasradioreflejos.com.ar\/2021\/"},{"@type":"ListItem","position":2,"name":"El Gobierno reforz\u00f3 el Presupuesto en $ 70.000 millones con m\u00e1s recursos para la pandemia"}]},{"@type":"WebSite","@id":"https:\/\/www.noticiasradioreflejos.com.ar\/2021\/#website","url":"https:\/\/www.noticiasradioreflejos.com.ar\/2021\/","name":"Noticias Radio Reflejos","description":"Las noticias de mi comarca","potentialAction":[{"@type":"SearchAction","target":{"@type":"EntryPoint","urlTemplate":"https:\/\/www.noticiasradioreflejos.com.ar\/2021\/?s={search_term_string}"},"query-input":{"@type":"PropertyValueSpecification","valueRequired":true,"valueName":"search_term_string"}}],"inLanguage":"es"},{"@type":"Person","@id":"https:\/\/www.noticiasradioreflejos.com.ar\/2021\/#\/schema\/person\/ad82545263dcc5ec0996818884fd5fb1","name":"Arnaldo Botto","image":{"@type":"ImageObject","inLanguage":"es","@id":"https:\/\/www.noticiasradioreflejos.com.ar\/2021\/#\/schema\/person\/image\/","url":"https:\/\/secure.gravatar.com\/avatar\/55cb5e37c1efa326397366e6974cb338056df65cb50e7d64d1cf314e87504837?s=96&d=mm&r=g","contentUrl":"https:\/\/secure.gravatar.com\/avatar\/55cb5e37c1efa326397366e6974cb338056df65cb50e7d64d1cf314e87504837?s=96&d=mm&r=g","caption":"Arnaldo Botto"},"url":"https:\/\/www.noticiasradioreflejos.com.ar\/2021\/author\/arnaldo\/"}]}},"_links":{"self":[{"href":"https:\/\/www.noticiasradioreflejos.com.ar\/2021\/wp-json\/wp\/v2\/posts\/56545","targetHints":{"allow":["GET"]}}],"collection":[{"href":"https:\/\/www.noticiasradioreflejos.com.ar\/2021\/wp-json\/wp\/v2\/posts"}],"about":[{"href":"https:\/\/www.noticiasradioreflejos.com.ar\/2021\/wp-json\/wp\/v2\/types\/post"}],"author":[{"embeddable":true,"href":"https:\/\/www.noticiasradioreflejos.com.ar\/2021\/wp-json\/wp\/v2\/users\/3"}],"replies":[{"embeddable":true,"href":"https:\/\/www.noticiasradioreflejos.com.ar\/2021\/wp-json\/wp\/v2\/comments?post=56545"}],"version-history":[{"count":1,"href":"https:\/\/www.noticiasradioreflejos.com.ar\/2021\/wp-json\/wp\/v2\/posts\/56545\/revisions"}],"predecessor-version":[{"id":56547,"href":"https:\/\/www.noticiasradioreflejos.com.ar\/2021\/wp-json\/wp\/v2\/posts\/56545\/revisions\/56547"}],"wp:attachment":[{"href":"https:\/\/www.noticiasradioreflejos.com.ar\/2021\/wp-json\/wp\/v2\/media?parent=56545"}],"wp:term":[{"taxonomy":"category","embeddable":true,"href":"https:\/\/www.noticiasradioreflejos.com.ar\/2021\/wp-json\/wp\/v2\/categories?post=56545"},{"taxonomy":"post_tag","embeddable":true,"href":"https:\/\/www.noticiasradioreflejos.com.ar\/2021\/wp-json\/wp\/v2\/tags?post=56545"}],"curies":[{"name":"wp","href":"https:\/\/api.w.org\/{rel}","templated":true}]}}