{"id":56541,"date":"2021-05-10T17:59:32","date_gmt":"2021-05-10T17:59:32","guid":{"rendered":"http:\/\/www.noticiasradioreflejos.com.ar\/2021\/?p=56541"},"modified":"2021-05-10T17:59:32","modified_gmt":"2021-05-10T17:59:32","slug":"con-la-variante-britanica-habra-mas-contagios-en-bahia-blanca","status":"publish","type":"post","link":"https:\/\/www.noticiasradioreflejos.com.ar\/2021\/con-la-variante-britanica-habra-mas-contagios-en-bahia-blanca\/","title":{"rendered":"\u00abCon la variante brit\u00e1nica habr\u00e1 m\u00e1s contagios en Bah\u00eda Blanca\u00bb"},"content":{"rendered":"<header id=\"mvp-post-head\" class=\"left relative\">Lo asegur\u00f3 en La Br\u00fajula 24 el doctor <strong>Edgardo Streitenberger<\/strong>, jefe del Departamento de Biolog\u00eda y Gen\u00e9tica Molecular del laboratorio IACA.<\/p>\n<div class=\"mvp-author-info-wrap left relative\">\n<div class=\"mvp-author-info-text left relative\">\n<div class=\"mvp-author-info-name left relative\"><\/div>\n<\/div>\n<\/div>\n<\/header>\n<p><!--more--><\/p>\n<div class=\"mvp-post-main-out left relative\">\n<div class=\"mvp-post-main-in\">\n<div id=\"mvp-post-content\" class=\"left relative\">\n<div id=\"mvp-post-feat-img\" class=\"left relative mvp-post-feat-img-wide2\"><img loading=\"lazy\" decoding=\"async\" class=\"attachment- size- wp-post-image\" src=\"https:\/\/www.labrujula24.com\/wp-content\/uploads\/2021\/03\/covid-1.jpg\" sizes=\"auto, (max-width: 1200px) 100vw, 1200px\" srcset=\"https:\/\/www.labrujula24.com\/wp-content\/uploads\/2021\/03\/covid-1.jpg 1200w, https:\/\/www.labrujula24.com\/wp-content\/uploads\/2021\/03\/covid-1-768x461.jpg 768w, https:\/\/www.labrujula24.com\/wp-content\/uploads\/2021\/03\/covid-1-1000x600.jpg 1000w, https:\/\/www.labrujula24.com\/wp-content\/uploads\/2021\/03\/covid-1-590x354.jpg 590w, https:\/\/www.labrujula24.com\/wp-content\/uploads\/2021\/03\/covid-1-400x240.jpg 400w\" alt=\"\" width=\"1200\" height=\"720\" \/><\/div>\n<div id=\"mvp-content-wrap\" class=\"left relative\">\n<div class=\"mvp-post-soc-out right relative\">\n<div class=\"mvp-post-soc-in\">\n<div id=\"mvp-content-body\" class=\"left relative\">\n<div id=\"mvp-content-body-top\" class=\"left relative\">\n<div id=\"mvp-content-main\" class=\"left relative\">\n<div id=\"textbody\">\n<div class=\"code-block code-block-9\">\n<div id=\"ads_Q7WHF96ES5PN\"><\/div>\n<\/div>\n<div class=\"code-block code-block-2\">\n<div class=\"at-above-post\"><\/div>\n<\/div>\n<p>El doctor Edgardo Streitenberger es jefe del Departamento de Biolog\u00eda y Gen\u00e9tica Molecular del laboratorio IACA. Y esta ma\u00f1ana, en di\u00e1logo con el m\u00f3vil\u00a0<strong>LA BR\u00daJULA 24<\/strong>, habl\u00f3 de\u00a0<a href=\"https:\/\/www.labrujula24.com\/notas\/2021\/05\/10\/detectan-el-primer-caso-de-la-cepa-del-reino-unido-en-bahia-n128320\/\">la detecci\u00f3n de la cepa brit\u00e1nica en Bah\u00eda Blanca<\/a>.<\/p>\n<p>Primero, el especialista record\u00f3 que \u00abperi\u00f3dicamente testeamos muestras de laboratorio para poder identificar las variantes del virus, es un an\u00e1lisis adicional al test diagn\u00f3stico. Y tambi\u00e9n separamos positivas y las enviamos al Hospital Guti\u00e9rrez, que busca el mismo objetivo a trav\u00e9s del Proyecto Pa\u00eds\u00bb.<\/p>\n<div class=\"code-block code-block-11\"><\/div>\n<p><iframe loading=\"lazy\" src=\"https:\/\/w.soundcloud.com\/player\/?url=https%3A\/\/api.soundcloud.com\/tracks\/1046201635&amp;color=%233597c6&amp;auto_play=false&amp;hide_related=true&amp;show_comments=false&amp;show_user=true&amp;show_reposts=false&amp;show_teaser=false\" width=\"100%\" height=\"166\" frameborder=\"no\" scrolling=\"no\" data-mce-fragment=\"1\"><\/iframe><\/p>\n<div><a title=\"La Br\u00fajula 24 FM 93.1\" href=\"https:\/\/soundcloud.com\/labrujula24\" target=\"_blank\" rel=\"noopener\">La Br\u00fajula 24 FM 93.1<\/a>\u00a0\u00b7\u00a0<a title=\"Edgardo Streitenberger\" href=\"https:\/\/soundcloud.com\/labrujula24\/edgardo-streitenberger\" target=\"_blank\" rel=\"noopener\">Edgardo Streitenberger<\/a><\/div>\n<p>\u00abYa hab\u00edamos informado con anterioridad que detectamos en Bah\u00eda las de Manaos, Andina y R\u00edo de Janeiro, y en este caso se detect\u00f3 la de Reino Unido, en el marco de estas muestras\u00bb.<\/p>\n<p>\u00abNo se sabe el origen porque todas las que mandamos son an\u00f3nimas, nosotros no le hacemos un seguimiento, de todas maneras el virus est\u00e1 circulando y es lo que se va a venir a Bah\u00eda Blanca\u00bb, ponder\u00f3 Streitenberger.<\/p>\n<div class=\"code-block code-block-1\"><\/div>\n<p>Y agreg\u00f3: \u00abLa que circulaba el a\u00f1o pasada es cada vez menor, ahora est\u00e1n circulando las otras\u00bb.<\/p>\n<p>Por \u00faltimo, a modo de an\u00e1lisis, explic\u00f3 que \u00abestas cepas se llaman variantes de preocupaci\u00f3n porque por un lado se sabe que se transmiten m\u00e1s, y de por s\u00ed eso es un problema. Va a haber mayor cantidad de contagiados, y por ende un mayor n\u00famero de individuos que requieren hospital. Y si el sistema se colapsa va a aumentar la cantidad de fallecidos\u00bb.<\/p>\n<\/div>\n<\/div>\n<\/div>\n<\/div>\n<\/div>\n<\/div>\n<\/div>\n<\/div>\n<\/div>\n<\/div>\n","protected":false},"excerpt":{"rendered":"<p>Lo asegur\u00f3 en La Br\u00fajula 24 el doctor Edgardo Streitenberger, jefe del Departamento de Biolog\u00eda y Gen\u00e9tica Molecular del laboratorio IACA.<\/p>\n","protected":false},"author":3,"featured_media":0,"comment_status":"open","ping_status":"open","sticky":false,"template":"","format":"standard","meta":{"footnotes":""},"categories":[30,26],"tags":[48],"class_list":["post-56541","post","type-post","status-publish","format-standard","hentry","category-salud","category-sociedad","tag-destacada"],"yoast_head":"<!-- This site is optimized with the Yoast SEO plugin v25.9 - https:\/\/yoast.com\/wordpress\/plugins\/seo\/ -->\n<title>&quot;Con la variante brit\u00e1nica habr\u00e1 m\u00e1s contagios en Bah\u00eda Blanca&quot; - Noticias Radio Reflejos<\/title>\n<meta name=\"robots\" content=\"index, follow, max-snippet:-1, max-image-preview:large, max-video-preview:-1\" \/>\n<link rel=\"canonical\" href=\"https:\/\/www.noticiasradioreflejos.com.ar\/2021\/con-la-variante-britanica-habra-mas-contagios-en-bahia-blanca\/\" \/>\n<meta property=\"og:locale\" content=\"es_ES\" \/>\n<meta property=\"og:type\" content=\"article\" \/>\n<meta property=\"og:title\" content=\"&quot;Con la variante brit\u00e1nica habr\u00e1 m\u00e1s contagios en Bah\u00eda Blanca&quot; - Noticias Radio Reflejos\" \/>\n<meta property=\"og:description\" content=\"Lo asegur\u00f3 en La Br\u00fajula 24 el doctor Edgardo Streitenberger, jefe del Departamento de Biolog\u00eda y Gen\u00e9tica Molecular del laboratorio IACA.\" \/>\n<meta property=\"og:url\" content=\"https:\/\/www.noticiasradioreflejos.com.ar\/2021\/con-la-variante-britanica-habra-mas-contagios-en-bahia-blanca\/\" \/>\n<meta property=\"og:site_name\" content=\"Noticias Radio Reflejos\" \/>\n<meta property=\"article:published_time\" content=\"2021-05-10T17:59:32+00:00\" \/>\n<meta property=\"og:image\" content=\"https:\/\/www.labrujula24.com\/wp-content\/uploads\/2021\/03\/covid-1.jpg\" \/>\n<meta name=\"author\" content=\"Arnaldo Botto\" \/>\n<meta name=\"twitter:card\" content=\"summary_large_image\" \/>\n<script type=\"application\/ld+json\" class=\"yoast-schema-graph\">{\"@context\":\"https:\/\/schema.org\",\"@graph\":[{\"@type\":\"WebPage\",\"@id\":\"https:\/\/www.noticiasradioreflejos.com.ar\/2021\/con-la-variante-britanica-habra-mas-contagios-en-bahia-blanca\/\",\"url\":\"https:\/\/www.noticiasradioreflejos.com.ar\/2021\/con-la-variante-britanica-habra-mas-contagios-en-bahia-blanca\/\",\"name\":\"\\\"Con la variante brit\u00e1nica habr\u00e1 m\u00e1s contagios en Bah\u00eda Blanca\\\" - Noticias Radio Reflejos\",\"isPartOf\":{\"@id\":\"https:\/\/www.noticiasradioreflejos.com.ar\/2021\/#website\"},\"primaryImageOfPage\":{\"@id\":\"https:\/\/www.noticiasradioreflejos.com.ar\/2021\/con-la-variante-britanica-habra-mas-contagios-en-bahia-blanca\/#primaryimage\"},\"image\":{\"@id\":\"https:\/\/www.noticiasradioreflejos.com.ar\/2021\/con-la-variante-britanica-habra-mas-contagios-en-bahia-blanca\/#primaryimage\"},\"thumbnailUrl\":\"https:\/\/www.labrujula24.com\/wp-content\/uploads\/2021\/03\/covid-1.jpg\",\"datePublished\":\"2021-05-10T17:59:32+00:00\",\"author\":{\"@id\":\"https:\/\/www.noticiasradioreflejos.com.ar\/2021\/#\/schema\/person\/ad82545263dcc5ec0996818884fd5fb1\"},\"breadcrumb\":{\"@id\":\"https:\/\/www.noticiasradioreflejos.com.ar\/2021\/con-la-variante-britanica-habra-mas-contagios-en-bahia-blanca\/#breadcrumb\"},\"inLanguage\":\"es\",\"potentialAction\":[{\"@type\":\"ReadAction\",\"target\":[\"https:\/\/www.noticiasradioreflejos.com.ar\/2021\/con-la-variante-britanica-habra-mas-contagios-en-bahia-blanca\/\"]}]},{\"@type\":\"ImageObject\",\"inLanguage\":\"es\",\"@id\":\"https:\/\/www.noticiasradioreflejos.com.ar\/2021\/con-la-variante-britanica-habra-mas-contagios-en-bahia-blanca\/#primaryimage\",\"url\":\"https:\/\/www.labrujula24.com\/wp-content\/uploads\/2021\/03\/covid-1.jpg\",\"contentUrl\":\"https:\/\/www.labrujula24.com\/wp-content\/uploads\/2021\/03\/covid-1.jpg\"},{\"@type\":\"BreadcrumbList\",\"@id\":\"https:\/\/www.noticiasradioreflejos.com.ar\/2021\/con-la-variante-britanica-habra-mas-contagios-en-bahia-blanca\/#breadcrumb\",\"itemListElement\":[{\"@type\":\"ListItem\",\"position\":1,\"name\":\"Portada\",\"item\":\"https:\/\/www.noticiasradioreflejos.com.ar\/2021\/\"},{\"@type\":\"ListItem\",\"position\":2,\"name\":\"\u00abCon la variante brit\u00e1nica habr\u00e1 m\u00e1s contagios en Bah\u00eda Blanca\u00bb\"}]},{\"@type\":\"WebSite\",\"@id\":\"https:\/\/www.noticiasradioreflejos.com.ar\/2021\/#website\",\"url\":\"https:\/\/www.noticiasradioreflejos.com.ar\/2021\/\",\"name\":\"Noticias Radio Reflejos\",\"description\":\"Las noticias de mi comarca\",\"potentialAction\":[{\"@type\":\"SearchAction\",\"target\":{\"@type\":\"EntryPoint\",\"urlTemplate\":\"https:\/\/www.noticiasradioreflejos.com.ar\/2021\/?s={search_term_string}\"},\"query-input\":{\"@type\":\"PropertyValueSpecification\",\"valueRequired\":true,\"valueName\":\"search_term_string\"}}],\"inLanguage\":\"es\"},{\"@type\":\"Person\",\"@id\":\"https:\/\/www.noticiasradioreflejos.com.ar\/2021\/#\/schema\/person\/ad82545263dcc5ec0996818884fd5fb1\",\"name\":\"Arnaldo Botto\",\"image\":{\"@type\":\"ImageObject\",\"inLanguage\":\"es\",\"@id\":\"https:\/\/www.noticiasradioreflejos.com.ar\/2021\/#\/schema\/person\/image\/\",\"url\":\"https:\/\/secure.gravatar.com\/avatar\/55cb5e37c1efa326397366e6974cb338056df65cb50e7d64d1cf314e87504837?s=96&d=mm&r=g\",\"contentUrl\":\"https:\/\/secure.gravatar.com\/avatar\/55cb5e37c1efa326397366e6974cb338056df65cb50e7d64d1cf314e87504837?s=96&d=mm&r=g\",\"caption\":\"Arnaldo Botto\"},\"url\":\"https:\/\/www.noticiasradioreflejos.com.ar\/2021\/author\/arnaldo\/\"}]}<\/script>\n<!-- \/ Yoast SEO plugin. -->","yoast_head_json":{"title":"\"Con la variante brit\u00e1nica habr\u00e1 m\u00e1s contagios en Bah\u00eda Blanca\" - Noticias Radio Reflejos","robots":{"index":"index","follow":"follow","max-snippet":"max-snippet:-1","max-image-preview":"max-image-preview:large","max-video-preview":"max-video-preview:-1"},"canonical":"https:\/\/www.noticiasradioreflejos.com.ar\/2021\/con-la-variante-britanica-habra-mas-contagios-en-bahia-blanca\/","og_locale":"es_ES","og_type":"article","og_title":"\"Con la variante brit\u00e1nica habr\u00e1 m\u00e1s contagios en Bah\u00eda Blanca\" - Noticias Radio Reflejos","og_description":"Lo asegur\u00f3 en La Br\u00fajula 24 el doctor Edgardo Streitenberger, jefe del Departamento de Biolog\u00eda y Gen\u00e9tica Molecular del laboratorio IACA.","og_url":"https:\/\/www.noticiasradioreflejos.com.ar\/2021\/con-la-variante-britanica-habra-mas-contagios-en-bahia-blanca\/","og_site_name":"Noticias Radio Reflejos","article_published_time":"2021-05-10T17:59:32+00:00","og_image":[{"url":"https:\/\/www.labrujula24.com\/wp-content\/uploads\/2021\/03\/covid-1.jpg","type":"","width":"","height":""}],"author":"Arnaldo Botto","twitter_card":"summary_large_image","schema":{"@context":"https:\/\/schema.org","@graph":[{"@type":"WebPage","@id":"https:\/\/www.noticiasradioreflejos.com.ar\/2021\/con-la-variante-britanica-habra-mas-contagios-en-bahia-blanca\/","url":"https:\/\/www.noticiasradioreflejos.com.ar\/2021\/con-la-variante-britanica-habra-mas-contagios-en-bahia-blanca\/","name":"\"Con la variante brit\u00e1nica habr\u00e1 m\u00e1s contagios en Bah\u00eda Blanca\" - Noticias Radio Reflejos","isPartOf":{"@id":"https:\/\/www.noticiasradioreflejos.com.ar\/2021\/#website"},"primaryImageOfPage":{"@id":"https:\/\/www.noticiasradioreflejos.com.ar\/2021\/con-la-variante-britanica-habra-mas-contagios-en-bahia-blanca\/#primaryimage"},"image":{"@id":"https:\/\/www.noticiasradioreflejos.com.ar\/2021\/con-la-variante-britanica-habra-mas-contagios-en-bahia-blanca\/#primaryimage"},"thumbnailUrl":"https:\/\/www.labrujula24.com\/wp-content\/uploads\/2021\/03\/covid-1.jpg","datePublished":"2021-05-10T17:59:32+00:00","author":{"@id":"https:\/\/www.noticiasradioreflejos.com.ar\/2021\/#\/schema\/person\/ad82545263dcc5ec0996818884fd5fb1"},"breadcrumb":{"@id":"https:\/\/www.noticiasradioreflejos.com.ar\/2021\/con-la-variante-britanica-habra-mas-contagios-en-bahia-blanca\/#breadcrumb"},"inLanguage":"es","potentialAction":[{"@type":"ReadAction","target":["https:\/\/www.noticiasradioreflejos.com.ar\/2021\/con-la-variante-britanica-habra-mas-contagios-en-bahia-blanca\/"]}]},{"@type":"ImageObject","inLanguage":"es","@id":"https:\/\/www.noticiasradioreflejos.com.ar\/2021\/con-la-variante-britanica-habra-mas-contagios-en-bahia-blanca\/#primaryimage","url":"https:\/\/www.labrujula24.com\/wp-content\/uploads\/2021\/03\/covid-1.jpg","contentUrl":"https:\/\/www.labrujula24.com\/wp-content\/uploads\/2021\/03\/covid-1.jpg"},{"@type":"BreadcrumbList","@id":"https:\/\/www.noticiasradioreflejos.com.ar\/2021\/con-la-variante-britanica-habra-mas-contagios-en-bahia-blanca\/#breadcrumb","itemListElement":[{"@type":"ListItem","position":1,"name":"Portada","item":"https:\/\/www.noticiasradioreflejos.com.ar\/2021\/"},{"@type":"ListItem","position":2,"name":"\u00abCon la variante brit\u00e1nica habr\u00e1 m\u00e1s contagios en Bah\u00eda Blanca\u00bb"}]},{"@type":"WebSite","@id":"https:\/\/www.noticiasradioreflejos.com.ar\/2021\/#website","url":"https:\/\/www.noticiasradioreflejos.com.ar\/2021\/","name":"Noticias Radio Reflejos","description":"Las noticias de mi comarca","potentialAction":[{"@type":"SearchAction","target":{"@type":"EntryPoint","urlTemplate":"https:\/\/www.noticiasradioreflejos.com.ar\/2021\/?s={search_term_string}"},"query-input":{"@type":"PropertyValueSpecification","valueRequired":true,"valueName":"search_term_string"}}],"inLanguage":"es"},{"@type":"Person","@id":"https:\/\/www.noticiasradioreflejos.com.ar\/2021\/#\/schema\/person\/ad82545263dcc5ec0996818884fd5fb1","name":"Arnaldo Botto","image":{"@type":"ImageObject","inLanguage":"es","@id":"https:\/\/www.noticiasradioreflejos.com.ar\/2021\/#\/schema\/person\/image\/","url":"https:\/\/secure.gravatar.com\/avatar\/55cb5e37c1efa326397366e6974cb338056df65cb50e7d64d1cf314e87504837?s=96&d=mm&r=g","contentUrl":"https:\/\/secure.gravatar.com\/avatar\/55cb5e37c1efa326397366e6974cb338056df65cb50e7d64d1cf314e87504837?s=96&d=mm&r=g","caption":"Arnaldo Botto"},"url":"https:\/\/www.noticiasradioreflejos.com.ar\/2021\/author\/arnaldo\/"}]}},"_links":{"self":[{"href":"https:\/\/www.noticiasradioreflejos.com.ar\/2021\/wp-json\/wp\/v2\/posts\/56541","targetHints":{"allow":["GET"]}}],"collection":[{"href":"https:\/\/www.noticiasradioreflejos.com.ar\/2021\/wp-json\/wp\/v2\/posts"}],"about":[{"href":"https:\/\/www.noticiasradioreflejos.com.ar\/2021\/wp-json\/wp\/v2\/types\/post"}],"author":[{"embeddable":true,"href":"https:\/\/www.noticiasradioreflejos.com.ar\/2021\/wp-json\/wp\/v2\/users\/3"}],"replies":[{"embeddable":true,"href":"https:\/\/www.noticiasradioreflejos.com.ar\/2021\/wp-json\/wp\/v2\/comments?post=56541"}],"version-history":[{"count":1,"href":"https:\/\/www.noticiasradioreflejos.com.ar\/2021\/wp-json\/wp\/v2\/posts\/56541\/revisions"}],"predecessor-version":[{"id":56544,"href":"https:\/\/www.noticiasradioreflejos.com.ar\/2021\/wp-json\/wp\/v2\/posts\/56541\/revisions\/56544"}],"wp:attachment":[{"href":"https:\/\/www.noticiasradioreflejos.com.ar\/2021\/wp-json\/wp\/v2\/media?parent=56541"}],"wp:term":[{"taxonomy":"category","embeddable":true,"href":"https:\/\/www.noticiasradioreflejos.com.ar\/2021\/wp-json\/wp\/v2\/categories?post=56541"},{"taxonomy":"post_tag","embeddable":true,"href":"https:\/\/www.noticiasradioreflejos.com.ar\/2021\/wp-json\/wp\/v2\/tags?post=56541"}],"curies":[{"name":"wp","href":"https:\/\/api.w.org\/{rel}","templated":true}]}}