{"id":56534,"date":"2021-05-10T17:38:21","date_gmt":"2021-05-10T17:38:21","guid":{"rendered":"http:\/\/www.noticiasradioreflejos.com.ar\/2021\/?p=56534"},"modified":"2021-05-10T17:38:34","modified_gmt":"2021-05-10T17:38:34","slug":"el-presidente-recibio-el-apoyo-de-portugal-en-las-negociaciones-con-el-fmi-por-la-deuda","status":"publish","type":"post","link":"https:\/\/www.noticiasradioreflejos.com.ar\/2021\/el-presidente-recibio-el-apoyo-de-portugal-en-las-negociaciones-con-el-fmi-por-la-deuda\/","title":{"rendered":"El Presidente recibi\u00f3 el apoyo de Portugal en las negociaciones con el FMI por la deuda"},"content":{"rendered":"<p>Fern\u00e1ndez dijo que la Argentina busca alcanzar un acuerdo con el FMI \u00abque no condicione el futuro y el desarrollo\u00bb y que \u00abse pueda sostener en el tiempo\u00bb, durante una\u00a0conferencia de prensa en Lisboa junto al primer ministro de Portugal, Ant\u00f3nio Costa.<\/p>\n<div class=\"addthis_custom_sharing\"><\/div>\n<p><!--more--><\/p>\n<div class=\"main-content-block\">\n<div class=\"main-box clearfix\">\n<div class=\"wrapper-main-section clearfix\">\n<div class=\"wrapper-editable-content\">\n<div class=\"editable-content clearfix\">\n<p><strong>Por Daniel Scar\u00edmbolo, enviado especial. para TELAM<\/strong><\/p>\n<p><iframe loading=\"lazy\" title=\"YouTube video player\" src=\"https:\/\/www.youtube.com\/embed\/tHq94Utf7Kw\" width=\"560\" height=\"315\" frameborder=\"0\" allowfullscreen=\"allowfullscreen\"><\/iframe><\/p>\n<div class=\"main-content-block\">\n<div class=\"main-box clearfix\">\n<div class=\"wrapper-main-section clearfix\">\n<div class=\"wrapper-editable-content\">\n<div class=\"editable-content clearfix\">\n<div class=\"epigrafe\">Fern\u00e1ndez: \u201cQueremos un acuerdo con el Fondo que no condicione el desarrollo de Argentina\u201d<\/div>\n<p>El presidente Alberto Fern\u00e1ndez recibi\u00f3 este lunes el apoyo de Portugal, expresado por su primer ministro Ant\u00f3nio Costa, en las negociaciones que la Argentina mantiene con el Fondo Monetario Internacional (FMI)por la reprogramaci\u00f3n de la deuda por US$ 45.000 millones.<\/p>\n<p><strong>\u00abLa Argentina tiene el apoyo de Portugal en la negociaci\u00f3n con el FMI. Intentaremos sensibilizar al organismo\u00bb<\/strong>, afirm\u00f3 el premier luso.<\/p>\n<p>El apoyo fue expresado en el marco de una conferencia de prensa que se realiz\u00f3 en el Palacio de Sao Bento, la residencia oficial del primer ministro, en la ciudad de Lisboa, y que sigui\u00f3 a un encuentro que ambos mantuvieron durante dos horas con una agenda que incluy\u00f3 la renegociaci\u00f3n de la deuda argentina con el FMI.<\/p>\n<p>Fern\u00e1ndez agradeci\u00f3 el apoyo del premier portugu\u00e9s, con quien durante la posterior conferencia de prensa expres\u00f3 coincidencias en cuanto a aspectos vinculados con la necesidad de \u00abcambiar algunas reglas\u00bb del organismo de cr\u00e9dito internacional para que el pago de la deuda no comprometa el desarrollo del pa\u00eds.<\/p>\n<p><strong>\u00abPudimos transmitirle al Primer Ministro la situaci\u00f3n que estamos viviendo y los trabajos que estamos haciendo con los organismos de cr\u00e9dito internacionales para intentar cambiar las reglas que los constituyen\u00bb<\/strong>, dijo el Presidente.<\/p>\n<p>En este marco,\u00a0<strong>Fern\u00e1ndez abog\u00f3 por \u00ablograr un acuerdo con el Fondo\u00bb que \u00abpermita el desarrollo de la Argentina\u00bb, teniendo en cuenta la situaci\u00f3n del pa\u00eds previa a la pandemia, heredada del gobierno anterior<\/strong>, de Cambiemos, una situaci\u00f3n agravada a\u00fan m\u00e1s por el impacto de la pandemia de coronavirus.<\/p>\n<p>Costa record\u00f3 que Portugal tuvo el mismo inconveniente que la Argentina para cumplir con las obligaciones que impone el FMI a los pa\u00edses acreedores y y dijo que \u00abhoy es muy claro que estamos en una situaci\u00f3n muy particular con la pandemia\u00bb.<\/p>\n<p>As\u00ed, ambos mandatarios expresaron durante la conferencia la necesidad de suspender la sobretasa de dos puntos porcentuales que el FMI impone a los pa\u00edses con deudas superiores a las que le corresponde sobre la cuota que pagan a ese organismo.<\/p>\n<div id=\"image\" class=\"image\">\n<p><img decoding=\"async\" title=\"Fern\u00e1ndez agradeci\u00f3 el apoyo del gobierno portugu\u00e9s.\" src=\"https:\/\/www.telam.com.ar\/advf\/imagenes\/2021\/05\/6099534202947_1004x565.jpg\" alt=\"Fern\u00e1ndez agradeci\u00f3 el apoyo del gobierno portugu\u00e9s.\" \/><\/p>\n<div class=\"epigrafe\">Fern\u00e1ndez agradeci\u00f3 el apoyo del gobierno portugu\u00e9s.<\/div>\n<\/div>\n<p>Ambos se expresaron tambi\u00e9n respecto a las negociaciones que lleva adelante el Mercosur, bloque del que Argentina es presidente pro t\u00e9mpore, y la Uni\u00f3n Europea, del que Portugal tiene la presidencia pro t\u00e9mpore, y reconocieron que existe un proceso de negociaci\u00f3n de acuerdos econ\u00f3micos pero que, por ahora, avanzan en otros, como el referido a cambio clim\u00e1tico, en el que \u00abno hay desencuentros\u00bb.<\/p>\n<p><strong>\u00abHay que empezar a dar pasos en temas donde no hay desencuentro\u00bb<\/strong>, dijo Fern\u00e1ndez, y cit\u00f3 el caso de los avances que ambos bloques vienen dando en cuanto a \u00abcambio clim\u00e1tico, cuidado del medio ambiente y forestaci\u00f3n\u00bb.<\/p>\n<p>Los mandatarios\u00a0<strong>acordaron poner en marcha estudios cient\u00edficos para el mayor aprovechamiento de los oc\u00e9anos, el tratamiento de residuos y que Portugal ayude al pa\u00eds a ingresar a \u00c1frica con la tecnolog\u00eda agropecuaria<\/strong>, \u00aben la que la Argentina es pionera en el mundo\u00bb, resalt\u00f3 Fern\u00e1ndez.<\/p>\n<p>Tambi\u00e9n convinieron en incrementar el intercambio comercial y cultural, y tambi\u00e9n tur\u00edstico y en marcar la \u00abafinidad\u00bb de ambos gobiernos.<\/p>\n<p>Sobre las vacunas contra el coronavirus, Fern\u00e1ndez record\u00f3 que en las dos reuniones del G20 que particip\u00f3 marc\u00f3\u00a0<a href=\"https:\/\/www.telam.com.ar\/notas\/202105\/553689-alberto-fernandez-vacunas-antonio-costa-portugal.html\" target=\"_blank\" rel=\"noopener\">la necesidad de considerarlas como \u00abun bien global\u00bb<\/a>\u00a0para que todos los pa\u00edses puedan tener la misma oportunidad de acceso a las dosis y no que \u00abel 90% de las vacunas est\u00e9n concentradas en 10 pa\u00edses\u00bb, como ocurre.<\/p>\n<p>Fern\u00e1ndez y Santos destacaron la imperiosa necesidad de que haya un sentido \u00absolidario\u00bb tanto para la adquisici\u00f3n de las dosis como para su distribuci\u00f3n.<\/p>\n<p>\u00abEs el pensamiento del papa Francisco y la comparto\u00bb, complet\u00f3 el jefe de Estado argentino.<\/p>\n<blockquote class=\"twitter-tweet\" data-width=\"500\" data-dnt=\"true\">\n<p lang=\"es\" dir=\"ltr\">\ud83c\udf99\u201cQueremos un acuerdo que no postergue a los argentinos. Le pido al FMI comprensi\u00f3n por la naturaleza del acuerdo que fue nocivo para la Argentina y por el tiempo que el mundo vive\u201d. El presidente <a href=\"https:\/\/twitter.com\/alferdez?ref_src=twsrc%5Etfw\">@alferdez<\/a> en declaraci\u00f3n junto al primer ministro de Portugal, <a href=\"https:\/\/twitter.com\/antoniocostapm?ref_src=twsrc%5Etfw\">@antoniocostapm<\/a>. <a href=\"https:\/\/t.co\/r5KaXlAgA5\">pic.twitter.com\/r5KaXlAgA5<\/a><\/p>\n<p>&mdash; Alberto Fern\u00e1ndez Prensa (@alferdezprensa) <a href=\"https:\/\/twitter.com\/alferdezprensa\/status\/1391751056514748423?ref_src=twsrc%5Etfw\">May 10, 2021<\/a><\/p><\/blockquote>\n<p><script async src=\"https:\/\/platform.twitter.com\/widgets.js\" charset=\"utf-8\"><\/script><\/p>\n<p>Durante la conferencia que dio lugar tambi\u00e9n a preguntas de la prensa portuguesa y argentina, Alberto Fern\u00e1ndez precis\u00f3 que Argentina \u00abproduce el principio activo que se completa en M\u00e9xico y Estados Unidos\u00bb de la vacuna de AstraZeneca y que \u00abeste mes llegar\u00e1n al pa\u00eds las primeras partidas\u00bb con las dosis fabricadas en ambas naciones.<\/p>\n<p>Por su parte, Costa dijo que en este encuentro cambiaron \u00abimpresiones sobre las posibilidades de que se abra una mayor presencia bilateral en temas como ciencia y cuestiones clim\u00e1ticas\u00bb, adem\u00e1s de subrayar \u00abnegociaciones directas entre la Argentina y Portugal por la capacidad que tienen en materia agroalimentaria\u00bb.<\/p>\n<p>Tras la reuni\u00f3n, Fern\u00e1ndez y Costa compartieron un almuerzo en el mismo lugar.<\/p>\n<p>Con este encuentro, al que le sigue un almuerzo en la sede gubernamental, Alberto Fern\u00e1ndez cierra su estad\u00eda en Portugal que ayer incluy\u00f3 un encuentro con su par Marcelo Rebelo de Sousa, con quien mantuvo un encuentro privado y otro del que participaron sus colaboradores.<\/p>\n<p>Tras su paso por Portugal, el Presidente y su comitiva partieron hacia Espa\u00f1a, segunda escala de la gira europea, que incluir\u00e1 tambi\u00e9n su paso por Francia, Ciudad del Vaticano e Italia.<\/p>\n<\/div>\n<\/div>\n<\/div>\n<\/div>\n<\/div>\n<\/div>\n<\/div>\n<\/div>\n<\/div>\n<\/div>\n","protected":false},"excerpt":{"rendered":"<p>Fern\u00e1ndez dijo que la Argentina busca alcanzar un acuerdo con el FMI \u00abque no condicione el futuro y el desarrollo\u00bb y que \u00abse pueda sostener en el tiempo\u00bb, durante una\u00a0conferencia de prensa en Lisboa junto al primer ministro de Portugal, Ant\u00f3nio Costa.<\/p>\n","protected":false},"author":3,"featured_media":0,"comment_status":"open","ping_status":"open","sticky":false,"template":"","format":"standard","meta":{"footnotes":""},"categories":[24],"tags":[],"class_list":["post-56534","post","type-post","status-publish","format-standard","hentry","category-politica"],"yoast_head":"<!-- This site is optimized with the Yoast SEO plugin v25.9 - https:\/\/yoast.com\/wordpress\/plugins\/seo\/ -->\n<title>El Presidente recibi\u00f3 el apoyo de Portugal en las negociaciones con el FMI por la deuda - Noticias Radio Reflejos<\/title>\n<meta name=\"robots\" content=\"index, follow, max-snippet:-1, max-image-preview:large, max-video-preview:-1\" \/>\n<link rel=\"canonical\" href=\"https:\/\/www.noticiasradioreflejos.com.ar\/2021\/el-presidente-recibio-el-apoyo-de-portugal-en-las-negociaciones-con-el-fmi-por-la-deuda\/\" \/>\n<meta property=\"og:locale\" content=\"es_ES\" \/>\n<meta property=\"og:type\" content=\"article\" \/>\n<meta property=\"og:title\" content=\"El Presidente recibi\u00f3 el apoyo de Portugal en las negociaciones con el FMI por la deuda - Noticias Radio Reflejos\" \/>\n<meta property=\"og:description\" content=\"Fern\u00e1ndez dijo que la Argentina busca alcanzar un acuerdo con el FMI \u00abque no condicione el futuro y el desarrollo\u00bb y que \u00abse pueda sostener en el tiempo\u00bb, durante una\u00a0conferencia de prensa en Lisboa junto al primer ministro de Portugal, Ant\u00f3nio Costa.\" \/>\n<meta property=\"og:url\" content=\"https:\/\/www.noticiasradioreflejos.com.ar\/2021\/el-presidente-recibio-el-apoyo-de-portugal-en-las-negociaciones-con-el-fmi-por-la-deuda\/\" \/>\n<meta property=\"og:site_name\" content=\"Noticias Radio Reflejos\" \/>\n<meta property=\"article:published_time\" content=\"2021-05-10T17:38:21+00:00\" \/>\n<meta property=\"article:modified_time\" content=\"2021-05-10T17:38:34+00:00\" \/>\n<meta property=\"og:image\" content=\"https:\/\/www.telam.com.ar\/advf\/imagenes\/2021\/05\/6099534202947_1004x565.jpg\" \/>\n<meta name=\"author\" content=\"Arnaldo Botto\" \/>\n<meta name=\"twitter:card\" content=\"summary_large_image\" \/>\n<script type=\"application\/ld+json\" class=\"yoast-schema-graph\">{\"@context\":\"https:\/\/schema.org\",\"@graph\":[{\"@type\":\"WebPage\",\"@id\":\"https:\/\/www.noticiasradioreflejos.com.ar\/2021\/el-presidente-recibio-el-apoyo-de-portugal-en-las-negociaciones-con-el-fmi-por-la-deuda\/\",\"url\":\"https:\/\/www.noticiasradioreflejos.com.ar\/2021\/el-presidente-recibio-el-apoyo-de-portugal-en-las-negociaciones-con-el-fmi-por-la-deuda\/\",\"name\":\"El Presidente recibi\u00f3 el apoyo de Portugal en las negociaciones con el FMI por la deuda - Noticias Radio Reflejos\",\"isPartOf\":{\"@id\":\"https:\/\/www.noticiasradioreflejos.com.ar\/2021\/#website\"},\"primaryImageOfPage\":{\"@id\":\"https:\/\/www.noticiasradioreflejos.com.ar\/2021\/el-presidente-recibio-el-apoyo-de-portugal-en-las-negociaciones-con-el-fmi-por-la-deuda\/#primaryimage\"},\"image\":{\"@id\":\"https:\/\/www.noticiasradioreflejos.com.ar\/2021\/el-presidente-recibio-el-apoyo-de-portugal-en-las-negociaciones-con-el-fmi-por-la-deuda\/#primaryimage\"},\"thumbnailUrl\":\"https:\/\/www.telam.com.ar\/advf\/imagenes\/2021\/05\/6099534202947_1004x565.jpg\",\"datePublished\":\"2021-05-10T17:38:21+00:00\",\"dateModified\":\"2021-05-10T17:38:34+00:00\",\"author\":{\"@id\":\"https:\/\/www.noticiasradioreflejos.com.ar\/2021\/#\/schema\/person\/ad82545263dcc5ec0996818884fd5fb1\"},\"breadcrumb\":{\"@id\":\"https:\/\/www.noticiasradioreflejos.com.ar\/2021\/el-presidente-recibio-el-apoyo-de-portugal-en-las-negociaciones-con-el-fmi-por-la-deuda\/#breadcrumb\"},\"inLanguage\":\"es\",\"potentialAction\":[{\"@type\":\"ReadAction\",\"target\":[\"https:\/\/www.noticiasradioreflejos.com.ar\/2021\/el-presidente-recibio-el-apoyo-de-portugal-en-las-negociaciones-con-el-fmi-por-la-deuda\/\"]}]},{\"@type\":\"ImageObject\",\"inLanguage\":\"es\",\"@id\":\"https:\/\/www.noticiasradioreflejos.com.ar\/2021\/el-presidente-recibio-el-apoyo-de-portugal-en-las-negociaciones-con-el-fmi-por-la-deuda\/#primaryimage\",\"url\":\"https:\/\/www.telam.com.ar\/advf\/imagenes\/2021\/05\/6099534202947_1004x565.jpg\",\"contentUrl\":\"https:\/\/www.telam.com.ar\/advf\/imagenes\/2021\/05\/6099534202947_1004x565.jpg\"},{\"@type\":\"BreadcrumbList\",\"@id\":\"https:\/\/www.noticiasradioreflejos.com.ar\/2021\/el-presidente-recibio-el-apoyo-de-portugal-en-las-negociaciones-con-el-fmi-por-la-deuda\/#breadcrumb\",\"itemListElement\":[{\"@type\":\"ListItem\",\"position\":1,\"name\":\"Portada\",\"item\":\"https:\/\/www.noticiasradioreflejos.com.ar\/2021\/\"},{\"@type\":\"ListItem\",\"position\":2,\"name\":\"El Presidente recibi\u00f3 el apoyo de Portugal en las negociaciones con el FMI por la deuda\"}]},{\"@type\":\"WebSite\",\"@id\":\"https:\/\/www.noticiasradioreflejos.com.ar\/2021\/#website\",\"url\":\"https:\/\/www.noticiasradioreflejos.com.ar\/2021\/\",\"name\":\"Noticias Radio Reflejos\",\"description\":\"Las noticias de mi comarca\",\"potentialAction\":[{\"@type\":\"SearchAction\",\"target\":{\"@type\":\"EntryPoint\",\"urlTemplate\":\"https:\/\/www.noticiasradioreflejos.com.ar\/2021\/?s={search_term_string}\"},\"query-input\":{\"@type\":\"PropertyValueSpecification\",\"valueRequired\":true,\"valueName\":\"search_term_string\"}}],\"inLanguage\":\"es\"},{\"@type\":\"Person\",\"@id\":\"https:\/\/www.noticiasradioreflejos.com.ar\/2021\/#\/schema\/person\/ad82545263dcc5ec0996818884fd5fb1\",\"name\":\"Arnaldo Botto\",\"image\":{\"@type\":\"ImageObject\",\"inLanguage\":\"es\",\"@id\":\"https:\/\/www.noticiasradioreflejos.com.ar\/2021\/#\/schema\/person\/image\/\",\"url\":\"https:\/\/secure.gravatar.com\/avatar\/55cb5e37c1efa326397366e6974cb338056df65cb50e7d64d1cf314e87504837?s=96&d=mm&r=g\",\"contentUrl\":\"https:\/\/secure.gravatar.com\/avatar\/55cb5e37c1efa326397366e6974cb338056df65cb50e7d64d1cf314e87504837?s=96&d=mm&r=g\",\"caption\":\"Arnaldo Botto\"},\"url\":\"https:\/\/www.noticiasradioreflejos.com.ar\/2021\/author\/arnaldo\/\"}]}<\/script>\n<!-- \/ Yoast SEO plugin. -->","yoast_head_json":{"title":"El Presidente recibi\u00f3 el apoyo de Portugal en las negociaciones con el FMI por la deuda - Noticias Radio Reflejos","robots":{"index":"index","follow":"follow","max-snippet":"max-snippet:-1","max-image-preview":"max-image-preview:large","max-video-preview":"max-video-preview:-1"},"canonical":"https:\/\/www.noticiasradioreflejos.com.ar\/2021\/el-presidente-recibio-el-apoyo-de-portugal-en-las-negociaciones-con-el-fmi-por-la-deuda\/","og_locale":"es_ES","og_type":"article","og_title":"El Presidente recibi\u00f3 el apoyo de Portugal en las negociaciones con el FMI por la deuda - Noticias Radio Reflejos","og_description":"Fern\u00e1ndez dijo que la Argentina busca alcanzar un acuerdo con el FMI \u00abque no condicione el futuro y el desarrollo\u00bb y que \u00abse pueda sostener en el tiempo\u00bb, durante una\u00a0conferencia de prensa en Lisboa junto al primer ministro de Portugal, Ant\u00f3nio Costa.","og_url":"https:\/\/www.noticiasradioreflejos.com.ar\/2021\/el-presidente-recibio-el-apoyo-de-portugal-en-las-negociaciones-con-el-fmi-por-la-deuda\/","og_site_name":"Noticias Radio Reflejos","article_published_time":"2021-05-10T17:38:21+00:00","article_modified_time":"2021-05-10T17:38:34+00:00","og_image":[{"url":"https:\/\/www.telam.com.ar\/advf\/imagenes\/2021\/05\/6099534202947_1004x565.jpg","type":"","width":"","height":""}],"author":"Arnaldo Botto","twitter_card":"summary_large_image","schema":{"@context":"https:\/\/schema.org","@graph":[{"@type":"WebPage","@id":"https:\/\/www.noticiasradioreflejos.com.ar\/2021\/el-presidente-recibio-el-apoyo-de-portugal-en-las-negociaciones-con-el-fmi-por-la-deuda\/","url":"https:\/\/www.noticiasradioreflejos.com.ar\/2021\/el-presidente-recibio-el-apoyo-de-portugal-en-las-negociaciones-con-el-fmi-por-la-deuda\/","name":"El Presidente recibi\u00f3 el apoyo de Portugal en las negociaciones con el FMI por la deuda - Noticias Radio Reflejos","isPartOf":{"@id":"https:\/\/www.noticiasradioreflejos.com.ar\/2021\/#website"},"primaryImageOfPage":{"@id":"https:\/\/www.noticiasradioreflejos.com.ar\/2021\/el-presidente-recibio-el-apoyo-de-portugal-en-las-negociaciones-con-el-fmi-por-la-deuda\/#primaryimage"},"image":{"@id":"https:\/\/www.noticiasradioreflejos.com.ar\/2021\/el-presidente-recibio-el-apoyo-de-portugal-en-las-negociaciones-con-el-fmi-por-la-deuda\/#primaryimage"},"thumbnailUrl":"https:\/\/www.telam.com.ar\/advf\/imagenes\/2021\/05\/6099534202947_1004x565.jpg","datePublished":"2021-05-10T17:38:21+00:00","dateModified":"2021-05-10T17:38:34+00:00","author":{"@id":"https:\/\/www.noticiasradioreflejos.com.ar\/2021\/#\/schema\/person\/ad82545263dcc5ec0996818884fd5fb1"},"breadcrumb":{"@id":"https:\/\/www.noticiasradioreflejos.com.ar\/2021\/el-presidente-recibio-el-apoyo-de-portugal-en-las-negociaciones-con-el-fmi-por-la-deuda\/#breadcrumb"},"inLanguage":"es","potentialAction":[{"@type":"ReadAction","target":["https:\/\/www.noticiasradioreflejos.com.ar\/2021\/el-presidente-recibio-el-apoyo-de-portugal-en-las-negociaciones-con-el-fmi-por-la-deuda\/"]}]},{"@type":"ImageObject","inLanguage":"es","@id":"https:\/\/www.noticiasradioreflejos.com.ar\/2021\/el-presidente-recibio-el-apoyo-de-portugal-en-las-negociaciones-con-el-fmi-por-la-deuda\/#primaryimage","url":"https:\/\/www.telam.com.ar\/advf\/imagenes\/2021\/05\/6099534202947_1004x565.jpg","contentUrl":"https:\/\/www.telam.com.ar\/advf\/imagenes\/2021\/05\/6099534202947_1004x565.jpg"},{"@type":"BreadcrumbList","@id":"https:\/\/www.noticiasradioreflejos.com.ar\/2021\/el-presidente-recibio-el-apoyo-de-portugal-en-las-negociaciones-con-el-fmi-por-la-deuda\/#breadcrumb","itemListElement":[{"@type":"ListItem","position":1,"name":"Portada","item":"https:\/\/www.noticiasradioreflejos.com.ar\/2021\/"},{"@type":"ListItem","position":2,"name":"El Presidente recibi\u00f3 el apoyo de Portugal en las negociaciones con el FMI por la deuda"}]},{"@type":"WebSite","@id":"https:\/\/www.noticiasradioreflejos.com.ar\/2021\/#website","url":"https:\/\/www.noticiasradioreflejos.com.ar\/2021\/","name":"Noticias Radio Reflejos","description":"Las noticias de mi comarca","potentialAction":[{"@type":"SearchAction","target":{"@type":"EntryPoint","urlTemplate":"https:\/\/www.noticiasradioreflejos.com.ar\/2021\/?s={search_term_string}"},"query-input":{"@type":"PropertyValueSpecification","valueRequired":true,"valueName":"search_term_string"}}],"inLanguage":"es"},{"@type":"Person","@id":"https:\/\/www.noticiasradioreflejos.com.ar\/2021\/#\/schema\/person\/ad82545263dcc5ec0996818884fd5fb1","name":"Arnaldo Botto","image":{"@type":"ImageObject","inLanguage":"es","@id":"https:\/\/www.noticiasradioreflejos.com.ar\/2021\/#\/schema\/person\/image\/","url":"https:\/\/secure.gravatar.com\/avatar\/55cb5e37c1efa326397366e6974cb338056df65cb50e7d64d1cf314e87504837?s=96&d=mm&r=g","contentUrl":"https:\/\/secure.gravatar.com\/avatar\/55cb5e37c1efa326397366e6974cb338056df65cb50e7d64d1cf314e87504837?s=96&d=mm&r=g","caption":"Arnaldo Botto"},"url":"https:\/\/www.noticiasradioreflejos.com.ar\/2021\/author\/arnaldo\/"}]}},"_links":{"self":[{"href":"https:\/\/www.noticiasradioreflejos.com.ar\/2021\/wp-json\/wp\/v2\/posts\/56534","targetHints":{"allow":["GET"]}}],"collection":[{"href":"https:\/\/www.noticiasradioreflejos.com.ar\/2021\/wp-json\/wp\/v2\/posts"}],"about":[{"href":"https:\/\/www.noticiasradioreflejos.com.ar\/2021\/wp-json\/wp\/v2\/types\/post"}],"author":[{"embeddable":true,"href":"https:\/\/www.noticiasradioreflejos.com.ar\/2021\/wp-json\/wp\/v2\/users\/3"}],"replies":[{"embeddable":true,"href":"https:\/\/www.noticiasradioreflejos.com.ar\/2021\/wp-json\/wp\/v2\/comments?post=56534"}],"version-history":[{"count":1,"href":"https:\/\/www.noticiasradioreflejos.com.ar\/2021\/wp-json\/wp\/v2\/posts\/56534\/revisions"}],"predecessor-version":[{"id":56537,"href":"https:\/\/www.noticiasradioreflejos.com.ar\/2021\/wp-json\/wp\/v2\/posts\/56534\/revisions\/56537"}],"wp:attachment":[{"href":"https:\/\/www.noticiasradioreflejos.com.ar\/2021\/wp-json\/wp\/v2\/media?parent=56534"}],"wp:term":[{"taxonomy":"category","embeddable":true,"href":"https:\/\/www.noticiasradioreflejos.com.ar\/2021\/wp-json\/wp\/v2\/categories?post=56534"},{"taxonomy":"post_tag","embeddable":true,"href":"https:\/\/www.noticiasradioreflejos.com.ar\/2021\/wp-json\/wp\/v2\/tags?post=56534"}],"curies":[{"name":"wp","href":"https:\/\/api.w.org\/{rel}","templated":true}]}}