{"id":56498,"date":"2021-04-13T14:17:22","date_gmt":"2021-04-13T17:17:22","guid":{"rendered":"http:\/\/www.noticiasradioreflejos.com.ar\/noticias\/?p=55303"},"modified":"2021-04-13T14:17:22","modified_gmt":"2021-04-13T17:17:22","slug":"abierta-la-inscripcion-para-las-disciplinas-deportivas-de-los-juegos-bonaerenses-2021","status":"publish","type":"post","link":"https:\/\/www.noticiasradioreflejos.com.ar\/2021\/abierta-la-inscripcion-para-las-disciplinas-deportivas-de-los-juegos-bonaerenses-2021\/","title":{"rendered":"Abierta la inscripci\u00f3n para las disciplinas deportivas de los Juegos Bonaerenses 2021"},"content":{"rendered":"<p>La Secretaria de Desarrollo, a trav\u00e9s de la Direcci\u00f3n de Deportes, informa que se encuentran abiertas las inscripciones para los Juegos Bonaerenses 2021, organizados por la\u00a0Subsecretar\u00eda de Deportes\u00a0de la provincia de Buenos Aires.<!--more--><\/p>\n<p>En esta edici\u00f3n, la n\u00famero 30, habr\u00e1 cuatro categor\u00edas: Juveniles, Personas con discapacidad (desde 12 a\u00f1os), Adultos mayores y Estudiantes Universitarios (18 a 59 a\u00f1os); y, dependiendo la disciplina, la modalidad ser\u00e1 presencial o virtual.<\/p>\n<p>En los deportes presenciales, la competencia se desarrollar\u00e1 en su formato tradicional de etapas Distrital, Regional y Final Provincial; mientras que en las actividades virtuales, se llevar\u00e1 a cabo tambi\u00e9n en tres fases.<\/p>\n<p>Las inscripciones se encuentran abiertas hasta el 31 de mayo y se realizan mediante la plataforma Plenus en el siguiente link: <a href=\"https:\/\/juegos.gba.gob.ar\/plenus\/\">https:\/\/juegos.gba.gob.ar\/plenus\/<\/a>. En tanto, los reglamentos y la planilla de salud se pueden consultar y descargar en <a href=\"https:\/\/juegos.gba.gob.ar\/documentos\/\">https:\/\/juegos.gba.gob.ar\/documentos\/<\/a>.<\/p>\n<p>Por consultas, escribir a <a href=\"mailto:soportesoportejuegos@deportes.gba.gob.ar\">soportesoportejuegos@deportes.gba.gob.ar<\/a>.<\/p>\n<p><a title=\"inscripciones2021\" href=\"http:\/\/live.staticflickr.com\/65535\/51104966892_7e2bfbc2e3_s.jpg\" rel=\"\"><img loading=\"lazy\" decoding=\"async\" class=\"aligncenter\" title=\"inscripciones2021\" src=\"http:\/\/live.staticflickr.com\/65535\/51104966892_7e2bfbc2e3_c.jpg\" alt=\"inscripciones2021\" width=\"800\" height=\"800\" \/><\/a><\/p>\n","protected":false},"excerpt":{"rendered":"<p>La Secretaria de Desarrollo, a trav\u00e9s de la Direcci\u00f3n de Deportes, informa que se encuentran abiertas las inscripciones para los Juegos Bonaerenses 2021, organizados por la\u00a0Subsecretar\u00eda de Deportes\u00a0de la provincia de Buenos Aires.<\/p>\n","protected":false},"author":3,"featured_media":0,"comment_status":"closed","ping_status":"open","sticky":false,"template":"","format":"standard","meta":{"footnotes":""},"categories":[27],"tags":[],"class_list":["post-56498","post","type-post","status-publish","format-standard","hentry","category-deportes"],"yoast_head":"<!-- This site is optimized with the Yoast SEO plugin v25.9 - https:\/\/yoast.com\/wordpress\/plugins\/seo\/ -->\n<title>Abierta la inscripci\u00f3n para las disciplinas deportivas de los Juegos Bonaerenses 2021 - Noticias Radio Reflejos<\/title>\n<meta name=\"robots\" content=\"index, follow, max-snippet:-1, max-image-preview:large, max-video-preview:-1\" \/>\n<link rel=\"canonical\" href=\"https:\/\/www.noticiasradioreflejos.com.ar\/2021\/abierta-la-inscripcion-para-las-disciplinas-deportivas-de-los-juegos-bonaerenses-2021\/\" \/>\n<meta property=\"og:locale\" content=\"es_ES\" \/>\n<meta property=\"og:type\" content=\"article\" \/>\n<meta property=\"og:title\" content=\"Abierta la inscripci\u00f3n para las disciplinas deportivas de los Juegos Bonaerenses 2021 - Noticias Radio Reflejos\" \/>\n<meta property=\"og:description\" content=\"La Secretaria de Desarrollo, a trav\u00e9s de la Direcci\u00f3n de Deportes, informa que se encuentran abiertas las inscripciones para los Juegos Bonaerenses 2021, organizados por la\u00a0Subsecretar\u00eda de Deportes\u00a0de la provincia de Buenos Aires.\" \/>\n<meta property=\"og:url\" content=\"https:\/\/www.noticiasradioreflejos.com.ar\/2021\/abierta-la-inscripcion-para-las-disciplinas-deportivas-de-los-juegos-bonaerenses-2021\/\" \/>\n<meta property=\"og:site_name\" content=\"Noticias Radio Reflejos\" \/>\n<meta property=\"article:published_time\" content=\"2021-04-13T17:17:22+00:00\" \/>\n<meta property=\"og:image\" content=\"http:\/\/live.staticflickr.com\/65535\/51104966892_7e2bfbc2e3_c.jpg\" \/>\n<meta name=\"author\" content=\"Arnaldo Botto\" \/>\n<meta name=\"twitter:card\" content=\"summary_large_image\" \/>\n<script type=\"application\/ld+json\" class=\"yoast-schema-graph\">{\"@context\":\"https:\/\/schema.org\",\"@graph\":[{\"@type\":\"WebPage\",\"@id\":\"https:\/\/www.noticiasradioreflejos.com.ar\/2021\/abierta-la-inscripcion-para-las-disciplinas-deportivas-de-los-juegos-bonaerenses-2021\/\",\"url\":\"https:\/\/www.noticiasradioreflejos.com.ar\/2021\/abierta-la-inscripcion-para-las-disciplinas-deportivas-de-los-juegos-bonaerenses-2021\/\",\"name\":\"Abierta la inscripci\u00f3n para las disciplinas deportivas de los Juegos Bonaerenses 2021 - Noticias Radio Reflejos\",\"isPartOf\":{\"@id\":\"https:\/\/www.noticiasradioreflejos.com.ar\/2021\/#website\"},\"primaryImageOfPage\":{\"@id\":\"https:\/\/www.noticiasradioreflejos.com.ar\/2021\/abierta-la-inscripcion-para-las-disciplinas-deportivas-de-los-juegos-bonaerenses-2021\/#primaryimage\"},\"image\":{\"@id\":\"https:\/\/www.noticiasradioreflejos.com.ar\/2021\/abierta-la-inscripcion-para-las-disciplinas-deportivas-de-los-juegos-bonaerenses-2021\/#primaryimage\"},\"thumbnailUrl\":\"http:\/\/live.staticflickr.com\/65535\/51104966892_7e2bfbc2e3_c.jpg\",\"datePublished\":\"2021-04-13T17:17:22+00:00\",\"author\":{\"@id\":\"https:\/\/www.noticiasradioreflejos.com.ar\/2021\/#\/schema\/person\/ad82545263dcc5ec0996818884fd5fb1\"},\"breadcrumb\":{\"@id\":\"https:\/\/www.noticiasradioreflejos.com.ar\/2021\/abierta-la-inscripcion-para-las-disciplinas-deportivas-de-los-juegos-bonaerenses-2021\/#breadcrumb\"},\"inLanguage\":\"es\",\"potentialAction\":[{\"@type\":\"ReadAction\",\"target\":[\"https:\/\/www.noticiasradioreflejos.com.ar\/2021\/abierta-la-inscripcion-para-las-disciplinas-deportivas-de-los-juegos-bonaerenses-2021\/\"]}]},{\"@type\":\"ImageObject\",\"inLanguage\":\"es\",\"@id\":\"https:\/\/www.noticiasradioreflejos.com.ar\/2021\/abierta-la-inscripcion-para-las-disciplinas-deportivas-de-los-juegos-bonaerenses-2021\/#primaryimage\",\"url\":\"http:\/\/live.staticflickr.com\/65535\/51104966892_7e2bfbc2e3_c.jpg\",\"contentUrl\":\"http:\/\/live.staticflickr.com\/65535\/51104966892_7e2bfbc2e3_c.jpg\"},{\"@type\":\"BreadcrumbList\",\"@id\":\"https:\/\/www.noticiasradioreflejos.com.ar\/2021\/abierta-la-inscripcion-para-las-disciplinas-deportivas-de-los-juegos-bonaerenses-2021\/#breadcrumb\",\"itemListElement\":[{\"@type\":\"ListItem\",\"position\":1,\"name\":\"Portada\",\"item\":\"https:\/\/www.noticiasradioreflejos.com.ar\/2021\/\"},{\"@type\":\"ListItem\",\"position\":2,\"name\":\"Abierta la inscripci\u00f3n para las disciplinas deportivas de los Juegos Bonaerenses 2021\"}]},{\"@type\":\"WebSite\",\"@id\":\"https:\/\/www.noticiasradioreflejos.com.ar\/2021\/#website\",\"url\":\"https:\/\/www.noticiasradioreflejos.com.ar\/2021\/\",\"name\":\"Noticias Radio Reflejos\",\"description\":\"Las noticias de mi comarca\",\"potentialAction\":[{\"@type\":\"SearchAction\",\"target\":{\"@type\":\"EntryPoint\",\"urlTemplate\":\"https:\/\/www.noticiasradioreflejos.com.ar\/2021\/?s={search_term_string}\"},\"query-input\":{\"@type\":\"PropertyValueSpecification\",\"valueRequired\":true,\"valueName\":\"search_term_string\"}}],\"inLanguage\":\"es\"},{\"@type\":\"Person\",\"@id\":\"https:\/\/www.noticiasradioreflejos.com.ar\/2021\/#\/schema\/person\/ad82545263dcc5ec0996818884fd5fb1\",\"name\":\"Arnaldo Botto\",\"image\":{\"@type\":\"ImageObject\",\"inLanguage\":\"es\",\"@id\":\"https:\/\/www.noticiasradioreflejos.com.ar\/2021\/#\/schema\/person\/image\/\",\"url\":\"https:\/\/secure.gravatar.com\/avatar\/55cb5e37c1efa326397366e6974cb338056df65cb50e7d64d1cf314e87504837?s=96&d=mm&r=g\",\"contentUrl\":\"https:\/\/secure.gravatar.com\/avatar\/55cb5e37c1efa326397366e6974cb338056df65cb50e7d64d1cf314e87504837?s=96&d=mm&r=g\",\"caption\":\"Arnaldo Botto\"},\"url\":\"https:\/\/www.noticiasradioreflejos.com.ar\/2021\/author\/arnaldo\/\"}]}<\/script>\n<!-- \/ Yoast SEO plugin. -->","yoast_head_json":{"title":"Abierta la inscripci\u00f3n para las disciplinas deportivas de los Juegos Bonaerenses 2021 - Noticias Radio Reflejos","robots":{"index":"index","follow":"follow","max-snippet":"max-snippet:-1","max-image-preview":"max-image-preview:large","max-video-preview":"max-video-preview:-1"},"canonical":"https:\/\/www.noticiasradioreflejos.com.ar\/2021\/abierta-la-inscripcion-para-las-disciplinas-deportivas-de-los-juegos-bonaerenses-2021\/","og_locale":"es_ES","og_type":"article","og_title":"Abierta la inscripci\u00f3n para las disciplinas deportivas de los Juegos Bonaerenses 2021 - Noticias Radio Reflejos","og_description":"La Secretaria de Desarrollo, a trav\u00e9s de la Direcci\u00f3n de Deportes, informa que se encuentran abiertas las inscripciones para los Juegos Bonaerenses 2021, organizados por la\u00a0Subsecretar\u00eda de Deportes\u00a0de la provincia de Buenos Aires.","og_url":"https:\/\/www.noticiasradioreflejos.com.ar\/2021\/abierta-la-inscripcion-para-las-disciplinas-deportivas-de-los-juegos-bonaerenses-2021\/","og_site_name":"Noticias Radio Reflejos","article_published_time":"2021-04-13T17:17:22+00:00","og_image":[{"url":"http:\/\/live.staticflickr.com\/65535\/51104966892_7e2bfbc2e3_c.jpg","type":"","width":"","height":""}],"author":"Arnaldo Botto","twitter_card":"summary_large_image","schema":{"@context":"https:\/\/schema.org","@graph":[{"@type":"WebPage","@id":"https:\/\/www.noticiasradioreflejos.com.ar\/2021\/abierta-la-inscripcion-para-las-disciplinas-deportivas-de-los-juegos-bonaerenses-2021\/","url":"https:\/\/www.noticiasradioreflejos.com.ar\/2021\/abierta-la-inscripcion-para-las-disciplinas-deportivas-de-los-juegos-bonaerenses-2021\/","name":"Abierta la inscripci\u00f3n para las disciplinas deportivas de los Juegos Bonaerenses 2021 - Noticias Radio Reflejos","isPartOf":{"@id":"https:\/\/www.noticiasradioreflejos.com.ar\/2021\/#website"},"primaryImageOfPage":{"@id":"https:\/\/www.noticiasradioreflejos.com.ar\/2021\/abierta-la-inscripcion-para-las-disciplinas-deportivas-de-los-juegos-bonaerenses-2021\/#primaryimage"},"image":{"@id":"https:\/\/www.noticiasradioreflejos.com.ar\/2021\/abierta-la-inscripcion-para-las-disciplinas-deportivas-de-los-juegos-bonaerenses-2021\/#primaryimage"},"thumbnailUrl":"http:\/\/live.staticflickr.com\/65535\/51104966892_7e2bfbc2e3_c.jpg","datePublished":"2021-04-13T17:17:22+00:00","author":{"@id":"https:\/\/www.noticiasradioreflejos.com.ar\/2021\/#\/schema\/person\/ad82545263dcc5ec0996818884fd5fb1"},"breadcrumb":{"@id":"https:\/\/www.noticiasradioreflejos.com.ar\/2021\/abierta-la-inscripcion-para-las-disciplinas-deportivas-de-los-juegos-bonaerenses-2021\/#breadcrumb"},"inLanguage":"es","potentialAction":[{"@type":"ReadAction","target":["https:\/\/www.noticiasradioreflejos.com.ar\/2021\/abierta-la-inscripcion-para-las-disciplinas-deportivas-de-los-juegos-bonaerenses-2021\/"]}]},{"@type":"ImageObject","inLanguage":"es","@id":"https:\/\/www.noticiasradioreflejos.com.ar\/2021\/abierta-la-inscripcion-para-las-disciplinas-deportivas-de-los-juegos-bonaerenses-2021\/#primaryimage","url":"http:\/\/live.staticflickr.com\/65535\/51104966892_7e2bfbc2e3_c.jpg","contentUrl":"http:\/\/live.staticflickr.com\/65535\/51104966892_7e2bfbc2e3_c.jpg"},{"@type":"BreadcrumbList","@id":"https:\/\/www.noticiasradioreflejos.com.ar\/2021\/abierta-la-inscripcion-para-las-disciplinas-deportivas-de-los-juegos-bonaerenses-2021\/#breadcrumb","itemListElement":[{"@type":"ListItem","position":1,"name":"Portada","item":"https:\/\/www.noticiasradioreflejos.com.ar\/2021\/"},{"@type":"ListItem","position":2,"name":"Abierta la inscripci\u00f3n para las disciplinas deportivas de los Juegos Bonaerenses 2021"}]},{"@type":"WebSite","@id":"https:\/\/www.noticiasradioreflejos.com.ar\/2021\/#website","url":"https:\/\/www.noticiasradioreflejos.com.ar\/2021\/","name":"Noticias Radio Reflejos","description":"Las noticias de mi comarca","potentialAction":[{"@type":"SearchAction","target":{"@type":"EntryPoint","urlTemplate":"https:\/\/www.noticiasradioreflejos.com.ar\/2021\/?s={search_term_string}"},"query-input":{"@type":"PropertyValueSpecification","valueRequired":true,"valueName":"search_term_string"}}],"inLanguage":"es"},{"@type":"Person","@id":"https:\/\/www.noticiasradioreflejos.com.ar\/2021\/#\/schema\/person\/ad82545263dcc5ec0996818884fd5fb1","name":"Arnaldo Botto","image":{"@type":"ImageObject","inLanguage":"es","@id":"https:\/\/www.noticiasradioreflejos.com.ar\/2021\/#\/schema\/person\/image\/","url":"https:\/\/secure.gravatar.com\/avatar\/55cb5e37c1efa326397366e6974cb338056df65cb50e7d64d1cf314e87504837?s=96&d=mm&r=g","contentUrl":"https:\/\/secure.gravatar.com\/avatar\/55cb5e37c1efa326397366e6974cb338056df65cb50e7d64d1cf314e87504837?s=96&d=mm&r=g","caption":"Arnaldo Botto"},"url":"https:\/\/www.noticiasradioreflejos.com.ar\/2021\/author\/arnaldo\/"}]}},"_links":{"self":[{"href":"https:\/\/www.noticiasradioreflejos.com.ar\/2021\/wp-json\/wp\/v2\/posts\/56498","targetHints":{"allow":["GET"]}}],"collection":[{"href":"https:\/\/www.noticiasradioreflejos.com.ar\/2021\/wp-json\/wp\/v2\/posts"}],"about":[{"href":"https:\/\/www.noticiasradioreflejos.com.ar\/2021\/wp-json\/wp\/v2\/types\/post"}],"author":[{"embeddable":true,"href":"https:\/\/www.noticiasradioreflejos.com.ar\/2021\/wp-json\/wp\/v2\/users\/3"}],"replies":[{"embeddable":true,"href":"https:\/\/www.noticiasradioreflejos.com.ar\/2021\/wp-json\/wp\/v2\/comments?post=56498"}],"version-history":[{"count":0,"href":"https:\/\/www.noticiasradioreflejos.com.ar\/2021\/wp-json\/wp\/v2\/posts\/56498\/revisions"}],"wp:attachment":[{"href":"https:\/\/www.noticiasradioreflejos.com.ar\/2021\/wp-json\/wp\/v2\/media?parent=56498"}],"wp:term":[{"taxonomy":"category","embeddable":true,"href":"https:\/\/www.noticiasradioreflejos.com.ar\/2021\/wp-json\/wp\/v2\/categories?post=56498"},{"taxonomy":"post_tag","embeddable":true,"href":"https:\/\/www.noticiasradioreflejos.com.ar\/2021\/wp-json\/wp\/v2\/tags?post=56498"}],"curies":[{"name":"wp","href":"https:\/\/api.w.org\/{rel}","templated":true}]}}