{"id":56496,"date":"2021-04-13T14:08:56","date_gmt":"2021-04-13T17:08:56","guid":{"rendered":"http:\/\/www.noticiasradioreflejos.com.ar\/noticias\/?p=55299"},"modified":"2021-04-13T14:08:56","modified_gmt":"2021-04-13T17:08:56","slug":"provincia-de-buenos-aires-avanza-la-iniciativa-sobre-regulacion-del-uso-medicinal-de-cannabis","status":"publish","type":"post","link":"https:\/\/www.noticiasradioreflejos.com.ar\/2021\/provincia-de-buenos-aires-avanza-la-iniciativa-sobre-regulacion-del-uso-medicinal-de-cannabis\/","title":{"rendered":"Provincia de Buenos Aires: Avanza la iniciativa sobre regulaci\u00f3n del uso medicinal de cannabis"},"content":{"rendered":"<div class=\"head-content\">\n<div class=\"data\"><\/div>\n<p>En una reuni\u00f3n conjunta de las comisiones de Salud, Presupuesto, Legislaci\u00f3n General y Asuntos Constitucionales, la C\u00e1mara de Diputados de la Provincia aprob\u00f3 este lunes por mayor\u00eda el despacho del proyecto de Ley enviado por el Ejecutivo bonaerense sobre el uso medicinal del cannabis y sus derivados.<\/p>\n<div class=\"addthis_custom_sharing\"><\/div>\n<\/div>\n<p><!--more--><\/p>\n<div class=\"main-content-block\">\n<div class=\"main-box clearfix\">\n<div class=\"wrapper-main-section clearfix\">\n<div class=\"wrapper-editable-content\">\n<div class=\"editable-content clearfix\">\n<div id=\"image\" class=\"image\"><img decoding=\"async\" title=\"La provincia de Buenos Aires busca regular la producci\u00f3n y comercializaci\u00f3n del cannabis para uso medicinal.\" src=\"https:\/\/www.telam.com.ar\/advf\/imagenes\/2021\/03\/6043a883988bc_1004x565.jpg\" alt=\"La provincia de Buenos Aires busca regular la producci\u00f3n y comercializaci\u00f3n del cannabis para uso medicinal.\" \/><\/p>\n<div class=\"epigrafe\">La provincia de Buenos Aires busca regular la producci\u00f3n y comercializaci\u00f3n del cannabis para uso medicinal.<\/div>\n<\/div>\n<p>La iniciativa enviada por el Gobierno bonaerense para regular la producci\u00f3n y comercializaci\u00f3n del cannabis para uso medicinal, avanz\u00f3 en la C\u00e1mara de Diputados provincial al aprobarse en comisi\u00f3n el proyecto oficial.<\/p>\n<p>En una reuni\u00f3n conjunta de las comisiones de Salud, Presupuesto, Legislaci\u00f3n General y Asuntos Constitucionales, la C\u00e1mara de Diputados de la Provincia aprob\u00f3 este lunes por mayor\u00eda el despacho del proyecto de Ley enviado por el Ejecutivo bonaerense sobre el uso medicinal del cannabis y sus derivados.<\/p>\n<p><strong>Si bien todos los bloques se mostraron de acuerdo en avanzar con la Ley, desde el bloque opositor votaron un despacho en minor\u00eda, proponiendo modificaciones al proyecto oficial.<\/strong><\/p>\n<p>\u201cTodos compartimos el esp\u00edritu de esta Ley. Nosotros iniciamos este camino con la presentaci\u00f3n de un proyecto de nuestro bloque, del diputado Emiliano Balb\u00edn, y luego el Poder Ejecutivo envi\u00f3 el suyo, en muchos aspectos sobre la base de lo que hab\u00edamos trabajado ya desde la comisi\u00f3n de Salud\u201d, indicaron los diputados opositores.<\/p>\n<blockquote><p>La propuesta busca modificar la Ley 14.924 y ratificar la adhesi\u00f3n a la Ley nacional 27.350 creando el marco regulatorio para la investigaci\u00f3n cient\u00edfica y el uso medicinal del cannabis Sativa y sus derivados.<\/p><\/blockquote>\n<p>La diputada Alejandra Lord\u00e9n, del bloque de Juntos por el Cambio, dijo que si bien no se pudo llegar a un acuerdo esperan que en la pr\u00f3xima sesi\u00f3n se pueda \u00abllegar a un consenso, para tener la mejor Ley\u201d.<\/p>\n<p>Por su parte, Balb\u00edn especific\u00f3 que \u201csi bien estamos conformes con el proyecto del Ejecutivo, porque toma en gran parte el proyecto que presentamos en mayo del 2020 y al que adhirieron m\u00e1s de setenta Concejos Deliberantes, creemos fundamental mejorar la figura de la Agencia, para darle mayor representatividad a todos los sectores\u201d.<\/p>\n<p>Al respecto, el diputado Daniel Lipovetsky se\u00f1al\u00f3 que desde el espacio buscan\u00a0<strong>\u00abque la Provincia, adem\u00e1s de dar respuesta a los pap\u00e1s y mam\u00e1s que buscan una soluci\u00f3n para sus hijos, sea l\u00edder en la producci\u00f3n de cannabis medicinal. Y es por eso que planteamos algunas peque\u00f1as modificaciones que para nosotros mejoran la Ley\u201d.<\/strong><\/p>\n<p><strong>El proyecto podr\u00e1 ser tratado en el recinto en la pr\u00f3xima sesi\u00f3n<\/strong>\u00a0y con su aprobaci\u00f3n quienes necesiten cultivar cannabis como herramienta terap\u00e9utica, van a poder hacerlo en un marco jur\u00eddico que permitir\u00e1 \u00abun acceso seguro e inclusivo regulado por una nueva Agencia\u00bb, que ser\u00e1 la responsable de la autorizaci\u00f3n, certificaci\u00f3n, habilitaci\u00f3n, control, fiscalizaci\u00f3n y asistencia a los cultivos autorizados que cumplan condiciones espec\u00edficas.<\/p>\n<p>La propuesta busca modificar la Ley 14.924 y ratificar la adhesi\u00f3n a la Ley nacional 27.350 creando el marco regulatorio para la investigaci\u00f3n cient\u00edfica y el uso medicinal del cannabis Sativa y sus derivados.<\/p>\n<div class=\"auth\">Las modificaciones que propone la oposici\u00f3n<\/div>\n<p>La principal modificaci\u00f3n que plantea la oposici\u00f3n es que se transforme la figura de Agencia, que plantea el Poder Ejecutivo, por la de un instituto colegiado, con la participaci\u00f3n de m\u00e1s actores, entre los que estar\u00edan las universidades nacionales, organizaciones civiles y una representaci\u00f3n parlamentaria.<\/p>\n<p>\u201cDesde Juntos por el Cambio acompa\u00f1amos e impulsamos esta Ley, porque entendemos que es un reclamo genuino de la gente, y una posibilidad de desarrollo para la Provincia, y este jueves en la sesi\u00f3n trabajaremos para incorporar los cambios que creemos necesarios para mejorar la futura norma\u201d, dijo el titular del bloque, Maximiliano Abad.<\/p><\/div>\n<\/div>\n<\/div>\n<\/div>\n<\/div>\n","protected":false},"excerpt":{"rendered":"<p>En una reuni\u00f3n conjunta de las comisiones de Salud, Presupuesto, Legislaci\u00f3n General y Asuntos Constitucionales, la C\u00e1mara de Diputados de la Provincia aprob\u00f3 este lunes por mayor\u00eda el despacho del proyecto de Ley enviado por el Ejecutivo bonaerense sobre el uso medicinal del cannabis y sus derivados.<\/p>\n","protected":false},"author":3,"featured_media":0,"comment_status":"closed","ping_status":"open","sticky":false,"template":"","format":"standard","meta":{"footnotes":""},"categories":[24],"tags":[],"class_list":["post-56496","post","type-post","status-publish","format-standard","hentry","category-politica"],"yoast_head":"<!-- This site is optimized with the Yoast SEO plugin v25.9 - https:\/\/yoast.com\/wordpress\/plugins\/seo\/ -->\n<title>Provincia de Buenos Aires: Avanza la iniciativa sobre regulaci\u00f3n del uso medicinal de cannabis - Noticias Radio Reflejos<\/title>\n<meta name=\"robots\" content=\"index, follow, max-snippet:-1, max-image-preview:large, max-video-preview:-1\" \/>\n<link rel=\"canonical\" href=\"https:\/\/www.noticiasradioreflejos.com.ar\/2021\/provincia-de-buenos-aires-avanza-la-iniciativa-sobre-regulacion-del-uso-medicinal-de-cannabis\/\" \/>\n<meta property=\"og:locale\" content=\"es_ES\" \/>\n<meta property=\"og:type\" content=\"article\" \/>\n<meta property=\"og:title\" content=\"Provincia de Buenos Aires: Avanza la iniciativa sobre regulaci\u00f3n del uso medicinal de cannabis - Noticias Radio Reflejos\" \/>\n<meta property=\"og:description\" content=\"En una reuni\u00f3n conjunta de las comisiones de Salud, Presupuesto, Legislaci\u00f3n General y Asuntos Constitucionales, la C\u00e1mara de Diputados de la Provincia aprob\u00f3 este lunes por mayor\u00eda el despacho del proyecto de Ley enviado por el Ejecutivo bonaerense sobre el uso medicinal del cannabis y sus derivados.\" \/>\n<meta property=\"og:url\" content=\"https:\/\/www.noticiasradioreflejos.com.ar\/2021\/provincia-de-buenos-aires-avanza-la-iniciativa-sobre-regulacion-del-uso-medicinal-de-cannabis\/\" \/>\n<meta property=\"og:site_name\" content=\"Noticias Radio Reflejos\" \/>\n<meta property=\"article:published_time\" content=\"2021-04-13T17:08:56+00:00\" \/>\n<meta property=\"og:image\" content=\"https:\/\/www.telam.com.ar\/advf\/imagenes\/2021\/03\/6043a883988bc_1004x565.jpg\" \/>\n<meta name=\"author\" content=\"Arnaldo Botto\" \/>\n<meta name=\"twitter:card\" content=\"summary_large_image\" \/>\n<script type=\"application\/ld+json\" class=\"yoast-schema-graph\">{\"@context\":\"https:\/\/schema.org\",\"@graph\":[{\"@type\":\"WebPage\",\"@id\":\"https:\/\/www.noticiasradioreflejos.com.ar\/2021\/provincia-de-buenos-aires-avanza-la-iniciativa-sobre-regulacion-del-uso-medicinal-de-cannabis\/\",\"url\":\"https:\/\/www.noticiasradioreflejos.com.ar\/2021\/provincia-de-buenos-aires-avanza-la-iniciativa-sobre-regulacion-del-uso-medicinal-de-cannabis\/\",\"name\":\"Provincia de Buenos Aires: Avanza la iniciativa sobre regulaci\u00f3n del uso medicinal de cannabis - Noticias Radio Reflejos\",\"isPartOf\":{\"@id\":\"https:\/\/www.noticiasradioreflejos.com.ar\/2021\/#website\"},\"primaryImageOfPage\":{\"@id\":\"https:\/\/www.noticiasradioreflejos.com.ar\/2021\/provincia-de-buenos-aires-avanza-la-iniciativa-sobre-regulacion-del-uso-medicinal-de-cannabis\/#primaryimage\"},\"image\":{\"@id\":\"https:\/\/www.noticiasradioreflejos.com.ar\/2021\/provincia-de-buenos-aires-avanza-la-iniciativa-sobre-regulacion-del-uso-medicinal-de-cannabis\/#primaryimage\"},\"thumbnailUrl\":\"https:\/\/www.telam.com.ar\/advf\/imagenes\/2021\/03\/6043a883988bc_1004x565.jpg\",\"datePublished\":\"2021-04-13T17:08:56+00:00\",\"author\":{\"@id\":\"https:\/\/www.noticiasradioreflejos.com.ar\/2021\/#\/schema\/person\/ad82545263dcc5ec0996818884fd5fb1\"},\"breadcrumb\":{\"@id\":\"https:\/\/www.noticiasradioreflejos.com.ar\/2021\/provincia-de-buenos-aires-avanza-la-iniciativa-sobre-regulacion-del-uso-medicinal-de-cannabis\/#breadcrumb\"},\"inLanguage\":\"es\",\"potentialAction\":[{\"@type\":\"ReadAction\",\"target\":[\"https:\/\/www.noticiasradioreflejos.com.ar\/2021\/provincia-de-buenos-aires-avanza-la-iniciativa-sobre-regulacion-del-uso-medicinal-de-cannabis\/\"]}]},{\"@type\":\"ImageObject\",\"inLanguage\":\"es\",\"@id\":\"https:\/\/www.noticiasradioreflejos.com.ar\/2021\/provincia-de-buenos-aires-avanza-la-iniciativa-sobre-regulacion-del-uso-medicinal-de-cannabis\/#primaryimage\",\"url\":\"https:\/\/www.telam.com.ar\/advf\/imagenes\/2021\/03\/6043a883988bc_1004x565.jpg\",\"contentUrl\":\"https:\/\/www.telam.com.ar\/advf\/imagenes\/2021\/03\/6043a883988bc_1004x565.jpg\"},{\"@type\":\"BreadcrumbList\",\"@id\":\"https:\/\/www.noticiasradioreflejos.com.ar\/2021\/provincia-de-buenos-aires-avanza-la-iniciativa-sobre-regulacion-del-uso-medicinal-de-cannabis\/#breadcrumb\",\"itemListElement\":[{\"@type\":\"ListItem\",\"position\":1,\"name\":\"Portada\",\"item\":\"https:\/\/www.noticiasradioreflejos.com.ar\/2021\/\"},{\"@type\":\"ListItem\",\"position\":2,\"name\":\"Provincia de Buenos Aires: Avanza la iniciativa sobre regulaci\u00f3n del uso medicinal de cannabis\"}]},{\"@type\":\"WebSite\",\"@id\":\"https:\/\/www.noticiasradioreflejos.com.ar\/2021\/#website\",\"url\":\"https:\/\/www.noticiasradioreflejos.com.ar\/2021\/\",\"name\":\"Noticias Radio Reflejos\",\"description\":\"Las noticias de mi comarca\",\"potentialAction\":[{\"@type\":\"SearchAction\",\"target\":{\"@type\":\"EntryPoint\",\"urlTemplate\":\"https:\/\/www.noticiasradioreflejos.com.ar\/2021\/?s={search_term_string}\"},\"query-input\":{\"@type\":\"PropertyValueSpecification\",\"valueRequired\":true,\"valueName\":\"search_term_string\"}}],\"inLanguage\":\"es\"},{\"@type\":\"Person\",\"@id\":\"https:\/\/www.noticiasradioreflejos.com.ar\/2021\/#\/schema\/person\/ad82545263dcc5ec0996818884fd5fb1\",\"name\":\"Arnaldo Botto\",\"image\":{\"@type\":\"ImageObject\",\"inLanguage\":\"es\",\"@id\":\"https:\/\/www.noticiasradioreflejos.com.ar\/2021\/#\/schema\/person\/image\/\",\"url\":\"https:\/\/secure.gravatar.com\/avatar\/55cb5e37c1efa326397366e6974cb338056df65cb50e7d64d1cf314e87504837?s=96&d=mm&r=g\",\"contentUrl\":\"https:\/\/secure.gravatar.com\/avatar\/55cb5e37c1efa326397366e6974cb338056df65cb50e7d64d1cf314e87504837?s=96&d=mm&r=g\",\"caption\":\"Arnaldo Botto\"},\"url\":\"https:\/\/www.noticiasradioreflejos.com.ar\/2021\/author\/arnaldo\/\"}]}<\/script>\n<!-- \/ Yoast SEO plugin. -->","yoast_head_json":{"title":"Provincia de Buenos Aires: Avanza la iniciativa sobre regulaci\u00f3n del uso medicinal de cannabis - Noticias Radio Reflejos","robots":{"index":"index","follow":"follow","max-snippet":"max-snippet:-1","max-image-preview":"max-image-preview:large","max-video-preview":"max-video-preview:-1"},"canonical":"https:\/\/www.noticiasradioreflejos.com.ar\/2021\/provincia-de-buenos-aires-avanza-la-iniciativa-sobre-regulacion-del-uso-medicinal-de-cannabis\/","og_locale":"es_ES","og_type":"article","og_title":"Provincia de Buenos Aires: Avanza la iniciativa sobre regulaci\u00f3n del uso medicinal de cannabis - Noticias Radio Reflejos","og_description":"En una reuni\u00f3n conjunta de las comisiones de Salud, Presupuesto, Legislaci\u00f3n General y Asuntos Constitucionales, la C\u00e1mara de Diputados de la Provincia aprob\u00f3 este lunes por mayor\u00eda el despacho del proyecto de Ley enviado por el Ejecutivo bonaerense sobre el uso medicinal del cannabis y sus derivados.","og_url":"https:\/\/www.noticiasradioreflejos.com.ar\/2021\/provincia-de-buenos-aires-avanza-la-iniciativa-sobre-regulacion-del-uso-medicinal-de-cannabis\/","og_site_name":"Noticias Radio Reflejos","article_published_time":"2021-04-13T17:08:56+00:00","og_image":[{"url":"https:\/\/www.telam.com.ar\/advf\/imagenes\/2021\/03\/6043a883988bc_1004x565.jpg","type":"","width":"","height":""}],"author":"Arnaldo Botto","twitter_card":"summary_large_image","schema":{"@context":"https:\/\/schema.org","@graph":[{"@type":"WebPage","@id":"https:\/\/www.noticiasradioreflejos.com.ar\/2021\/provincia-de-buenos-aires-avanza-la-iniciativa-sobre-regulacion-del-uso-medicinal-de-cannabis\/","url":"https:\/\/www.noticiasradioreflejos.com.ar\/2021\/provincia-de-buenos-aires-avanza-la-iniciativa-sobre-regulacion-del-uso-medicinal-de-cannabis\/","name":"Provincia de Buenos Aires: Avanza la iniciativa sobre regulaci\u00f3n del uso medicinal de cannabis - Noticias Radio Reflejos","isPartOf":{"@id":"https:\/\/www.noticiasradioreflejos.com.ar\/2021\/#website"},"primaryImageOfPage":{"@id":"https:\/\/www.noticiasradioreflejos.com.ar\/2021\/provincia-de-buenos-aires-avanza-la-iniciativa-sobre-regulacion-del-uso-medicinal-de-cannabis\/#primaryimage"},"image":{"@id":"https:\/\/www.noticiasradioreflejos.com.ar\/2021\/provincia-de-buenos-aires-avanza-la-iniciativa-sobre-regulacion-del-uso-medicinal-de-cannabis\/#primaryimage"},"thumbnailUrl":"https:\/\/www.telam.com.ar\/advf\/imagenes\/2021\/03\/6043a883988bc_1004x565.jpg","datePublished":"2021-04-13T17:08:56+00:00","author":{"@id":"https:\/\/www.noticiasradioreflejos.com.ar\/2021\/#\/schema\/person\/ad82545263dcc5ec0996818884fd5fb1"},"breadcrumb":{"@id":"https:\/\/www.noticiasradioreflejos.com.ar\/2021\/provincia-de-buenos-aires-avanza-la-iniciativa-sobre-regulacion-del-uso-medicinal-de-cannabis\/#breadcrumb"},"inLanguage":"es","potentialAction":[{"@type":"ReadAction","target":["https:\/\/www.noticiasradioreflejos.com.ar\/2021\/provincia-de-buenos-aires-avanza-la-iniciativa-sobre-regulacion-del-uso-medicinal-de-cannabis\/"]}]},{"@type":"ImageObject","inLanguage":"es","@id":"https:\/\/www.noticiasradioreflejos.com.ar\/2021\/provincia-de-buenos-aires-avanza-la-iniciativa-sobre-regulacion-del-uso-medicinal-de-cannabis\/#primaryimage","url":"https:\/\/www.telam.com.ar\/advf\/imagenes\/2021\/03\/6043a883988bc_1004x565.jpg","contentUrl":"https:\/\/www.telam.com.ar\/advf\/imagenes\/2021\/03\/6043a883988bc_1004x565.jpg"},{"@type":"BreadcrumbList","@id":"https:\/\/www.noticiasradioreflejos.com.ar\/2021\/provincia-de-buenos-aires-avanza-la-iniciativa-sobre-regulacion-del-uso-medicinal-de-cannabis\/#breadcrumb","itemListElement":[{"@type":"ListItem","position":1,"name":"Portada","item":"https:\/\/www.noticiasradioreflejos.com.ar\/2021\/"},{"@type":"ListItem","position":2,"name":"Provincia de Buenos Aires: Avanza la iniciativa sobre regulaci\u00f3n del uso medicinal de cannabis"}]},{"@type":"WebSite","@id":"https:\/\/www.noticiasradioreflejos.com.ar\/2021\/#website","url":"https:\/\/www.noticiasradioreflejos.com.ar\/2021\/","name":"Noticias Radio Reflejos","description":"Las noticias de mi comarca","potentialAction":[{"@type":"SearchAction","target":{"@type":"EntryPoint","urlTemplate":"https:\/\/www.noticiasradioreflejos.com.ar\/2021\/?s={search_term_string}"},"query-input":{"@type":"PropertyValueSpecification","valueRequired":true,"valueName":"search_term_string"}}],"inLanguage":"es"},{"@type":"Person","@id":"https:\/\/www.noticiasradioreflejos.com.ar\/2021\/#\/schema\/person\/ad82545263dcc5ec0996818884fd5fb1","name":"Arnaldo Botto","image":{"@type":"ImageObject","inLanguage":"es","@id":"https:\/\/www.noticiasradioreflejos.com.ar\/2021\/#\/schema\/person\/image\/","url":"https:\/\/secure.gravatar.com\/avatar\/55cb5e37c1efa326397366e6974cb338056df65cb50e7d64d1cf314e87504837?s=96&d=mm&r=g","contentUrl":"https:\/\/secure.gravatar.com\/avatar\/55cb5e37c1efa326397366e6974cb338056df65cb50e7d64d1cf314e87504837?s=96&d=mm&r=g","caption":"Arnaldo Botto"},"url":"https:\/\/www.noticiasradioreflejos.com.ar\/2021\/author\/arnaldo\/"}]}},"_links":{"self":[{"href":"https:\/\/www.noticiasradioreflejos.com.ar\/2021\/wp-json\/wp\/v2\/posts\/56496","targetHints":{"allow":["GET"]}}],"collection":[{"href":"https:\/\/www.noticiasradioreflejos.com.ar\/2021\/wp-json\/wp\/v2\/posts"}],"about":[{"href":"https:\/\/www.noticiasradioreflejos.com.ar\/2021\/wp-json\/wp\/v2\/types\/post"}],"author":[{"embeddable":true,"href":"https:\/\/www.noticiasradioreflejos.com.ar\/2021\/wp-json\/wp\/v2\/users\/3"}],"replies":[{"embeddable":true,"href":"https:\/\/www.noticiasradioreflejos.com.ar\/2021\/wp-json\/wp\/v2\/comments?post=56496"}],"version-history":[{"count":0,"href":"https:\/\/www.noticiasradioreflejos.com.ar\/2021\/wp-json\/wp\/v2\/posts\/56496\/revisions"}],"wp:attachment":[{"href":"https:\/\/www.noticiasradioreflejos.com.ar\/2021\/wp-json\/wp\/v2\/media?parent=56496"}],"wp:term":[{"taxonomy":"category","embeddable":true,"href":"https:\/\/www.noticiasradioreflejos.com.ar\/2021\/wp-json\/wp\/v2\/categories?post=56496"},{"taxonomy":"post_tag","embeddable":true,"href":"https:\/\/www.noticiasradioreflejos.com.ar\/2021\/wp-json\/wp\/v2\/tags?post=56496"}],"curies":[{"name":"wp","href":"https:\/\/api.w.org\/{rel}","templated":true}]}}