{"id":56493,"date":"2021-04-13T12:49:14","date_gmt":"2021-04-13T15:49:14","guid":{"rendered":"http:\/\/www.noticiasradioreflejos.com.ar\/noticias\/?p=55290"},"modified":"2021-04-13T12:49:14","modified_gmt":"2021-04-13T15:49:14","slug":"cambio-de-titular-en-la-estacion-de-policia-de-seguridad-comunal-tornquist","status":"publish","type":"post","link":"https:\/\/www.noticiasradioreflejos.com.ar\/2021\/cambio-de-titular-en-la-estacion-de-policia-de-seguridad-comunal-tornquist\/","title":{"rendered":"Cambio de titular en la Estaci\u00f3n de Polic\u00eda de Seguridad Comunal Tornquist"},"content":{"rendered":"<p>La Secretaria de Seguridad de la Municipalidad de Tornquist informa a la poblaci\u00f3n que en el d\u00eda de hoy se procedi\u00f3 al cambio de titular de la Estaci\u00f3n de Polic\u00eda de Seguridad Comunal de Tornquist, <!--more-->quedando a cargo de dicha Estaci\u00f3n el<strong> Subcomisario Andr\u00e9s Jorge Andre<\/strong>, mientras que el <strong>Comisario Inspector Daniel Alejandro P\u00e9rez<\/strong> en virtud a su reciente ascenso, pasara a cumplir funciones en la Jefatura de Seguridad Comunal Tornquist.-<\/p>\n<p><a title=\"nuevasautoridadespoliciales (1)\" href=\"http:\/\/live.staticflickr.com\/65535\/51113156037_67c0e5b638_s.jpg\" rel=\"\"><img loading=\"lazy\" decoding=\"async\" class=\"aligncenter\" title=\"nuevasautoridadespoliciales (1)\" src=\"http:\/\/live.staticflickr.com\/65535\/51113156037_67c0e5b638_c.jpg\" alt=\"nuevasautoridadespoliciales (1)\" width=\"800\" height=\"369\" \/><\/a><\/p>\n<p>SECRETARIA DE SEGURIDAD \u2013 MUNICIPALIDAD DE TORNQUIST.- 13 DE ABRIL DE 2021.-<\/p>\n","protected":false},"excerpt":{"rendered":"<p>La Secretaria de Seguridad de la Municipalidad de Tornquist informa a la poblaci\u00f3n que en el d\u00eda de hoy se procedi\u00f3 al cambio de titular de la Estaci\u00f3n de Polic\u00eda de Seguridad Comunal de Tornquist,<\/p>\n","protected":false},"author":3,"featured_media":0,"comment_status":"closed","ping_status":"open","sticky":false,"template":"","format":"standard","meta":{"footnotes":""},"categories":[28,29],"tags":[],"class_list":["post-56493","post","type-post","status-publish","format-standard","hentry","category-municipales","category-policiales"],"yoast_head":"<!-- This site is optimized with the Yoast SEO plugin v25.9 - https:\/\/yoast.com\/wordpress\/plugins\/seo\/ -->\n<title>Cambio de titular en la Estaci\u00f3n de Polic\u00eda de Seguridad Comunal Tornquist - Noticias Radio Reflejos<\/title>\n<meta name=\"robots\" content=\"index, follow, max-snippet:-1, max-image-preview:large, max-video-preview:-1\" \/>\n<link rel=\"canonical\" href=\"https:\/\/www.noticiasradioreflejos.com.ar\/2021\/cambio-de-titular-en-la-estacion-de-policia-de-seguridad-comunal-tornquist\/\" \/>\n<meta property=\"og:locale\" content=\"es_ES\" \/>\n<meta property=\"og:type\" content=\"article\" \/>\n<meta property=\"og:title\" content=\"Cambio de titular en la Estaci\u00f3n de Polic\u00eda de Seguridad Comunal Tornquist - Noticias Radio Reflejos\" \/>\n<meta property=\"og:description\" content=\"La Secretaria de Seguridad de la Municipalidad de Tornquist informa a la poblaci\u00f3n que en el d\u00eda de hoy se procedi\u00f3 al cambio de titular de la Estaci\u00f3n de Polic\u00eda de Seguridad Comunal de Tornquist,\" \/>\n<meta property=\"og:url\" content=\"https:\/\/www.noticiasradioreflejos.com.ar\/2021\/cambio-de-titular-en-la-estacion-de-policia-de-seguridad-comunal-tornquist\/\" \/>\n<meta property=\"og:site_name\" content=\"Noticias Radio Reflejos\" \/>\n<meta property=\"article:published_time\" content=\"2021-04-13T15:49:14+00:00\" \/>\n<meta property=\"og:image\" content=\"http:\/\/live.staticflickr.com\/65535\/51113156037_67c0e5b638_c.jpg\" \/>\n<meta name=\"author\" content=\"Arnaldo Botto\" \/>\n<meta name=\"twitter:card\" content=\"summary_large_image\" \/>\n<script type=\"application\/ld+json\" class=\"yoast-schema-graph\">{\"@context\":\"https:\/\/schema.org\",\"@graph\":[{\"@type\":\"WebPage\",\"@id\":\"https:\/\/www.noticiasradioreflejos.com.ar\/2021\/cambio-de-titular-en-la-estacion-de-policia-de-seguridad-comunal-tornquist\/\",\"url\":\"https:\/\/www.noticiasradioreflejos.com.ar\/2021\/cambio-de-titular-en-la-estacion-de-policia-de-seguridad-comunal-tornquist\/\",\"name\":\"Cambio de titular en la Estaci\u00f3n de Polic\u00eda de Seguridad Comunal Tornquist - Noticias Radio Reflejos\",\"isPartOf\":{\"@id\":\"https:\/\/www.noticiasradioreflejos.com.ar\/2021\/#website\"},\"primaryImageOfPage\":{\"@id\":\"https:\/\/www.noticiasradioreflejos.com.ar\/2021\/cambio-de-titular-en-la-estacion-de-policia-de-seguridad-comunal-tornquist\/#primaryimage\"},\"image\":{\"@id\":\"https:\/\/www.noticiasradioreflejos.com.ar\/2021\/cambio-de-titular-en-la-estacion-de-policia-de-seguridad-comunal-tornquist\/#primaryimage\"},\"thumbnailUrl\":\"http:\/\/live.staticflickr.com\/65535\/51113156037_67c0e5b638_c.jpg\",\"datePublished\":\"2021-04-13T15:49:14+00:00\",\"author\":{\"@id\":\"https:\/\/www.noticiasradioreflejos.com.ar\/2021\/#\/schema\/person\/ad82545263dcc5ec0996818884fd5fb1\"},\"breadcrumb\":{\"@id\":\"https:\/\/www.noticiasradioreflejos.com.ar\/2021\/cambio-de-titular-en-la-estacion-de-policia-de-seguridad-comunal-tornquist\/#breadcrumb\"},\"inLanguage\":\"es\",\"potentialAction\":[{\"@type\":\"ReadAction\",\"target\":[\"https:\/\/www.noticiasradioreflejos.com.ar\/2021\/cambio-de-titular-en-la-estacion-de-policia-de-seguridad-comunal-tornquist\/\"]}]},{\"@type\":\"ImageObject\",\"inLanguage\":\"es\",\"@id\":\"https:\/\/www.noticiasradioreflejos.com.ar\/2021\/cambio-de-titular-en-la-estacion-de-policia-de-seguridad-comunal-tornquist\/#primaryimage\",\"url\":\"http:\/\/live.staticflickr.com\/65535\/51113156037_67c0e5b638_c.jpg\",\"contentUrl\":\"http:\/\/live.staticflickr.com\/65535\/51113156037_67c0e5b638_c.jpg\"},{\"@type\":\"BreadcrumbList\",\"@id\":\"https:\/\/www.noticiasradioreflejos.com.ar\/2021\/cambio-de-titular-en-la-estacion-de-policia-de-seguridad-comunal-tornquist\/#breadcrumb\",\"itemListElement\":[{\"@type\":\"ListItem\",\"position\":1,\"name\":\"Portada\",\"item\":\"https:\/\/www.noticiasradioreflejos.com.ar\/2021\/\"},{\"@type\":\"ListItem\",\"position\":2,\"name\":\"Cambio de titular en la Estaci\u00f3n de Polic\u00eda de Seguridad Comunal Tornquist\"}]},{\"@type\":\"WebSite\",\"@id\":\"https:\/\/www.noticiasradioreflejos.com.ar\/2021\/#website\",\"url\":\"https:\/\/www.noticiasradioreflejos.com.ar\/2021\/\",\"name\":\"Noticias Radio Reflejos\",\"description\":\"Las noticias de mi comarca\",\"potentialAction\":[{\"@type\":\"SearchAction\",\"target\":{\"@type\":\"EntryPoint\",\"urlTemplate\":\"https:\/\/www.noticiasradioreflejos.com.ar\/2021\/?s={search_term_string}\"},\"query-input\":{\"@type\":\"PropertyValueSpecification\",\"valueRequired\":true,\"valueName\":\"search_term_string\"}}],\"inLanguage\":\"es\"},{\"@type\":\"Person\",\"@id\":\"https:\/\/www.noticiasradioreflejos.com.ar\/2021\/#\/schema\/person\/ad82545263dcc5ec0996818884fd5fb1\",\"name\":\"Arnaldo Botto\",\"image\":{\"@type\":\"ImageObject\",\"inLanguage\":\"es\",\"@id\":\"https:\/\/www.noticiasradioreflejos.com.ar\/2021\/#\/schema\/person\/image\/\",\"url\":\"https:\/\/secure.gravatar.com\/avatar\/55cb5e37c1efa326397366e6974cb338056df65cb50e7d64d1cf314e87504837?s=96&d=mm&r=g\",\"contentUrl\":\"https:\/\/secure.gravatar.com\/avatar\/55cb5e37c1efa326397366e6974cb338056df65cb50e7d64d1cf314e87504837?s=96&d=mm&r=g\",\"caption\":\"Arnaldo Botto\"},\"url\":\"https:\/\/www.noticiasradioreflejos.com.ar\/2021\/author\/arnaldo\/\"}]}<\/script>\n<!-- \/ Yoast SEO plugin. -->","yoast_head_json":{"title":"Cambio de titular en la Estaci\u00f3n de Polic\u00eda de Seguridad Comunal Tornquist - Noticias Radio Reflejos","robots":{"index":"index","follow":"follow","max-snippet":"max-snippet:-1","max-image-preview":"max-image-preview:large","max-video-preview":"max-video-preview:-1"},"canonical":"https:\/\/www.noticiasradioreflejos.com.ar\/2021\/cambio-de-titular-en-la-estacion-de-policia-de-seguridad-comunal-tornquist\/","og_locale":"es_ES","og_type":"article","og_title":"Cambio de titular en la Estaci\u00f3n de Polic\u00eda de Seguridad Comunal Tornquist - Noticias Radio Reflejos","og_description":"La Secretaria de Seguridad de la Municipalidad de Tornquist informa a la poblaci\u00f3n que en el d\u00eda de hoy se procedi\u00f3 al cambio de titular de la Estaci\u00f3n de Polic\u00eda de Seguridad Comunal de Tornquist,","og_url":"https:\/\/www.noticiasradioreflejos.com.ar\/2021\/cambio-de-titular-en-la-estacion-de-policia-de-seguridad-comunal-tornquist\/","og_site_name":"Noticias Radio Reflejos","article_published_time":"2021-04-13T15:49:14+00:00","og_image":[{"url":"http:\/\/live.staticflickr.com\/65535\/51113156037_67c0e5b638_c.jpg","type":"","width":"","height":""}],"author":"Arnaldo Botto","twitter_card":"summary_large_image","schema":{"@context":"https:\/\/schema.org","@graph":[{"@type":"WebPage","@id":"https:\/\/www.noticiasradioreflejos.com.ar\/2021\/cambio-de-titular-en-la-estacion-de-policia-de-seguridad-comunal-tornquist\/","url":"https:\/\/www.noticiasradioreflejos.com.ar\/2021\/cambio-de-titular-en-la-estacion-de-policia-de-seguridad-comunal-tornquist\/","name":"Cambio de titular en la Estaci\u00f3n de Polic\u00eda de Seguridad Comunal Tornquist - Noticias Radio Reflejos","isPartOf":{"@id":"https:\/\/www.noticiasradioreflejos.com.ar\/2021\/#website"},"primaryImageOfPage":{"@id":"https:\/\/www.noticiasradioreflejos.com.ar\/2021\/cambio-de-titular-en-la-estacion-de-policia-de-seguridad-comunal-tornquist\/#primaryimage"},"image":{"@id":"https:\/\/www.noticiasradioreflejos.com.ar\/2021\/cambio-de-titular-en-la-estacion-de-policia-de-seguridad-comunal-tornquist\/#primaryimage"},"thumbnailUrl":"http:\/\/live.staticflickr.com\/65535\/51113156037_67c0e5b638_c.jpg","datePublished":"2021-04-13T15:49:14+00:00","author":{"@id":"https:\/\/www.noticiasradioreflejos.com.ar\/2021\/#\/schema\/person\/ad82545263dcc5ec0996818884fd5fb1"},"breadcrumb":{"@id":"https:\/\/www.noticiasradioreflejos.com.ar\/2021\/cambio-de-titular-en-la-estacion-de-policia-de-seguridad-comunal-tornquist\/#breadcrumb"},"inLanguage":"es","potentialAction":[{"@type":"ReadAction","target":["https:\/\/www.noticiasradioreflejos.com.ar\/2021\/cambio-de-titular-en-la-estacion-de-policia-de-seguridad-comunal-tornquist\/"]}]},{"@type":"ImageObject","inLanguage":"es","@id":"https:\/\/www.noticiasradioreflejos.com.ar\/2021\/cambio-de-titular-en-la-estacion-de-policia-de-seguridad-comunal-tornquist\/#primaryimage","url":"http:\/\/live.staticflickr.com\/65535\/51113156037_67c0e5b638_c.jpg","contentUrl":"http:\/\/live.staticflickr.com\/65535\/51113156037_67c0e5b638_c.jpg"},{"@type":"BreadcrumbList","@id":"https:\/\/www.noticiasradioreflejos.com.ar\/2021\/cambio-de-titular-en-la-estacion-de-policia-de-seguridad-comunal-tornquist\/#breadcrumb","itemListElement":[{"@type":"ListItem","position":1,"name":"Portada","item":"https:\/\/www.noticiasradioreflejos.com.ar\/2021\/"},{"@type":"ListItem","position":2,"name":"Cambio de titular en la Estaci\u00f3n de Polic\u00eda de Seguridad Comunal Tornquist"}]},{"@type":"WebSite","@id":"https:\/\/www.noticiasradioreflejos.com.ar\/2021\/#website","url":"https:\/\/www.noticiasradioreflejos.com.ar\/2021\/","name":"Noticias Radio Reflejos","description":"Las noticias de mi comarca","potentialAction":[{"@type":"SearchAction","target":{"@type":"EntryPoint","urlTemplate":"https:\/\/www.noticiasradioreflejos.com.ar\/2021\/?s={search_term_string}"},"query-input":{"@type":"PropertyValueSpecification","valueRequired":true,"valueName":"search_term_string"}}],"inLanguage":"es"},{"@type":"Person","@id":"https:\/\/www.noticiasradioreflejos.com.ar\/2021\/#\/schema\/person\/ad82545263dcc5ec0996818884fd5fb1","name":"Arnaldo Botto","image":{"@type":"ImageObject","inLanguage":"es","@id":"https:\/\/www.noticiasradioreflejos.com.ar\/2021\/#\/schema\/person\/image\/","url":"https:\/\/secure.gravatar.com\/avatar\/55cb5e37c1efa326397366e6974cb338056df65cb50e7d64d1cf314e87504837?s=96&d=mm&r=g","contentUrl":"https:\/\/secure.gravatar.com\/avatar\/55cb5e37c1efa326397366e6974cb338056df65cb50e7d64d1cf314e87504837?s=96&d=mm&r=g","caption":"Arnaldo Botto"},"url":"https:\/\/www.noticiasradioreflejos.com.ar\/2021\/author\/arnaldo\/"}]}},"_links":{"self":[{"href":"https:\/\/www.noticiasradioreflejos.com.ar\/2021\/wp-json\/wp\/v2\/posts\/56493","targetHints":{"allow":["GET"]}}],"collection":[{"href":"https:\/\/www.noticiasradioreflejos.com.ar\/2021\/wp-json\/wp\/v2\/posts"}],"about":[{"href":"https:\/\/www.noticiasradioreflejos.com.ar\/2021\/wp-json\/wp\/v2\/types\/post"}],"author":[{"embeddable":true,"href":"https:\/\/www.noticiasradioreflejos.com.ar\/2021\/wp-json\/wp\/v2\/users\/3"}],"replies":[{"embeddable":true,"href":"https:\/\/www.noticiasradioreflejos.com.ar\/2021\/wp-json\/wp\/v2\/comments?post=56493"}],"version-history":[{"count":0,"href":"https:\/\/www.noticiasradioreflejos.com.ar\/2021\/wp-json\/wp\/v2\/posts\/56493\/revisions"}],"wp:attachment":[{"href":"https:\/\/www.noticiasradioreflejos.com.ar\/2021\/wp-json\/wp\/v2\/media?parent=56493"}],"wp:term":[{"taxonomy":"category","embeddable":true,"href":"https:\/\/www.noticiasradioreflejos.com.ar\/2021\/wp-json\/wp\/v2\/categories?post=56493"},{"taxonomy":"post_tag","embeddable":true,"href":"https:\/\/www.noticiasradioreflejos.com.ar\/2021\/wp-json\/wp\/v2\/tags?post=56493"}],"curies":[{"name":"wp","href":"https:\/\/api.w.org\/{rel}","templated":true}]}}