{"id":56461,"date":"2021-04-05T12:47:03","date_gmt":"2021-04-05T15:47:03","guid":{"rendered":"http:\/\/www.noticiasradioreflejos.com.ar\/noticias\/?p=54924"},"modified":"2021-04-05T12:47:03","modified_gmt":"2021-04-05T15:47:03","slug":"dos-atletas-del-distrito-en-el-torneo-islas-de-malvinas","status":"publish","type":"post","link":"https:\/\/www.noticiasradioreflejos.com.ar\/2021\/dos-atletas-del-distrito-en-el-torneo-islas-de-malvinas\/","title":{"rendered":"Dos atletas del distrito en el Torneo \u00abIslas de Malvinas\u00bb"},"content":{"rendered":"<div>El s\u00e1bado 3 de abril se llev\u00f3 a cabo el Torneo de atletismo denominado \u00abIslas de Malvinas\u00bb en la ciudad de Mar del Plata.<\/div>\n<div>Al mismo concurri\u00f3 la Escuela Municipal de Atletismo Tornquist en representaci\u00f3n de la Comarca con los atletas Tom\u00e1s Trivellini, Alejo Fredes y Nicol\u00e1s Cabral.<\/div>\n<p><!--more--><\/p>\n<div>Los tres tuvieron importantes desempe\u00f1os en las pruebas realizadas:<\/div>\n<div>Tom\u00e1s: 1\u00b0 en 110 mts con vallas<\/div>\n<div>\u00a0 \u00a0 \u00a0 \u00a0 \u00a0 \u00a0 1\u00b0 en salto en largo<\/div>\n<div>\u00a0 \u00a0 \u00a0 \u00a0 \u00a0 \u00a0 2\u00b0 en 80 mts llanos<\/div>\n<div>Alejo: 1\u00b0 en lanzamiento de jabalina (su marca lo posiciona 1\u00b0 en el ranking provincial y 2\u00b0 en el nacional)<\/div>\n<div>\u00a0 \u00a0 \u00a0 \u00a0 \u00a0 2\u00b0 en lanzamiento de disco<\/div>\n<div>Nicol\u00e1s: 1\u00b0 en 110 mts con vallas (su marca lo posiciona 2\u00b0 en el ranking provincial)<\/div>\n<div>\u00a0 \u00a0 \u00a0 \u00a0 \u00a0 \u00a0 \u00a0 4\u00b0 en 100 mts llanos<\/div>\n<div>\u00a0 \u00a0 \u00a0 \u00a0 \u00a0 \u00a0 \u00a0 2\u00b0 en salto en largo.<\/div>\n<div><a title=\"IMG-20210405-WA0006\" href=\"http:\/\/live.staticflickr.com\/65535\/51097223688_137c73fb09_s.jpg\" rel=\"\"><img loading=\"lazy\" decoding=\"async\" class=\"aligncenter\" title=\"IMG-20210405-WA0006\" src=\"http:\/\/live.staticflickr.com\/65535\/51097223688_137c73fb09_c.jpg\" alt=\"IMG-20210405-WA0006\" width=\"800\" height=\"800\" \/><\/a><\/div>\n<div>Cabe se\u00f1alar que este torneo sirvi\u00f3 de preparaci\u00f3n para el pr\u00f3ximo campeonato nacional de pruebas combinadas donde participar\u00e1 Nicol\u00e1s en representaci\u00f3n de la Provincia,\u00a0 ha desarrollarse el\u00a0 9, 10 y 11 de abril en la ciudad de Concepci\u00f3n del Uruguay.<\/div>\n<div><\/div>\n<div><a title=\"IMG-20210405-WA0005\" href=\"http:\/\/live.staticflickr.com\/65535\/51096759764_b0547c5bfa_s.jpg\" rel=\"\"><img loading=\"lazy\" decoding=\"async\" class=\"aligncenter\" title=\"IMG-20210405-WA0005\" src=\"http:\/\/live.staticflickr.com\/65535\/51096759764_b0547c5bfa_c.jpg\" alt=\"IMG-20210405-WA0005\" width=\"450\" height=\"800\" \/><\/a><\/div>\n<div><\/div>\n<div><strong>Enrique Cabral, entrenador.<\/strong><\/div>\n","protected":false},"excerpt":{"rendered":"<p>El s\u00e1bado 3 de abril se llev\u00f3 a cabo el Torneo de atletismo denominado \u00abIslas de Malvinas\u00bb en la ciudad de Mar del Plata. Al mismo concurri\u00f3 la Escuela Municipal de Atletismo Tornquist en representaci\u00f3n de la Comarca con los atletas Tom\u00e1s Trivellini, Alejo Fredes y Nicol\u00e1s Cabral.<\/p>\n","protected":false},"author":3,"featured_media":0,"comment_status":"closed","ping_status":"open","sticky":false,"template":"","format":"standard","meta":{"footnotes":""},"categories":[27],"tags":[],"class_list":["post-56461","post","type-post","status-publish","format-standard","hentry","category-deportes"],"yoast_head":"<!-- This site is optimized with the Yoast SEO plugin v25.9 - https:\/\/yoast.com\/wordpress\/plugins\/seo\/ -->\n<title>Dos atletas del distrito en el Torneo &quot;Islas de Malvinas&quot; - Noticias Radio Reflejos<\/title>\n<meta name=\"robots\" content=\"index, follow, max-snippet:-1, max-image-preview:large, max-video-preview:-1\" \/>\n<link rel=\"canonical\" href=\"https:\/\/www.noticiasradioreflejos.com.ar\/2021\/dos-atletas-del-distrito-en-el-torneo-islas-de-malvinas\/\" \/>\n<meta property=\"og:locale\" content=\"es_ES\" \/>\n<meta property=\"og:type\" content=\"article\" \/>\n<meta property=\"og:title\" content=\"Dos atletas del distrito en el Torneo &quot;Islas de Malvinas&quot; - Noticias Radio Reflejos\" \/>\n<meta property=\"og:description\" content=\"El s\u00e1bado 3 de abril se llev\u00f3 a cabo el Torneo de atletismo denominado \u00abIslas de Malvinas\u00bb en la ciudad de Mar del Plata. Al mismo concurri\u00f3 la Escuela Municipal de Atletismo Tornquist en representaci\u00f3n de la Comarca con los atletas Tom\u00e1s Trivellini, Alejo Fredes y Nicol\u00e1s Cabral.\" \/>\n<meta property=\"og:url\" content=\"https:\/\/www.noticiasradioreflejos.com.ar\/2021\/dos-atletas-del-distrito-en-el-torneo-islas-de-malvinas\/\" \/>\n<meta property=\"og:site_name\" content=\"Noticias Radio Reflejos\" \/>\n<meta property=\"article:published_time\" content=\"2021-04-05T15:47:03+00:00\" \/>\n<meta property=\"og:image\" content=\"http:\/\/live.staticflickr.com\/65535\/51097223688_137c73fb09_c.jpg\" \/>\n<meta name=\"author\" content=\"Arnaldo Botto\" \/>\n<meta name=\"twitter:card\" content=\"summary_large_image\" \/>\n<script type=\"application\/ld+json\" class=\"yoast-schema-graph\">{\"@context\":\"https:\/\/schema.org\",\"@graph\":[{\"@type\":\"WebPage\",\"@id\":\"https:\/\/www.noticiasradioreflejos.com.ar\/2021\/dos-atletas-del-distrito-en-el-torneo-islas-de-malvinas\/\",\"url\":\"https:\/\/www.noticiasradioreflejos.com.ar\/2021\/dos-atletas-del-distrito-en-el-torneo-islas-de-malvinas\/\",\"name\":\"Dos atletas del distrito en el Torneo \\\"Islas de Malvinas\\\" - Noticias Radio Reflejos\",\"isPartOf\":{\"@id\":\"https:\/\/www.noticiasradioreflejos.com.ar\/2021\/#website\"},\"primaryImageOfPage\":{\"@id\":\"https:\/\/www.noticiasradioreflejos.com.ar\/2021\/dos-atletas-del-distrito-en-el-torneo-islas-de-malvinas\/#primaryimage\"},\"image\":{\"@id\":\"https:\/\/www.noticiasradioreflejos.com.ar\/2021\/dos-atletas-del-distrito-en-el-torneo-islas-de-malvinas\/#primaryimage\"},\"thumbnailUrl\":\"http:\/\/live.staticflickr.com\/65535\/51097223688_137c73fb09_c.jpg\",\"datePublished\":\"2021-04-05T15:47:03+00:00\",\"author\":{\"@id\":\"https:\/\/www.noticiasradioreflejos.com.ar\/2021\/#\/schema\/person\/ad82545263dcc5ec0996818884fd5fb1\"},\"breadcrumb\":{\"@id\":\"https:\/\/www.noticiasradioreflejos.com.ar\/2021\/dos-atletas-del-distrito-en-el-torneo-islas-de-malvinas\/#breadcrumb\"},\"inLanguage\":\"es\",\"potentialAction\":[{\"@type\":\"ReadAction\",\"target\":[\"https:\/\/www.noticiasradioreflejos.com.ar\/2021\/dos-atletas-del-distrito-en-el-torneo-islas-de-malvinas\/\"]}]},{\"@type\":\"ImageObject\",\"inLanguage\":\"es\",\"@id\":\"https:\/\/www.noticiasradioreflejos.com.ar\/2021\/dos-atletas-del-distrito-en-el-torneo-islas-de-malvinas\/#primaryimage\",\"url\":\"http:\/\/live.staticflickr.com\/65535\/51097223688_137c73fb09_c.jpg\",\"contentUrl\":\"http:\/\/live.staticflickr.com\/65535\/51097223688_137c73fb09_c.jpg\"},{\"@type\":\"BreadcrumbList\",\"@id\":\"https:\/\/www.noticiasradioreflejos.com.ar\/2021\/dos-atletas-del-distrito-en-el-torneo-islas-de-malvinas\/#breadcrumb\",\"itemListElement\":[{\"@type\":\"ListItem\",\"position\":1,\"name\":\"Portada\",\"item\":\"https:\/\/www.noticiasradioreflejos.com.ar\/2021\/\"},{\"@type\":\"ListItem\",\"position\":2,\"name\":\"Dos atletas del distrito en el Torneo \u00abIslas de Malvinas\u00bb\"}]},{\"@type\":\"WebSite\",\"@id\":\"https:\/\/www.noticiasradioreflejos.com.ar\/2021\/#website\",\"url\":\"https:\/\/www.noticiasradioreflejos.com.ar\/2021\/\",\"name\":\"Noticias Radio Reflejos\",\"description\":\"Las noticias de mi comarca\",\"potentialAction\":[{\"@type\":\"SearchAction\",\"target\":{\"@type\":\"EntryPoint\",\"urlTemplate\":\"https:\/\/www.noticiasradioreflejos.com.ar\/2021\/?s={search_term_string}\"},\"query-input\":{\"@type\":\"PropertyValueSpecification\",\"valueRequired\":true,\"valueName\":\"search_term_string\"}}],\"inLanguage\":\"es\"},{\"@type\":\"Person\",\"@id\":\"https:\/\/www.noticiasradioreflejos.com.ar\/2021\/#\/schema\/person\/ad82545263dcc5ec0996818884fd5fb1\",\"name\":\"Arnaldo Botto\",\"image\":{\"@type\":\"ImageObject\",\"inLanguage\":\"es\",\"@id\":\"https:\/\/www.noticiasradioreflejos.com.ar\/2021\/#\/schema\/person\/image\/\",\"url\":\"https:\/\/secure.gravatar.com\/avatar\/55cb5e37c1efa326397366e6974cb338056df65cb50e7d64d1cf314e87504837?s=96&d=mm&r=g\",\"contentUrl\":\"https:\/\/secure.gravatar.com\/avatar\/55cb5e37c1efa326397366e6974cb338056df65cb50e7d64d1cf314e87504837?s=96&d=mm&r=g\",\"caption\":\"Arnaldo Botto\"},\"url\":\"https:\/\/www.noticiasradioreflejos.com.ar\/2021\/author\/arnaldo\/\"}]}<\/script>\n<!-- \/ Yoast SEO plugin. -->","yoast_head_json":{"title":"Dos atletas del distrito en el Torneo \"Islas de Malvinas\" - Noticias Radio Reflejos","robots":{"index":"index","follow":"follow","max-snippet":"max-snippet:-1","max-image-preview":"max-image-preview:large","max-video-preview":"max-video-preview:-1"},"canonical":"https:\/\/www.noticiasradioreflejos.com.ar\/2021\/dos-atletas-del-distrito-en-el-torneo-islas-de-malvinas\/","og_locale":"es_ES","og_type":"article","og_title":"Dos atletas del distrito en el Torneo \"Islas de Malvinas\" - Noticias Radio Reflejos","og_description":"El s\u00e1bado 3 de abril se llev\u00f3 a cabo el Torneo de atletismo denominado \u00abIslas de Malvinas\u00bb en la ciudad de Mar del Plata. Al mismo concurri\u00f3 la Escuela Municipal de Atletismo Tornquist en representaci\u00f3n de la Comarca con los atletas Tom\u00e1s Trivellini, Alejo Fredes y Nicol\u00e1s Cabral.","og_url":"https:\/\/www.noticiasradioreflejos.com.ar\/2021\/dos-atletas-del-distrito-en-el-torneo-islas-de-malvinas\/","og_site_name":"Noticias Radio Reflejos","article_published_time":"2021-04-05T15:47:03+00:00","og_image":[{"url":"http:\/\/live.staticflickr.com\/65535\/51097223688_137c73fb09_c.jpg","type":"","width":"","height":""}],"author":"Arnaldo Botto","twitter_card":"summary_large_image","schema":{"@context":"https:\/\/schema.org","@graph":[{"@type":"WebPage","@id":"https:\/\/www.noticiasradioreflejos.com.ar\/2021\/dos-atletas-del-distrito-en-el-torneo-islas-de-malvinas\/","url":"https:\/\/www.noticiasradioreflejos.com.ar\/2021\/dos-atletas-del-distrito-en-el-torneo-islas-de-malvinas\/","name":"Dos atletas del distrito en el Torneo \"Islas de Malvinas\" - Noticias Radio Reflejos","isPartOf":{"@id":"https:\/\/www.noticiasradioreflejos.com.ar\/2021\/#website"},"primaryImageOfPage":{"@id":"https:\/\/www.noticiasradioreflejos.com.ar\/2021\/dos-atletas-del-distrito-en-el-torneo-islas-de-malvinas\/#primaryimage"},"image":{"@id":"https:\/\/www.noticiasradioreflejos.com.ar\/2021\/dos-atletas-del-distrito-en-el-torneo-islas-de-malvinas\/#primaryimage"},"thumbnailUrl":"http:\/\/live.staticflickr.com\/65535\/51097223688_137c73fb09_c.jpg","datePublished":"2021-04-05T15:47:03+00:00","author":{"@id":"https:\/\/www.noticiasradioreflejos.com.ar\/2021\/#\/schema\/person\/ad82545263dcc5ec0996818884fd5fb1"},"breadcrumb":{"@id":"https:\/\/www.noticiasradioreflejos.com.ar\/2021\/dos-atletas-del-distrito-en-el-torneo-islas-de-malvinas\/#breadcrumb"},"inLanguage":"es","potentialAction":[{"@type":"ReadAction","target":["https:\/\/www.noticiasradioreflejos.com.ar\/2021\/dos-atletas-del-distrito-en-el-torneo-islas-de-malvinas\/"]}]},{"@type":"ImageObject","inLanguage":"es","@id":"https:\/\/www.noticiasradioreflejos.com.ar\/2021\/dos-atletas-del-distrito-en-el-torneo-islas-de-malvinas\/#primaryimage","url":"http:\/\/live.staticflickr.com\/65535\/51097223688_137c73fb09_c.jpg","contentUrl":"http:\/\/live.staticflickr.com\/65535\/51097223688_137c73fb09_c.jpg"},{"@type":"BreadcrumbList","@id":"https:\/\/www.noticiasradioreflejos.com.ar\/2021\/dos-atletas-del-distrito-en-el-torneo-islas-de-malvinas\/#breadcrumb","itemListElement":[{"@type":"ListItem","position":1,"name":"Portada","item":"https:\/\/www.noticiasradioreflejos.com.ar\/2021\/"},{"@type":"ListItem","position":2,"name":"Dos atletas del distrito en el Torneo \u00abIslas de Malvinas\u00bb"}]},{"@type":"WebSite","@id":"https:\/\/www.noticiasradioreflejos.com.ar\/2021\/#website","url":"https:\/\/www.noticiasradioreflejos.com.ar\/2021\/","name":"Noticias Radio Reflejos","description":"Las noticias de mi comarca","potentialAction":[{"@type":"SearchAction","target":{"@type":"EntryPoint","urlTemplate":"https:\/\/www.noticiasradioreflejos.com.ar\/2021\/?s={search_term_string}"},"query-input":{"@type":"PropertyValueSpecification","valueRequired":true,"valueName":"search_term_string"}}],"inLanguage":"es"},{"@type":"Person","@id":"https:\/\/www.noticiasradioreflejos.com.ar\/2021\/#\/schema\/person\/ad82545263dcc5ec0996818884fd5fb1","name":"Arnaldo Botto","image":{"@type":"ImageObject","inLanguage":"es","@id":"https:\/\/www.noticiasradioreflejos.com.ar\/2021\/#\/schema\/person\/image\/","url":"https:\/\/secure.gravatar.com\/avatar\/55cb5e37c1efa326397366e6974cb338056df65cb50e7d64d1cf314e87504837?s=96&d=mm&r=g","contentUrl":"https:\/\/secure.gravatar.com\/avatar\/55cb5e37c1efa326397366e6974cb338056df65cb50e7d64d1cf314e87504837?s=96&d=mm&r=g","caption":"Arnaldo Botto"},"url":"https:\/\/www.noticiasradioreflejos.com.ar\/2021\/author\/arnaldo\/"}]}},"_links":{"self":[{"href":"https:\/\/www.noticiasradioreflejos.com.ar\/2021\/wp-json\/wp\/v2\/posts\/56461","targetHints":{"allow":["GET"]}}],"collection":[{"href":"https:\/\/www.noticiasradioreflejos.com.ar\/2021\/wp-json\/wp\/v2\/posts"}],"about":[{"href":"https:\/\/www.noticiasradioreflejos.com.ar\/2021\/wp-json\/wp\/v2\/types\/post"}],"author":[{"embeddable":true,"href":"https:\/\/www.noticiasradioreflejos.com.ar\/2021\/wp-json\/wp\/v2\/users\/3"}],"replies":[{"embeddable":true,"href":"https:\/\/www.noticiasradioreflejos.com.ar\/2021\/wp-json\/wp\/v2\/comments?post=56461"}],"version-history":[{"count":0,"href":"https:\/\/www.noticiasradioreflejos.com.ar\/2021\/wp-json\/wp\/v2\/posts\/56461\/revisions"}],"wp:attachment":[{"href":"https:\/\/www.noticiasradioreflejos.com.ar\/2021\/wp-json\/wp\/v2\/media?parent=56461"}],"wp:term":[{"taxonomy":"category","embeddable":true,"href":"https:\/\/www.noticiasradioreflejos.com.ar\/2021\/wp-json\/wp\/v2\/categories?post=56461"},{"taxonomy":"post_tag","embeddable":true,"href":"https:\/\/www.noticiasradioreflejos.com.ar\/2021\/wp-json\/wp\/v2\/tags?post=56461"}],"curies":[{"name":"wp","href":"https:\/\/api.w.org\/{rel}","templated":true}]}}