{"id":56460,"date":"2021-04-05T11:14:08","date_gmt":"2021-04-05T14:14:08","guid":{"rendered":"http:\/\/www.noticiasradioreflejos.com.ar\/noticias\/?p=54921"},"modified":"2021-04-05T11:14:08","modified_gmt":"2021-04-05T14:14:08","slug":"segunda-ola-nacion-convoco-a-las-autoridades-de-la-provincia-y-la-ciudad-de-buenos-aires-para-definir-los-pasos-a-seguir","status":"publish","type":"post","link":"https:\/\/www.noticiasradioreflejos.com.ar\/2021\/segunda-ola-nacion-convoco-a-las-autoridades-de-la-provincia-y-la-ciudad-de-buenos-aires-para-definir-los-pasos-a-seguir\/","title":{"rendered":"Segunda ola: Naci\u00f3n convoc\u00f3 a las autoridades de la provincia y la ciudad de Buenos Aires para definir los pasos a seguir"},"content":{"rendered":"<p>Autoridades nacionales y provinciales, junto con el comit\u00e9 de expertos, llevar\u00e1n adelante distintas reuniones con el objetivo de analizar la situaci\u00f3n epidemiol\u00f3gica en el \u00c1rea Metropolitana de Buenos Aires, ante\u00a0la suba de casos.<!--more--><\/p>\n<p>El jefe de Gabinete, Santiago Cafiero, convoc\u00f3 para esta tarde a una reuni\u00f3n con autoridades de la ciudad y la provincia de Buenos Aires para analizar la situaci\u00f3n epidemiol\u00f3gica en el \u00c1rea Metropolitana de Buenos Aires (AMBA), seg\u00fan se inform\u00f3 oficialmente.<\/p>\n<p><strong>Cafiero convoc\u00f3 para esta tarde a sus pares de Provincia y de la Ciudad, Carlos Bianco y Felipe Miguel<\/strong>\u00a0respectivamente.<\/p>\n<p>El encuentro se realizar\u00e1 en su despacho de la Casa Rosada y\u00a0<strong>participar\u00e1n tambi\u00e9n la ministra de Salud de Naci\u00f3n, Carla Vizzotti; el titular de la cartera sanitaria de la provincia de Buenos Aires, Daniel Gollan, y el de la ciudad de Buenos Aires, Fern\u00e1n Quir\u00f3s.<\/strong><\/p>\n<div class=\"auth\">Provincia de Buenos Aires<\/div>\n<p>Por su parte,\u00a0<strong>el gobernador bonaerense, Axel Kicillof, mantendr\u00e1 este lunes una reuni\u00f3n con los integrantes del equipo de expertos que lo asesora sobre la situaci\u00f3n epidemiol\u00f3gica por la pandemia de coronavirus<\/strong>, informaron fuentes oficiales.<\/p>\n<p>El mandatario provincial encabezar\u00e1 el encuentro con el comit\u00e9 de cient\u00edficos por videoconferencia.<\/p>\n<p>En ese marco,\u00a0<strong>se analizar\u00e1 cu\u00e1l es la situaci\u00f3n del coronavirus en el territorio bonaerense.<\/strong><\/p>\n<p><strong>Kicillof estar\u00e1 acompa\u00f1ado por el ministro de Salud bonaerense, Daniel Gollan, y el viceministro de esa cartera, Nicol\u00e1s Kreplak.<\/strong><\/p>\n<p>Desde el Gobierno bonaerense se vienen advirtiendo desde hace d\u00edas acerca del\u00a0<strong>r\u00e9cord de contagios de coronavirus\u00a0<\/strong>y piden extremar las medidas para evitar nuevos casos mientras se avanza con la campa\u00f1a de vacunaci\u00f3n.<\/p>\n<p>El domingo a la noche, el gobernador Axel Kicillof dijo a Radio 10 que \u00ablos n\u00fameros son alarmantes\u00bb y detall\u00f3: \u201cVenimos aumentando hace un par de semanas y esta \u00faltima fue explosivo el incremento\u00bb de casos.<\/p>\n<div class=\"btn_externos\"><\/div>\n","protected":false},"excerpt":{"rendered":"<p>Autoridades nacionales y provinciales, junto con el comit\u00e9 de expertos, llevar\u00e1n adelante distintas reuniones con el objetivo de analizar la situaci\u00f3n epidemiol\u00f3gica en el \u00c1rea Metropolitana de Buenos Aires, ante\u00a0la suba de casos.<\/p>\n","protected":false},"author":3,"featured_media":0,"comment_status":"closed","ping_status":"open","sticky":false,"template":"","format":"standard","meta":{"footnotes":""},"categories":[30],"tags":[],"class_list":["post-56460","post","type-post","status-publish","format-standard","hentry","category-salud"],"yoast_head":"<!-- This site is optimized with the Yoast SEO plugin v25.9 - https:\/\/yoast.com\/wordpress\/plugins\/seo\/ -->\n<title>Segunda ola: Naci\u00f3n convoc\u00f3 a las autoridades de la provincia y la ciudad de Buenos Aires para definir los pasos a seguir - Noticias Radio Reflejos<\/title>\n<meta name=\"robots\" content=\"index, follow, max-snippet:-1, max-image-preview:large, max-video-preview:-1\" \/>\n<link rel=\"canonical\" href=\"https:\/\/www.noticiasradioreflejos.com.ar\/2021\/segunda-ola-nacion-convoco-a-las-autoridades-de-la-provincia-y-la-ciudad-de-buenos-aires-para-definir-los-pasos-a-seguir\/\" \/>\n<meta property=\"og:locale\" content=\"es_ES\" \/>\n<meta property=\"og:type\" content=\"article\" \/>\n<meta property=\"og:title\" content=\"Segunda ola: Naci\u00f3n convoc\u00f3 a las autoridades de la provincia y la ciudad de Buenos Aires para definir los pasos a seguir - Noticias Radio Reflejos\" \/>\n<meta property=\"og:description\" content=\"Autoridades nacionales y provinciales, junto con el comit\u00e9 de expertos, llevar\u00e1n adelante distintas reuniones con el objetivo de analizar la situaci\u00f3n epidemiol\u00f3gica en el \u00c1rea Metropolitana de Buenos Aires, ante\u00a0la suba de casos.\" \/>\n<meta property=\"og:url\" content=\"https:\/\/www.noticiasradioreflejos.com.ar\/2021\/segunda-ola-nacion-convoco-a-las-autoridades-de-la-provincia-y-la-ciudad-de-buenos-aires-para-definir-los-pasos-a-seguir\/\" \/>\n<meta property=\"og:site_name\" content=\"Noticias Radio Reflejos\" \/>\n<meta property=\"article:published_time\" content=\"2021-04-05T14:14:08+00:00\" \/>\n<meta property=\"og:image\" content=\"https:\/\/www.noticiasradioreflejos.com.ar\/2021\/wp-content\/uploads\/2021\/07\/logosol300x200.png\" \/>\n\t<meta property=\"og:image:width\" content=\"300\" \/>\n\t<meta property=\"og:image:height\" content=\"200\" \/>\n\t<meta property=\"og:image:type\" content=\"image\/png\" \/>\n<meta name=\"author\" content=\"Arnaldo Botto\" \/>\n<meta name=\"twitter:card\" content=\"summary_large_image\" \/>\n<script type=\"application\/ld+json\" class=\"yoast-schema-graph\">{\"@context\":\"https:\/\/schema.org\",\"@graph\":[{\"@type\":\"WebPage\",\"@id\":\"https:\/\/www.noticiasradioreflejos.com.ar\/2021\/segunda-ola-nacion-convoco-a-las-autoridades-de-la-provincia-y-la-ciudad-de-buenos-aires-para-definir-los-pasos-a-seguir\/\",\"url\":\"https:\/\/www.noticiasradioreflejos.com.ar\/2021\/segunda-ola-nacion-convoco-a-las-autoridades-de-la-provincia-y-la-ciudad-de-buenos-aires-para-definir-los-pasos-a-seguir\/\",\"name\":\"Segunda ola: Naci\u00f3n convoc\u00f3 a las autoridades de la provincia y la ciudad de Buenos Aires para definir los pasos a seguir - Noticias Radio Reflejos\",\"isPartOf\":{\"@id\":\"https:\/\/www.noticiasradioreflejos.com.ar\/2021\/#website\"},\"datePublished\":\"2021-04-05T14:14:08+00:00\",\"author\":{\"@id\":\"https:\/\/www.noticiasradioreflejos.com.ar\/2021\/#\/schema\/person\/ad82545263dcc5ec0996818884fd5fb1\"},\"breadcrumb\":{\"@id\":\"https:\/\/www.noticiasradioreflejos.com.ar\/2021\/segunda-ola-nacion-convoco-a-las-autoridades-de-la-provincia-y-la-ciudad-de-buenos-aires-para-definir-los-pasos-a-seguir\/#breadcrumb\"},\"inLanguage\":\"es\",\"potentialAction\":[{\"@type\":\"ReadAction\",\"target\":[\"https:\/\/www.noticiasradioreflejos.com.ar\/2021\/segunda-ola-nacion-convoco-a-las-autoridades-de-la-provincia-y-la-ciudad-de-buenos-aires-para-definir-los-pasos-a-seguir\/\"]}]},{\"@type\":\"BreadcrumbList\",\"@id\":\"https:\/\/www.noticiasradioreflejos.com.ar\/2021\/segunda-ola-nacion-convoco-a-las-autoridades-de-la-provincia-y-la-ciudad-de-buenos-aires-para-definir-los-pasos-a-seguir\/#breadcrumb\",\"itemListElement\":[{\"@type\":\"ListItem\",\"position\":1,\"name\":\"Portada\",\"item\":\"https:\/\/www.noticiasradioreflejos.com.ar\/2021\/\"},{\"@type\":\"ListItem\",\"position\":2,\"name\":\"Segunda ola: Naci\u00f3n convoc\u00f3 a las autoridades de la provincia y la ciudad de Buenos Aires para definir los pasos a seguir\"}]},{\"@type\":\"WebSite\",\"@id\":\"https:\/\/www.noticiasradioreflejos.com.ar\/2021\/#website\",\"url\":\"https:\/\/www.noticiasradioreflejos.com.ar\/2021\/\",\"name\":\"Noticias Radio Reflejos\",\"description\":\"Las noticias de mi comarca\",\"potentialAction\":[{\"@type\":\"SearchAction\",\"target\":{\"@type\":\"EntryPoint\",\"urlTemplate\":\"https:\/\/www.noticiasradioreflejos.com.ar\/2021\/?s={search_term_string}\"},\"query-input\":{\"@type\":\"PropertyValueSpecification\",\"valueRequired\":true,\"valueName\":\"search_term_string\"}}],\"inLanguage\":\"es\"},{\"@type\":\"Person\",\"@id\":\"https:\/\/www.noticiasradioreflejos.com.ar\/2021\/#\/schema\/person\/ad82545263dcc5ec0996818884fd5fb1\",\"name\":\"Arnaldo Botto\",\"image\":{\"@type\":\"ImageObject\",\"inLanguage\":\"es\",\"@id\":\"https:\/\/www.noticiasradioreflejos.com.ar\/2021\/#\/schema\/person\/image\/\",\"url\":\"https:\/\/secure.gravatar.com\/avatar\/55cb5e37c1efa326397366e6974cb338056df65cb50e7d64d1cf314e87504837?s=96&d=mm&r=g\",\"contentUrl\":\"https:\/\/secure.gravatar.com\/avatar\/55cb5e37c1efa326397366e6974cb338056df65cb50e7d64d1cf314e87504837?s=96&d=mm&r=g\",\"caption\":\"Arnaldo Botto\"},\"url\":\"https:\/\/www.noticiasradioreflejos.com.ar\/2021\/author\/arnaldo\/\"}]}<\/script>\n<!-- \/ Yoast SEO plugin. -->","yoast_head_json":{"title":"Segunda ola: Naci\u00f3n convoc\u00f3 a las autoridades de la provincia y la ciudad de Buenos Aires para definir los pasos a seguir - Noticias Radio Reflejos","robots":{"index":"index","follow":"follow","max-snippet":"max-snippet:-1","max-image-preview":"max-image-preview:large","max-video-preview":"max-video-preview:-1"},"canonical":"https:\/\/www.noticiasradioreflejos.com.ar\/2021\/segunda-ola-nacion-convoco-a-las-autoridades-de-la-provincia-y-la-ciudad-de-buenos-aires-para-definir-los-pasos-a-seguir\/","og_locale":"es_ES","og_type":"article","og_title":"Segunda ola: Naci\u00f3n convoc\u00f3 a las autoridades de la provincia y la ciudad de Buenos Aires para definir los pasos a seguir - Noticias Radio Reflejos","og_description":"Autoridades nacionales y provinciales, junto con el comit\u00e9 de expertos, llevar\u00e1n adelante distintas reuniones con el objetivo de analizar la situaci\u00f3n epidemiol\u00f3gica en el \u00c1rea Metropolitana de Buenos Aires, ante\u00a0la suba de casos.","og_url":"https:\/\/www.noticiasradioreflejos.com.ar\/2021\/segunda-ola-nacion-convoco-a-las-autoridades-de-la-provincia-y-la-ciudad-de-buenos-aires-para-definir-los-pasos-a-seguir\/","og_site_name":"Noticias Radio Reflejos","article_published_time":"2021-04-05T14:14:08+00:00","og_image":[{"width":300,"height":200,"url":"https:\/\/www.noticiasradioreflejos.com.ar\/2021\/wp-content\/uploads\/2021\/07\/logosol300x200.png","type":"image\/png"}],"author":"Arnaldo Botto","twitter_card":"summary_large_image","schema":{"@context":"https:\/\/schema.org","@graph":[{"@type":"WebPage","@id":"https:\/\/www.noticiasradioreflejos.com.ar\/2021\/segunda-ola-nacion-convoco-a-las-autoridades-de-la-provincia-y-la-ciudad-de-buenos-aires-para-definir-los-pasos-a-seguir\/","url":"https:\/\/www.noticiasradioreflejos.com.ar\/2021\/segunda-ola-nacion-convoco-a-las-autoridades-de-la-provincia-y-la-ciudad-de-buenos-aires-para-definir-los-pasos-a-seguir\/","name":"Segunda ola: Naci\u00f3n convoc\u00f3 a las autoridades de la provincia y la ciudad de Buenos Aires para definir los pasos a seguir - Noticias Radio Reflejos","isPartOf":{"@id":"https:\/\/www.noticiasradioreflejos.com.ar\/2021\/#website"},"datePublished":"2021-04-05T14:14:08+00:00","author":{"@id":"https:\/\/www.noticiasradioreflejos.com.ar\/2021\/#\/schema\/person\/ad82545263dcc5ec0996818884fd5fb1"},"breadcrumb":{"@id":"https:\/\/www.noticiasradioreflejos.com.ar\/2021\/segunda-ola-nacion-convoco-a-las-autoridades-de-la-provincia-y-la-ciudad-de-buenos-aires-para-definir-los-pasos-a-seguir\/#breadcrumb"},"inLanguage":"es","potentialAction":[{"@type":"ReadAction","target":["https:\/\/www.noticiasradioreflejos.com.ar\/2021\/segunda-ola-nacion-convoco-a-las-autoridades-de-la-provincia-y-la-ciudad-de-buenos-aires-para-definir-los-pasos-a-seguir\/"]}]},{"@type":"BreadcrumbList","@id":"https:\/\/www.noticiasradioreflejos.com.ar\/2021\/segunda-ola-nacion-convoco-a-las-autoridades-de-la-provincia-y-la-ciudad-de-buenos-aires-para-definir-los-pasos-a-seguir\/#breadcrumb","itemListElement":[{"@type":"ListItem","position":1,"name":"Portada","item":"https:\/\/www.noticiasradioreflejos.com.ar\/2021\/"},{"@type":"ListItem","position":2,"name":"Segunda ola: Naci\u00f3n convoc\u00f3 a las autoridades de la provincia y la ciudad de Buenos Aires para definir los pasos a seguir"}]},{"@type":"WebSite","@id":"https:\/\/www.noticiasradioreflejos.com.ar\/2021\/#website","url":"https:\/\/www.noticiasradioreflejos.com.ar\/2021\/","name":"Noticias Radio Reflejos","description":"Las noticias de mi comarca","potentialAction":[{"@type":"SearchAction","target":{"@type":"EntryPoint","urlTemplate":"https:\/\/www.noticiasradioreflejos.com.ar\/2021\/?s={search_term_string}"},"query-input":{"@type":"PropertyValueSpecification","valueRequired":true,"valueName":"search_term_string"}}],"inLanguage":"es"},{"@type":"Person","@id":"https:\/\/www.noticiasradioreflejos.com.ar\/2021\/#\/schema\/person\/ad82545263dcc5ec0996818884fd5fb1","name":"Arnaldo Botto","image":{"@type":"ImageObject","inLanguage":"es","@id":"https:\/\/www.noticiasradioreflejos.com.ar\/2021\/#\/schema\/person\/image\/","url":"https:\/\/secure.gravatar.com\/avatar\/55cb5e37c1efa326397366e6974cb338056df65cb50e7d64d1cf314e87504837?s=96&d=mm&r=g","contentUrl":"https:\/\/secure.gravatar.com\/avatar\/55cb5e37c1efa326397366e6974cb338056df65cb50e7d64d1cf314e87504837?s=96&d=mm&r=g","caption":"Arnaldo Botto"},"url":"https:\/\/www.noticiasradioreflejos.com.ar\/2021\/author\/arnaldo\/"}]}},"_links":{"self":[{"href":"https:\/\/www.noticiasradioreflejos.com.ar\/2021\/wp-json\/wp\/v2\/posts\/56460","targetHints":{"allow":["GET"]}}],"collection":[{"href":"https:\/\/www.noticiasradioreflejos.com.ar\/2021\/wp-json\/wp\/v2\/posts"}],"about":[{"href":"https:\/\/www.noticiasradioreflejos.com.ar\/2021\/wp-json\/wp\/v2\/types\/post"}],"author":[{"embeddable":true,"href":"https:\/\/www.noticiasradioreflejos.com.ar\/2021\/wp-json\/wp\/v2\/users\/3"}],"replies":[{"embeddable":true,"href":"https:\/\/www.noticiasradioreflejos.com.ar\/2021\/wp-json\/wp\/v2\/comments?post=56460"}],"version-history":[{"count":0,"href":"https:\/\/www.noticiasradioreflejos.com.ar\/2021\/wp-json\/wp\/v2\/posts\/56460\/revisions"}],"wp:attachment":[{"href":"https:\/\/www.noticiasradioreflejos.com.ar\/2021\/wp-json\/wp\/v2\/media?parent=56460"}],"wp:term":[{"taxonomy":"category","embeddable":true,"href":"https:\/\/www.noticiasradioreflejos.com.ar\/2021\/wp-json\/wp\/v2\/categories?post=56460"},{"taxonomy":"post_tag","embeddable":true,"href":"https:\/\/www.noticiasradioreflejos.com.ar\/2021\/wp-json\/wp\/v2\/tags?post=56460"}],"curies":[{"name":"wp","href":"https:\/\/api.w.org\/{rel}","templated":true}]}}