{"id":56457,"date":"2021-05-10T14:07:33","date_gmt":"2021-05-10T14:07:33","guid":{"rendered":"http:\/\/www.noticiasradioreflejos.com.ar\/noticias\/?p=56457"},"modified":"2021-05-10T14:13:08","modified_gmt":"2021-05-10T14:13:08","slug":"coronel-suarez-estamos-con-mucha-preocupacion-ante-este-caso-sospechoso-de-rabia-humana","status":"publish","type":"post","link":"https:\/\/www.noticiasradioreflejos.com.ar\/2021\/coronel-suarez-estamos-con-mucha-preocupacion-ante-este-caso-sospechoso-de-rabia-humana\/","title":{"rendered":"Coronel Suarez: \u201cEstamos con mucha preocupaci\u00f3n ante este caso sospechoso de rabia humana\u201d."},"content":{"rendered":"<p>Afirm\u00f3 la m\u00e9dica Infect\u00f3loga <strong>Soledad Firpo<\/strong> en contacto con Su\u00e1rez al D\u00eda. El caso de rabia a\u00fan no est\u00e1 confirmado, se espera el resultado del an\u00e1lisis en las pr\u00f3ximas 48 horas. Indic\u00f3 que el \u00faltimo caso de rabia en la provincia de Buenos Aires fue hace 40 a\u00f1os, en La Matanza en 1981. Mientras que en Argentina hace 12 a\u00f1os del \u00faltimo caso que fue en la provincia de Jujuy.<!--more--><\/p>\n<p>Por:\u00a0<b><strong>Ezequiel Villanueva<\/strong><\/b><\/p>\n<p>En contacto con\u00a0<b><strong>Su\u00e1rez\u00a0al D\u00eda<\/strong><\/b>, la m\u00e9dica Infect\u00f3loga doctora Soledad Firpo indic\u00f3 que ante un \u201ccaso sospechoso de rabia en humanos\u201d se desarrollar\u00e1, este lunes, una vacunaci\u00f3n masiva en un amplio sector de la ciudad.<\/p>\n<p>Al hablar del caso sospechoso, indic\u00f3 que \u201cla paciente fue mordida, hace un par de semanas, por un gato callejero y le produjo un cuadro de encefalitis\u201d.<\/p>\n<p>Indic\u00f3 que cuando ingres\u00f3 la paciente al hospital municipal no tuvieron el dato de que la paciente hab\u00eda sido mordida por un gato callejero por lo que se analizaron diferentes diagn\u00f3sticos y tratamientos compatibles con encefalitis.<\/p>\n<p>\u201cLa mordedura fue hace unas seis o siete semanas atr\u00e1s, por lo que la familia no lo crey\u00f3 relevante al momento de ingresar la paciente al hospital con el cuadro de encefalitis\u201d, coment\u00f3.<\/p>\n<p>Afirm\u00f3 que \u201cla rabia es una enfermedad zoon\u00f3tica, con un 99% de mortalidad\u201d.<\/p>\n<p>Al respecto el protocolo preventivo determina realizar acciones epidemiol\u00f3gicas en gatos y perros en un per\u00edmetro de 500 metros alrededor del domicilio donde fue mordida la paciente.<\/p>\n<p>\u201cAgradezco al Colegio de Veterinarios por la campa\u00f1a de vacunaci\u00f3n antirr\u00e1bica que se desarrolla en el d\u00eda de hoy (lunes 10 de mayo)\u201d, subray\u00f3.<\/p>\n<p>En tal sentido record\u00f3 que la vacunaci\u00f3n antirr\u00e1bica en mascotas es anual y los animales deben ser vacunados todos los a\u00f1os.<\/p>\n<p>\u201cLos profesionales van a constatar que las mascotas est\u00e9n vacunadas y en caso de que no lo est\u00e9 se procede a la vacunaci\u00f3n totalmente gratuita\u201d.<\/p>\n<p>\u201cHablamos de supuestos\u201d subray\u00f3 la profesional al hacer especial hincapi\u00e9 que a\u00fan \u201cno est\u00e1n los resultados de los an\u00e1lisis\u201d.<\/p>\n<p>\u201cEl gato callejero pudo haberse contagiado a partir de un murci\u00e9lago con rabia. En a\u00f1os anteriores hemos constatado murci\u00e9lagos con rabia en el distrito; los gatos andan en techos y tejados donde los murci\u00e9lagos caen una vez infectados\u201d, coment\u00f3 la profesional.<\/p>\n<p>Al respecto, aconsej\u00f3 a la poblaci\u00f3n que \u201ccuando uno ve un murci\u00e9lago ca\u00eddo en el piso jam\u00e1s hay que tocarlo porque los animales contagian a partir de las secreciones\u201d afirm\u00f3 y agreg\u00f3 \u201clo que debemos hacer es cubrirlo sin tocarlo y llamar inmediatamente a alguna autoridad del \u00e1mbito sanitario, sea bromatolog\u00eda municipal o el servicio de infectolog\u00eda del hospital\u201d.<\/p>\n<p>\u201cEstimamos que en las pr\u00f3ximas 48 o 72 horas llegar\u00e1 el resultado que confirmar\u00e1 o descartar\u00e1 la rabia en humano, que en caso de confirmarse ser\u00eda una situaci\u00f3n grave porque hace 12 a\u00f1os que no hay un caso en el pa\u00eds y 40 a\u00f1os en la provincia, pero en el caso de que no se confirme esto sirve para concientizar sobre la rabia humana que tiene un 99% de mortalidad\u201d, finaliz\u00f3 la profesional.<\/p>\n","protected":false},"excerpt":{"rendered":"<p>Afirm\u00f3 la m\u00e9dica Infect\u00f3loga Soledad Firpo en contacto con Su\u00e1rez al D\u00eda. El caso de rabia a\u00fan no est\u00e1 confirmado, se espera el resultado del an\u00e1lisis en las pr\u00f3ximas 48 horas. Indic\u00f3 que el \u00faltimo caso de rabia en la provincia de Buenos Aires fue hace 40 a\u00f1os, en La Matanza en 1981. Mientras que [&hellip;]<\/p>\n","protected":false},"author":3,"featured_media":0,"comment_status":"closed","ping_status":"open","sticky":false,"template":"","format":"standard","meta":{"footnotes":""},"categories":[30],"tags":[39,48],"class_list":["post-56457","post","type-post","status-publish","format-standard","hentry","category-salud","tag-des","tag-destacada"],"yoast_head":"<!-- This site is optimized with the Yoast SEO plugin v25.9 - https:\/\/yoast.com\/wordpress\/plugins\/seo\/ -->\n<title>Coronel Suarez: \u201cEstamos con mucha preocupaci\u00f3n ante este caso sospechoso de rabia humana\u201d. - Noticias Radio Reflejos<\/title>\n<meta name=\"robots\" content=\"index, follow, max-snippet:-1, max-image-preview:large, max-video-preview:-1\" \/>\n<link rel=\"canonical\" href=\"https:\/\/www.noticiasradioreflejos.com.ar\/2021\/coronel-suarez-estamos-con-mucha-preocupacion-ante-este-caso-sospechoso-de-rabia-humana\/\" \/>\n<meta property=\"og:locale\" content=\"es_ES\" \/>\n<meta property=\"og:type\" content=\"article\" \/>\n<meta property=\"og:title\" content=\"Coronel Suarez: \u201cEstamos con mucha preocupaci\u00f3n ante este caso sospechoso de rabia humana\u201d. - Noticias Radio Reflejos\" \/>\n<meta property=\"og:description\" content=\"Afirm\u00f3 la m\u00e9dica Infect\u00f3loga Soledad Firpo en contacto con Su\u00e1rez al D\u00eda. El caso de rabia a\u00fan no est\u00e1 confirmado, se espera el resultado del an\u00e1lisis en las pr\u00f3ximas 48 horas. Indic\u00f3 que el \u00faltimo caso de rabia en la provincia de Buenos Aires fue hace 40 a\u00f1os, en La Matanza en 1981. Mientras que [&hellip;]\" \/>\n<meta property=\"og:url\" content=\"https:\/\/www.noticiasradioreflejos.com.ar\/2021\/coronel-suarez-estamos-con-mucha-preocupacion-ante-este-caso-sospechoso-de-rabia-humana\/\" \/>\n<meta property=\"og:site_name\" content=\"Noticias Radio Reflejos\" \/>\n<meta property=\"article:published_time\" content=\"2021-05-10T14:07:33+00:00\" \/>\n<meta property=\"article:modified_time\" content=\"2021-05-10T14:13:08+00:00\" \/>\n<meta property=\"og:image\" content=\"https:\/\/www.noticiasradioreflejos.com.ar\/2021\/wp-content\/uploads\/2021\/07\/logosol300x200.png\" \/>\n\t<meta property=\"og:image:width\" content=\"300\" \/>\n\t<meta property=\"og:image:height\" content=\"200\" \/>\n\t<meta property=\"og:image:type\" content=\"image\/png\" \/>\n<meta name=\"author\" content=\"Arnaldo Botto\" \/>\n<meta name=\"twitter:card\" content=\"summary_large_image\" \/>\n<script type=\"application\/ld+json\" class=\"yoast-schema-graph\">{\"@context\":\"https:\/\/schema.org\",\"@graph\":[{\"@type\":\"WebPage\",\"@id\":\"https:\/\/www.noticiasradioreflejos.com.ar\/2021\/coronel-suarez-estamos-con-mucha-preocupacion-ante-este-caso-sospechoso-de-rabia-humana\/\",\"url\":\"https:\/\/www.noticiasradioreflejos.com.ar\/2021\/coronel-suarez-estamos-con-mucha-preocupacion-ante-este-caso-sospechoso-de-rabia-humana\/\",\"name\":\"Coronel Suarez: \u201cEstamos con mucha preocupaci\u00f3n ante este caso sospechoso de rabia humana\u201d. - Noticias Radio Reflejos\",\"isPartOf\":{\"@id\":\"https:\/\/www.noticiasradioreflejos.com.ar\/2021\/#website\"},\"datePublished\":\"2021-05-10T14:07:33+00:00\",\"dateModified\":\"2021-05-10T14:13:08+00:00\",\"author\":{\"@id\":\"https:\/\/www.noticiasradioreflejos.com.ar\/2021\/#\/schema\/person\/ad82545263dcc5ec0996818884fd5fb1\"},\"breadcrumb\":{\"@id\":\"https:\/\/www.noticiasradioreflejos.com.ar\/2021\/coronel-suarez-estamos-con-mucha-preocupacion-ante-este-caso-sospechoso-de-rabia-humana\/#breadcrumb\"},\"inLanguage\":\"es\",\"potentialAction\":[{\"@type\":\"ReadAction\",\"target\":[\"https:\/\/www.noticiasradioreflejos.com.ar\/2021\/coronel-suarez-estamos-con-mucha-preocupacion-ante-este-caso-sospechoso-de-rabia-humana\/\"]}]},{\"@type\":\"BreadcrumbList\",\"@id\":\"https:\/\/www.noticiasradioreflejos.com.ar\/2021\/coronel-suarez-estamos-con-mucha-preocupacion-ante-este-caso-sospechoso-de-rabia-humana\/#breadcrumb\",\"itemListElement\":[{\"@type\":\"ListItem\",\"position\":1,\"name\":\"Portada\",\"item\":\"https:\/\/www.noticiasradioreflejos.com.ar\/2021\/\"},{\"@type\":\"ListItem\",\"position\":2,\"name\":\"Coronel Suarez: \u201cEstamos con mucha preocupaci\u00f3n ante este caso sospechoso de rabia humana\u201d.\"}]},{\"@type\":\"WebSite\",\"@id\":\"https:\/\/www.noticiasradioreflejos.com.ar\/2021\/#website\",\"url\":\"https:\/\/www.noticiasradioreflejos.com.ar\/2021\/\",\"name\":\"Noticias Radio Reflejos\",\"description\":\"Las noticias de mi comarca\",\"potentialAction\":[{\"@type\":\"SearchAction\",\"target\":{\"@type\":\"EntryPoint\",\"urlTemplate\":\"https:\/\/www.noticiasradioreflejos.com.ar\/2021\/?s={search_term_string}\"},\"query-input\":{\"@type\":\"PropertyValueSpecification\",\"valueRequired\":true,\"valueName\":\"search_term_string\"}}],\"inLanguage\":\"es\"},{\"@type\":\"Person\",\"@id\":\"https:\/\/www.noticiasradioreflejos.com.ar\/2021\/#\/schema\/person\/ad82545263dcc5ec0996818884fd5fb1\",\"name\":\"Arnaldo Botto\",\"image\":{\"@type\":\"ImageObject\",\"inLanguage\":\"es\",\"@id\":\"https:\/\/www.noticiasradioreflejos.com.ar\/2021\/#\/schema\/person\/image\/\",\"url\":\"https:\/\/secure.gravatar.com\/avatar\/55cb5e37c1efa326397366e6974cb338056df65cb50e7d64d1cf314e87504837?s=96&d=mm&r=g\",\"contentUrl\":\"https:\/\/secure.gravatar.com\/avatar\/55cb5e37c1efa326397366e6974cb338056df65cb50e7d64d1cf314e87504837?s=96&d=mm&r=g\",\"caption\":\"Arnaldo Botto\"},\"url\":\"https:\/\/www.noticiasradioreflejos.com.ar\/2021\/author\/arnaldo\/\"}]}<\/script>\n<!-- \/ Yoast SEO plugin. -->","yoast_head_json":{"title":"Coronel Suarez: \u201cEstamos con mucha preocupaci\u00f3n ante este caso sospechoso de rabia humana\u201d. - Noticias Radio Reflejos","robots":{"index":"index","follow":"follow","max-snippet":"max-snippet:-1","max-image-preview":"max-image-preview:large","max-video-preview":"max-video-preview:-1"},"canonical":"https:\/\/www.noticiasradioreflejos.com.ar\/2021\/coronel-suarez-estamos-con-mucha-preocupacion-ante-este-caso-sospechoso-de-rabia-humana\/","og_locale":"es_ES","og_type":"article","og_title":"Coronel Suarez: \u201cEstamos con mucha preocupaci\u00f3n ante este caso sospechoso de rabia humana\u201d. - Noticias Radio Reflejos","og_description":"Afirm\u00f3 la m\u00e9dica Infect\u00f3loga Soledad Firpo en contacto con Su\u00e1rez al D\u00eda. El caso de rabia a\u00fan no est\u00e1 confirmado, se espera el resultado del an\u00e1lisis en las pr\u00f3ximas 48 horas. Indic\u00f3 que el \u00faltimo caso de rabia en la provincia de Buenos Aires fue hace 40 a\u00f1os, en La Matanza en 1981. Mientras que [&hellip;]","og_url":"https:\/\/www.noticiasradioreflejos.com.ar\/2021\/coronel-suarez-estamos-con-mucha-preocupacion-ante-este-caso-sospechoso-de-rabia-humana\/","og_site_name":"Noticias Radio Reflejos","article_published_time":"2021-05-10T14:07:33+00:00","article_modified_time":"2021-05-10T14:13:08+00:00","og_image":[{"width":300,"height":200,"url":"https:\/\/www.noticiasradioreflejos.com.ar\/2021\/wp-content\/uploads\/2021\/07\/logosol300x200.png","type":"image\/png"}],"author":"Arnaldo Botto","twitter_card":"summary_large_image","schema":{"@context":"https:\/\/schema.org","@graph":[{"@type":"WebPage","@id":"https:\/\/www.noticiasradioreflejos.com.ar\/2021\/coronel-suarez-estamos-con-mucha-preocupacion-ante-este-caso-sospechoso-de-rabia-humana\/","url":"https:\/\/www.noticiasradioreflejos.com.ar\/2021\/coronel-suarez-estamos-con-mucha-preocupacion-ante-este-caso-sospechoso-de-rabia-humana\/","name":"Coronel Suarez: \u201cEstamos con mucha preocupaci\u00f3n ante este caso sospechoso de rabia humana\u201d. - Noticias Radio Reflejos","isPartOf":{"@id":"https:\/\/www.noticiasradioreflejos.com.ar\/2021\/#website"},"datePublished":"2021-05-10T14:07:33+00:00","dateModified":"2021-05-10T14:13:08+00:00","author":{"@id":"https:\/\/www.noticiasradioreflejos.com.ar\/2021\/#\/schema\/person\/ad82545263dcc5ec0996818884fd5fb1"},"breadcrumb":{"@id":"https:\/\/www.noticiasradioreflejos.com.ar\/2021\/coronel-suarez-estamos-con-mucha-preocupacion-ante-este-caso-sospechoso-de-rabia-humana\/#breadcrumb"},"inLanguage":"es","potentialAction":[{"@type":"ReadAction","target":["https:\/\/www.noticiasradioreflejos.com.ar\/2021\/coronel-suarez-estamos-con-mucha-preocupacion-ante-este-caso-sospechoso-de-rabia-humana\/"]}]},{"@type":"BreadcrumbList","@id":"https:\/\/www.noticiasradioreflejos.com.ar\/2021\/coronel-suarez-estamos-con-mucha-preocupacion-ante-este-caso-sospechoso-de-rabia-humana\/#breadcrumb","itemListElement":[{"@type":"ListItem","position":1,"name":"Portada","item":"https:\/\/www.noticiasradioreflejos.com.ar\/2021\/"},{"@type":"ListItem","position":2,"name":"Coronel Suarez: \u201cEstamos con mucha preocupaci\u00f3n ante este caso sospechoso de rabia humana\u201d."}]},{"@type":"WebSite","@id":"https:\/\/www.noticiasradioreflejos.com.ar\/2021\/#website","url":"https:\/\/www.noticiasradioreflejos.com.ar\/2021\/","name":"Noticias Radio Reflejos","description":"Las noticias de mi comarca","potentialAction":[{"@type":"SearchAction","target":{"@type":"EntryPoint","urlTemplate":"https:\/\/www.noticiasradioreflejos.com.ar\/2021\/?s={search_term_string}"},"query-input":{"@type":"PropertyValueSpecification","valueRequired":true,"valueName":"search_term_string"}}],"inLanguage":"es"},{"@type":"Person","@id":"https:\/\/www.noticiasradioreflejos.com.ar\/2021\/#\/schema\/person\/ad82545263dcc5ec0996818884fd5fb1","name":"Arnaldo Botto","image":{"@type":"ImageObject","inLanguage":"es","@id":"https:\/\/www.noticiasradioreflejos.com.ar\/2021\/#\/schema\/person\/image\/","url":"https:\/\/secure.gravatar.com\/avatar\/55cb5e37c1efa326397366e6974cb338056df65cb50e7d64d1cf314e87504837?s=96&d=mm&r=g","contentUrl":"https:\/\/secure.gravatar.com\/avatar\/55cb5e37c1efa326397366e6974cb338056df65cb50e7d64d1cf314e87504837?s=96&d=mm&r=g","caption":"Arnaldo Botto"},"url":"https:\/\/www.noticiasradioreflejos.com.ar\/2021\/author\/arnaldo\/"}]}},"_links":{"self":[{"href":"https:\/\/www.noticiasradioreflejos.com.ar\/2021\/wp-json\/wp\/v2\/posts\/56457","targetHints":{"allow":["GET"]}}],"collection":[{"href":"https:\/\/www.noticiasradioreflejos.com.ar\/2021\/wp-json\/wp\/v2\/posts"}],"about":[{"href":"https:\/\/www.noticiasradioreflejos.com.ar\/2021\/wp-json\/wp\/v2\/types\/post"}],"author":[{"embeddable":true,"href":"https:\/\/www.noticiasradioreflejos.com.ar\/2021\/wp-json\/wp\/v2\/users\/3"}],"replies":[{"embeddable":true,"href":"https:\/\/www.noticiasradioreflejos.com.ar\/2021\/wp-json\/wp\/v2\/comments?post=56457"}],"version-history":[{"count":1,"href":"https:\/\/www.noticiasradioreflejos.com.ar\/2021\/wp-json\/wp\/v2\/posts\/56457\/revisions"}],"predecessor-version":[{"id":56508,"href":"https:\/\/www.noticiasradioreflejos.com.ar\/2021\/wp-json\/wp\/v2\/posts\/56457\/revisions\/56508"}],"wp:attachment":[{"href":"https:\/\/www.noticiasradioreflejos.com.ar\/2021\/wp-json\/wp\/v2\/media?parent=56457"}],"wp:term":[{"taxonomy":"category","embeddable":true,"href":"https:\/\/www.noticiasradioreflejos.com.ar\/2021\/wp-json\/wp\/v2\/categories?post=56457"},{"taxonomy":"post_tag","embeddable":true,"href":"https:\/\/www.noticiasradioreflejos.com.ar\/2021\/wp-json\/wp\/v2\/tags?post=56457"}],"curies":[{"name":"wp","href":"https:\/\/api.w.org\/{rel}","templated":true}]}}