{"id":56426,"date":"2021-05-08T21:45:18","date_gmt":"2021-05-09T00:45:18","guid":{"rendered":"http:\/\/www.noticiasradioreflejos.com.ar\/noticias\/?p=56426"},"modified":"2021-05-08T21:45:18","modified_gmt":"2021-05-09T00:45:18","slug":"el-presidente-emprende-una-gira-por-portugal-espana-francia-e-italia","status":"publish","type":"post","link":"https:\/\/www.noticiasradioreflejos.com.ar\/2021\/el-presidente-emprende-una-gira-por-portugal-espana-francia-e-italia\/","title":{"rendered":"El Presidente emprende una gira por Portugal, Espa\u00f1a, Francia e Italia"},"content":{"rendered":"<p>Alberto Fern\u00e1ndez viaja con destino a Europa para reunirse con los mandatarios de Portugal, Espa\u00f1a, Francia e Italia; el jueves se reunir\u00e1 con el Papa Francisco en el Vaticano y retornar\u00e1 al pa\u00eds el viernes de la pr\u00f3xima semana.<!--more--><\/p>\n<div id=\"image\" class=\"image\">\n<p><img decoding=\"async\" title=\"El jefe de Estado mantendr\u00e1 el jueves una audiencia privada con el Papa Francisco.\" src=\"https:\/\/www.telam.com.ar\/advf\/imagenes\/2020\/06\/5ed835860161c_1004x565.jpg\" alt=\"El jefe de Estado mantendr\u00e1 el jueves una audiencia privada con el Papa Francisco.\" \/><\/p>\n<div class=\"epigrafe\">El jefe de Estado mantendr\u00e1 el jueves una audiencia privada con el Papa Francisco.<\/div>\n<\/div>\n<p>El presidente Alberto Fern\u00e1ndez viaja a Europa, donde mantendr\u00e1 encuentros con los mandatarios de Portugal, Espa\u00f1a, Francia e Italia, y con el Papa Francisco en el Vaticano, informaron fuentes oficiales.<\/p>\n<p>La comitiva que acompa\u00f1ar\u00e1 a Fern\u00e1ndez estar\u00e1 conformada por la primera dama Fabiola Ya\u00f1ez; el canciller Felipe Sol\u00e1; el ministro de Econom\u00eda, Mart\u00edn Guzm\u00e1n; el secretario General de la Presidencia, Julio Vitobello; el secretario de Asuntos Estrat\u00e9gicos, Gustavo Beliz; y el secretario de Comunicaci\u00f3n y Prensa, Juan Pablo Biondi.<\/p>\n<p><strong>El primer destino ser\u00e1 Portugal,\u00a0<\/strong>donde el mismo d\u00eda de su llegada, el domingo, el Presidente mantendr\u00e1\u00a0<strong>una reuni\u00f3n con su par Marcelo Rebelo de Sousa.<\/strong><\/p>\n<p>Al d\u00eda siguiente, la comitiva participar\u00e1 de un\u00a0<strong>almuerzo ofrecido por el primer ministro, Antonio Costa<\/strong>, y por la tarde\u00a0<strong>partir\u00e1 el vuelo que los conduce hacia Espa\u00f1a.<\/strong><\/p>\n<p>El martes, ya en Madrid, el Presidente se dirigir\u00e1 junto a su comitiva al Palacio de la Zarzuela, donde tendr\u00e1<strong>\u00a0un encuentro con el Rey Felipe VI.<\/strong><\/p>\n<p>Luego mantendr\u00e1 una reuni\u00f3n de trabajo\u00a0<strong>en el Palacio de la Moncloa, con su par espa\u00f1ol, Pedro S\u00e1nchez<\/strong>, quien tambi\u00e9n ofrecer\u00e1 un almuerzo en honor de toda la comitiva.<\/p>\n<p><strong>En Francia, el mi\u00e9rcoles,<\/strong>\u00a0Fern\u00e1ndez encabezar\u00e1 por la ma\u00f1ana un\u00a0<strong>encuentro con empresarios<\/strong>\u00a0en la Embajada argentina en Par\u00eds, y\u00a0<strong>luego ser\u00e1 recibido en el Palacio del Eliseo por el presidente Emmanuel Macron.<\/strong><\/p>\n<p>El vuelo que conduce a la comitiva hacia Italia partir\u00e1 por la tarde y<strong>\u00a0el jueves por la ma\u00f1ana el jefe de Estado visitar\u00e1 al Papa Francisco en el Palacio Apost\u00f3lico<\/strong>, donde mantendr\u00e1 una audiencia privada con la m\u00e1xima autoridad de la Iglesia Cat\u00f3lica.<\/p>\n<p><strong>El mandatario almorzar\u00e1 con su par de Italia, Sergio Mattarella, en el Palacio del Quirinale<\/strong>, para luego tener una r<strong>euni\u00f3n de trabajo en el Palacio Chigi, con el presidente del Consejo de Ministros, Mario Draghi<\/strong><\/p>\n<p>La comitiva argentina<strong>\u00a0emprender\u00e1 el regreso a Buenos Aires el viernes\u00a0<\/strong>en un vuelo que partir\u00e1 desde el aeropuerto de Roma.<\/p>\n<p>Ser\u00e1 el segundo viaje a Europa de Fern\u00e1ndez como primer mandatario, tras la gira que realiz\u00f3 antes de la pandemia, entre el 31 de enero y el 5 de febrero de 2020, similar a la que emprende ahora.<\/p>\n<p><strong>El primer d\u00eda Fern\u00e1ndez visit\u00f3 al Papa en Ciudad del Vaticano,\u00a0<\/strong>en una reuni\u00f3n que dur\u00f3 44 minutos en la biblioteca del Palacio Apost\u00f3lico; y luego hizo lo propio con el por entonces primer ministro Giuseppe Conte y con Mattarella.<\/p>\n<p>El Presidente estuvo tambi\u00e9n\u00a0<strong>en la sede de la Organizaci\u00f3n de las Naciones Unidas para la Alimentaci\u00f3n y la Agricultura (FAO), en Roma,<\/strong>\u00a0donde se reuni\u00f3 con el director general Qu Dongyuquien.<\/p>\n<p><strong>Tambi\u00e9n estuvo en Berl\u00edn<\/strong>\u00a0con empresarios y la canciller Angela Merkel; en Madrid se reuni\u00f3 con S\u00e1nchez y Felipe VI; en Par\u00eds se encontr\u00f3 con empresarios y Macron. Todos los mandatarios apoyaron el proceso de reestructuraci\u00f3n de la deuda argentina.<\/p>\n<p><strong>Con Macron se entrevist\u00f3 tambi\u00e9n en forma virtual el 16 de octubre y el 5 de febrero \u00faltimos,<\/strong>\u00a0en las cuales el mandatario galo reiter\u00f3 su aval en la renegociaci\u00f3n de esa deuda y acord\u00f3 trabajar en forma conjunta para un reparto \u00abm\u00e1s equitativo\u00bb de las vacunas contra el coronavirus a nivel global.<\/p>\n<div class=\"auth\">S\u00e9ptimo viaje al exterior<\/div>\n<p><strong>Este es el s\u00e9ptimo viaje oficial al exterior,<\/strong>\u00a0luego del anterior a Europa y de asistir el 23 de enero de 2020 a Jerusal\u00e9n para participar del 75 aniversario de la liberaci\u00f3n del campo de concentraci\u00f3n de Auschwitz, junto a otros 40 l\u00edderes del mundo.<\/p>\n<p><strong>En noviembre \u00faltimo fue a Bolivia\u00a0<\/strong>a la asunci\u00f3n del presidente Luis Arce y luego se traslad\u00f3 a Uruguay para entrevistarse con su par Luis Lacalle Pou.<\/p>\n<p>Adem\u00e1s, f<strong>ue a Chile en enero pasado,<\/strong>\u00a0para mantener una reuni\u00f3n con el presidente Santiago Pi\u00f1era, otras con el exmandatario trasandino Ricardo Lagos, una presentaci\u00f3n en la Comisi\u00f3n Econ\u00f3mica para Am\u00e9rica Latina y el Caribe (Cepal) y un encuentro con empresarios.<\/p>\n<p><strong>En febrero, invitado por su colega de M\u00e9xico Andr\u00e9s Manuel L\u00f3pez Obrador<\/strong>, viaj\u00f3 a la celebraci\u00f3n de los 200 a\u00f1os de la Independencia de ese pa\u00eds, donde adem\u00e1s mantuvo reuniones con empresarios, intelectuales y acad\u00e9micos.<\/p>\n","protected":false},"excerpt":{"rendered":"<p>Alberto Fern\u00e1ndez viaja con destino a Europa para reunirse con los mandatarios de Portugal, Espa\u00f1a, Francia e Italia; el jueves se reunir\u00e1 con el Papa Francisco en el Vaticano y retornar\u00e1 al pa\u00eds el viernes de la pr\u00f3xima semana.<\/p>\n","protected":false},"author":3,"featured_media":0,"comment_status":"closed","ping_status":"open","sticky":false,"template":"","format":"standard","meta":{"footnotes":""},"categories":[24],"tags":[],"class_list":["post-56426","post","type-post","status-publish","format-standard","hentry","category-politica"],"yoast_head":"<!-- This site is optimized with the Yoast SEO plugin v25.9 - https:\/\/yoast.com\/wordpress\/plugins\/seo\/ -->\n<title>El Presidente emprende una gira por Portugal, Espa\u00f1a, Francia e Italia - Noticias Radio Reflejos<\/title>\n<meta name=\"robots\" content=\"index, follow, max-snippet:-1, max-image-preview:large, max-video-preview:-1\" \/>\n<link rel=\"canonical\" href=\"https:\/\/www.noticiasradioreflejos.com.ar\/2021\/el-presidente-emprende-una-gira-por-portugal-espana-francia-e-italia\/\" \/>\n<meta property=\"og:locale\" content=\"es_ES\" \/>\n<meta property=\"og:type\" content=\"article\" \/>\n<meta property=\"og:title\" content=\"El Presidente emprende una gira por Portugal, Espa\u00f1a, Francia e Italia - Noticias Radio Reflejos\" \/>\n<meta property=\"og:description\" content=\"Alberto Fern\u00e1ndez viaja con destino a Europa para reunirse con los mandatarios de Portugal, Espa\u00f1a, Francia e Italia; el jueves se reunir\u00e1 con el Papa Francisco en el Vaticano y retornar\u00e1 al pa\u00eds el viernes de la pr\u00f3xima semana.\" \/>\n<meta property=\"og:url\" content=\"https:\/\/www.noticiasradioreflejos.com.ar\/2021\/el-presidente-emprende-una-gira-por-portugal-espana-francia-e-italia\/\" \/>\n<meta property=\"og:site_name\" content=\"Noticias Radio Reflejos\" \/>\n<meta property=\"article:published_time\" content=\"2021-05-09T00:45:18+00:00\" \/>\n<meta property=\"og:image\" content=\"https:\/\/www.telam.com.ar\/advf\/imagenes\/2020\/06\/5ed835860161c_1004x565.jpg\" \/>\n<meta name=\"author\" content=\"Arnaldo Botto\" \/>\n<meta name=\"twitter:card\" content=\"summary_large_image\" \/>\n<script type=\"application\/ld+json\" class=\"yoast-schema-graph\">{\"@context\":\"https:\/\/schema.org\",\"@graph\":[{\"@type\":\"WebPage\",\"@id\":\"https:\/\/www.noticiasradioreflejos.com.ar\/2021\/el-presidente-emprende-una-gira-por-portugal-espana-francia-e-italia\/\",\"url\":\"https:\/\/www.noticiasradioreflejos.com.ar\/2021\/el-presidente-emprende-una-gira-por-portugal-espana-francia-e-italia\/\",\"name\":\"El Presidente emprende una gira por Portugal, Espa\u00f1a, Francia e Italia - Noticias Radio Reflejos\",\"isPartOf\":{\"@id\":\"https:\/\/www.noticiasradioreflejos.com.ar\/2021\/#website\"},\"primaryImageOfPage\":{\"@id\":\"https:\/\/www.noticiasradioreflejos.com.ar\/2021\/el-presidente-emprende-una-gira-por-portugal-espana-francia-e-italia\/#primaryimage\"},\"image\":{\"@id\":\"https:\/\/www.noticiasradioreflejos.com.ar\/2021\/el-presidente-emprende-una-gira-por-portugal-espana-francia-e-italia\/#primaryimage\"},\"thumbnailUrl\":\"https:\/\/www.telam.com.ar\/advf\/imagenes\/2020\/06\/5ed835860161c_1004x565.jpg\",\"datePublished\":\"2021-05-09T00:45:18+00:00\",\"author\":{\"@id\":\"https:\/\/www.noticiasradioreflejos.com.ar\/2021\/#\/schema\/person\/ad82545263dcc5ec0996818884fd5fb1\"},\"breadcrumb\":{\"@id\":\"https:\/\/www.noticiasradioreflejos.com.ar\/2021\/el-presidente-emprende-una-gira-por-portugal-espana-francia-e-italia\/#breadcrumb\"},\"inLanguage\":\"es\",\"potentialAction\":[{\"@type\":\"ReadAction\",\"target\":[\"https:\/\/www.noticiasradioreflejos.com.ar\/2021\/el-presidente-emprende-una-gira-por-portugal-espana-francia-e-italia\/\"]}]},{\"@type\":\"ImageObject\",\"inLanguage\":\"es\",\"@id\":\"https:\/\/www.noticiasradioreflejos.com.ar\/2021\/el-presidente-emprende-una-gira-por-portugal-espana-francia-e-italia\/#primaryimage\",\"url\":\"https:\/\/www.telam.com.ar\/advf\/imagenes\/2020\/06\/5ed835860161c_1004x565.jpg\",\"contentUrl\":\"https:\/\/www.telam.com.ar\/advf\/imagenes\/2020\/06\/5ed835860161c_1004x565.jpg\"},{\"@type\":\"BreadcrumbList\",\"@id\":\"https:\/\/www.noticiasradioreflejos.com.ar\/2021\/el-presidente-emprende-una-gira-por-portugal-espana-francia-e-italia\/#breadcrumb\",\"itemListElement\":[{\"@type\":\"ListItem\",\"position\":1,\"name\":\"Portada\",\"item\":\"https:\/\/www.noticiasradioreflejos.com.ar\/2021\/\"},{\"@type\":\"ListItem\",\"position\":2,\"name\":\"El Presidente emprende una gira por Portugal, Espa\u00f1a, Francia e Italia\"}]},{\"@type\":\"WebSite\",\"@id\":\"https:\/\/www.noticiasradioreflejos.com.ar\/2021\/#website\",\"url\":\"https:\/\/www.noticiasradioreflejos.com.ar\/2021\/\",\"name\":\"Noticias Radio Reflejos\",\"description\":\"Las noticias de mi comarca\",\"potentialAction\":[{\"@type\":\"SearchAction\",\"target\":{\"@type\":\"EntryPoint\",\"urlTemplate\":\"https:\/\/www.noticiasradioreflejos.com.ar\/2021\/?s={search_term_string}\"},\"query-input\":{\"@type\":\"PropertyValueSpecification\",\"valueRequired\":true,\"valueName\":\"search_term_string\"}}],\"inLanguage\":\"es\"},{\"@type\":\"Person\",\"@id\":\"https:\/\/www.noticiasradioreflejos.com.ar\/2021\/#\/schema\/person\/ad82545263dcc5ec0996818884fd5fb1\",\"name\":\"Arnaldo Botto\",\"image\":{\"@type\":\"ImageObject\",\"inLanguage\":\"es\",\"@id\":\"https:\/\/www.noticiasradioreflejos.com.ar\/2021\/#\/schema\/person\/image\/\",\"url\":\"https:\/\/secure.gravatar.com\/avatar\/55cb5e37c1efa326397366e6974cb338056df65cb50e7d64d1cf314e87504837?s=96&d=mm&r=g\",\"contentUrl\":\"https:\/\/secure.gravatar.com\/avatar\/55cb5e37c1efa326397366e6974cb338056df65cb50e7d64d1cf314e87504837?s=96&d=mm&r=g\",\"caption\":\"Arnaldo Botto\"},\"url\":\"https:\/\/www.noticiasradioreflejos.com.ar\/2021\/author\/arnaldo\/\"}]}<\/script>\n<!-- \/ Yoast SEO plugin. -->","yoast_head_json":{"title":"El Presidente emprende una gira por Portugal, Espa\u00f1a, Francia e Italia - Noticias Radio Reflejos","robots":{"index":"index","follow":"follow","max-snippet":"max-snippet:-1","max-image-preview":"max-image-preview:large","max-video-preview":"max-video-preview:-1"},"canonical":"https:\/\/www.noticiasradioreflejos.com.ar\/2021\/el-presidente-emprende-una-gira-por-portugal-espana-francia-e-italia\/","og_locale":"es_ES","og_type":"article","og_title":"El Presidente emprende una gira por Portugal, Espa\u00f1a, Francia e Italia - Noticias Radio Reflejos","og_description":"Alberto Fern\u00e1ndez viaja con destino a Europa para reunirse con los mandatarios de Portugal, Espa\u00f1a, Francia e Italia; el jueves se reunir\u00e1 con el Papa Francisco en el Vaticano y retornar\u00e1 al pa\u00eds el viernes de la pr\u00f3xima semana.","og_url":"https:\/\/www.noticiasradioreflejos.com.ar\/2021\/el-presidente-emprende-una-gira-por-portugal-espana-francia-e-italia\/","og_site_name":"Noticias Radio Reflejos","article_published_time":"2021-05-09T00:45:18+00:00","og_image":[{"url":"https:\/\/www.telam.com.ar\/advf\/imagenes\/2020\/06\/5ed835860161c_1004x565.jpg","type":"","width":"","height":""}],"author":"Arnaldo Botto","twitter_card":"summary_large_image","schema":{"@context":"https:\/\/schema.org","@graph":[{"@type":"WebPage","@id":"https:\/\/www.noticiasradioreflejos.com.ar\/2021\/el-presidente-emprende-una-gira-por-portugal-espana-francia-e-italia\/","url":"https:\/\/www.noticiasradioreflejos.com.ar\/2021\/el-presidente-emprende-una-gira-por-portugal-espana-francia-e-italia\/","name":"El Presidente emprende una gira por Portugal, Espa\u00f1a, Francia e Italia - Noticias Radio Reflejos","isPartOf":{"@id":"https:\/\/www.noticiasradioreflejos.com.ar\/2021\/#website"},"primaryImageOfPage":{"@id":"https:\/\/www.noticiasradioreflejos.com.ar\/2021\/el-presidente-emprende-una-gira-por-portugal-espana-francia-e-italia\/#primaryimage"},"image":{"@id":"https:\/\/www.noticiasradioreflejos.com.ar\/2021\/el-presidente-emprende-una-gira-por-portugal-espana-francia-e-italia\/#primaryimage"},"thumbnailUrl":"https:\/\/www.telam.com.ar\/advf\/imagenes\/2020\/06\/5ed835860161c_1004x565.jpg","datePublished":"2021-05-09T00:45:18+00:00","author":{"@id":"https:\/\/www.noticiasradioreflejos.com.ar\/2021\/#\/schema\/person\/ad82545263dcc5ec0996818884fd5fb1"},"breadcrumb":{"@id":"https:\/\/www.noticiasradioreflejos.com.ar\/2021\/el-presidente-emprende-una-gira-por-portugal-espana-francia-e-italia\/#breadcrumb"},"inLanguage":"es","potentialAction":[{"@type":"ReadAction","target":["https:\/\/www.noticiasradioreflejos.com.ar\/2021\/el-presidente-emprende-una-gira-por-portugal-espana-francia-e-italia\/"]}]},{"@type":"ImageObject","inLanguage":"es","@id":"https:\/\/www.noticiasradioreflejos.com.ar\/2021\/el-presidente-emprende-una-gira-por-portugal-espana-francia-e-italia\/#primaryimage","url":"https:\/\/www.telam.com.ar\/advf\/imagenes\/2020\/06\/5ed835860161c_1004x565.jpg","contentUrl":"https:\/\/www.telam.com.ar\/advf\/imagenes\/2020\/06\/5ed835860161c_1004x565.jpg"},{"@type":"BreadcrumbList","@id":"https:\/\/www.noticiasradioreflejos.com.ar\/2021\/el-presidente-emprende-una-gira-por-portugal-espana-francia-e-italia\/#breadcrumb","itemListElement":[{"@type":"ListItem","position":1,"name":"Portada","item":"https:\/\/www.noticiasradioreflejos.com.ar\/2021\/"},{"@type":"ListItem","position":2,"name":"El Presidente emprende una gira por Portugal, Espa\u00f1a, Francia e Italia"}]},{"@type":"WebSite","@id":"https:\/\/www.noticiasradioreflejos.com.ar\/2021\/#website","url":"https:\/\/www.noticiasradioreflejos.com.ar\/2021\/","name":"Noticias Radio Reflejos","description":"Las noticias de mi comarca","potentialAction":[{"@type":"SearchAction","target":{"@type":"EntryPoint","urlTemplate":"https:\/\/www.noticiasradioreflejos.com.ar\/2021\/?s={search_term_string}"},"query-input":{"@type":"PropertyValueSpecification","valueRequired":true,"valueName":"search_term_string"}}],"inLanguage":"es"},{"@type":"Person","@id":"https:\/\/www.noticiasradioreflejos.com.ar\/2021\/#\/schema\/person\/ad82545263dcc5ec0996818884fd5fb1","name":"Arnaldo Botto","image":{"@type":"ImageObject","inLanguage":"es","@id":"https:\/\/www.noticiasradioreflejos.com.ar\/2021\/#\/schema\/person\/image\/","url":"https:\/\/secure.gravatar.com\/avatar\/55cb5e37c1efa326397366e6974cb338056df65cb50e7d64d1cf314e87504837?s=96&d=mm&r=g","contentUrl":"https:\/\/secure.gravatar.com\/avatar\/55cb5e37c1efa326397366e6974cb338056df65cb50e7d64d1cf314e87504837?s=96&d=mm&r=g","caption":"Arnaldo Botto"},"url":"https:\/\/www.noticiasradioreflejos.com.ar\/2021\/author\/arnaldo\/"}]}},"_links":{"self":[{"href":"https:\/\/www.noticiasradioreflejos.com.ar\/2021\/wp-json\/wp\/v2\/posts\/56426","targetHints":{"allow":["GET"]}}],"collection":[{"href":"https:\/\/www.noticiasradioreflejos.com.ar\/2021\/wp-json\/wp\/v2\/posts"}],"about":[{"href":"https:\/\/www.noticiasradioreflejos.com.ar\/2021\/wp-json\/wp\/v2\/types\/post"}],"author":[{"embeddable":true,"href":"https:\/\/www.noticiasradioreflejos.com.ar\/2021\/wp-json\/wp\/v2\/users\/3"}],"replies":[{"embeddable":true,"href":"https:\/\/www.noticiasradioreflejos.com.ar\/2021\/wp-json\/wp\/v2\/comments?post=56426"}],"version-history":[{"count":0,"href":"https:\/\/www.noticiasradioreflejos.com.ar\/2021\/wp-json\/wp\/v2\/posts\/56426\/revisions"}],"wp:attachment":[{"href":"https:\/\/www.noticiasradioreflejos.com.ar\/2021\/wp-json\/wp\/v2\/media?parent=56426"}],"wp:term":[{"taxonomy":"category","embeddable":true,"href":"https:\/\/www.noticiasradioreflejos.com.ar\/2021\/wp-json\/wp\/v2\/categories?post=56426"},{"taxonomy":"post_tag","embeddable":true,"href":"https:\/\/www.noticiasradioreflejos.com.ar\/2021\/wp-json\/wp\/v2\/tags?post=56426"}],"curies":[{"name":"wp","href":"https:\/\/api.w.org\/{rel}","templated":true}]}}