{"id":564,"date":"2016-09-06T23:13:39","date_gmt":"2016-09-06T23:13:39","guid":{"rendered":"http:\/\/noticiasradioreflejos.com.ar\/noticias\/?p=564"},"modified":"2016-09-06T23:13:39","modified_gmt":"2016-09-06T23:13:39","slug":"3-encuentro-de-viajeros-de-suteba","status":"publish","type":"post","link":"https:\/\/www.noticiasradioreflejos.com.ar\/2021\/3-encuentro-de-viajeros-de-suteba\/","title":{"rendered":"3\u00b0 Encuentro de Viajeros de SUTEBA"},"content":{"rendered":"<p>Para juntarnos, compartir y disfrutar, en familia, esta vez realizamos 3 encuentros en localidades diferentes de la Provincia:<br \/>\nVilla Ventana \/ Mar del Plata \/ Tigre<!--more--><br \/>\nNo te pierdas el Lanzamiento de la TEMPORADA DE TURISMO 2017 y conoc\u00e9 los destinos tur\u00edsticos de la Temporada 2017, con descuentos de hasta el 20% y enterate las propuestas recreativas que ofrecemos durante todo el a\u00f1o. Adem\u00e1s, M\u00fasica y Baile en Vivo. Recreaci\u00f3n para adultos y ni\u00f1os. Actividades de Escuela de Monta\u00f1a y Sorteos Especiales.<br \/>\nSur de Buenos Aires: Villa Ventana &#8211; 17 de Septiembre de 2016<br \/>\n\u00abEstancia Las Vertientes\u00bb<br \/>\n(No se suspende por mal tiempo)<br \/>\n\u00bfC\u00f3mo esta organizado el Encuentro?<br \/>\nIngreso a la estancia a partir de las 09:00 hs.<br \/>\n\u2022 Entrega de pines y cupones para participar en los sorteos especiales de viajes.<br \/>\n1\u00b0 Momento: 10:00 a 10:30 hs.<br \/>\n\u2022 Bienvenida al encuentro<br \/>\n\u2022 Informaci\u00f3n sobre las actividades propuestas.<br \/>\n2\u00b0 Momento: 10:30 a 16:30 hs.<br \/>\n\u2022 Recorrida y participaci\u00f3n donde se presentan nuestras propuestas de destinos tur\u00edsticos para el Verano 2017.<br \/>\n\u2022 En forma permanente espacios con informaci\u00f3n de los diferentes pueblos y ciudades de la regi\u00f3n<br \/>\n\u2022 13 a 14:00Hs Almuerzo Buffet (abierto a partir de las 10:00hs) a precios econ\u00f3micos<br \/>\n\u2022 A partir de las 14:00Hs actividades propias de la Estancia OPCIONALES (se contratan directamente con la estancia)<br \/>\nCabalgatas guiadas y Traves\u00edas 4&#215;4 y Cuatriciclos, adem\u00e1s de los animales de granja que habitan la estancia<br \/>\n\u2022 Actividades de nuestra Escuela de Monta\u00f1a<br \/>\n3\u00b0 Momento: 16:30<br \/>\n\u2022 Cierre de despedida y sorteos (sorteo presencial en escenario principal con los cupones entregado el d\u00eda del evento)<br \/>\n\u2022 Despedida colectiva con mate y tortas fritas<br \/>\nPara tener en cuenta<br \/>\nSobre la modalidad de Reserva para participar del Encuentro<br \/>\nLos participantes pueden inscribirse en la Seccional y retirar su voucher<br \/>\nEl voucher no es obligatorio para ingresar a la Estancia pero es otro elemento m\u00e1s para la participaci\u00f3n en los sorteos, por lo que recomendamos que se reserve previamente para no tener demoras al momento de ingresar, ya que los que no cuenten con voucher deber\u00e1n registrarse al momento de ingresar (estos vouchers pueden cargarlo con los datos en sistema sin necesidad de solicitud de turismo, ES IMPORTANTE LLEVAR EL VOUCHER IMPRESO) (El sorteo de premios se realizar\u00e1 a las 16,30 hs en el escenario principal. El sorteo es PRESENCIAL)<br \/>\nTambi\u00e9n pueden optar por retirarlo el d\u00eda del Encuentro antes de ingresar al predio.<br \/>\nLa primera opci\u00f3n agiliza el ingreso de los afiliados, mientras que la segunda ocasiona demoras.<br \/>\nSobre el traslado de los compa\u00f1eros:<br \/>\nCada uno llegar\u00e1 por su cuenta o podr\u00e1 organizarse desde la propia seccional<br \/>\nSobre la comida:<br \/>\nVa a estar en funcionamiento un Bufet organizado por los compa\u00f1eros de Tornquist a precios muy econ\u00f3micos, lo que nos permitir\u00e1 sostener parcialmente los gastos.<br \/>\nSobre el alojamiento<br \/>\nLos que lo deseen podr\u00e1n alojarse en la Estancia contratando directamente con la misma<br \/>\nSobre la Operatoria de la reserva anticipada de destinos tur\u00edsticos 2017<br \/>\nLos participantes al Encuentro completar\u00e1n una solicitud de RESERVA ANTICIPADA en los puntos de atenci\u00f3n puestos<br \/>\na tal efecto. El \u00e1rea de Turismo informar\u00e1 a la Seccional correspondiente con la confirmaci\u00f3n de reserva del destino tomado por el afiliado, para que contin\u00faen el tr\u00e1mite seg\u00fan el tratamiento habitual de una reserva de turismo.<br \/>\nDatos de la Estancia Las Vertientes<br \/>\nWeb: <a href=\"http:\/\/www.estancialasvertientes.net\/\" target=\"_blank\" rel=\"nofollow noopener\">www.estancialasvertientes.net<\/a><br \/>\nDirecci\u00f3n: Ruta 76 Km. 221, Villa Ventana, Tornquist \/ Tel\u00e9fono: 0291-4910-064<br \/>\nAnte cualquier duda no duden en comunicarse con nosotros envi FCando un mail a promsocialcomunicacion@suteba.org.ar.<\/p>\n","protected":false},"excerpt":{"rendered":"<p>Para juntarnos, compartir y disfrutar, en familia, esta vez realizamos 3 encuentros en localidades diferentes de la Provincia: Villa Ventana \/ Mar del Plata \/ Tigre<\/p>\n","protected":false},"author":3,"featured_media":0,"comment_status":"closed","ping_status":"open","sticky":false,"template":"","format":"standard","meta":{"footnotes":""},"categories":[33],"tags":[],"class_list":["post-564","post","type-post","status-publish","format-standard","hentry","category-turismo"],"yoast_head":"<!-- This site is optimized with the Yoast SEO plugin v25.9 - https:\/\/yoast.com\/wordpress\/plugins\/seo\/ -->\n<title>3\u00b0 Encuentro de Viajeros de SUTEBA - Noticias Radio Reflejos<\/title>\n<meta name=\"robots\" content=\"index, follow, max-snippet:-1, max-image-preview:large, max-video-preview:-1\" \/>\n<link rel=\"canonical\" href=\"https:\/\/www.noticiasradioreflejos.com.ar\/2021\/3-encuentro-de-viajeros-de-suteba\/\" \/>\n<meta property=\"og:locale\" content=\"es_ES\" \/>\n<meta property=\"og:type\" content=\"article\" \/>\n<meta property=\"og:title\" content=\"3\u00b0 Encuentro de Viajeros de SUTEBA - Noticias Radio Reflejos\" \/>\n<meta property=\"og:description\" content=\"Para juntarnos, compartir y disfrutar, en familia, esta vez realizamos 3 encuentros en localidades diferentes de la Provincia: Villa Ventana \/ Mar del Plata \/ Tigre\" \/>\n<meta property=\"og:url\" content=\"https:\/\/www.noticiasradioreflejos.com.ar\/2021\/3-encuentro-de-viajeros-de-suteba\/\" \/>\n<meta property=\"og:site_name\" content=\"Noticias Radio Reflejos\" \/>\n<meta property=\"article:published_time\" content=\"2016-09-06T23:13:39+00:00\" \/>\n<meta property=\"og:image\" content=\"https:\/\/www.noticiasradioreflejos.com.ar\/2021\/wp-content\/uploads\/2021\/07\/logosol300x200.png\" \/>\n\t<meta property=\"og:image:width\" content=\"300\" \/>\n\t<meta property=\"og:image:height\" content=\"200\" \/>\n\t<meta property=\"og:image:type\" content=\"image\/png\" \/>\n<meta name=\"author\" content=\"Arnaldo Botto\" \/>\n<meta name=\"twitter:card\" content=\"summary_large_image\" \/>\n<script type=\"application\/ld+json\" class=\"yoast-schema-graph\">{\"@context\":\"https:\/\/schema.org\",\"@graph\":[{\"@type\":\"WebPage\",\"@id\":\"https:\/\/www.noticiasradioreflejos.com.ar\/2021\/3-encuentro-de-viajeros-de-suteba\/\",\"url\":\"https:\/\/www.noticiasradioreflejos.com.ar\/2021\/3-encuentro-de-viajeros-de-suteba\/\",\"name\":\"3\u00b0 Encuentro de Viajeros de SUTEBA - Noticias Radio Reflejos\",\"isPartOf\":{\"@id\":\"https:\/\/www.noticiasradioreflejos.com.ar\/2021\/#website\"},\"datePublished\":\"2016-09-06T23:13:39+00:00\",\"author\":{\"@id\":\"https:\/\/www.noticiasradioreflejos.com.ar\/2021\/#\/schema\/person\/ad82545263dcc5ec0996818884fd5fb1\"},\"breadcrumb\":{\"@id\":\"https:\/\/www.noticiasradioreflejos.com.ar\/2021\/3-encuentro-de-viajeros-de-suteba\/#breadcrumb\"},\"inLanguage\":\"es\",\"potentialAction\":[{\"@type\":\"ReadAction\",\"target\":[\"https:\/\/www.noticiasradioreflejos.com.ar\/2021\/3-encuentro-de-viajeros-de-suteba\/\"]}]},{\"@type\":\"BreadcrumbList\",\"@id\":\"https:\/\/www.noticiasradioreflejos.com.ar\/2021\/3-encuentro-de-viajeros-de-suteba\/#breadcrumb\",\"itemListElement\":[{\"@type\":\"ListItem\",\"position\":1,\"name\":\"Portada\",\"item\":\"https:\/\/www.noticiasradioreflejos.com.ar\/2021\/\"},{\"@type\":\"ListItem\",\"position\":2,\"name\":\"3\u00b0 Encuentro de Viajeros de SUTEBA\"}]},{\"@type\":\"WebSite\",\"@id\":\"https:\/\/www.noticiasradioreflejos.com.ar\/2021\/#website\",\"url\":\"https:\/\/www.noticiasradioreflejos.com.ar\/2021\/\",\"name\":\"Noticias Radio Reflejos\",\"description\":\"Las noticias de mi comarca\",\"potentialAction\":[{\"@type\":\"SearchAction\",\"target\":{\"@type\":\"EntryPoint\",\"urlTemplate\":\"https:\/\/www.noticiasradioreflejos.com.ar\/2021\/?s={search_term_string}\"},\"query-input\":{\"@type\":\"PropertyValueSpecification\",\"valueRequired\":true,\"valueName\":\"search_term_string\"}}],\"inLanguage\":\"es\"},{\"@type\":\"Person\",\"@id\":\"https:\/\/www.noticiasradioreflejos.com.ar\/2021\/#\/schema\/person\/ad82545263dcc5ec0996818884fd5fb1\",\"name\":\"Arnaldo Botto\",\"image\":{\"@type\":\"ImageObject\",\"inLanguage\":\"es\",\"@id\":\"https:\/\/www.noticiasradioreflejos.com.ar\/2021\/#\/schema\/person\/image\/\",\"url\":\"https:\/\/secure.gravatar.com\/avatar\/55cb5e37c1efa326397366e6974cb338056df65cb50e7d64d1cf314e87504837?s=96&d=mm&r=g\",\"contentUrl\":\"https:\/\/secure.gravatar.com\/avatar\/55cb5e37c1efa326397366e6974cb338056df65cb50e7d64d1cf314e87504837?s=96&d=mm&r=g\",\"caption\":\"Arnaldo Botto\"},\"url\":\"https:\/\/www.noticiasradioreflejos.com.ar\/2021\/author\/arnaldo\/\"}]}<\/script>\n<!-- \/ Yoast SEO plugin. -->","yoast_head_json":{"title":"3\u00b0 Encuentro de Viajeros de SUTEBA - Noticias Radio Reflejos","robots":{"index":"index","follow":"follow","max-snippet":"max-snippet:-1","max-image-preview":"max-image-preview:large","max-video-preview":"max-video-preview:-1"},"canonical":"https:\/\/www.noticiasradioreflejos.com.ar\/2021\/3-encuentro-de-viajeros-de-suteba\/","og_locale":"es_ES","og_type":"article","og_title":"3\u00b0 Encuentro de Viajeros de SUTEBA - Noticias Radio Reflejos","og_description":"Para juntarnos, compartir y disfrutar, en familia, esta vez realizamos 3 encuentros en localidades diferentes de la Provincia: Villa Ventana \/ Mar del Plata \/ Tigre","og_url":"https:\/\/www.noticiasradioreflejos.com.ar\/2021\/3-encuentro-de-viajeros-de-suteba\/","og_site_name":"Noticias Radio Reflejos","article_published_time":"2016-09-06T23:13:39+00:00","og_image":[{"width":300,"height":200,"url":"https:\/\/www.noticiasradioreflejos.com.ar\/2021\/wp-content\/uploads\/2021\/07\/logosol300x200.png","type":"image\/png"}],"author":"Arnaldo Botto","twitter_card":"summary_large_image","schema":{"@context":"https:\/\/schema.org","@graph":[{"@type":"WebPage","@id":"https:\/\/www.noticiasradioreflejos.com.ar\/2021\/3-encuentro-de-viajeros-de-suteba\/","url":"https:\/\/www.noticiasradioreflejos.com.ar\/2021\/3-encuentro-de-viajeros-de-suteba\/","name":"3\u00b0 Encuentro de Viajeros de SUTEBA - Noticias Radio Reflejos","isPartOf":{"@id":"https:\/\/www.noticiasradioreflejos.com.ar\/2021\/#website"},"datePublished":"2016-09-06T23:13:39+00:00","author":{"@id":"https:\/\/www.noticiasradioreflejos.com.ar\/2021\/#\/schema\/person\/ad82545263dcc5ec0996818884fd5fb1"},"breadcrumb":{"@id":"https:\/\/www.noticiasradioreflejos.com.ar\/2021\/3-encuentro-de-viajeros-de-suteba\/#breadcrumb"},"inLanguage":"es","potentialAction":[{"@type":"ReadAction","target":["https:\/\/www.noticiasradioreflejos.com.ar\/2021\/3-encuentro-de-viajeros-de-suteba\/"]}]},{"@type":"BreadcrumbList","@id":"https:\/\/www.noticiasradioreflejos.com.ar\/2021\/3-encuentro-de-viajeros-de-suteba\/#breadcrumb","itemListElement":[{"@type":"ListItem","position":1,"name":"Portada","item":"https:\/\/www.noticiasradioreflejos.com.ar\/2021\/"},{"@type":"ListItem","position":2,"name":"3\u00b0 Encuentro de Viajeros de SUTEBA"}]},{"@type":"WebSite","@id":"https:\/\/www.noticiasradioreflejos.com.ar\/2021\/#website","url":"https:\/\/www.noticiasradioreflejos.com.ar\/2021\/","name":"Noticias Radio Reflejos","description":"Las noticias de mi comarca","potentialAction":[{"@type":"SearchAction","target":{"@type":"EntryPoint","urlTemplate":"https:\/\/www.noticiasradioreflejos.com.ar\/2021\/?s={search_term_string}"},"query-input":{"@type":"PropertyValueSpecification","valueRequired":true,"valueName":"search_term_string"}}],"inLanguage":"es"},{"@type":"Person","@id":"https:\/\/www.noticiasradioreflejos.com.ar\/2021\/#\/schema\/person\/ad82545263dcc5ec0996818884fd5fb1","name":"Arnaldo Botto","image":{"@type":"ImageObject","inLanguage":"es","@id":"https:\/\/www.noticiasradioreflejos.com.ar\/2021\/#\/schema\/person\/image\/","url":"https:\/\/secure.gravatar.com\/avatar\/55cb5e37c1efa326397366e6974cb338056df65cb50e7d64d1cf314e87504837?s=96&d=mm&r=g","contentUrl":"https:\/\/secure.gravatar.com\/avatar\/55cb5e37c1efa326397366e6974cb338056df65cb50e7d64d1cf314e87504837?s=96&d=mm&r=g","caption":"Arnaldo Botto"},"url":"https:\/\/www.noticiasradioreflejos.com.ar\/2021\/author\/arnaldo\/"}]}},"_links":{"self":[{"href":"https:\/\/www.noticiasradioreflejos.com.ar\/2021\/wp-json\/wp\/v2\/posts\/564","targetHints":{"allow":["GET"]}}],"collection":[{"href":"https:\/\/www.noticiasradioreflejos.com.ar\/2021\/wp-json\/wp\/v2\/posts"}],"about":[{"href":"https:\/\/www.noticiasradioreflejos.com.ar\/2021\/wp-json\/wp\/v2\/types\/post"}],"author":[{"embeddable":true,"href":"https:\/\/www.noticiasradioreflejos.com.ar\/2021\/wp-json\/wp\/v2\/users\/3"}],"replies":[{"embeddable":true,"href":"https:\/\/www.noticiasradioreflejos.com.ar\/2021\/wp-json\/wp\/v2\/comments?post=564"}],"version-history":[{"count":0,"href":"https:\/\/www.noticiasradioreflejos.com.ar\/2021\/wp-json\/wp\/v2\/posts\/564\/revisions"}],"wp:attachment":[{"href":"https:\/\/www.noticiasradioreflejos.com.ar\/2021\/wp-json\/wp\/v2\/media?parent=564"}],"wp:term":[{"taxonomy":"category","embeddable":true,"href":"https:\/\/www.noticiasradioreflejos.com.ar\/2021\/wp-json\/wp\/v2\/categories?post=564"},{"taxonomy":"post_tag","embeddable":true,"href":"https:\/\/www.noticiasradioreflejos.com.ar\/2021\/wp-json\/wp\/v2\/tags?post=564"}],"curies":[{"name":"wp","href":"https:\/\/api.w.org\/{rel}","templated":true}]}}