{"id":56394,"date":"2021-05-07T18:54:22","date_gmt":"2021-05-07T21:54:22","guid":{"rendered":"http:\/\/www.noticiasradioreflejos.com.ar\/noticias\/?p=56394"},"modified":"2021-05-07T18:54:22","modified_gmt":"2021-05-07T21:54:22","slug":"restos-del-cohete-chino-sobre-sierra-de-la-ventana","status":"publish","type":"post","link":"https:\/\/www.noticiasradioreflejos.com.ar\/2021\/restos-del-cohete-chino-sobre-sierra-de-la-ventana\/","title":{"rendered":"\u00bfRestos del cohete chino sobre Sierra de la Ventana?"},"content":{"rendered":"<p>Muchos lectores enviaron a nuestra redacci\u00f3n fotos de estelas blancas que fueron vistas sobre Sierra de la Ventana esta ma\u00f1ana cerca de las 11:30 AM, incluso comenzaron a circular en las redes sociales decenas de\u00a0im\u00e1genes del mismo fen\u00f3meno. \u00bfLo que se vio fueron restos del cohete chino que esta en orbita terrestre fuera de control?<!--more--><\/p>\n<p>Durante esta semana, el lanzador chino mas potente en servicio puso en \u00f3rbita el primer m\u00f3dulo de lo que ser\u00e1 la futura estaci\u00f3n espacial china, y luego de cumplir su misi\u00f3n\u00a0dejando la carga en \u00f3rbita, el mundo se enter\u00f3 que el cohete qued\u00f3 fuera de control. Dado el tama\u00f1o y el peso de este artefacto, su \u00fanico final posible es caer a tierra nuevamente.<\/p>\n<p><img loading=\"lazy\" decoding=\"async\" class=\"aligncenter\" src=\"https:\/\/danielmarin.naukas.com\/files\/2021\/04\/E0HqMQeVIAMBf_L-580x356.jpeg\" width=\"580\" height=\"356\" \/><\/p>\n<p style=\"text-align: center;\">Despegue del cohete CZ5B pasado 29 de Abril<\/p>\n<p>Normalmente cuando un artilugio humano reingresa a la atm\u00f3sfera terrestre se incinera debido a las altas temperaturas, o en caso de que su tama\u00f1o impida que se consuma por completo, las agencias espaciales internacionales acordaron realizar reentradas controladas, de manera que los fragmentos caigan en el lugar mas remoto del planeta, el cual esta ubicado en el Pac\u00edfico Sur a miles de kil\u00f3metros de cualquier costa o centro poblado.<\/p>\n<p><img loading=\"lazy\" decoding=\"async\" class=\"wp-image-56395 size-thumbnail-noticias aligncenter\" src=\"http:\/\/www.noticiasradioreflejos.com.ar\/2021\/wp-content\/uploads\/2021\/05\/estela-cielo2-500x300.jpg\" alt=\"estela-cielo2\" width=\"500\" height=\"300\" \/><\/p>\n<p style=\"text-align: center;\">Estelas vistas sobre Sierra de la Ventana<\/p>\n<p style=\"text-align: left;\">Si bien es cierto que debido a la orbita del cohete chino, Argentina es uno de los lugares que tiene probabilidad de recibir los escombros espaciales \u00bffueron estos restos los que pasaron sobre Sierra de la Ventana?. Los restos fuera de control de la chatarra espacial son monitoreados por varios <a href=\"https:\/\/www.n2yo.com\/satellite\/?s=48275\" target=\"_blank\" rel=\"noopener\">radares alrededor del mundo<\/a>, los que confirman que todav\u00eda se encuentran en \u00f3rbita, por lo que es imposible que lo que se vio hoy sobre nuestra ciudad sea el cohete chino. Estas estaciones de seguimiento predicen que los restos caer\u00e1n a tierra en aproximadamente 35 horas, con lo cual seguramente el evento ser\u00e1 este fin de semana.<\/p>\n<p style=\"text-align: left;\">\u00bfEntonces que fue lo que vimos? Lo mas probable es que lo que vimos sea la estela de un avi\u00f3n, la cual se forma por la condensaci\u00f3n de agua producto de los gases de escape de la turbina del avi\u00f3n, condensaci\u00f3n que seg\u00fan las condiciones del aire en altura se puede transformar en cristales de hielo.<\/p>\n<p style=\"text-align: left;\"><img loading=\"lazy\" decoding=\"async\" class=\"aligncenter\" src=\"https:\/\/scontent.faep9-1.fna.fbcdn.net\/v\/t1.6435-9\/183439227_5687337494639627_4249946953898205391_n.jpg?_nc_cat=106&amp;ccb=1-3&amp;_nc_sid=730e14&amp;_nc_eui2=AeHfb1KvnMdIRnHem10Ln0NzFosF0U6ip3wWiwXRTqKnfDpbM4vW_O9zg5IkfHoN5galJF0u9taeH4y4_AF8jsXZ&amp;_nc_ohc=8rTNGUHkvC0AX_eixGb&amp;_nc_ht=scontent.faep9-1.fna&amp;oh=4a33b8da9305e3b2e625749175bd0c64&amp;oe=60BAC1F1\" width=\"589\" height=\"442\" \/><\/p>\n<p style=\"text-align: left;\">Las reentradas atmosf\u00e9ricas de naves espaciales deja una estela notoriamente diferente a la de un avi\u00f3n comercial, sobre todo en la noche.<\/p>\n<p><iframe loading=\"lazy\" title=\"YouTube video player\" src=\"https:\/\/www.youtube.com\/embed\/MvmdLlTyzjg\" width=\"640\" height=\"360\" frameborder=\"0\" allowfullscreen=\"allowfullscreen\"><\/iframe><\/p>\n<p>&nbsp;<\/p>\n","protected":false},"excerpt":{"rendered":"<p>Muchos lectores enviaron a nuestra redacci\u00f3n fotos de estelas blancas que fueron vistas sobre Sierra de la Ventana esta ma\u00f1ana cerca de las 11:30 AM, incluso comenzaron a circular en las redes sociales decenas de\u00a0im\u00e1genes del mismo fen\u00f3meno. \u00bfLo que se vio fueron restos del cohete chino que esta en orbita terrestre fuera de control?<\/p>\n","protected":false},"author":3,"featured_media":0,"comment_status":"closed","ping_status":"open","sticky":false,"template":"","format":"standard","meta":{"footnotes":""},"categories":[46],"tags":[],"class_list":["post-56394","post","type-post","status-publish","format-standard","hentry","category-ciencia-y-tecnologia"],"yoast_head":"<!-- This site is optimized with the Yoast SEO plugin v25.9 - https:\/\/yoast.com\/wordpress\/plugins\/seo\/ -->\n<title>\u00bfRestos del cohete chino sobre Sierra de la Ventana? - Noticias Radio Reflejos<\/title>\n<meta name=\"robots\" content=\"index, follow, max-snippet:-1, max-image-preview:large, max-video-preview:-1\" \/>\n<link rel=\"canonical\" href=\"https:\/\/www.noticiasradioreflejos.com.ar\/2021\/restos-del-cohete-chino-sobre-sierra-de-la-ventana\/\" \/>\n<meta property=\"og:locale\" content=\"es_ES\" \/>\n<meta property=\"og:type\" content=\"article\" \/>\n<meta property=\"og:title\" content=\"\u00bfRestos del cohete chino sobre Sierra de la Ventana? - Noticias Radio Reflejos\" \/>\n<meta property=\"og:description\" content=\"Muchos lectores enviaron a nuestra redacci\u00f3n fotos de estelas blancas que fueron vistas sobre Sierra de la Ventana esta ma\u00f1ana cerca de las 11:30 AM, incluso comenzaron a circular en las redes sociales decenas de\u00a0im\u00e1genes del mismo fen\u00f3meno. \u00bfLo que se vio fueron restos del cohete chino que esta en orbita terrestre fuera de control?\" \/>\n<meta property=\"og:url\" content=\"https:\/\/www.noticiasradioreflejos.com.ar\/2021\/restos-del-cohete-chino-sobre-sierra-de-la-ventana\/\" \/>\n<meta property=\"og:site_name\" content=\"Noticias Radio Reflejos\" \/>\n<meta property=\"article:published_time\" content=\"2021-05-07T21:54:22+00:00\" \/>\n<meta property=\"og:image\" content=\"https:\/\/danielmarin.naukas.com\/files\/2021\/04\/E0HqMQeVIAMBf_L-580x356.jpeg\" \/>\n<meta name=\"author\" content=\"Arnaldo Botto\" \/>\n<meta name=\"twitter:card\" content=\"summary_large_image\" \/>\n<script type=\"application\/ld+json\" class=\"yoast-schema-graph\">{\"@context\":\"https:\/\/schema.org\",\"@graph\":[{\"@type\":\"WebPage\",\"@id\":\"https:\/\/www.noticiasradioreflejos.com.ar\/2021\/restos-del-cohete-chino-sobre-sierra-de-la-ventana\/\",\"url\":\"https:\/\/www.noticiasradioreflejos.com.ar\/2021\/restos-del-cohete-chino-sobre-sierra-de-la-ventana\/\",\"name\":\"\u00bfRestos del cohete chino sobre Sierra de la Ventana? - Noticias Radio Reflejos\",\"isPartOf\":{\"@id\":\"https:\/\/www.noticiasradioreflejos.com.ar\/2021\/#website\"},\"primaryImageOfPage\":{\"@id\":\"https:\/\/www.noticiasradioreflejos.com.ar\/2021\/restos-del-cohete-chino-sobre-sierra-de-la-ventana\/#primaryimage\"},\"image\":{\"@id\":\"https:\/\/www.noticiasradioreflejos.com.ar\/2021\/restos-del-cohete-chino-sobre-sierra-de-la-ventana\/#primaryimage\"},\"thumbnailUrl\":\"https:\/\/danielmarin.naukas.com\/files\/2021\/04\/E0HqMQeVIAMBf_L-580x356.jpeg\",\"datePublished\":\"2021-05-07T21:54:22+00:00\",\"author\":{\"@id\":\"https:\/\/www.noticiasradioreflejos.com.ar\/2021\/#\/schema\/person\/ad82545263dcc5ec0996818884fd5fb1\"},\"breadcrumb\":{\"@id\":\"https:\/\/www.noticiasradioreflejos.com.ar\/2021\/restos-del-cohete-chino-sobre-sierra-de-la-ventana\/#breadcrumb\"},\"inLanguage\":\"es\",\"potentialAction\":[{\"@type\":\"ReadAction\",\"target\":[\"https:\/\/www.noticiasradioreflejos.com.ar\/2021\/restos-del-cohete-chino-sobre-sierra-de-la-ventana\/\"]}]},{\"@type\":\"ImageObject\",\"inLanguage\":\"es\",\"@id\":\"https:\/\/www.noticiasradioreflejos.com.ar\/2021\/restos-del-cohete-chino-sobre-sierra-de-la-ventana\/#primaryimage\",\"url\":\"https:\/\/danielmarin.naukas.com\/files\/2021\/04\/E0HqMQeVIAMBf_L-580x356.jpeg\",\"contentUrl\":\"https:\/\/danielmarin.naukas.com\/files\/2021\/04\/E0HqMQeVIAMBf_L-580x356.jpeg\"},{\"@type\":\"BreadcrumbList\",\"@id\":\"https:\/\/www.noticiasradioreflejos.com.ar\/2021\/restos-del-cohete-chino-sobre-sierra-de-la-ventana\/#breadcrumb\",\"itemListElement\":[{\"@type\":\"ListItem\",\"position\":1,\"name\":\"Portada\",\"item\":\"https:\/\/www.noticiasradioreflejos.com.ar\/2021\/\"},{\"@type\":\"ListItem\",\"position\":2,\"name\":\"\u00bfRestos del cohete chino sobre Sierra de la Ventana?\"}]},{\"@type\":\"WebSite\",\"@id\":\"https:\/\/www.noticiasradioreflejos.com.ar\/2021\/#website\",\"url\":\"https:\/\/www.noticiasradioreflejos.com.ar\/2021\/\",\"name\":\"Noticias Radio Reflejos\",\"description\":\"Las noticias de mi comarca\",\"potentialAction\":[{\"@type\":\"SearchAction\",\"target\":{\"@type\":\"EntryPoint\",\"urlTemplate\":\"https:\/\/www.noticiasradioreflejos.com.ar\/2021\/?s={search_term_string}\"},\"query-input\":{\"@type\":\"PropertyValueSpecification\",\"valueRequired\":true,\"valueName\":\"search_term_string\"}}],\"inLanguage\":\"es\"},{\"@type\":\"Person\",\"@id\":\"https:\/\/www.noticiasradioreflejos.com.ar\/2021\/#\/schema\/person\/ad82545263dcc5ec0996818884fd5fb1\",\"name\":\"Arnaldo Botto\",\"image\":{\"@type\":\"ImageObject\",\"inLanguage\":\"es\",\"@id\":\"https:\/\/www.noticiasradioreflejos.com.ar\/2021\/#\/schema\/person\/image\/\",\"url\":\"https:\/\/secure.gravatar.com\/avatar\/55cb5e37c1efa326397366e6974cb338056df65cb50e7d64d1cf314e87504837?s=96&d=mm&r=g\",\"contentUrl\":\"https:\/\/secure.gravatar.com\/avatar\/55cb5e37c1efa326397366e6974cb338056df65cb50e7d64d1cf314e87504837?s=96&d=mm&r=g\",\"caption\":\"Arnaldo Botto\"},\"url\":\"https:\/\/www.noticiasradioreflejos.com.ar\/2021\/author\/arnaldo\/\"}]}<\/script>\n<!-- \/ Yoast SEO plugin. -->","yoast_head_json":{"title":"\u00bfRestos del cohete chino sobre Sierra de la Ventana? - Noticias Radio Reflejos","robots":{"index":"index","follow":"follow","max-snippet":"max-snippet:-1","max-image-preview":"max-image-preview:large","max-video-preview":"max-video-preview:-1"},"canonical":"https:\/\/www.noticiasradioreflejos.com.ar\/2021\/restos-del-cohete-chino-sobre-sierra-de-la-ventana\/","og_locale":"es_ES","og_type":"article","og_title":"\u00bfRestos del cohete chino sobre Sierra de la Ventana? - Noticias Radio Reflejos","og_description":"Muchos lectores enviaron a nuestra redacci\u00f3n fotos de estelas blancas que fueron vistas sobre Sierra de la Ventana esta ma\u00f1ana cerca de las 11:30 AM, incluso comenzaron a circular en las redes sociales decenas de\u00a0im\u00e1genes del mismo fen\u00f3meno. \u00bfLo que se vio fueron restos del cohete chino que esta en orbita terrestre fuera de control?","og_url":"https:\/\/www.noticiasradioreflejos.com.ar\/2021\/restos-del-cohete-chino-sobre-sierra-de-la-ventana\/","og_site_name":"Noticias Radio Reflejos","article_published_time":"2021-05-07T21:54:22+00:00","og_image":[{"url":"https:\/\/danielmarin.naukas.com\/files\/2021\/04\/E0HqMQeVIAMBf_L-580x356.jpeg","type":"","width":"","height":""}],"author":"Arnaldo Botto","twitter_card":"summary_large_image","schema":{"@context":"https:\/\/schema.org","@graph":[{"@type":"WebPage","@id":"https:\/\/www.noticiasradioreflejos.com.ar\/2021\/restos-del-cohete-chino-sobre-sierra-de-la-ventana\/","url":"https:\/\/www.noticiasradioreflejos.com.ar\/2021\/restos-del-cohete-chino-sobre-sierra-de-la-ventana\/","name":"\u00bfRestos del cohete chino sobre Sierra de la Ventana? - Noticias Radio Reflejos","isPartOf":{"@id":"https:\/\/www.noticiasradioreflejos.com.ar\/2021\/#website"},"primaryImageOfPage":{"@id":"https:\/\/www.noticiasradioreflejos.com.ar\/2021\/restos-del-cohete-chino-sobre-sierra-de-la-ventana\/#primaryimage"},"image":{"@id":"https:\/\/www.noticiasradioreflejos.com.ar\/2021\/restos-del-cohete-chino-sobre-sierra-de-la-ventana\/#primaryimage"},"thumbnailUrl":"https:\/\/danielmarin.naukas.com\/files\/2021\/04\/E0HqMQeVIAMBf_L-580x356.jpeg","datePublished":"2021-05-07T21:54:22+00:00","author":{"@id":"https:\/\/www.noticiasradioreflejos.com.ar\/2021\/#\/schema\/person\/ad82545263dcc5ec0996818884fd5fb1"},"breadcrumb":{"@id":"https:\/\/www.noticiasradioreflejos.com.ar\/2021\/restos-del-cohete-chino-sobre-sierra-de-la-ventana\/#breadcrumb"},"inLanguage":"es","potentialAction":[{"@type":"ReadAction","target":["https:\/\/www.noticiasradioreflejos.com.ar\/2021\/restos-del-cohete-chino-sobre-sierra-de-la-ventana\/"]}]},{"@type":"ImageObject","inLanguage":"es","@id":"https:\/\/www.noticiasradioreflejos.com.ar\/2021\/restos-del-cohete-chino-sobre-sierra-de-la-ventana\/#primaryimage","url":"https:\/\/danielmarin.naukas.com\/files\/2021\/04\/E0HqMQeVIAMBf_L-580x356.jpeg","contentUrl":"https:\/\/danielmarin.naukas.com\/files\/2021\/04\/E0HqMQeVIAMBf_L-580x356.jpeg"},{"@type":"BreadcrumbList","@id":"https:\/\/www.noticiasradioreflejos.com.ar\/2021\/restos-del-cohete-chino-sobre-sierra-de-la-ventana\/#breadcrumb","itemListElement":[{"@type":"ListItem","position":1,"name":"Portada","item":"https:\/\/www.noticiasradioreflejos.com.ar\/2021\/"},{"@type":"ListItem","position":2,"name":"\u00bfRestos del cohete chino sobre Sierra de la Ventana?"}]},{"@type":"WebSite","@id":"https:\/\/www.noticiasradioreflejos.com.ar\/2021\/#website","url":"https:\/\/www.noticiasradioreflejos.com.ar\/2021\/","name":"Noticias Radio Reflejos","description":"Las noticias de mi comarca","potentialAction":[{"@type":"SearchAction","target":{"@type":"EntryPoint","urlTemplate":"https:\/\/www.noticiasradioreflejos.com.ar\/2021\/?s={search_term_string}"},"query-input":{"@type":"PropertyValueSpecification","valueRequired":true,"valueName":"search_term_string"}}],"inLanguage":"es"},{"@type":"Person","@id":"https:\/\/www.noticiasradioreflejos.com.ar\/2021\/#\/schema\/person\/ad82545263dcc5ec0996818884fd5fb1","name":"Arnaldo Botto","image":{"@type":"ImageObject","inLanguage":"es","@id":"https:\/\/www.noticiasradioreflejos.com.ar\/2021\/#\/schema\/person\/image\/","url":"https:\/\/secure.gravatar.com\/avatar\/55cb5e37c1efa326397366e6974cb338056df65cb50e7d64d1cf314e87504837?s=96&d=mm&r=g","contentUrl":"https:\/\/secure.gravatar.com\/avatar\/55cb5e37c1efa326397366e6974cb338056df65cb50e7d64d1cf314e87504837?s=96&d=mm&r=g","caption":"Arnaldo Botto"},"url":"https:\/\/www.noticiasradioreflejos.com.ar\/2021\/author\/arnaldo\/"}]}},"_links":{"self":[{"href":"https:\/\/www.noticiasradioreflejos.com.ar\/2021\/wp-json\/wp\/v2\/posts\/56394","targetHints":{"allow":["GET"]}}],"collection":[{"href":"https:\/\/www.noticiasradioreflejos.com.ar\/2021\/wp-json\/wp\/v2\/posts"}],"about":[{"href":"https:\/\/www.noticiasradioreflejos.com.ar\/2021\/wp-json\/wp\/v2\/types\/post"}],"author":[{"embeddable":true,"href":"https:\/\/www.noticiasradioreflejos.com.ar\/2021\/wp-json\/wp\/v2\/users\/3"}],"replies":[{"embeddable":true,"href":"https:\/\/www.noticiasradioreflejos.com.ar\/2021\/wp-json\/wp\/v2\/comments?post=56394"}],"version-history":[{"count":0,"href":"https:\/\/www.noticiasradioreflejos.com.ar\/2021\/wp-json\/wp\/v2\/posts\/56394\/revisions"}],"wp:attachment":[{"href":"https:\/\/www.noticiasradioreflejos.com.ar\/2021\/wp-json\/wp\/v2\/media?parent=56394"}],"wp:term":[{"taxonomy":"category","embeddable":true,"href":"https:\/\/www.noticiasradioreflejos.com.ar\/2021\/wp-json\/wp\/v2\/categories?post=56394"},{"taxonomy":"post_tag","embeddable":true,"href":"https:\/\/www.noticiasradioreflejos.com.ar\/2021\/wp-json\/wp\/v2\/tags?post=56394"}],"curies":[{"name":"wp","href":"https:\/\/api.w.org\/{rel}","templated":true}]}}