{"id":56390,"date":"2021-05-07T12:54:57","date_gmt":"2021-05-07T15:54:57","guid":{"rendered":"http:\/\/www.noticiasradioreflejos.com.ar\/noticias\/?p=56390"},"modified":"2021-05-07T12:54:57","modified_gmt":"2021-05-07T15:54:57","slug":"el-municipio-y-la-upso-firmaron-un-acuerdo-para-que-los-candidatos-a-concejales-reciban-capacitacion","status":"publish","type":"post","link":"https:\/\/www.noticiasradioreflejos.com.ar\/2021\/el-municipio-y-la-upso-firmaron-un-acuerdo-para-que-los-candidatos-a-concejales-reciban-capacitacion\/","title":{"rendered":"El municipio y la UPSO firmaron un acuerdo para que los candidatos a concejales reciban capacitaci\u00f3n"},"content":{"rendered":"<p>El municipio de Tornquist firm\u00f3 un acta acuerdo con la Universidad Provincial del Sudoeste (UPSO), para que los candidatos a concejales del Distrito de Tornquist en las Elecciones Legislativas 2021, reciban un Curso de Capacitaci\u00f3n.<!--more--><\/p>\n<p>El objetivo del curso es brindar herramientas b\u00e1sicas de t\u00e9cnica legislativa, participaci\u00f3n ciudadana y gesti\u00f3n presupuestaria, entre otros, para que cada uno de los participantes, en el caso de resultar electos, pueda desarrollar su funci\u00f3n con los conocimientos b\u00e1sicos que se requieren en el Honorable Concejo Deliberante.<\/p>\n<p>Mediante la iniciativa, se propone a las distintas fuerzas pol\u00edticas del distrito que participen de los comicios, que insten a sus candidatos a ediles a realizar la capacitaci\u00f3n, que ser\u00e1 brindada por profesionales de la casa de altos estudios.<\/p>\n<p>El acta acuerdo lleva la firma del intendente Sergio Bordoni y del Rector de la UPSO, Hern\u00e1n Vigier; y fue convalidado por el HCD el pasado 4 de mayo mediante la Ordenanza N\u00b0 3321\/21.<\/p>\n<p>&nbsp;<\/p>\n","protected":false},"excerpt":{"rendered":"<p>El municipio de Tornquist firm\u00f3 un acta acuerdo con la Universidad Provincial del Sudoeste (UPSO), para que los candidatos a concejales del Distrito de Tornquist en las Elecciones Legislativas 2021, reciban un Curso de Capacitaci\u00f3n.<\/p>\n","protected":false},"author":3,"featured_media":42233,"comment_status":"closed","ping_status":"open","sticky":false,"template":"","format":"standard","meta":{"footnotes":""},"categories":[28],"tags":[],"class_list":["post-56390","post","type-post","status-publish","format-standard","has-post-thumbnail","hentry","category-municipales"],"yoast_head":"<!-- This site is optimized with the Yoast SEO plugin v25.9 - https:\/\/yoast.com\/wordpress\/plugins\/seo\/ -->\n<title>El municipio y la UPSO firmaron un acuerdo para que los candidatos a concejales reciban capacitaci\u00f3n - Noticias Radio Reflejos<\/title>\n<meta name=\"robots\" content=\"index, follow, max-snippet:-1, max-image-preview:large, max-video-preview:-1\" \/>\n<link rel=\"canonical\" href=\"https:\/\/www.noticiasradioreflejos.com.ar\/2021\/el-municipio-y-la-upso-firmaron-un-acuerdo-para-que-los-candidatos-a-concejales-reciban-capacitacion\/\" \/>\n<meta property=\"og:locale\" content=\"es_ES\" \/>\n<meta property=\"og:type\" content=\"article\" \/>\n<meta property=\"og:title\" content=\"El municipio y la UPSO firmaron un acuerdo para que los candidatos a concejales reciban capacitaci\u00f3n - Noticias Radio Reflejos\" \/>\n<meta property=\"og:description\" content=\"El municipio de Tornquist firm\u00f3 un acta acuerdo con la Universidad Provincial del Sudoeste (UPSO), para que los candidatos a concejales del Distrito de Tornquist en las Elecciones Legislativas 2021, reciban un Curso de Capacitaci\u00f3n.\" \/>\n<meta property=\"og:url\" content=\"https:\/\/www.noticiasradioreflejos.com.ar\/2021\/el-municipio-y-la-upso-firmaron-un-acuerdo-para-que-los-candidatos-a-concejales-reciban-capacitacion\/\" \/>\n<meta property=\"og:site_name\" content=\"Noticias Radio Reflejos\" \/>\n<meta property=\"article:published_time\" content=\"2021-05-07T15:54:57+00:00\" \/>\n<meta property=\"og:image\" content=\"https:\/\/www.noticiasradioreflejos.com.ar\/2021\/wp-content\/uploads\/2020\/05\/Palacio-Municipal.jpg\" \/>\n\t<meta property=\"og:image:width\" content=\"800\" \/>\n\t<meta property=\"og:image:height\" content=\"533\" \/>\n\t<meta property=\"og:image:type\" content=\"image\/jpeg\" \/>\n<meta name=\"author\" content=\"Arnaldo Botto\" \/>\n<meta name=\"twitter:card\" content=\"summary_large_image\" \/>\n<script type=\"application\/ld+json\" class=\"yoast-schema-graph\">{\"@context\":\"https:\/\/schema.org\",\"@graph\":[{\"@type\":\"WebPage\",\"@id\":\"https:\/\/www.noticiasradioreflejos.com.ar\/2021\/el-municipio-y-la-upso-firmaron-un-acuerdo-para-que-los-candidatos-a-concejales-reciban-capacitacion\/\",\"url\":\"https:\/\/www.noticiasradioreflejos.com.ar\/2021\/el-municipio-y-la-upso-firmaron-un-acuerdo-para-que-los-candidatos-a-concejales-reciban-capacitacion\/\",\"name\":\"El municipio y la UPSO firmaron un acuerdo para que los candidatos a concejales reciban capacitaci\u00f3n - Noticias Radio Reflejos\",\"isPartOf\":{\"@id\":\"https:\/\/www.noticiasradioreflejos.com.ar\/2021\/#website\"},\"primaryImageOfPage\":{\"@id\":\"https:\/\/www.noticiasradioreflejos.com.ar\/2021\/el-municipio-y-la-upso-firmaron-un-acuerdo-para-que-los-candidatos-a-concejales-reciban-capacitacion\/#primaryimage\"},\"image\":{\"@id\":\"https:\/\/www.noticiasradioreflejos.com.ar\/2021\/el-municipio-y-la-upso-firmaron-un-acuerdo-para-que-los-candidatos-a-concejales-reciban-capacitacion\/#primaryimage\"},\"thumbnailUrl\":\"https:\/\/www.noticiasradioreflejos.com.ar\/2021\/wp-content\/uploads\/2020\/05\/Palacio-Municipal.jpg\",\"datePublished\":\"2021-05-07T15:54:57+00:00\",\"author\":{\"@id\":\"https:\/\/www.noticiasradioreflejos.com.ar\/2021\/#\/schema\/person\/ad82545263dcc5ec0996818884fd5fb1\"},\"breadcrumb\":{\"@id\":\"https:\/\/www.noticiasradioreflejos.com.ar\/2021\/el-municipio-y-la-upso-firmaron-un-acuerdo-para-que-los-candidatos-a-concejales-reciban-capacitacion\/#breadcrumb\"},\"inLanguage\":\"es\",\"potentialAction\":[{\"@type\":\"ReadAction\",\"target\":[\"https:\/\/www.noticiasradioreflejos.com.ar\/2021\/el-municipio-y-la-upso-firmaron-un-acuerdo-para-que-los-candidatos-a-concejales-reciban-capacitacion\/\"]}]},{\"@type\":\"ImageObject\",\"inLanguage\":\"es\",\"@id\":\"https:\/\/www.noticiasradioreflejos.com.ar\/2021\/el-municipio-y-la-upso-firmaron-un-acuerdo-para-que-los-candidatos-a-concejales-reciban-capacitacion\/#primaryimage\",\"url\":\"https:\/\/www.noticiasradioreflejos.com.ar\/2021\/wp-content\/uploads\/2020\/05\/Palacio-Municipal.jpg\",\"contentUrl\":\"https:\/\/www.noticiasradioreflejos.com.ar\/2021\/wp-content\/uploads\/2020\/05\/Palacio-Municipal.jpg\",\"width\":800,\"height\":533},{\"@type\":\"BreadcrumbList\",\"@id\":\"https:\/\/www.noticiasradioreflejos.com.ar\/2021\/el-municipio-y-la-upso-firmaron-un-acuerdo-para-que-los-candidatos-a-concejales-reciban-capacitacion\/#breadcrumb\",\"itemListElement\":[{\"@type\":\"ListItem\",\"position\":1,\"name\":\"Portada\",\"item\":\"https:\/\/www.noticiasradioreflejos.com.ar\/2021\/\"},{\"@type\":\"ListItem\",\"position\":2,\"name\":\"El municipio y la UPSO firmaron un acuerdo para que los candidatos a concejales reciban capacitaci\u00f3n\"}]},{\"@type\":\"WebSite\",\"@id\":\"https:\/\/www.noticiasradioreflejos.com.ar\/2021\/#website\",\"url\":\"https:\/\/www.noticiasradioreflejos.com.ar\/2021\/\",\"name\":\"Noticias Radio Reflejos\",\"description\":\"Las noticias de mi comarca\",\"potentialAction\":[{\"@type\":\"SearchAction\",\"target\":{\"@type\":\"EntryPoint\",\"urlTemplate\":\"https:\/\/www.noticiasradioreflejos.com.ar\/2021\/?s={search_term_string}\"},\"query-input\":{\"@type\":\"PropertyValueSpecification\",\"valueRequired\":true,\"valueName\":\"search_term_string\"}}],\"inLanguage\":\"es\"},{\"@type\":\"Person\",\"@id\":\"https:\/\/www.noticiasradioreflejos.com.ar\/2021\/#\/schema\/person\/ad82545263dcc5ec0996818884fd5fb1\",\"name\":\"Arnaldo Botto\",\"image\":{\"@type\":\"ImageObject\",\"inLanguage\":\"es\",\"@id\":\"https:\/\/www.noticiasradioreflejos.com.ar\/2021\/#\/schema\/person\/image\/\",\"url\":\"https:\/\/secure.gravatar.com\/avatar\/55cb5e37c1efa326397366e6974cb338056df65cb50e7d64d1cf314e87504837?s=96&d=mm&r=g\",\"contentUrl\":\"https:\/\/secure.gravatar.com\/avatar\/55cb5e37c1efa326397366e6974cb338056df65cb50e7d64d1cf314e87504837?s=96&d=mm&r=g\",\"caption\":\"Arnaldo Botto\"},\"url\":\"https:\/\/www.noticiasradioreflejos.com.ar\/2021\/author\/arnaldo\/\"}]}<\/script>\n<!-- \/ Yoast SEO plugin. -->","yoast_head_json":{"title":"El municipio y la UPSO firmaron un acuerdo para que los candidatos a concejales reciban capacitaci\u00f3n - Noticias Radio Reflejos","robots":{"index":"index","follow":"follow","max-snippet":"max-snippet:-1","max-image-preview":"max-image-preview:large","max-video-preview":"max-video-preview:-1"},"canonical":"https:\/\/www.noticiasradioreflejos.com.ar\/2021\/el-municipio-y-la-upso-firmaron-un-acuerdo-para-que-los-candidatos-a-concejales-reciban-capacitacion\/","og_locale":"es_ES","og_type":"article","og_title":"El municipio y la UPSO firmaron un acuerdo para que los candidatos a concejales reciban capacitaci\u00f3n - Noticias Radio Reflejos","og_description":"El municipio de Tornquist firm\u00f3 un acta acuerdo con la Universidad Provincial del Sudoeste (UPSO), para que los candidatos a concejales del Distrito de Tornquist en las Elecciones Legislativas 2021, reciban un Curso de Capacitaci\u00f3n.","og_url":"https:\/\/www.noticiasradioreflejos.com.ar\/2021\/el-municipio-y-la-upso-firmaron-un-acuerdo-para-que-los-candidatos-a-concejales-reciban-capacitacion\/","og_site_name":"Noticias Radio Reflejos","article_published_time":"2021-05-07T15:54:57+00:00","og_image":[{"width":800,"height":533,"url":"https:\/\/www.noticiasradioreflejos.com.ar\/2021\/wp-content\/uploads\/2020\/05\/Palacio-Municipal.jpg","type":"image\/jpeg"}],"author":"Arnaldo Botto","twitter_card":"summary_large_image","schema":{"@context":"https:\/\/schema.org","@graph":[{"@type":"WebPage","@id":"https:\/\/www.noticiasradioreflejos.com.ar\/2021\/el-municipio-y-la-upso-firmaron-un-acuerdo-para-que-los-candidatos-a-concejales-reciban-capacitacion\/","url":"https:\/\/www.noticiasradioreflejos.com.ar\/2021\/el-municipio-y-la-upso-firmaron-un-acuerdo-para-que-los-candidatos-a-concejales-reciban-capacitacion\/","name":"El municipio y la UPSO firmaron un acuerdo para que los candidatos a concejales reciban capacitaci\u00f3n - Noticias Radio Reflejos","isPartOf":{"@id":"https:\/\/www.noticiasradioreflejos.com.ar\/2021\/#website"},"primaryImageOfPage":{"@id":"https:\/\/www.noticiasradioreflejos.com.ar\/2021\/el-municipio-y-la-upso-firmaron-un-acuerdo-para-que-los-candidatos-a-concejales-reciban-capacitacion\/#primaryimage"},"image":{"@id":"https:\/\/www.noticiasradioreflejos.com.ar\/2021\/el-municipio-y-la-upso-firmaron-un-acuerdo-para-que-los-candidatos-a-concejales-reciban-capacitacion\/#primaryimage"},"thumbnailUrl":"https:\/\/www.noticiasradioreflejos.com.ar\/2021\/wp-content\/uploads\/2020\/05\/Palacio-Municipal.jpg","datePublished":"2021-05-07T15:54:57+00:00","author":{"@id":"https:\/\/www.noticiasradioreflejos.com.ar\/2021\/#\/schema\/person\/ad82545263dcc5ec0996818884fd5fb1"},"breadcrumb":{"@id":"https:\/\/www.noticiasradioreflejos.com.ar\/2021\/el-municipio-y-la-upso-firmaron-un-acuerdo-para-que-los-candidatos-a-concejales-reciban-capacitacion\/#breadcrumb"},"inLanguage":"es","potentialAction":[{"@type":"ReadAction","target":["https:\/\/www.noticiasradioreflejos.com.ar\/2021\/el-municipio-y-la-upso-firmaron-un-acuerdo-para-que-los-candidatos-a-concejales-reciban-capacitacion\/"]}]},{"@type":"ImageObject","inLanguage":"es","@id":"https:\/\/www.noticiasradioreflejos.com.ar\/2021\/el-municipio-y-la-upso-firmaron-un-acuerdo-para-que-los-candidatos-a-concejales-reciban-capacitacion\/#primaryimage","url":"https:\/\/www.noticiasradioreflejos.com.ar\/2021\/wp-content\/uploads\/2020\/05\/Palacio-Municipal.jpg","contentUrl":"https:\/\/www.noticiasradioreflejos.com.ar\/2021\/wp-content\/uploads\/2020\/05\/Palacio-Municipal.jpg","width":800,"height":533},{"@type":"BreadcrumbList","@id":"https:\/\/www.noticiasradioreflejos.com.ar\/2021\/el-municipio-y-la-upso-firmaron-un-acuerdo-para-que-los-candidatos-a-concejales-reciban-capacitacion\/#breadcrumb","itemListElement":[{"@type":"ListItem","position":1,"name":"Portada","item":"https:\/\/www.noticiasradioreflejos.com.ar\/2021\/"},{"@type":"ListItem","position":2,"name":"El municipio y la UPSO firmaron un acuerdo para que los candidatos a concejales reciban capacitaci\u00f3n"}]},{"@type":"WebSite","@id":"https:\/\/www.noticiasradioreflejos.com.ar\/2021\/#website","url":"https:\/\/www.noticiasradioreflejos.com.ar\/2021\/","name":"Noticias Radio Reflejos","description":"Las noticias de mi comarca","potentialAction":[{"@type":"SearchAction","target":{"@type":"EntryPoint","urlTemplate":"https:\/\/www.noticiasradioreflejos.com.ar\/2021\/?s={search_term_string}"},"query-input":{"@type":"PropertyValueSpecification","valueRequired":true,"valueName":"search_term_string"}}],"inLanguage":"es"},{"@type":"Person","@id":"https:\/\/www.noticiasradioreflejos.com.ar\/2021\/#\/schema\/person\/ad82545263dcc5ec0996818884fd5fb1","name":"Arnaldo Botto","image":{"@type":"ImageObject","inLanguage":"es","@id":"https:\/\/www.noticiasradioreflejos.com.ar\/2021\/#\/schema\/person\/image\/","url":"https:\/\/secure.gravatar.com\/avatar\/55cb5e37c1efa326397366e6974cb338056df65cb50e7d64d1cf314e87504837?s=96&d=mm&r=g","contentUrl":"https:\/\/secure.gravatar.com\/avatar\/55cb5e37c1efa326397366e6974cb338056df65cb50e7d64d1cf314e87504837?s=96&d=mm&r=g","caption":"Arnaldo Botto"},"url":"https:\/\/www.noticiasradioreflejos.com.ar\/2021\/author\/arnaldo\/"}]}},"_links":{"self":[{"href":"https:\/\/www.noticiasradioreflejos.com.ar\/2021\/wp-json\/wp\/v2\/posts\/56390","targetHints":{"allow":["GET"]}}],"collection":[{"href":"https:\/\/www.noticiasradioreflejos.com.ar\/2021\/wp-json\/wp\/v2\/posts"}],"about":[{"href":"https:\/\/www.noticiasradioreflejos.com.ar\/2021\/wp-json\/wp\/v2\/types\/post"}],"author":[{"embeddable":true,"href":"https:\/\/www.noticiasradioreflejos.com.ar\/2021\/wp-json\/wp\/v2\/users\/3"}],"replies":[{"embeddable":true,"href":"https:\/\/www.noticiasradioreflejos.com.ar\/2021\/wp-json\/wp\/v2\/comments?post=56390"}],"version-history":[{"count":0,"href":"https:\/\/www.noticiasradioreflejos.com.ar\/2021\/wp-json\/wp\/v2\/posts\/56390\/revisions"}],"wp:featuredmedia":[{"embeddable":true,"href":"https:\/\/www.noticiasradioreflejos.com.ar\/2021\/wp-json\/wp\/v2\/media\/42233"}],"wp:attachment":[{"href":"https:\/\/www.noticiasradioreflejos.com.ar\/2021\/wp-json\/wp\/v2\/media?parent=56390"}],"wp:term":[{"taxonomy":"category","embeddable":true,"href":"https:\/\/www.noticiasradioreflejos.com.ar\/2021\/wp-json\/wp\/v2\/categories?post=56390"},{"taxonomy":"post_tag","embeddable":true,"href":"https:\/\/www.noticiasradioreflejos.com.ar\/2021\/wp-json\/wp\/v2\/tags?post=56390"}],"curies":[{"name":"wp","href":"https:\/\/api.w.org\/{rel}","templated":true}]}}