{"id":5636,"date":"2017-01-07T18:15:37","date_gmt":"2017-01-07T21:15:37","guid":{"rendered":"http:\/\/noticiasradioreflejos.com.ar\/noticias\/?p=5636"},"modified":"2017-01-07T18:15:37","modified_gmt":"2017-01-07T21:15:37","slug":"bomberos-de-tornquist-continuan-prestando-apoyo-en-los-incendios-de-la-pampa","status":"publish","type":"post","link":"https:\/\/www.noticiasradioreflejos.com.ar\/2021\/bomberos-de-tornquist-continuan-prestando-apoyo-en-los-incendios-de-la-pampa\/","title":{"rendered":"Bomberos de Tornquist contin\u00faan prestando apoyo en los incendios de La Pampa"},"content":{"rendered":"<p><a title=\"IMG-20170106-WA0018\" href=\"http:\/\/farm1.staticflickr.com\/387\/31794886930_9fbd45a7b0.jpg\" rel=\"\"><img loading=\"lazy\" decoding=\"async\" class=\"alignleft\" style=\"float: left;\" title=\"IMG-20170106-WA0018\" src=\"http:\/\/farm1.staticflickr.com\/387\/31794886930_9fbd45a7b0.jpg\" alt=\"IMG-20170106-WA0018\" width=\"500\" height=\"375\" \/><\/a>El d\u00eda mi\u00e9rcoles 18 horas parti\u00f3 desde el cuartel de bomberos de Tornquist una dotaci\u00f3n, compuesta por cuatro bomberos, una camioneta y equipamiento, con destino a la provincia de La Pampa, convocado por el Servicio Nacional de Manejo del Fuego.<br \/>\nEl d\u00eda jueves trabajaron en un frente cercano a la localidad de \u201cLa Adela\u201d, conjuntamente con brigadistas de C\u00f3rdoba, San Luis y La Pampa. En horas de la tarde se acerco al lugar el Ministro de Ambiente de la Naci\u00f3n Sergio Bergman, quien mantuvo una conversaci\u00f3n con los brigadistas y particularmente con la dotaci\u00f3n de nuestro cuartel, en la cual se inform\u00f3 del trabajo que viene desarrollando nuestra Instituci\u00f3n en conjunto con el Servicio Nacional de Manejo del Fuego. En horas de la madrugada del d\u00eda viernes, se logra contener el avance del frente de este incendio.<!--more--><br \/>\nEl viernes alrededor del mediod\u00eda, nuestra dotaci\u00f3n en conjunto con las dotaciones de locales, se desplazaron a otro frente de incendio, sobre el noreste de la provincia de La Pampa, a unos 70 km de La Adela sobre Ruta Provincial 1, centralizando el trabajo sobre La Estancia \u201cLa Verde\u201d, donde por las condiciones meteorol\u00f3gicas no acompa\u00f1aron dado por la \u201cregla de los 30\u201d (m\u00e1s 30 km de viento, m\u00e1s de 30 grados de temperatura y menos del 30\u00ba de humedad), esto hizo que el fuego este en estado extremo y avance r\u00e1pidamente, haciendo dif\u00edcil en control y la seguridad de los combatientes.<br \/>\n<a title=\"WhatsApp Image 2017-01-07 at 9.13.12 AM\" href=\"http:\/\/farm1.staticflickr.com\/662\/32051677771_a6585a0638_z.jpg\" rel=\"\"><img loading=\"lazy\" decoding=\"async\" class=\"aligncenter\" title=\"WhatsApp Image 2017-01-07 at 9.13.12 AM\" src=\"http:\/\/farm1.staticflickr.com\/662\/32051677771_a6585a0638_z.jpg\" alt=\"WhatsApp Image 2017-01-07 at 9.13.12 AM\" width=\"640\" height=\"360\" \/><\/a><br \/>\nEs importante resaltar que la Asociaci\u00f3n Cuerpo de Bomberos Voluntarios de Tornquist, es (por el momento) la \u00fanica dotaci\u00f3n de la Provincia de Buenos Aires que se encuentra trabajando en los incendios de La Pampa. Se espera en estos d\u00edas realizar un relevo, dependiendo de c\u00f3mo avancen los distintos frentes de incendio en esa provincia.<br \/>\nHoy, s\u00e1bado 7 de enero, se encuentran trabajando -conjuntamente con gente de defensa civil de La Pampa &#8211; en el sector de \u201cLa Chola\u201d que queda a 60 de \u201cLa Adela\u201d entre la ruta 1 y la 154.<br \/>\n<a title=\"mapa\" href=\"http:\/\/farm1.staticflickr.com\/278\/32051679461_446893717c_z.jpg\" rel=\"\"><img loading=\"lazy\" decoding=\"async\" class=\"aligncenter\" title=\"mapa\" src=\"http:\/\/farm1.staticflickr.com\/278\/32051679461_446893717c_z.jpg\" alt=\"mapa\" width=\"640\" height=\"491\" \/><\/a><br \/>\nA\u00fan se encuentran varios focos activos, y la dotaci\u00f3n se encuentra trabajando con 2 dotaciones de San Luis y 2 de C\u00f3rdoba.<br \/>\n<a title=\"descarga\" href=\"http:\/\/farm1.staticflickr.com\/631\/31794887130_2fe364b214_z.jpg\" rel=\"\"><img loading=\"lazy\" decoding=\"async\" class=\"aligncenter\" title=\"descarga\" src=\"http:\/\/farm1.staticflickr.com\/631\/31794887130_2fe364b214_z.jpg\" alt=\"descarga\" width=\"600\" height=\"337\" \/><\/a><a title=\"descarga (2)\" href=\"http:\/\/farm1.staticflickr.com\/531\/31794887400_7cc2597525_z.jpg\" rel=\"\"><img loading=\"lazy\" decoding=\"async\" class=\"aligncenter\" title=\"descarga (2)\" src=\"http:\/\/farm1.staticflickr.com\/531\/31794887400_7cc2597525_z.jpg\" alt=\"descarga (2)\" width=\"600\" height=\"337\" \/><\/a><a title=\"descarga (1)\" href=\"http:\/\/farm1.staticflickr.com\/420\/31794887650_4a5b2f72aa_z.jpg\" rel=\"\"><img loading=\"lazy\" decoding=\"async\" class=\"aligncenter\" title=\"descarga (1)\" src=\"http:\/\/farm1.staticflickr.com\/420\/31794887650_4a5b2f72aa_z.jpg\" alt=\"descarga (1)\" width=\"600\" height=\"337\" \/><\/a><a title=\"IMG-20170106-WA0019\" href=\"http:\/\/farm1.staticflickr.com\/686\/32051681071_a82391ce50_z.jpg\" rel=\"\"><img loading=\"lazy\" decoding=\"async\" class=\"aligncenter\" title=\"IMG-20170106-WA0019\" src=\"http:\/\/farm1.staticflickr.com\/686\/32051681071_a82391ce50_z.jpg\" alt=\"IMG-20170106-WA0019\" width=\"640\" height=\"360\" \/><\/a><br \/>\nPrensa: ASOCIACION CUERPO BOMBEROS VOLUNTARIOS DE TORNQUIST<\/p>\n","protected":false},"excerpt":{"rendered":"<p>El d\u00eda mi\u00e9rcoles 18 horas parti\u00f3 desde el cuartel de bomberos de Tornquist una dotaci\u00f3n, compuesta por cuatro bomberos, una camioneta y equipamiento, con destino a la provincia de La Pampa, convocado por el Servicio Nacional de Manejo del Fuego. El d\u00eda jueves trabajaron en un frente cercano a la localidad de \u201cLa Adela\u201d, conjuntamente [&hellip;]<\/p>\n","protected":false},"author":3,"featured_media":0,"comment_status":"closed","ping_status":"open","sticky":false,"template":"","format":"standard","meta":{"footnotes":""},"categories":[26],"tags":[],"class_list":["post-5636","post","type-post","status-publish","format-standard","hentry","category-sociedad"],"yoast_head":"<!-- This site is optimized with the Yoast SEO plugin v25.9 - https:\/\/yoast.com\/wordpress\/plugins\/seo\/ -->\n<title>Bomberos de Tornquist contin\u00faan prestando apoyo en los incendios de La Pampa - Noticias Radio Reflejos<\/title>\n<meta name=\"robots\" content=\"index, follow, max-snippet:-1, max-image-preview:large, max-video-preview:-1\" \/>\n<link rel=\"canonical\" href=\"https:\/\/www.noticiasradioreflejos.com.ar\/2021\/bomberos-de-tornquist-continuan-prestando-apoyo-en-los-incendios-de-la-pampa\/\" \/>\n<meta property=\"og:locale\" content=\"es_ES\" \/>\n<meta property=\"og:type\" content=\"article\" \/>\n<meta property=\"og:title\" content=\"Bomberos de Tornquist contin\u00faan prestando apoyo en los incendios de La Pampa - Noticias Radio Reflejos\" \/>\n<meta property=\"og:description\" content=\"El d\u00eda mi\u00e9rcoles 18 horas parti\u00f3 desde el cuartel de bomberos de Tornquist una dotaci\u00f3n, compuesta por cuatro bomberos, una camioneta y equipamiento, con destino a la provincia de La Pampa, convocado por el Servicio Nacional de Manejo del Fuego. El d\u00eda jueves trabajaron en un frente cercano a la localidad de \u201cLa Adela\u201d, conjuntamente [&hellip;]\" \/>\n<meta property=\"og:url\" content=\"https:\/\/www.noticiasradioreflejos.com.ar\/2021\/bomberos-de-tornquist-continuan-prestando-apoyo-en-los-incendios-de-la-pampa\/\" \/>\n<meta property=\"og:site_name\" content=\"Noticias Radio Reflejos\" \/>\n<meta property=\"article:published_time\" content=\"2017-01-07T21:15:37+00:00\" \/>\n<meta property=\"og:image\" content=\"http:\/\/farm1.staticflickr.com\/387\/31794886930_9fbd45a7b0.jpg\" \/>\n<meta name=\"author\" content=\"Arnaldo Botto\" \/>\n<meta name=\"twitter:card\" content=\"summary_large_image\" \/>\n<script type=\"application\/ld+json\" class=\"yoast-schema-graph\">{\"@context\":\"https:\/\/schema.org\",\"@graph\":[{\"@type\":\"WebPage\",\"@id\":\"https:\/\/www.noticiasradioreflejos.com.ar\/2021\/bomberos-de-tornquist-continuan-prestando-apoyo-en-los-incendios-de-la-pampa\/\",\"url\":\"https:\/\/www.noticiasradioreflejos.com.ar\/2021\/bomberos-de-tornquist-continuan-prestando-apoyo-en-los-incendios-de-la-pampa\/\",\"name\":\"Bomberos de Tornquist contin\u00faan prestando apoyo en los incendios de La Pampa - Noticias Radio Reflejos\",\"isPartOf\":{\"@id\":\"https:\/\/www.noticiasradioreflejos.com.ar\/2021\/#website\"},\"primaryImageOfPage\":{\"@id\":\"https:\/\/www.noticiasradioreflejos.com.ar\/2021\/bomberos-de-tornquist-continuan-prestando-apoyo-en-los-incendios-de-la-pampa\/#primaryimage\"},\"image\":{\"@id\":\"https:\/\/www.noticiasradioreflejos.com.ar\/2021\/bomberos-de-tornquist-continuan-prestando-apoyo-en-los-incendios-de-la-pampa\/#primaryimage\"},\"thumbnailUrl\":\"http:\/\/farm1.staticflickr.com\/387\/31794886930_9fbd45a7b0.jpg\",\"datePublished\":\"2017-01-07T21:15:37+00:00\",\"author\":{\"@id\":\"https:\/\/www.noticiasradioreflejos.com.ar\/2021\/#\/schema\/person\/ad82545263dcc5ec0996818884fd5fb1\"},\"breadcrumb\":{\"@id\":\"https:\/\/www.noticiasradioreflejos.com.ar\/2021\/bomberos-de-tornquist-continuan-prestando-apoyo-en-los-incendios-de-la-pampa\/#breadcrumb\"},\"inLanguage\":\"es\",\"potentialAction\":[{\"@type\":\"ReadAction\",\"target\":[\"https:\/\/www.noticiasradioreflejos.com.ar\/2021\/bomberos-de-tornquist-continuan-prestando-apoyo-en-los-incendios-de-la-pampa\/\"]}]},{\"@type\":\"ImageObject\",\"inLanguage\":\"es\",\"@id\":\"https:\/\/www.noticiasradioreflejos.com.ar\/2021\/bomberos-de-tornquist-continuan-prestando-apoyo-en-los-incendios-de-la-pampa\/#primaryimage\",\"url\":\"http:\/\/farm1.staticflickr.com\/387\/31794886930_9fbd45a7b0.jpg\",\"contentUrl\":\"http:\/\/farm1.staticflickr.com\/387\/31794886930_9fbd45a7b0.jpg\"},{\"@type\":\"BreadcrumbList\",\"@id\":\"https:\/\/www.noticiasradioreflejos.com.ar\/2021\/bomberos-de-tornquist-continuan-prestando-apoyo-en-los-incendios-de-la-pampa\/#breadcrumb\",\"itemListElement\":[{\"@type\":\"ListItem\",\"position\":1,\"name\":\"Portada\",\"item\":\"https:\/\/www.noticiasradioreflejos.com.ar\/2021\/\"},{\"@type\":\"ListItem\",\"position\":2,\"name\":\"Bomberos de Tornquist contin\u00faan prestando apoyo en los incendios de La Pampa\"}]},{\"@type\":\"WebSite\",\"@id\":\"https:\/\/www.noticiasradioreflejos.com.ar\/2021\/#website\",\"url\":\"https:\/\/www.noticiasradioreflejos.com.ar\/2021\/\",\"name\":\"Noticias Radio Reflejos\",\"description\":\"Las noticias de mi comarca\",\"potentialAction\":[{\"@type\":\"SearchAction\",\"target\":{\"@type\":\"EntryPoint\",\"urlTemplate\":\"https:\/\/www.noticiasradioreflejos.com.ar\/2021\/?s={search_term_string}\"},\"query-input\":{\"@type\":\"PropertyValueSpecification\",\"valueRequired\":true,\"valueName\":\"search_term_string\"}}],\"inLanguage\":\"es\"},{\"@type\":\"Person\",\"@id\":\"https:\/\/www.noticiasradioreflejos.com.ar\/2021\/#\/schema\/person\/ad82545263dcc5ec0996818884fd5fb1\",\"name\":\"Arnaldo Botto\",\"image\":{\"@type\":\"ImageObject\",\"inLanguage\":\"es\",\"@id\":\"https:\/\/www.noticiasradioreflejos.com.ar\/2021\/#\/schema\/person\/image\/\",\"url\":\"https:\/\/secure.gravatar.com\/avatar\/55cb5e37c1efa326397366e6974cb338056df65cb50e7d64d1cf314e87504837?s=96&d=mm&r=g\",\"contentUrl\":\"https:\/\/secure.gravatar.com\/avatar\/55cb5e37c1efa326397366e6974cb338056df65cb50e7d64d1cf314e87504837?s=96&d=mm&r=g\",\"caption\":\"Arnaldo Botto\"},\"url\":\"https:\/\/www.noticiasradioreflejos.com.ar\/2021\/author\/arnaldo\/\"}]}<\/script>\n<!-- \/ Yoast SEO plugin. -->","yoast_head_json":{"title":"Bomberos de Tornquist contin\u00faan prestando apoyo en los incendios de La Pampa - Noticias Radio Reflejos","robots":{"index":"index","follow":"follow","max-snippet":"max-snippet:-1","max-image-preview":"max-image-preview:large","max-video-preview":"max-video-preview:-1"},"canonical":"https:\/\/www.noticiasradioreflejos.com.ar\/2021\/bomberos-de-tornquist-continuan-prestando-apoyo-en-los-incendios-de-la-pampa\/","og_locale":"es_ES","og_type":"article","og_title":"Bomberos de Tornquist contin\u00faan prestando apoyo en los incendios de La Pampa - Noticias Radio Reflejos","og_description":"El d\u00eda mi\u00e9rcoles 18 horas parti\u00f3 desde el cuartel de bomberos de Tornquist una dotaci\u00f3n, compuesta por cuatro bomberos, una camioneta y equipamiento, con destino a la provincia de La Pampa, convocado por el Servicio Nacional de Manejo del Fuego. El d\u00eda jueves trabajaron en un frente cercano a la localidad de \u201cLa Adela\u201d, conjuntamente [&hellip;]","og_url":"https:\/\/www.noticiasradioreflejos.com.ar\/2021\/bomberos-de-tornquist-continuan-prestando-apoyo-en-los-incendios-de-la-pampa\/","og_site_name":"Noticias Radio Reflejos","article_published_time":"2017-01-07T21:15:37+00:00","og_image":[{"url":"http:\/\/farm1.staticflickr.com\/387\/31794886930_9fbd45a7b0.jpg","type":"","width":"","height":""}],"author":"Arnaldo Botto","twitter_card":"summary_large_image","schema":{"@context":"https:\/\/schema.org","@graph":[{"@type":"WebPage","@id":"https:\/\/www.noticiasradioreflejos.com.ar\/2021\/bomberos-de-tornquist-continuan-prestando-apoyo-en-los-incendios-de-la-pampa\/","url":"https:\/\/www.noticiasradioreflejos.com.ar\/2021\/bomberos-de-tornquist-continuan-prestando-apoyo-en-los-incendios-de-la-pampa\/","name":"Bomberos de Tornquist contin\u00faan prestando apoyo en los incendios de La Pampa - Noticias Radio Reflejos","isPartOf":{"@id":"https:\/\/www.noticiasradioreflejos.com.ar\/2021\/#website"},"primaryImageOfPage":{"@id":"https:\/\/www.noticiasradioreflejos.com.ar\/2021\/bomberos-de-tornquist-continuan-prestando-apoyo-en-los-incendios-de-la-pampa\/#primaryimage"},"image":{"@id":"https:\/\/www.noticiasradioreflejos.com.ar\/2021\/bomberos-de-tornquist-continuan-prestando-apoyo-en-los-incendios-de-la-pampa\/#primaryimage"},"thumbnailUrl":"http:\/\/farm1.staticflickr.com\/387\/31794886930_9fbd45a7b0.jpg","datePublished":"2017-01-07T21:15:37+00:00","author":{"@id":"https:\/\/www.noticiasradioreflejos.com.ar\/2021\/#\/schema\/person\/ad82545263dcc5ec0996818884fd5fb1"},"breadcrumb":{"@id":"https:\/\/www.noticiasradioreflejos.com.ar\/2021\/bomberos-de-tornquist-continuan-prestando-apoyo-en-los-incendios-de-la-pampa\/#breadcrumb"},"inLanguage":"es","potentialAction":[{"@type":"ReadAction","target":["https:\/\/www.noticiasradioreflejos.com.ar\/2021\/bomberos-de-tornquist-continuan-prestando-apoyo-en-los-incendios-de-la-pampa\/"]}]},{"@type":"ImageObject","inLanguage":"es","@id":"https:\/\/www.noticiasradioreflejos.com.ar\/2021\/bomberos-de-tornquist-continuan-prestando-apoyo-en-los-incendios-de-la-pampa\/#primaryimage","url":"http:\/\/farm1.staticflickr.com\/387\/31794886930_9fbd45a7b0.jpg","contentUrl":"http:\/\/farm1.staticflickr.com\/387\/31794886930_9fbd45a7b0.jpg"},{"@type":"BreadcrumbList","@id":"https:\/\/www.noticiasradioreflejos.com.ar\/2021\/bomberos-de-tornquist-continuan-prestando-apoyo-en-los-incendios-de-la-pampa\/#breadcrumb","itemListElement":[{"@type":"ListItem","position":1,"name":"Portada","item":"https:\/\/www.noticiasradioreflejos.com.ar\/2021\/"},{"@type":"ListItem","position":2,"name":"Bomberos de Tornquist contin\u00faan prestando apoyo en los incendios de La Pampa"}]},{"@type":"WebSite","@id":"https:\/\/www.noticiasradioreflejos.com.ar\/2021\/#website","url":"https:\/\/www.noticiasradioreflejos.com.ar\/2021\/","name":"Noticias Radio Reflejos","description":"Las noticias de mi comarca","potentialAction":[{"@type":"SearchAction","target":{"@type":"EntryPoint","urlTemplate":"https:\/\/www.noticiasradioreflejos.com.ar\/2021\/?s={search_term_string}"},"query-input":{"@type":"PropertyValueSpecification","valueRequired":true,"valueName":"search_term_string"}}],"inLanguage":"es"},{"@type":"Person","@id":"https:\/\/www.noticiasradioreflejos.com.ar\/2021\/#\/schema\/person\/ad82545263dcc5ec0996818884fd5fb1","name":"Arnaldo Botto","image":{"@type":"ImageObject","inLanguage":"es","@id":"https:\/\/www.noticiasradioreflejos.com.ar\/2021\/#\/schema\/person\/image\/","url":"https:\/\/secure.gravatar.com\/avatar\/55cb5e37c1efa326397366e6974cb338056df65cb50e7d64d1cf314e87504837?s=96&d=mm&r=g","contentUrl":"https:\/\/secure.gravatar.com\/avatar\/55cb5e37c1efa326397366e6974cb338056df65cb50e7d64d1cf314e87504837?s=96&d=mm&r=g","caption":"Arnaldo Botto"},"url":"https:\/\/www.noticiasradioreflejos.com.ar\/2021\/author\/arnaldo\/"}]}},"_links":{"self":[{"href":"https:\/\/www.noticiasradioreflejos.com.ar\/2021\/wp-json\/wp\/v2\/posts\/5636","targetHints":{"allow":["GET"]}}],"collection":[{"href":"https:\/\/www.noticiasradioreflejos.com.ar\/2021\/wp-json\/wp\/v2\/posts"}],"about":[{"href":"https:\/\/www.noticiasradioreflejos.com.ar\/2021\/wp-json\/wp\/v2\/types\/post"}],"author":[{"embeddable":true,"href":"https:\/\/www.noticiasradioreflejos.com.ar\/2021\/wp-json\/wp\/v2\/users\/3"}],"replies":[{"embeddable":true,"href":"https:\/\/www.noticiasradioreflejos.com.ar\/2021\/wp-json\/wp\/v2\/comments?post=5636"}],"version-history":[{"count":0,"href":"https:\/\/www.noticiasradioreflejos.com.ar\/2021\/wp-json\/wp\/v2\/posts\/5636\/revisions"}],"wp:attachment":[{"href":"https:\/\/www.noticiasradioreflejos.com.ar\/2021\/wp-json\/wp\/v2\/media?parent=5636"}],"wp:term":[{"taxonomy":"category","embeddable":true,"href":"https:\/\/www.noticiasradioreflejos.com.ar\/2021\/wp-json\/wp\/v2\/categories?post=5636"},{"taxonomy":"post_tag","embeddable":true,"href":"https:\/\/www.noticiasradioreflejos.com.ar\/2021\/wp-json\/wp\/v2\/tags?post=5636"}],"curies":[{"name":"wp","href":"https:\/\/api.w.org\/{rel}","templated":true}]}}