{"id":56340,"date":"2021-05-06T15:01:06","date_gmt":"2021-05-06T18:01:06","guid":{"rendered":"http:\/\/www.noticiasradioreflejos.com.ar\/noticias\/?p=56340"},"modified":"2021-05-06T15:01:06","modified_gmt":"2021-05-06T18:01:06","slug":"fue-relanzado-el-catalogo-turistico-y-cultural-de-la-provincia","status":"publish","type":"post","link":"https:\/\/www.noticiasradioreflejos.com.ar\/2021\/fue-relanzado-el-catalogo-turistico-y-cultural-de-la-provincia\/","title":{"rendered":"Fue relanzado el Cat\u00e1logo Tur\u00edstico y Cultural de la Provincia"},"content":{"rendered":"<p>La Secretar\u00eda de Desarrollo de Tornquist Municipio, a trav\u00e9s de la Direcci\u00f3n de Cultura, informa que fue relanzado el Cat\u00e1logo Tur\u00edstico y Cultural de la provincia de Buenos Aires.<!--more--><\/p>\n<p>La iniciativa est\u00e1 destinada a instituciones, establecimientos, espacios p\u00fablicos, privados y de gesti\u00f3n mixta que trabajen en el turismo y la cultura, y la inscripci\u00f3n es el primer paso para postularse a los distintos programas que impulsa el Ministerio de Producci\u00f3n,\u00a0Ciencia e Innovaci\u00f3n Tecnol\u00f3gica bonaerense.<\/p>\n<p>El registro se realiza en <a href=\"https:\/\/www.catalogotc.gba.gob.ar\">https:\/\/www.catalogotc.gba.gob.ar<\/a>, donde los interesados en sumarse al Cat\u00e1logo deben crear un usuario con sus datos y los del establecimiento que representan.<\/p>\n<p><a title=\"Catologo TyC\" href=\"http:\/\/live.staticflickr.com\/65535\/51161846091_afc4044d49_s.jpg\" rel=\"\"><img loading=\"lazy\" decoding=\"async\" class=\"aligncenter\" title=\"Catologo TyC\" src=\"http:\/\/live.staticflickr.com\/65535\/51161846091_afc4044d49_c.jpg\" alt=\"Catologo TyC\" width=\"800\" height=\"800\" \/><\/a><\/p>\n","protected":false},"excerpt":{"rendered":"<p>La Secretar\u00eda de Desarrollo de Tornquist Municipio, a trav\u00e9s de la Direcci\u00f3n de Cultura, informa que fue relanzado el Cat\u00e1logo Tur\u00edstico y Cultural de la provincia de Buenos Aires.<\/p>\n","protected":false},"author":3,"featured_media":0,"comment_status":"closed","ping_status":"open","sticky":false,"template":"","format":"standard","meta":{"footnotes":""},"categories":[25],"tags":[],"class_list":["post-56340","post","type-post","status-publish","format-standard","hentry","category-uncategorized"],"yoast_head":"<!-- This site is optimized with the Yoast SEO plugin v25.9 - https:\/\/yoast.com\/wordpress\/plugins\/seo\/ -->\n<title>Fue relanzado el Cat\u00e1logo Tur\u00edstico y Cultural de la Provincia - Noticias Radio Reflejos<\/title>\n<meta name=\"robots\" content=\"index, follow, max-snippet:-1, max-image-preview:large, max-video-preview:-1\" \/>\n<link rel=\"canonical\" href=\"https:\/\/www.noticiasradioreflejos.com.ar\/2021\/fue-relanzado-el-catalogo-turistico-y-cultural-de-la-provincia\/\" \/>\n<meta property=\"og:locale\" content=\"es_ES\" \/>\n<meta property=\"og:type\" content=\"article\" \/>\n<meta property=\"og:title\" content=\"Fue relanzado el Cat\u00e1logo Tur\u00edstico y Cultural de la Provincia - Noticias Radio Reflejos\" \/>\n<meta property=\"og:description\" content=\"La Secretar\u00eda de Desarrollo de Tornquist Municipio, a trav\u00e9s de la Direcci\u00f3n de Cultura, informa que fue relanzado el Cat\u00e1logo Tur\u00edstico y Cultural de la provincia de Buenos Aires.\" \/>\n<meta property=\"og:url\" content=\"https:\/\/www.noticiasradioreflejos.com.ar\/2021\/fue-relanzado-el-catalogo-turistico-y-cultural-de-la-provincia\/\" \/>\n<meta property=\"og:site_name\" content=\"Noticias Radio Reflejos\" \/>\n<meta property=\"article:published_time\" content=\"2021-05-06T18:01:06+00:00\" \/>\n<meta property=\"og:image\" content=\"http:\/\/live.staticflickr.com\/65535\/51161846091_afc4044d49_c.jpg\" \/>\n<meta name=\"author\" content=\"Arnaldo Botto\" \/>\n<meta name=\"twitter:card\" content=\"summary_large_image\" \/>\n<script type=\"application\/ld+json\" class=\"yoast-schema-graph\">{\"@context\":\"https:\/\/schema.org\",\"@graph\":[{\"@type\":\"WebPage\",\"@id\":\"https:\/\/www.noticiasradioreflejos.com.ar\/2021\/fue-relanzado-el-catalogo-turistico-y-cultural-de-la-provincia\/\",\"url\":\"https:\/\/www.noticiasradioreflejos.com.ar\/2021\/fue-relanzado-el-catalogo-turistico-y-cultural-de-la-provincia\/\",\"name\":\"Fue relanzado el Cat\u00e1logo Tur\u00edstico y Cultural de la Provincia - Noticias Radio Reflejos\",\"isPartOf\":{\"@id\":\"https:\/\/www.noticiasradioreflejos.com.ar\/2021\/#website\"},\"primaryImageOfPage\":{\"@id\":\"https:\/\/www.noticiasradioreflejos.com.ar\/2021\/fue-relanzado-el-catalogo-turistico-y-cultural-de-la-provincia\/#primaryimage\"},\"image\":{\"@id\":\"https:\/\/www.noticiasradioreflejos.com.ar\/2021\/fue-relanzado-el-catalogo-turistico-y-cultural-de-la-provincia\/#primaryimage\"},\"thumbnailUrl\":\"http:\/\/live.staticflickr.com\/65535\/51161846091_afc4044d49_c.jpg\",\"datePublished\":\"2021-05-06T18:01:06+00:00\",\"author\":{\"@id\":\"https:\/\/www.noticiasradioreflejos.com.ar\/2021\/#\/schema\/person\/ad82545263dcc5ec0996818884fd5fb1\"},\"breadcrumb\":{\"@id\":\"https:\/\/www.noticiasradioreflejos.com.ar\/2021\/fue-relanzado-el-catalogo-turistico-y-cultural-de-la-provincia\/#breadcrumb\"},\"inLanguage\":\"es\",\"potentialAction\":[{\"@type\":\"ReadAction\",\"target\":[\"https:\/\/www.noticiasradioreflejos.com.ar\/2021\/fue-relanzado-el-catalogo-turistico-y-cultural-de-la-provincia\/\"]}]},{\"@type\":\"ImageObject\",\"inLanguage\":\"es\",\"@id\":\"https:\/\/www.noticiasradioreflejos.com.ar\/2021\/fue-relanzado-el-catalogo-turistico-y-cultural-de-la-provincia\/#primaryimage\",\"url\":\"http:\/\/live.staticflickr.com\/65535\/51161846091_afc4044d49_c.jpg\",\"contentUrl\":\"http:\/\/live.staticflickr.com\/65535\/51161846091_afc4044d49_c.jpg\"},{\"@type\":\"BreadcrumbList\",\"@id\":\"https:\/\/www.noticiasradioreflejos.com.ar\/2021\/fue-relanzado-el-catalogo-turistico-y-cultural-de-la-provincia\/#breadcrumb\",\"itemListElement\":[{\"@type\":\"ListItem\",\"position\":1,\"name\":\"Portada\",\"item\":\"https:\/\/www.noticiasradioreflejos.com.ar\/2021\/\"},{\"@type\":\"ListItem\",\"position\":2,\"name\":\"Fue relanzado el Cat\u00e1logo Tur\u00edstico y Cultural de la Provincia\"}]},{\"@type\":\"WebSite\",\"@id\":\"https:\/\/www.noticiasradioreflejos.com.ar\/2021\/#website\",\"url\":\"https:\/\/www.noticiasradioreflejos.com.ar\/2021\/\",\"name\":\"Noticias Radio Reflejos\",\"description\":\"Las noticias de mi comarca\",\"potentialAction\":[{\"@type\":\"SearchAction\",\"target\":{\"@type\":\"EntryPoint\",\"urlTemplate\":\"https:\/\/www.noticiasradioreflejos.com.ar\/2021\/?s={search_term_string}\"},\"query-input\":{\"@type\":\"PropertyValueSpecification\",\"valueRequired\":true,\"valueName\":\"search_term_string\"}}],\"inLanguage\":\"es\"},{\"@type\":\"Person\",\"@id\":\"https:\/\/www.noticiasradioreflejos.com.ar\/2021\/#\/schema\/person\/ad82545263dcc5ec0996818884fd5fb1\",\"name\":\"Arnaldo Botto\",\"image\":{\"@type\":\"ImageObject\",\"inLanguage\":\"es\",\"@id\":\"https:\/\/www.noticiasradioreflejos.com.ar\/2021\/#\/schema\/person\/image\/\",\"url\":\"https:\/\/secure.gravatar.com\/avatar\/55cb5e37c1efa326397366e6974cb338056df65cb50e7d64d1cf314e87504837?s=96&d=mm&r=g\",\"contentUrl\":\"https:\/\/secure.gravatar.com\/avatar\/55cb5e37c1efa326397366e6974cb338056df65cb50e7d64d1cf314e87504837?s=96&d=mm&r=g\",\"caption\":\"Arnaldo Botto\"},\"url\":\"https:\/\/www.noticiasradioreflejos.com.ar\/2021\/author\/arnaldo\/\"}]}<\/script>\n<!-- \/ Yoast SEO plugin. -->","yoast_head_json":{"title":"Fue relanzado el Cat\u00e1logo Tur\u00edstico y Cultural de la Provincia - Noticias Radio Reflejos","robots":{"index":"index","follow":"follow","max-snippet":"max-snippet:-1","max-image-preview":"max-image-preview:large","max-video-preview":"max-video-preview:-1"},"canonical":"https:\/\/www.noticiasradioreflejos.com.ar\/2021\/fue-relanzado-el-catalogo-turistico-y-cultural-de-la-provincia\/","og_locale":"es_ES","og_type":"article","og_title":"Fue relanzado el Cat\u00e1logo Tur\u00edstico y Cultural de la Provincia - Noticias Radio Reflejos","og_description":"La Secretar\u00eda de Desarrollo de Tornquist Municipio, a trav\u00e9s de la Direcci\u00f3n de Cultura, informa que fue relanzado el Cat\u00e1logo Tur\u00edstico y Cultural de la provincia de Buenos Aires.","og_url":"https:\/\/www.noticiasradioreflejos.com.ar\/2021\/fue-relanzado-el-catalogo-turistico-y-cultural-de-la-provincia\/","og_site_name":"Noticias Radio Reflejos","article_published_time":"2021-05-06T18:01:06+00:00","og_image":[{"url":"http:\/\/live.staticflickr.com\/65535\/51161846091_afc4044d49_c.jpg","type":"","width":"","height":""}],"author":"Arnaldo Botto","twitter_card":"summary_large_image","schema":{"@context":"https:\/\/schema.org","@graph":[{"@type":"WebPage","@id":"https:\/\/www.noticiasradioreflejos.com.ar\/2021\/fue-relanzado-el-catalogo-turistico-y-cultural-de-la-provincia\/","url":"https:\/\/www.noticiasradioreflejos.com.ar\/2021\/fue-relanzado-el-catalogo-turistico-y-cultural-de-la-provincia\/","name":"Fue relanzado el Cat\u00e1logo Tur\u00edstico y Cultural de la Provincia - Noticias Radio Reflejos","isPartOf":{"@id":"https:\/\/www.noticiasradioreflejos.com.ar\/2021\/#website"},"primaryImageOfPage":{"@id":"https:\/\/www.noticiasradioreflejos.com.ar\/2021\/fue-relanzado-el-catalogo-turistico-y-cultural-de-la-provincia\/#primaryimage"},"image":{"@id":"https:\/\/www.noticiasradioreflejos.com.ar\/2021\/fue-relanzado-el-catalogo-turistico-y-cultural-de-la-provincia\/#primaryimage"},"thumbnailUrl":"http:\/\/live.staticflickr.com\/65535\/51161846091_afc4044d49_c.jpg","datePublished":"2021-05-06T18:01:06+00:00","author":{"@id":"https:\/\/www.noticiasradioreflejos.com.ar\/2021\/#\/schema\/person\/ad82545263dcc5ec0996818884fd5fb1"},"breadcrumb":{"@id":"https:\/\/www.noticiasradioreflejos.com.ar\/2021\/fue-relanzado-el-catalogo-turistico-y-cultural-de-la-provincia\/#breadcrumb"},"inLanguage":"es","potentialAction":[{"@type":"ReadAction","target":["https:\/\/www.noticiasradioreflejos.com.ar\/2021\/fue-relanzado-el-catalogo-turistico-y-cultural-de-la-provincia\/"]}]},{"@type":"ImageObject","inLanguage":"es","@id":"https:\/\/www.noticiasradioreflejos.com.ar\/2021\/fue-relanzado-el-catalogo-turistico-y-cultural-de-la-provincia\/#primaryimage","url":"http:\/\/live.staticflickr.com\/65535\/51161846091_afc4044d49_c.jpg","contentUrl":"http:\/\/live.staticflickr.com\/65535\/51161846091_afc4044d49_c.jpg"},{"@type":"BreadcrumbList","@id":"https:\/\/www.noticiasradioreflejos.com.ar\/2021\/fue-relanzado-el-catalogo-turistico-y-cultural-de-la-provincia\/#breadcrumb","itemListElement":[{"@type":"ListItem","position":1,"name":"Portada","item":"https:\/\/www.noticiasradioreflejos.com.ar\/2021\/"},{"@type":"ListItem","position":2,"name":"Fue relanzado el Cat\u00e1logo Tur\u00edstico y Cultural de la Provincia"}]},{"@type":"WebSite","@id":"https:\/\/www.noticiasradioreflejos.com.ar\/2021\/#website","url":"https:\/\/www.noticiasradioreflejos.com.ar\/2021\/","name":"Noticias Radio Reflejos","description":"Las noticias de mi comarca","potentialAction":[{"@type":"SearchAction","target":{"@type":"EntryPoint","urlTemplate":"https:\/\/www.noticiasradioreflejos.com.ar\/2021\/?s={search_term_string}"},"query-input":{"@type":"PropertyValueSpecification","valueRequired":true,"valueName":"search_term_string"}}],"inLanguage":"es"},{"@type":"Person","@id":"https:\/\/www.noticiasradioreflejos.com.ar\/2021\/#\/schema\/person\/ad82545263dcc5ec0996818884fd5fb1","name":"Arnaldo Botto","image":{"@type":"ImageObject","inLanguage":"es","@id":"https:\/\/www.noticiasradioreflejos.com.ar\/2021\/#\/schema\/person\/image\/","url":"https:\/\/secure.gravatar.com\/avatar\/55cb5e37c1efa326397366e6974cb338056df65cb50e7d64d1cf314e87504837?s=96&d=mm&r=g","contentUrl":"https:\/\/secure.gravatar.com\/avatar\/55cb5e37c1efa326397366e6974cb338056df65cb50e7d64d1cf314e87504837?s=96&d=mm&r=g","caption":"Arnaldo Botto"},"url":"https:\/\/www.noticiasradioreflejos.com.ar\/2021\/author\/arnaldo\/"}]}},"_links":{"self":[{"href":"https:\/\/www.noticiasradioreflejos.com.ar\/2021\/wp-json\/wp\/v2\/posts\/56340","targetHints":{"allow":["GET"]}}],"collection":[{"href":"https:\/\/www.noticiasradioreflejos.com.ar\/2021\/wp-json\/wp\/v2\/posts"}],"about":[{"href":"https:\/\/www.noticiasradioreflejos.com.ar\/2021\/wp-json\/wp\/v2\/types\/post"}],"author":[{"embeddable":true,"href":"https:\/\/www.noticiasradioreflejos.com.ar\/2021\/wp-json\/wp\/v2\/users\/3"}],"replies":[{"embeddable":true,"href":"https:\/\/www.noticiasradioreflejos.com.ar\/2021\/wp-json\/wp\/v2\/comments?post=56340"}],"version-history":[{"count":0,"href":"https:\/\/www.noticiasradioreflejos.com.ar\/2021\/wp-json\/wp\/v2\/posts\/56340\/revisions"}],"wp:attachment":[{"href":"https:\/\/www.noticiasradioreflejos.com.ar\/2021\/wp-json\/wp\/v2\/media?parent=56340"}],"wp:term":[{"taxonomy":"category","embeddable":true,"href":"https:\/\/www.noticiasradioreflejos.com.ar\/2021\/wp-json\/wp\/v2\/categories?post=56340"},{"taxonomy":"post_tag","embeddable":true,"href":"https:\/\/www.noticiasradioreflejos.com.ar\/2021\/wp-json\/wp\/v2\/tags?post=56340"}],"curies":[{"name":"wp","href":"https:\/\/api.w.org\/{rel}","templated":true}]}}