{"id":56336,"date":"2021-05-06T12:50:27","date_gmt":"2021-05-06T15:50:27","guid":{"rendered":"http:\/\/www.noticiasradioreflejos.com.ar\/noticias\/?p=56336"},"modified":"2021-05-06T12:50:27","modified_gmt":"2021-05-06T15:50:27","slug":"hallada-la-tumba-mas-antigua-de-africa-con-los-restos-de-un-nino-fallecido-hace-78-000-anos","status":"publish","type":"post","link":"https:\/\/www.noticiasradioreflejos.com.ar\/2021\/hallada-la-tumba-mas-antigua-de-africa-con-los-restos-de-un-nino-fallecido-hace-78-000-anos\/","title":{"rendered":"Hallada la tumba m\u00e1s antigua de \u00c1frica, con los restos de un ni\u00f1o fallecido hace 78.000 a\u00f1os"},"content":{"rendered":"<p>El descubrimiento es una de las pruebas m\u00e1s impactantes de uno de los comportamientos m\u00e1s espec\u00edficamente humanos: el cuidado de los muertos<!--more--><\/p>\n<header class=\"a_h | col desktop_12 tablet_8 mobile_4\">\n<div id=\"article_header\" class=\"a_hg basic | \"><\/div>\n<div class=\"f f__v video_player | clearfix relative lead_art \">\n<div class=\"pointer \">\n<div id=\"video_20210505164429328\" class=\"player | relative z_index_1\" tabindex=\"0\">\n<div><a class=\"posicionador\"><img loading=\"lazy\" decoding=\"async\" src=\"https:\/\/imagenes.elpais.com\/resizer\/hufdqtPcgFtBZWffQR0I1bwdMA4=\/828x0\/cloudfront-eu-central-1.images.arcpublishing.com\/prisa\/C5EKK6SL4FCYJC7NYZC34A2GMI.jpg\" width=\"975\" height=\"548\" \/><\/a><\/div>\n<\/div>\n<\/div>\n<div class=\"row\">\n<div class=\"f_c | border_1 border_bottom border_gray_ultra_light_warm padding_vertical text_align_right color_gray_medium width_full\"><em><span style=\"color: #ff6600;\">Reconstrucci\u00f3n de la posici\u00f3n de los restos del ni\u00f1o Mtoto en el enterramiento. En v\u00eddeo, as\u00ed fue descubierta la tumba.\u00a0<span class=\"f_a | color_black uppercase author light\">JORGE GONZ\u00c1LEZ\/ELENA SANTOS \/ V\u00cdDEO: EPV<\/span><\/span><\/em><\/div>\n<\/div>\n<\/div>\n<div class=\"a_by | margin_bottom_lg \"><\/div>\n<\/header>\n<div class=\"a_w | col desktop_8 tablet_8 mobile_4\">\n<div id=\"ctn_article_body\" class=\"a_b article_body | color_gray_dark\">\n<p class=\"\"><a href=\"https:\/\/elpais.com\/ciencia\/2021-05-05\/la-necesidad-humana-de-despedirse.html\" target=\"_blank\" data-link-track-dtm=\"\" rel=\"noopener\">Mar\u00eda Martin\u00f3n<\/a>\u00a0se subi\u00f3 a un tren regional en Alemania y se sent\u00f3 con una caja sobre sus rodillas, sin saber que dentro hab\u00eda un ni\u00f1o muerto. Era el 15 de marzo de 2018. Martin\u00f3n hab\u00eda recogido el paquete en un centro cient\u00edfico alem\u00e1n e iba camino de Burgos, al Centro Nacional de Investigaci\u00f3n sobre la Evoluci\u00f3n Humana,\u00a0<a href=\"https:\/\/elpais.com\/elpais\/2019\/07\/15\/eps\/1563197805_180029.html\" target=\"_blank\" data-link-track-dtm=\"\" rel=\"noopener\">del que es directora<\/a>. La experta solo sab\u00eda que llevaba encima un bloque de tierra de Kenia, del que asomaban dos dientes que no parec\u00edan de mono. Tras tres a\u00f1os de investigaci\u00f3n, el contenido de aquella caja se revela este mi\u00e9rcoles al mundo\u00a0<a href=\"https:\/\/www.nature.com\/articles\/s41586-021-03457-8\" data-link-track-dtm=\"\">en la portada de la revista\u00a0<i>Nature<\/i><\/a>, el templo de la ciencia mundial: eran los restos de un ni\u00f1o fallecido y enterrado con mimo hace unos 78.000 a\u00f1os. Es la tumba conocida m\u00e1s antigua de \u00c1frica y una de las pruebas m\u00e1s impactantes de uno de los comportamientos m\u00e1s espec\u00edficamente humanos: el cuidado de los muertos.<\/p>\n<section class=\"more_info | border_1 border_top pull_right\">\n<h3 class=\"uppercase color_black padding_top\">M\u00c1S INFORMACI\u00d3N<\/h3>\n<ul class=\"list_unstyled font_secondary\">\n<li class=\"info_item | border_1 border_bottom border_gray_ultra_light flex container_column\"><a class=\"color_gray_ultra_dark\" href=\"https:\/\/elpais.com\/ciencia\/2021-05-05\/la-necesidad-humana-de-despedirse.html?rel=listapoyo\" data-link-track-dtm=\"\">La necesidad humana de despedirse, por Mar\u00eda Martin\u00f3n<\/a><\/li>\n<\/ul>\n<\/section>\n<p class=\"\">Cuando Martin\u00f3n lleg\u00f3 a los controles de seguridad del aeropuerto de M\u00fanich aquel d\u00eda de 2018, un agente le pregunt\u00f3 si pod\u00eda abrir la caja. \u201cPreferir\u00eda no hacerlo\u201d, respondi\u00f3 Martin\u00f3n, parafraseando conscientemente al protagonista del cuento decimon\u00f3nico\u00a0<i>Bartleby, el escribiente<\/i>. \u201cEn el esc\u00e1ner del aeropuerto no se ve\u00eda nada\u201d, recuerda la investigadora. Fuera lo que fuese lo que hab\u00eda all\u00ed dentro, se estaba desintegrando. Al llegar a Burgos, su equipo comenz\u00f3 un minucioso trabajo para averiguar qu\u00e9 hab\u00eda dentro de aquel fr\u00e1gil bloque de tierra. \u201cFue como excavar el fantasma de un ni\u00f1o, la sombra de sus huesos\u201d, rememora Martin\u00f3n.<\/p>\n<p class=\"\">Los restos humanos aparecieron en 2017 en\u00a0<a href=\"https:\/\/www.shh.mpg.de\/1466873\/miller-panga-ya-saidi-cave\" data-link-track-dtm=\"\">la cueva de Panga ya Saidi<\/a>, un yacimiento arqueol\u00f3gico situado cerca de la costa de Kenia. Los trabajos de restauraci\u00f3n llevados a cabo en Burgos fueron desvelando poco a poco un hueso por aqu\u00ed y otro por all\u00e1, hasta llegar al descubrimiento definitivo: alguien hizo un hoyo hace unos 78.000 a\u00f1os, coloc\u00f3 el cad\u00e1ver de un ni\u00f1o recostado sobre su lado derecho y lo enterr\u00f3. La disposici\u00f3n de los huesos sugiere adem\u00e1s que el peque\u00f1o, de unos tres a\u00f1os, ten\u00eda en la tumba una especie de sudario y algo parecido a una almohada. Martin\u00f3n cree que \u201cla extrema delicadeza y ternura\u201d con la que fue tratado muestra que el ni\u00f1o significaba algo para su grupo. \u201cEst\u00e1 arropado como lo habr\u00edan arropado en el lecho al ponerlo a dormir\u201d, detalla. Los investigadores han puesto nombre al cr\u00edo: Mtoto, una palabra que significa ni\u00f1o en suajili.<\/p>\n<figure class=\"f | margin_top\"><img loading=\"lazy\" decoding=\"async\" class=\"lazyload block width_full\" src=\"https:\/\/imagenes.elpais.com\/resizer\/xvnnGasTPySbyIcvK9Jliz2tEXE=\/414x0\/cloudfront-eu-central-1.images.arcpublishing.com\/prisa\/UX6RBZOZA5F3XNGANOZCT6KL5A.jpg\" srcset=\"https:\/\/imagenes.elpais.com\/resizer\/xvnnGasTPySbyIcvK9Jliz2tEXE=\/414x0\/cloudfront-eu-central-1.images.arcpublishing.com\/prisa\/UX6RBZOZA5F3XNGANOZCT6KL5A.jpg 414w,https:\/\/imagenes.elpais.com\/resizer\/VUzgRkrbP4unoXPO_o1XfgLn_2I=\/828x0\/cloudfront-eu-central-1.images.arcpublishing.com\/prisa\/UX6RBZOZA5F3XNGANOZCT6KL5A.jpg 640w,https:\/\/imagenes.elpais.com\/resizer\/LKGhVpHJpD4ZRTPEdQIwYaM-JBA=\/980x0\/cloudfront-eu-central-1.images.arcpublishing.com\/prisa\/UX6RBZOZA5F3XNGANOZCT6KL5A.jpg 1000w,https:\/\/imagenes.elpais.com\/resizer\/2KU6h9-bfGs4lg1lL4LxsjZUkvU=\/1960x0\/cloudfront-eu-central-1.images.arcpublishing.com\/prisa\/UX6RBZOZA5F3XNGANOZCT6KL5A.jpg 1960w\" alt=\"La paleoantrop\u00f3loga Mar\u00eda Martin\u00f3n muestra los restos de Mtoto al arque\u00f3logo Emmanuel Ndiema, en Nairobi.\" width=\"5664\" height=\"4248\" \/><figcaption class=\"f_c | border_bottom border_1 border_gray_ultra_light_warm text_align_right padding_vertical color_gray_medium\"><span style=\"color: #ff6600;\"><em>La paleoantrop\u00f3loga Mar\u00eda Martin\u00f3n muestra los restos de Mtoto al arque\u00f3logo Emmanuel Ndiema, en Nairobi.\u00a0<span class=\"f_a | color_black margin_left uppercase light\"><span class=\"author\">PILAR FERN\u00c1NDEZ COL\u00d3N<\/span><\/span><\/em><\/span><\/figcaption><\/figure>\n<p class=\"\">\u00c1frica es la cuna de la humanidad y buena parte de la comunidad cient\u00edfica cree que all\u00ed tambi\u00e9n surgi\u00f3 el comportamiento humano moderno, ese que nos separa del resto de los animales. Sin embargo, fuera de \u00c1frica ya se conoc\u00edan enterramientos mucho m\u00e1s antiguos que el del ni\u00f1o Mtoto. En los yacimientos de Qafzeh y Skhul, en Israel, se han identificado sepulturas de\u00a0<i>Homo sapiens<\/i>\u00a0arcaicos de hace entre 90.000 y 130.000 a\u00f1os. En\u00a0<a href=\"https:\/\/mfa.gov.il\/mfa\/israelexperience\/history\/pages\/archaeological%20sites%20in%20israel%20-%20the%20carmel%20caves-.aspx\" target=\"_blank\" data-link-track-dtm=\"\" rel=\"noopener\">la cueva de Tabun<\/a>, tambi\u00e9n en Israel, se encontr\u00f3 el enterramiento de una mujer neandertal, con una antig\u00fcedad probable de unos 122.000 a\u00f1os.<\/p>\n<p class=\"\">Todav\u00eda no hay una explicaci\u00f3n para ese desfase de unos 40.000 a\u00f1os entre las primeras tumbas conocidas en \u00c1frica y las de Oriente Pr\u00f3ximo. Una de las posibles razones es que, simplemente, en el continente africano no hayan aparecido sepulturas m\u00e1s antiguas porque no se ha excavado lo suficiente. Otra opci\u00f3n, apunta Martin\u00f3n, es que hubiera rituales funerarios que no dejasen huellas arqueol\u00f3gicas. \u201cSi, por ejemplo, dejaban los muertos al aire y se pon\u00edan a bailar alrededor de ellos, eso no deja rastro\u201d, hipotetiza. \u201cY otra posibilidad que yo no cerrar\u00eda es que este tipo de comportamientos no se haya originado en \u00c1frica, sino en Oriente Pr\u00f3ximo. \u00bfPor qu\u00e9 no?\u201d, a\u00f1ade.<\/p>\n<figure class=\"f | margin_top\"><img loading=\"lazy\" decoding=\"async\" class=\"lazyload block width_full\" src=\"https:\/\/imagenes.elpais.com\/resizer\/oXsxdLClk3OzlHm_cG2nOo1yRro=\/414x0\/cloudfront-eu-central-1.images.arcpublishing.com\/prisa\/QBTL4PO7TFAGRJM5OJXIIZYULA.jpg\" srcset=\"https:\/\/imagenes.elpais.com\/resizer\/oXsxdLClk3OzlHm_cG2nOo1yRro=\/414x0\/cloudfront-eu-central-1.images.arcpublishing.com\/prisa\/QBTL4PO7TFAGRJM5OJXIIZYULA.jpg 414w,https:\/\/imagenes.elpais.com\/resizer\/iuFhonu7ifrqyABEL6JopDvsn6s=\/828x0\/cloudfront-eu-central-1.images.arcpublishing.com\/prisa\/QBTL4PO7TFAGRJM5OJXIIZYULA.jpg 640w,https:\/\/imagenes.elpais.com\/resizer\/68nmm_iIONMMN-M_qI48f2Y1xCo=\/980x0\/cloudfront-eu-central-1.images.arcpublishing.com\/prisa\/QBTL4PO7TFAGRJM5OJXIIZYULA.jpg 1000w,https:\/\/imagenes.elpais.com\/resizer\/QMctfXIN0i4_PexoWha1tN-XJZU=\/1960x0\/cloudfront-eu-central-1.images.arcpublishing.com\/prisa\/QBTL4PO7TFAGRJM5OJXIIZYULA.jpg 1960w\" alt=\"Recreaci\u00f3n art\u00edstica de la tumba del ni\u00f1o Mtoto.\" width=\"4000\" height=\"2205\" \/><figcaption class=\"f_c | border_bottom border_1 border_gray_ultra_light_warm text_align_right padding_vertical color_gray_medium\"><em><span style=\"color: #ff6600;\">Recreaci\u00f3n art\u00edstica de la tumba del ni\u00f1o Mtoto.\u00a0<span class=\"f_a | color_black margin_left uppercase light\"><span class=\"author\">FERNANDO FUEYO<\/span><\/span><\/span><\/em><\/figcaption><\/figure>\n<p class=\"\">Martin\u00f3n recogi\u00f3 la caja con los restos del ni\u00f1o en el Instituto Max Planck para la Ciencia de la Historia Humana, en Jena (Alemania), de manos de uno de sus cient\u00edficos,\u00a0<a href=\"https:\/\/www.shh.mpg.de\/employees\/52241\/25522\" data-link-track-dtm=\"\">Emmanuel Ndiema<\/a>, tambi\u00e9n jefe de arqueolog\u00eda de los Museos Nacionales de Kenia. Ndiema explica que los habitantes de la cueva de Panga ya Saidi \u2014<i>Homo sapiens<\/i>, como los humanos actuales\u2014 debieron de ser cazadores y recolectores, con acceso a los recursos de la sabana y a los del cercano oc\u00e9ano. Seg\u00fan Ndiema, el yacimiento keniano sugiere que \u201cla evoluci\u00f3n de las habilidades cognitivas y de las relaciones sociales pudo ocurrir antes de lo que se pensaba\u201d.<\/p>\n<p class=\"\">El paleoantrop\u00f3logo franc\u00e9s\u00a0<a href=\"https:\/\/canal.uned.es\/video\/603f6cfeb609235d77407fe4\" data-link-track-dtm=\"\">Bernard Vandermeersch<\/a>\u00a0dirigi\u00f3 las excavaciones de\u00a0<a href=\"https:\/\/journals.openedition.org\/paleo\/4848\" data-link-track-dtm=\"\">la cueva israel\u00ed de Qafzeh<\/a>\u00a0hace m\u00e1s de medio siglo. El investigador, de 84 a\u00f1os y afincado en Madrid, aplaude el nuevo trabajo, en el que no ha participado. \u201cEs un descubrimiento muy bonito e importante, porque no sab\u00edamos casi nada sobre las pr\u00e1cticas funerarias durante la Edad de Piedra Media en \u00c1frica, aunque no es sorprendente encontrar un enterramiento as\u00ed en ese periodo de hace 78.000 a\u00f1os\u201d, opina Vandermeersch. \u201cEs importante, pero no modifica lo que ya sab\u00edamos sobre el comportamiento de los\u00a0<i>Homo sapiens<\/i>\u00a0del Paleol\u00edtico Medio\u201d, a\u00f1ade.<\/p>\n<p class=\"\">Hasta ahora, los dos posibles enterramientos m\u00e1s antiguos de \u00c1frica eran los restos de un ni\u00f1o de hace unos 69.000 a\u00f1os hallados dentro de un agujero en Taramsa (Egipto) y los huesos de otro ni\u00f1o, de hace unos 74.000 a\u00f1os, encontrados en 1941 en\u00a0<a href=\"https:\/\/www.tandfonline.com\/doi\/abs\/10.1080\/00934690.2018.1504544?journalCode=yjfa20\" target=\"_blank\" data-link-track-dtm=\"\" rel=\"noopener\">Border Cave<\/a>\u00a0(Sud\u00e1frica). El equipo de Martin\u00f3n cree que estas dos sepulturas, junto a la nueva de Mtoto, sugieren que los\u00a0<i>Homo sapiens<\/i>\u00a0ya preservaban los cad\u00e1veres de sus ni\u00f1os en esta \u00e9poca.<\/p>\n<figure class=\"f | margin_top\"><img loading=\"lazy\" decoding=\"async\" class=\"lazyload block width_full\" src=\"https:\/\/imagenes.elpais.com\/resizer\/6V6GevyrbMy68B_PQm9ZXKvs-C0=\/414x0\/cloudfront-eu-central-1.images.arcpublishing.com\/prisa\/Y7TLRBTO2FDJNDAG5XPOMQEZGA.jpg\" srcset=\"https:\/\/imagenes.elpais.com\/resizer\/6V6GevyrbMy68B_PQm9ZXKvs-C0=\/414x0\/cloudfront-eu-central-1.images.arcpublishing.com\/prisa\/Y7TLRBTO2FDJNDAG5XPOMQEZGA.jpg 414w,https:\/\/imagenes.elpais.com\/resizer\/42-wqcpqkm7Nxv3qgSbjyhF6pt0=\/828x0\/cloudfront-eu-central-1.images.arcpublishing.com\/prisa\/Y7TLRBTO2FDJNDAG5XPOMQEZGA.jpg 640w,https:\/\/imagenes.elpais.com\/resizer\/2oPL8uspDaNVf3JZGvA1Kf_MzbQ=\/980x0\/cloudfront-eu-central-1.images.arcpublishing.com\/prisa\/Y7TLRBTO2FDJNDAG5XPOMQEZGA.jpg 1000w,https:\/\/imagenes.elpais.com\/resizer\/3fZT7aLM44iOIimSwdcz2gIGfH4=\/1960x0\/cloudfront-eu-central-1.images.arcpublishing.com\/prisa\/Y7TLRBTO2FDJNDAG5XPOMQEZGA.jpg 1960w\" alt=\"Vista general del yacimiento de Panga ya Saidi, en Kenia.\" width=\"4000\" height=\"2670\" \/><figcaption class=\"f_c | border_bottom border_1 border_gray_ultra_light_warm text_align_right padding_vertical color_gray_medium\"><em><span style=\"color: #ff6600;\">Vista general del yacimiento de Panga ya Saidi, en Kenia.\u00a0<span class=\"f_a | color_black margin_left uppercase light\"><span class=\"author\">MOHAMMAD JAVAD SHOAEE<\/span><\/span><\/span><\/em><\/figcaption><\/figure>\n<p class=\"\">El arque\u00f3logo brit\u00e1nico\u00a0<a href=\"https:\/\/www.dur.ac.uk\/directory\/profile\/?id=11347\" data-link-track-dtm=\"\">Paul Pettitt<\/a>\u00a0recuerda que muchos de los yacimientos con presuntas sepulturas se investigaron hace d\u00e9cadas, por lo que \u201ca veces es cuestionable que sean aut\u00e9nticos enterramientos y no esqueletos preservados de manera fortuita\u201d. Pettitt cree que las sofisticadas t\u00e9cnicas empleadas con los restos del ni\u00f1o Mtoto s\u00ed muestran de manera \u201cinequ\u00edvoca\u201d que se trat\u00f3 de un enterramiento deliberado. \u201cEl entierro no era la forma est\u00e1ndar de tratar a los muertos, as\u00ed que surge la pregunta de qu\u00e9 extra\u00f1as circunstancias hac\u00edan que se eligiera para algunos individuos\u201d, reflexiona el investigador, de la Universidad de Durham, en Inglaterra.<\/p>\n<p class=\"\">Pettitt, autor del libro\u00a0<a href=\"https:\/\/www.routledge.com\/The-Palaeolithic-Origins-of-Human-Burial\/Pettitt\/p\/book\/9780415354905\" data-link-track-dtm=\"\"><i>Los or\u00edgenes paleol\u00edticos del entierro humano<\/i><\/a>\u00a0(editorial Routledge), sostiene que los enterramientos fueron muy infrecuentes hasta hace unos miles de a\u00f1os y probablemente solo se utilizaron tras muertes excepcionales. Quiz\u00e1 Mtoto era un ni\u00f1o especial por alguna raz\u00f3n. Mar\u00eda Martin\u00f3n se llev\u00f3 los restos del cr\u00edo de vuelta a Kenia el 22 de mayo de 2019. Lo que queda de sus huesos se custodia en la c\u00e1mara de los f\u00f3siles de los Museos Nacionales de Kenia, en Nairobi, junto a los restos del primer\u00a0<i>Homo habilis<\/i>\u00a0y al esqueleto del llamado\u00a0<a href=\"https:\/\/humanorigins.si.edu\/evidence\/human-fossils\/fossils\/knm-wt-15000\" data-link-track-dtm=\"\">chico de Turkana<\/a>, un\u00a0<i>Homo erectus<\/i>\u00a0de 1,6 millones de a\u00f1os. \u201cAll\u00ed lo dejamos, con los m\u00e1s grandes\u201d, celebra Martin\u00f3n.<\/p>\n<\/div>\n<p class=\"\"><span style=\"color: #ff6600;\"><strong>Fuente:\u00a0MANUEL ANSEDE &#8211;\u00a0 \u00a0El Pa\u00eds<\/strong><\/span><\/p>\n<\/div>\n","protected":false},"excerpt":{"rendered":"<p>El descubrimiento es una de las pruebas m\u00e1s impactantes de uno de los comportamientos m\u00e1s espec\u00edficamente humanos: el cuidado de los muertos<\/p>\n","protected":false},"author":3,"featured_media":0,"comment_status":"closed","ping_status":"open","sticky":false,"template":"","format":"standard","meta":{"footnotes":""},"categories":[46,35],"tags":[38],"class_list":["post-56336","post","type-post","status-publish","format-standard","hentry","category-ciencia-y-tecnologia","category-cultura","tag-recomendado"],"yoast_head":"<!-- This site is optimized with the Yoast SEO plugin v25.9 - https:\/\/yoast.com\/wordpress\/plugins\/seo\/ -->\n<title>Hallada la tumba m\u00e1s antigua de \u00c1frica, con los restos de un ni\u00f1o fallecido hace 78.000 a\u00f1os - Noticias Radio Reflejos<\/title>\n<meta name=\"robots\" content=\"index, follow, max-snippet:-1, max-image-preview:large, max-video-preview:-1\" \/>\n<link rel=\"canonical\" href=\"https:\/\/www.noticiasradioreflejos.com.ar\/2021\/hallada-la-tumba-mas-antigua-de-africa-con-los-restos-de-un-nino-fallecido-hace-78-000-anos\/\" \/>\n<meta property=\"og:locale\" content=\"es_ES\" \/>\n<meta property=\"og:type\" content=\"article\" \/>\n<meta property=\"og:title\" content=\"Hallada la tumba m\u00e1s antigua de \u00c1frica, con los restos de un ni\u00f1o fallecido hace 78.000 a\u00f1os - Noticias Radio Reflejos\" \/>\n<meta property=\"og:description\" content=\"El descubrimiento es una de las pruebas m\u00e1s impactantes de uno de los comportamientos m\u00e1s espec\u00edficamente humanos: el cuidado de los muertos\" \/>\n<meta property=\"og:url\" content=\"https:\/\/www.noticiasradioreflejos.com.ar\/2021\/hallada-la-tumba-mas-antigua-de-africa-con-los-restos-de-un-nino-fallecido-hace-78-000-anos\/\" \/>\n<meta property=\"og:site_name\" content=\"Noticias Radio Reflejos\" \/>\n<meta property=\"article:published_time\" content=\"2021-05-06T15:50:27+00:00\" \/>\n<meta property=\"og:image\" content=\"https:\/\/imagenes.elpais.com\/resizer\/hufdqtPcgFtBZWffQR0I1bwdMA4=\/828x0\/cloudfront-eu-central-1.images.arcpublishing.com\/prisa\/C5EKK6SL4FCYJC7NYZC34A2GMI.jpg\" \/>\n<meta name=\"author\" content=\"Arnaldo Botto\" \/>\n<meta name=\"twitter:card\" content=\"summary_large_image\" \/>\n<script type=\"application\/ld+json\" class=\"yoast-schema-graph\">{\"@context\":\"https:\/\/schema.org\",\"@graph\":[{\"@type\":\"WebPage\",\"@id\":\"https:\/\/www.noticiasradioreflejos.com.ar\/2021\/hallada-la-tumba-mas-antigua-de-africa-con-los-restos-de-un-nino-fallecido-hace-78-000-anos\/\",\"url\":\"https:\/\/www.noticiasradioreflejos.com.ar\/2021\/hallada-la-tumba-mas-antigua-de-africa-con-los-restos-de-un-nino-fallecido-hace-78-000-anos\/\",\"name\":\"Hallada la tumba m\u00e1s antigua de \u00c1frica, con los restos de un ni\u00f1o fallecido hace 78.000 a\u00f1os - Noticias Radio Reflejos\",\"isPartOf\":{\"@id\":\"https:\/\/www.noticiasradioreflejos.com.ar\/2021\/#website\"},\"primaryImageOfPage\":{\"@id\":\"https:\/\/www.noticiasradioreflejos.com.ar\/2021\/hallada-la-tumba-mas-antigua-de-africa-con-los-restos-de-un-nino-fallecido-hace-78-000-anos\/#primaryimage\"},\"image\":{\"@id\":\"https:\/\/www.noticiasradioreflejos.com.ar\/2021\/hallada-la-tumba-mas-antigua-de-africa-con-los-restos-de-un-nino-fallecido-hace-78-000-anos\/#primaryimage\"},\"thumbnailUrl\":\"https:\/\/imagenes.elpais.com\/resizer\/hufdqtPcgFtBZWffQR0I1bwdMA4=\/828x0\/cloudfront-eu-central-1.images.arcpublishing.com\/prisa\/C5EKK6SL4FCYJC7NYZC34A2GMI.jpg\",\"datePublished\":\"2021-05-06T15:50:27+00:00\",\"author\":{\"@id\":\"https:\/\/www.noticiasradioreflejos.com.ar\/2021\/#\/schema\/person\/ad82545263dcc5ec0996818884fd5fb1\"},\"breadcrumb\":{\"@id\":\"https:\/\/www.noticiasradioreflejos.com.ar\/2021\/hallada-la-tumba-mas-antigua-de-africa-con-los-restos-de-un-nino-fallecido-hace-78-000-anos\/#breadcrumb\"},\"inLanguage\":\"es\",\"potentialAction\":[{\"@type\":\"ReadAction\",\"target\":[\"https:\/\/www.noticiasradioreflejos.com.ar\/2021\/hallada-la-tumba-mas-antigua-de-africa-con-los-restos-de-un-nino-fallecido-hace-78-000-anos\/\"]}]},{\"@type\":\"ImageObject\",\"inLanguage\":\"es\",\"@id\":\"https:\/\/www.noticiasradioreflejos.com.ar\/2021\/hallada-la-tumba-mas-antigua-de-africa-con-los-restos-de-un-nino-fallecido-hace-78-000-anos\/#primaryimage\",\"url\":\"https:\/\/imagenes.elpais.com\/resizer\/hufdqtPcgFtBZWffQR0I1bwdMA4=\/828x0\/cloudfront-eu-central-1.images.arcpublishing.com\/prisa\/C5EKK6SL4FCYJC7NYZC34A2GMI.jpg\",\"contentUrl\":\"https:\/\/imagenes.elpais.com\/resizer\/hufdqtPcgFtBZWffQR0I1bwdMA4=\/828x0\/cloudfront-eu-central-1.images.arcpublishing.com\/prisa\/C5EKK6SL4FCYJC7NYZC34A2GMI.jpg\"},{\"@type\":\"BreadcrumbList\",\"@id\":\"https:\/\/www.noticiasradioreflejos.com.ar\/2021\/hallada-la-tumba-mas-antigua-de-africa-con-los-restos-de-un-nino-fallecido-hace-78-000-anos\/#breadcrumb\",\"itemListElement\":[{\"@type\":\"ListItem\",\"position\":1,\"name\":\"Portada\",\"item\":\"https:\/\/www.noticiasradioreflejos.com.ar\/2021\/\"},{\"@type\":\"ListItem\",\"position\":2,\"name\":\"Hallada la tumba m\u00e1s antigua de \u00c1frica, con los restos de un ni\u00f1o fallecido hace 78.000 a\u00f1os\"}]},{\"@type\":\"WebSite\",\"@id\":\"https:\/\/www.noticiasradioreflejos.com.ar\/2021\/#website\",\"url\":\"https:\/\/www.noticiasradioreflejos.com.ar\/2021\/\",\"name\":\"Noticias Radio Reflejos\",\"description\":\"Las noticias de mi comarca\",\"potentialAction\":[{\"@type\":\"SearchAction\",\"target\":{\"@type\":\"EntryPoint\",\"urlTemplate\":\"https:\/\/www.noticiasradioreflejos.com.ar\/2021\/?s={search_term_string}\"},\"query-input\":{\"@type\":\"PropertyValueSpecification\",\"valueRequired\":true,\"valueName\":\"search_term_string\"}}],\"inLanguage\":\"es\"},{\"@type\":\"Person\",\"@id\":\"https:\/\/www.noticiasradioreflejos.com.ar\/2021\/#\/schema\/person\/ad82545263dcc5ec0996818884fd5fb1\",\"name\":\"Arnaldo Botto\",\"image\":{\"@type\":\"ImageObject\",\"inLanguage\":\"es\",\"@id\":\"https:\/\/www.noticiasradioreflejos.com.ar\/2021\/#\/schema\/person\/image\/\",\"url\":\"https:\/\/secure.gravatar.com\/avatar\/55cb5e37c1efa326397366e6974cb338056df65cb50e7d64d1cf314e87504837?s=96&d=mm&r=g\",\"contentUrl\":\"https:\/\/secure.gravatar.com\/avatar\/55cb5e37c1efa326397366e6974cb338056df65cb50e7d64d1cf314e87504837?s=96&d=mm&r=g\",\"caption\":\"Arnaldo Botto\"},\"url\":\"https:\/\/www.noticiasradioreflejos.com.ar\/2021\/author\/arnaldo\/\"}]}<\/script>\n<!-- \/ Yoast SEO plugin. -->","yoast_head_json":{"title":"Hallada la tumba m\u00e1s antigua de \u00c1frica, con los restos de un ni\u00f1o fallecido hace 78.000 a\u00f1os - Noticias Radio Reflejos","robots":{"index":"index","follow":"follow","max-snippet":"max-snippet:-1","max-image-preview":"max-image-preview:large","max-video-preview":"max-video-preview:-1"},"canonical":"https:\/\/www.noticiasradioreflejos.com.ar\/2021\/hallada-la-tumba-mas-antigua-de-africa-con-los-restos-de-un-nino-fallecido-hace-78-000-anos\/","og_locale":"es_ES","og_type":"article","og_title":"Hallada la tumba m\u00e1s antigua de \u00c1frica, con los restos de un ni\u00f1o fallecido hace 78.000 a\u00f1os - Noticias Radio Reflejos","og_description":"El descubrimiento es una de las pruebas m\u00e1s impactantes de uno de los comportamientos m\u00e1s espec\u00edficamente humanos: el cuidado de los muertos","og_url":"https:\/\/www.noticiasradioreflejos.com.ar\/2021\/hallada-la-tumba-mas-antigua-de-africa-con-los-restos-de-un-nino-fallecido-hace-78-000-anos\/","og_site_name":"Noticias Radio Reflejos","article_published_time":"2021-05-06T15:50:27+00:00","og_image":[{"url":"https:\/\/imagenes.elpais.com\/resizer\/hufdqtPcgFtBZWffQR0I1bwdMA4=\/828x0\/cloudfront-eu-central-1.images.arcpublishing.com\/prisa\/C5EKK6SL4FCYJC7NYZC34A2GMI.jpg","type":"","width":"","height":""}],"author":"Arnaldo Botto","twitter_card":"summary_large_image","schema":{"@context":"https:\/\/schema.org","@graph":[{"@type":"WebPage","@id":"https:\/\/www.noticiasradioreflejos.com.ar\/2021\/hallada-la-tumba-mas-antigua-de-africa-con-los-restos-de-un-nino-fallecido-hace-78-000-anos\/","url":"https:\/\/www.noticiasradioreflejos.com.ar\/2021\/hallada-la-tumba-mas-antigua-de-africa-con-los-restos-de-un-nino-fallecido-hace-78-000-anos\/","name":"Hallada la tumba m\u00e1s antigua de \u00c1frica, con los restos de un ni\u00f1o fallecido hace 78.000 a\u00f1os - Noticias Radio Reflejos","isPartOf":{"@id":"https:\/\/www.noticiasradioreflejos.com.ar\/2021\/#website"},"primaryImageOfPage":{"@id":"https:\/\/www.noticiasradioreflejos.com.ar\/2021\/hallada-la-tumba-mas-antigua-de-africa-con-los-restos-de-un-nino-fallecido-hace-78-000-anos\/#primaryimage"},"image":{"@id":"https:\/\/www.noticiasradioreflejos.com.ar\/2021\/hallada-la-tumba-mas-antigua-de-africa-con-los-restos-de-un-nino-fallecido-hace-78-000-anos\/#primaryimage"},"thumbnailUrl":"https:\/\/imagenes.elpais.com\/resizer\/hufdqtPcgFtBZWffQR0I1bwdMA4=\/828x0\/cloudfront-eu-central-1.images.arcpublishing.com\/prisa\/C5EKK6SL4FCYJC7NYZC34A2GMI.jpg","datePublished":"2021-05-06T15:50:27+00:00","author":{"@id":"https:\/\/www.noticiasradioreflejos.com.ar\/2021\/#\/schema\/person\/ad82545263dcc5ec0996818884fd5fb1"},"breadcrumb":{"@id":"https:\/\/www.noticiasradioreflejos.com.ar\/2021\/hallada-la-tumba-mas-antigua-de-africa-con-los-restos-de-un-nino-fallecido-hace-78-000-anos\/#breadcrumb"},"inLanguage":"es","potentialAction":[{"@type":"ReadAction","target":["https:\/\/www.noticiasradioreflejos.com.ar\/2021\/hallada-la-tumba-mas-antigua-de-africa-con-los-restos-de-un-nino-fallecido-hace-78-000-anos\/"]}]},{"@type":"ImageObject","inLanguage":"es","@id":"https:\/\/www.noticiasradioreflejos.com.ar\/2021\/hallada-la-tumba-mas-antigua-de-africa-con-los-restos-de-un-nino-fallecido-hace-78-000-anos\/#primaryimage","url":"https:\/\/imagenes.elpais.com\/resizer\/hufdqtPcgFtBZWffQR0I1bwdMA4=\/828x0\/cloudfront-eu-central-1.images.arcpublishing.com\/prisa\/C5EKK6SL4FCYJC7NYZC34A2GMI.jpg","contentUrl":"https:\/\/imagenes.elpais.com\/resizer\/hufdqtPcgFtBZWffQR0I1bwdMA4=\/828x0\/cloudfront-eu-central-1.images.arcpublishing.com\/prisa\/C5EKK6SL4FCYJC7NYZC34A2GMI.jpg"},{"@type":"BreadcrumbList","@id":"https:\/\/www.noticiasradioreflejos.com.ar\/2021\/hallada-la-tumba-mas-antigua-de-africa-con-los-restos-de-un-nino-fallecido-hace-78-000-anos\/#breadcrumb","itemListElement":[{"@type":"ListItem","position":1,"name":"Portada","item":"https:\/\/www.noticiasradioreflejos.com.ar\/2021\/"},{"@type":"ListItem","position":2,"name":"Hallada la tumba m\u00e1s antigua de \u00c1frica, con los restos de un ni\u00f1o fallecido hace 78.000 a\u00f1os"}]},{"@type":"WebSite","@id":"https:\/\/www.noticiasradioreflejos.com.ar\/2021\/#website","url":"https:\/\/www.noticiasradioreflejos.com.ar\/2021\/","name":"Noticias Radio Reflejos","description":"Las noticias de mi comarca","potentialAction":[{"@type":"SearchAction","target":{"@type":"EntryPoint","urlTemplate":"https:\/\/www.noticiasradioreflejos.com.ar\/2021\/?s={search_term_string}"},"query-input":{"@type":"PropertyValueSpecification","valueRequired":true,"valueName":"search_term_string"}}],"inLanguage":"es"},{"@type":"Person","@id":"https:\/\/www.noticiasradioreflejos.com.ar\/2021\/#\/schema\/person\/ad82545263dcc5ec0996818884fd5fb1","name":"Arnaldo Botto","image":{"@type":"ImageObject","inLanguage":"es","@id":"https:\/\/www.noticiasradioreflejos.com.ar\/2021\/#\/schema\/person\/image\/","url":"https:\/\/secure.gravatar.com\/avatar\/55cb5e37c1efa326397366e6974cb338056df65cb50e7d64d1cf314e87504837?s=96&d=mm&r=g","contentUrl":"https:\/\/secure.gravatar.com\/avatar\/55cb5e37c1efa326397366e6974cb338056df65cb50e7d64d1cf314e87504837?s=96&d=mm&r=g","caption":"Arnaldo Botto"},"url":"https:\/\/www.noticiasradioreflejos.com.ar\/2021\/author\/arnaldo\/"}]}},"_links":{"self":[{"href":"https:\/\/www.noticiasradioreflejos.com.ar\/2021\/wp-json\/wp\/v2\/posts\/56336","targetHints":{"allow":["GET"]}}],"collection":[{"href":"https:\/\/www.noticiasradioreflejos.com.ar\/2021\/wp-json\/wp\/v2\/posts"}],"about":[{"href":"https:\/\/www.noticiasradioreflejos.com.ar\/2021\/wp-json\/wp\/v2\/types\/post"}],"author":[{"embeddable":true,"href":"https:\/\/www.noticiasradioreflejos.com.ar\/2021\/wp-json\/wp\/v2\/users\/3"}],"replies":[{"embeddable":true,"href":"https:\/\/www.noticiasradioreflejos.com.ar\/2021\/wp-json\/wp\/v2\/comments?post=56336"}],"version-history":[{"count":0,"href":"https:\/\/www.noticiasradioreflejos.com.ar\/2021\/wp-json\/wp\/v2\/posts\/56336\/revisions"}],"wp:attachment":[{"href":"https:\/\/www.noticiasradioreflejos.com.ar\/2021\/wp-json\/wp\/v2\/media?parent=56336"}],"wp:term":[{"taxonomy":"category","embeddable":true,"href":"https:\/\/www.noticiasradioreflejos.com.ar\/2021\/wp-json\/wp\/v2\/categories?post=56336"},{"taxonomy":"post_tag","embeddable":true,"href":"https:\/\/www.noticiasradioreflejos.com.ar\/2021\/wp-json\/wp\/v2\/tags?post=56336"}],"curies":[{"name":"wp","href":"https:\/\/api.w.org\/{rel}","templated":true}]}}