{"id":56329,"date":"2021-05-06T09:35:42","date_gmt":"2021-05-06T12:35:42","guid":{"rendered":"http:\/\/www.noticiasradioreflejos.com.ar\/noticias\/?p=56329"},"modified":"2021-05-06T09:35:42","modified_gmt":"2021-05-06T12:35:42","slug":"el-21-de-mayo-llegaran-al-pais-861-mil-vacunas-de-aztrazeneca-que-seran-utilizadas-como-segundas-dosis","status":"publish","type":"post","link":"https:\/\/www.noticiasradioreflejos.com.ar\/2021\/el-21-de-mayo-llegaran-al-pais-861-mil-vacunas-de-aztrazeneca-que-seran-utilizadas-como-segundas-dosis\/","title":{"rendered":"El 21 de mayo llegar\u00e1n al pa\u00eds 861 mil vacunas de AztraZeneca que ser\u00e1n utilizadas como segundas dosis"},"content":{"rendered":"<header>\n<div class=\"article-header \">\u00a0Son parte del mecanismo COVAX y ser\u00e1n empleadas para completar esquemas de inmunizaci\u00f3n ya iniciados.<\/div>\n<\/header>\n<p><!--more--><\/p>\n<article class=\"article | col widescreen-8 desktop-8 tablet-12 width_full\">\n<div class=\"nd-body-article\">\n<div class=\"visual__image image_container\"><img loading=\"lazy\" decoding=\"async\" src=\"https:\/\/www.infobae.com\/new-resizer\/MzaJlhjH0EgzI08W_CpKJeyDY6k=\/420x236\/filters:format(jpg):quality(85)\/cloudfront-us-east-1.images.arcpublishing.com\/infobae\/HBT3XSTWVJFEPBJW3WF6P4JGGU.jpg\" sizes=\"auto, (min-width: 800px) 50vw, 90vw\" srcset=\"https:\/\/www.infobae.com\/new-resizer\/MzaJlhjH0EgzI08W_CpKJeyDY6k=\/420x236\/filters:format(jpg):quality(85)\/cloudfront-us-east-1.images.arcpublishing.com\/infobae\/HBT3XSTWVJFEPBJW3WF6P4JGGU.jpg 420w,https:\/\/www.infobae.com\/new-resizer\/nAPTRHHnRGr4HV2cPH9pBUiFfoE=\/768x432\/filters:format(jpg):quality(85)\/cloudfront-us-east-1.images.arcpublishing.com\/infobae\/HBT3XSTWVJFEPBJW3WF6P4JGGU.jpg 768w,https:\/\/www.infobae.com\/new-resizer\/Ay99jR-t1PrOw5gzXtxVgyZ75mM=\/992x558\/filters:format(jpg):quality(85)\/cloudfront-us-east-1.images.arcpublishing.com\/infobae\/HBT3XSTWVJFEPBJW3WF6P4JGGU.jpg 992w,https:\/\/www.infobae.com\/new-resizer\/lRjA9VFQOZKHJlHFjqK1lN9aMWg=\/1200x675\/filters:format(jpg):quality(85)\/cloudfront-us-east-1.images.arcpublishing.com\/infobae\/HBT3XSTWVJFEPBJW3WF6P4JGGU.jpg 1200w\" alt=\"Un profesional de la salud prepara una dosis de la vacuna de AstraZeneca contra la covid-19. EFE\/Manuel Bruque \" width=\"3700\" height=\"2257\" \/>Un profesional de la salud prepara una dosis de la vacuna de AstraZeneca contra la covid-19. EFE\/Manuel Bruque<\/div>\n<div class=\"visual__image image_container\"><\/div>\n<p class=\"paragraph\"><mark class=\"hl_yellow\">La ministra de Salud,\u00a0<b>Carla Vizzotti<\/b>, anunci\u00f3 que el 19 de mayo ser\u00e1n liberadas 861.600 dosis de AstraZeneca pertenecientes al fondo COVAX. Llegar\u00e1n a la Argentina el 21 de mayo y ser\u00e1n utilizadas para completar esquemas de quienes ya recibieron la dosis 1 de Covishield\/AstraZeneca a fines de febrero.<\/mark><\/p>\n<p class=\"paragraph\">La funcionaria especific\u00f3 tambi\u00e9n en una conferencia de prensa que \u201cel aumento exponencial de casos positivos de COVID-19 se ha detenido\u201d, pero no el de muertes, algo esperable en virtud de las caracter\u00edsticas del virus y de los tiempos que incubaci\u00f3n y desarrollo de los cuadros graves.<\/p>\n<p class=\"paragraph\">\u201c<mark class=\"hl_yellow\"><b>La curva de mortalidad en aumento era algo esperable y no es el indicador que estamos viendo para ver si las medidas tienen impacto positivo o no<\/b><\/mark>\u201d, asegur\u00f3.<\/p>\n<p class=\"paragraph\">Seg\u00fan datos oficiales del Ministerio de Salud de la Naci\u00f3n, hay m\u00e1s de 6 millones de personas que en Argentina recibieron al menos una dosis de alguna vacuna, pero no la segunda.<\/p>\n<\/div>\n<\/article>\n","protected":false},"excerpt":{"rendered":"<p>\u00a0Son parte del mecanismo COVAX y ser\u00e1n empleadas para completar esquemas de inmunizaci\u00f3n ya iniciados.<\/p>\n","protected":false},"author":3,"featured_media":0,"comment_status":"closed","ping_status":"open","sticky":false,"template":"","format":"standard","meta":{"footnotes":""},"categories":[25],"tags":[],"class_list":["post-56329","post","type-post","status-publish","format-standard","hentry","category-uncategorized"],"yoast_head":"<!-- This site is optimized with the Yoast SEO plugin v25.9 - https:\/\/yoast.com\/wordpress\/plugins\/seo\/ -->\n<title>El 21 de mayo llegar\u00e1n al pa\u00eds 861 mil vacunas de AztraZeneca que ser\u00e1n utilizadas como segundas dosis - Noticias Radio Reflejos<\/title>\n<meta name=\"robots\" content=\"index, follow, max-snippet:-1, max-image-preview:large, max-video-preview:-1\" \/>\n<link rel=\"canonical\" href=\"https:\/\/www.noticiasradioreflejos.com.ar\/2021\/el-21-de-mayo-llegaran-al-pais-861-mil-vacunas-de-aztrazeneca-que-seran-utilizadas-como-segundas-dosis\/\" \/>\n<meta property=\"og:locale\" content=\"es_ES\" \/>\n<meta property=\"og:type\" content=\"article\" \/>\n<meta property=\"og:title\" content=\"El 21 de mayo llegar\u00e1n al pa\u00eds 861 mil vacunas de AztraZeneca que ser\u00e1n utilizadas como segundas dosis - Noticias Radio Reflejos\" \/>\n<meta property=\"og:description\" content=\"\u00a0Son parte del mecanismo COVAX y ser\u00e1n empleadas para completar esquemas de inmunizaci\u00f3n ya iniciados.\" \/>\n<meta property=\"og:url\" content=\"https:\/\/www.noticiasradioreflejos.com.ar\/2021\/el-21-de-mayo-llegaran-al-pais-861-mil-vacunas-de-aztrazeneca-que-seran-utilizadas-como-segundas-dosis\/\" \/>\n<meta property=\"og:site_name\" content=\"Noticias Radio Reflejos\" \/>\n<meta property=\"article:published_time\" content=\"2021-05-06T12:35:42+00:00\" \/>\n<meta property=\"og:image\" content=\"https:\/\/www.infobae.com\/new-resizer\/MzaJlhjH0EgzI08W_CpKJeyDY6k=\/420x236\/filters:format(jpg):quality(85)\/cloudfront-us-east-1.images.arcpublishing.com\/infobae\/HBT3XSTWVJFEPBJW3WF6P4JGGU.jpg\" \/>\n<meta name=\"author\" content=\"Arnaldo Botto\" \/>\n<meta name=\"twitter:card\" content=\"summary_large_image\" \/>\n<script type=\"application\/ld+json\" class=\"yoast-schema-graph\">{\"@context\":\"https:\/\/schema.org\",\"@graph\":[{\"@type\":\"WebPage\",\"@id\":\"https:\/\/www.noticiasradioreflejos.com.ar\/2021\/el-21-de-mayo-llegaran-al-pais-861-mil-vacunas-de-aztrazeneca-que-seran-utilizadas-como-segundas-dosis\/\",\"url\":\"https:\/\/www.noticiasradioreflejos.com.ar\/2021\/el-21-de-mayo-llegaran-al-pais-861-mil-vacunas-de-aztrazeneca-que-seran-utilizadas-como-segundas-dosis\/\",\"name\":\"El 21 de mayo llegar\u00e1n al pa\u00eds 861 mil vacunas de AztraZeneca que ser\u00e1n utilizadas como segundas dosis - Noticias Radio Reflejos\",\"isPartOf\":{\"@id\":\"https:\/\/www.noticiasradioreflejos.com.ar\/2021\/#website\"},\"primaryImageOfPage\":{\"@id\":\"https:\/\/www.noticiasradioreflejos.com.ar\/2021\/el-21-de-mayo-llegaran-al-pais-861-mil-vacunas-de-aztrazeneca-que-seran-utilizadas-como-segundas-dosis\/#primaryimage\"},\"image\":{\"@id\":\"https:\/\/www.noticiasradioreflejos.com.ar\/2021\/el-21-de-mayo-llegaran-al-pais-861-mil-vacunas-de-aztrazeneca-que-seran-utilizadas-como-segundas-dosis\/#primaryimage\"},\"thumbnailUrl\":\"https:\/\/www.infobae.com\/new-resizer\/MzaJlhjH0EgzI08W_CpKJeyDY6k=\/420x236\/filters:format(jpg):quality(85)\/cloudfront-us-east-1.images.arcpublishing.com\/infobae\/HBT3XSTWVJFEPBJW3WF6P4JGGU.jpg\",\"datePublished\":\"2021-05-06T12:35:42+00:00\",\"author\":{\"@id\":\"https:\/\/www.noticiasradioreflejos.com.ar\/2021\/#\/schema\/person\/ad82545263dcc5ec0996818884fd5fb1\"},\"breadcrumb\":{\"@id\":\"https:\/\/www.noticiasradioreflejos.com.ar\/2021\/el-21-de-mayo-llegaran-al-pais-861-mil-vacunas-de-aztrazeneca-que-seran-utilizadas-como-segundas-dosis\/#breadcrumb\"},\"inLanguage\":\"es\",\"potentialAction\":[{\"@type\":\"ReadAction\",\"target\":[\"https:\/\/www.noticiasradioreflejos.com.ar\/2021\/el-21-de-mayo-llegaran-al-pais-861-mil-vacunas-de-aztrazeneca-que-seran-utilizadas-como-segundas-dosis\/\"]}]},{\"@type\":\"ImageObject\",\"inLanguage\":\"es\",\"@id\":\"https:\/\/www.noticiasradioreflejos.com.ar\/2021\/el-21-de-mayo-llegaran-al-pais-861-mil-vacunas-de-aztrazeneca-que-seran-utilizadas-como-segundas-dosis\/#primaryimage\",\"url\":\"https:\/\/www.infobae.com\/new-resizer\/MzaJlhjH0EgzI08W_CpKJeyDY6k=\/420x236\/filters:format(jpg):quality(85)\/cloudfront-us-east-1.images.arcpublishing.com\/infobae\/HBT3XSTWVJFEPBJW3WF6P4JGGU.jpg\",\"contentUrl\":\"https:\/\/www.infobae.com\/new-resizer\/MzaJlhjH0EgzI08W_CpKJeyDY6k=\/420x236\/filters:format(jpg):quality(85)\/cloudfront-us-east-1.images.arcpublishing.com\/infobae\/HBT3XSTWVJFEPBJW3WF6P4JGGU.jpg\"},{\"@type\":\"BreadcrumbList\",\"@id\":\"https:\/\/www.noticiasradioreflejos.com.ar\/2021\/el-21-de-mayo-llegaran-al-pais-861-mil-vacunas-de-aztrazeneca-que-seran-utilizadas-como-segundas-dosis\/#breadcrumb\",\"itemListElement\":[{\"@type\":\"ListItem\",\"position\":1,\"name\":\"Portada\",\"item\":\"https:\/\/www.noticiasradioreflejos.com.ar\/2021\/\"},{\"@type\":\"ListItem\",\"position\":2,\"name\":\"El 21 de mayo llegar\u00e1n al pa\u00eds 861 mil vacunas de AztraZeneca que ser\u00e1n utilizadas como segundas dosis\"}]},{\"@type\":\"WebSite\",\"@id\":\"https:\/\/www.noticiasradioreflejos.com.ar\/2021\/#website\",\"url\":\"https:\/\/www.noticiasradioreflejos.com.ar\/2021\/\",\"name\":\"Noticias Radio Reflejos\",\"description\":\"Las noticias de mi comarca\",\"potentialAction\":[{\"@type\":\"SearchAction\",\"target\":{\"@type\":\"EntryPoint\",\"urlTemplate\":\"https:\/\/www.noticiasradioreflejos.com.ar\/2021\/?s={search_term_string}\"},\"query-input\":{\"@type\":\"PropertyValueSpecification\",\"valueRequired\":true,\"valueName\":\"search_term_string\"}}],\"inLanguage\":\"es\"},{\"@type\":\"Person\",\"@id\":\"https:\/\/www.noticiasradioreflejos.com.ar\/2021\/#\/schema\/person\/ad82545263dcc5ec0996818884fd5fb1\",\"name\":\"Arnaldo Botto\",\"image\":{\"@type\":\"ImageObject\",\"inLanguage\":\"es\",\"@id\":\"https:\/\/www.noticiasradioreflejos.com.ar\/2021\/#\/schema\/person\/image\/\",\"url\":\"https:\/\/secure.gravatar.com\/avatar\/55cb5e37c1efa326397366e6974cb338056df65cb50e7d64d1cf314e87504837?s=96&d=mm&r=g\",\"contentUrl\":\"https:\/\/secure.gravatar.com\/avatar\/55cb5e37c1efa326397366e6974cb338056df65cb50e7d64d1cf314e87504837?s=96&d=mm&r=g\",\"caption\":\"Arnaldo Botto\"},\"url\":\"https:\/\/www.noticiasradioreflejos.com.ar\/2021\/author\/arnaldo\/\"}]}<\/script>\n<!-- \/ Yoast SEO plugin. -->","yoast_head_json":{"title":"El 21 de mayo llegar\u00e1n al pa\u00eds 861 mil vacunas de AztraZeneca que ser\u00e1n utilizadas como segundas dosis - Noticias Radio Reflejos","robots":{"index":"index","follow":"follow","max-snippet":"max-snippet:-1","max-image-preview":"max-image-preview:large","max-video-preview":"max-video-preview:-1"},"canonical":"https:\/\/www.noticiasradioreflejos.com.ar\/2021\/el-21-de-mayo-llegaran-al-pais-861-mil-vacunas-de-aztrazeneca-que-seran-utilizadas-como-segundas-dosis\/","og_locale":"es_ES","og_type":"article","og_title":"El 21 de mayo llegar\u00e1n al pa\u00eds 861 mil vacunas de AztraZeneca que ser\u00e1n utilizadas como segundas dosis - Noticias Radio Reflejos","og_description":"\u00a0Son parte del mecanismo COVAX y ser\u00e1n empleadas para completar esquemas de inmunizaci\u00f3n ya iniciados.","og_url":"https:\/\/www.noticiasradioreflejos.com.ar\/2021\/el-21-de-mayo-llegaran-al-pais-861-mil-vacunas-de-aztrazeneca-que-seran-utilizadas-como-segundas-dosis\/","og_site_name":"Noticias Radio Reflejos","article_published_time":"2021-05-06T12:35:42+00:00","og_image":[{"url":"https:\/\/www.infobae.com\/new-resizer\/MzaJlhjH0EgzI08W_CpKJeyDY6k=\/420x236\/filters:format(jpg):quality(85)\/cloudfront-us-east-1.images.arcpublishing.com\/infobae\/HBT3XSTWVJFEPBJW3WF6P4JGGU.jpg","type":"","width":"","height":""}],"author":"Arnaldo Botto","twitter_card":"summary_large_image","schema":{"@context":"https:\/\/schema.org","@graph":[{"@type":"WebPage","@id":"https:\/\/www.noticiasradioreflejos.com.ar\/2021\/el-21-de-mayo-llegaran-al-pais-861-mil-vacunas-de-aztrazeneca-que-seran-utilizadas-como-segundas-dosis\/","url":"https:\/\/www.noticiasradioreflejos.com.ar\/2021\/el-21-de-mayo-llegaran-al-pais-861-mil-vacunas-de-aztrazeneca-que-seran-utilizadas-como-segundas-dosis\/","name":"El 21 de mayo llegar\u00e1n al pa\u00eds 861 mil vacunas de AztraZeneca que ser\u00e1n utilizadas como segundas dosis - Noticias Radio Reflejos","isPartOf":{"@id":"https:\/\/www.noticiasradioreflejos.com.ar\/2021\/#website"},"primaryImageOfPage":{"@id":"https:\/\/www.noticiasradioreflejos.com.ar\/2021\/el-21-de-mayo-llegaran-al-pais-861-mil-vacunas-de-aztrazeneca-que-seran-utilizadas-como-segundas-dosis\/#primaryimage"},"image":{"@id":"https:\/\/www.noticiasradioreflejos.com.ar\/2021\/el-21-de-mayo-llegaran-al-pais-861-mil-vacunas-de-aztrazeneca-que-seran-utilizadas-como-segundas-dosis\/#primaryimage"},"thumbnailUrl":"https:\/\/www.infobae.com\/new-resizer\/MzaJlhjH0EgzI08W_CpKJeyDY6k=\/420x236\/filters:format(jpg):quality(85)\/cloudfront-us-east-1.images.arcpublishing.com\/infobae\/HBT3XSTWVJFEPBJW3WF6P4JGGU.jpg","datePublished":"2021-05-06T12:35:42+00:00","author":{"@id":"https:\/\/www.noticiasradioreflejos.com.ar\/2021\/#\/schema\/person\/ad82545263dcc5ec0996818884fd5fb1"},"breadcrumb":{"@id":"https:\/\/www.noticiasradioreflejos.com.ar\/2021\/el-21-de-mayo-llegaran-al-pais-861-mil-vacunas-de-aztrazeneca-que-seran-utilizadas-como-segundas-dosis\/#breadcrumb"},"inLanguage":"es","potentialAction":[{"@type":"ReadAction","target":["https:\/\/www.noticiasradioreflejos.com.ar\/2021\/el-21-de-mayo-llegaran-al-pais-861-mil-vacunas-de-aztrazeneca-que-seran-utilizadas-como-segundas-dosis\/"]}]},{"@type":"ImageObject","inLanguage":"es","@id":"https:\/\/www.noticiasradioreflejos.com.ar\/2021\/el-21-de-mayo-llegaran-al-pais-861-mil-vacunas-de-aztrazeneca-que-seran-utilizadas-como-segundas-dosis\/#primaryimage","url":"https:\/\/www.infobae.com\/new-resizer\/MzaJlhjH0EgzI08W_CpKJeyDY6k=\/420x236\/filters:format(jpg):quality(85)\/cloudfront-us-east-1.images.arcpublishing.com\/infobae\/HBT3XSTWVJFEPBJW3WF6P4JGGU.jpg","contentUrl":"https:\/\/www.infobae.com\/new-resizer\/MzaJlhjH0EgzI08W_CpKJeyDY6k=\/420x236\/filters:format(jpg):quality(85)\/cloudfront-us-east-1.images.arcpublishing.com\/infobae\/HBT3XSTWVJFEPBJW3WF6P4JGGU.jpg"},{"@type":"BreadcrumbList","@id":"https:\/\/www.noticiasradioreflejos.com.ar\/2021\/el-21-de-mayo-llegaran-al-pais-861-mil-vacunas-de-aztrazeneca-que-seran-utilizadas-como-segundas-dosis\/#breadcrumb","itemListElement":[{"@type":"ListItem","position":1,"name":"Portada","item":"https:\/\/www.noticiasradioreflejos.com.ar\/2021\/"},{"@type":"ListItem","position":2,"name":"El 21 de mayo llegar\u00e1n al pa\u00eds 861 mil vacunas de AztraZeneca que ser\u00e1n utilizadas como segundas dosis"}]},{"@type":"WebSite","@id":"https:\/\/www.noticiasradioreflejos.com.ar\/2021\/#website","url":"https:\/\/www.noticiasradioreflejos.com.ar\/2021\/","name":"Noticias Radio Reflejos","description":"Las noticias de mi comarca","potentialAction":[{"@type":"SearchAction","target":{"@type":"EntryPoint","urlTemplate":"https:\/\/www.noticiasradioreflejos.com.ar\/2021\/?s={search_term_string}"},"query-input":{"@type":"PropertyValueSpecification","valueRequired":true,"valueName":"search_term_string"}}],"inLanguage":"es"},{"@type":"Person","@id":"https:\/\/www.noticiasradioreflejos.com.ar\/2021\/#\/schema\/person\/ad82545263dcc5ec0996818884fd5fb1","name":"Arnaldo Botto","image":{"@type":"ImageObject","inLanguage":"es","@id":"https:\/\/www.noticiasradioreflejos.com.ar\/2021\/#\/schema\/person\/image\/","url":"https:\/\/secure.gravatar.com\/avatar\/55cb5e37c1efa326397366e6974cb338056df65cb50e7d64d1cf314e87504837?s=96&d=mm&r=g","contentUrl":"https:\/\/secure.gravatar.com\/avatar\/55cb5e37c1efa326397366e6974cb338056df65cb50e7d64d1cf314e87504837?s=96&d=mm&r=g","caption":"Arnaldo Botto"},"url":"https:\/\/www.noticiasradioreflejos.com.ar\/2021\/author\/arnaldo\/"}]}},"_links":{"self":[{"href":"https:\/\/www.noticiasradioreflejos.com.ar\/2021\/wp-json\/wp\/v2\/posts\/56329","targetHints":{"allow":["GET"]}}],"collection":[{"href":"https:\/\/www.noticiasradioreflejos.com.ar\/2021\/wp-json\/wp\/v2\/posts"}],"about":[{"href":"https:\/\/www.noticiasradioreflejos.com.ar\/2021\/wp-json\/wp\/v2\/types\/post"}],"author":[{"embeddable":true,"href":"https:\/\/www.noticiasradioreflejos.com.ar\/2021\/wp-json\/wp\/v2\/users\/3"}],"replies":[{"embeddable":true,"href":"https:\/\/www.noticiasradioreflejos.com.ar\/2021\/wp-json\/wp\/v2\/comments?post=56329"}],"version-history":[{"count":0,"href":"https:\/\/www.noticiasradioreflejos.com.ar\/2021\/wp-json\/wp\/v2\/posts\/56329\/revisions"}],"wp:attachment":[{"href":"https:\/\/www.noticiasradioreflejos.com.ar\/2021\/wp-json\/wp\/v2\/media?parent=56329"}],"wp:term":[{"taxonomy":"category","embeddable":true,"href":"https:\/\/www.noticiasradioreflejos.com.ar\/2021\/wp-json\/wp\/v2\/categories?post=56329"},{"taxonomy":"post_tag","embeddable":true,"href":"https:\/\/www.noticiasradioreflejos.com.ar\/2021\/wp-json\/wp\/v2\/tags?post=56329"}],"curies":[{"name":"wp","href":"https:\/\/api.w.org\/{rel}","templated":true}]}}