{"id":56319,"date":"2021-05-06T08:25:16","date_gmt":"2021-05-06T11:25:16","guid":{"rendered":"http:\/\/www.noticiasradioreflejos.com.ar\/noticias\/?p=56319"},"modified":"2021-05-06T08:25:16","modified_gmt":"2021-05-06T11:25:16","slug":"fallecio-carlos-griguol-maestro-del-futbol-argentino","status":"publish","type":"post","link":"https:\/\/www.noticiasradioreflejos.com.ar\/2021\/fallecio-carlos-griguol-maestro-del-futbol-argentino\/","title":{"rendered":"Falleci\u00f3 Carlos Griguol, maestro del f\u00fatbol argentino"},"content":{"rendered":"<div class=\"head-content\">\n<p>El ex DT campe\u00f3n con Rosario Central, Ferro Carril Oeste y River Plate, falleci\u00f3 a los 86 a\u00f1os, confirm\u00f3 el exfutbolista V\u00edctor Hugo Marchesini, uno de sus yernos.<\/p>\n<div class=\"addthis_custom_sharing\"><\/div>\n<\/div>\n<p><!--more--><\/p>\n<div class=\"main-content-block\">\n<div class=\"main-box clearfix\">\n<div class=\"wrapper-main-section clearfix\">\n<div class=\"wrapper-editable-content\">\n<div class=\"editable-content clearfix\">\n<div id=\"image\" class=\"image\">\n<p><img decoding=\"async\" title=\"Carlos Timoteo Griguol, maestro del f\u00fatbol argentino y exDT campe\u00f3n.\" src=\"https:\/\/www.telam.com.ar\/advf\/imagenes\/2021\/05\/6093cee73cd5d_1004x565.jpg\" alt=\"Carlos Timoteo Griguol, maestro del f\u00fatbol argentino y exDT campe\u00f3n.\" \/><\/p>\n<div class=\"epigrafe\">Carlos Timoteo Griguol, maestro del f\u00fatbol argentino y exDT campe\u00f3n.<\/div>\n<\/div>\n<p>Carlos Timoteo Griguol, maestro del f\u00fatbol argentino y exDT campe\u00f3n con Rosario Central, Ferro Carril Oeste y River Plate, falleci\u00f3 hoy a los 86 a\u00f1os, confirm\u00f3 el exfutbolista V\u00edctor Hugo Marchesini, uno de sus yernos.<\/p>\n<div class=\"twitter-tweet twitter-tweet-rendered\"><\/div>\n<div class=\"wrapper-editable-content\">\n<div class=\"editable-content clearfix\">\n<div id=\"image\" class=\"image\">\n<p><img decoding=\"async\" title=\"\" src=\"https:\/\/www.telam.com.ar\/advf\/imagenes\/2021\/05\/6093cee761c91_1004x565.jpg\" alt=\"\" \/><\/p>\n<\/div>\n<p><b>Carlos Timoteo Griguol, uno de los entrenadores m\u00e1s ic\u00f3nicos de la historia del f\u00fatbol argentino, muri\u00f3 este jueves a los 86 a\u00f1os<\/b>, como consecuencia de las complicaciones pulmonares y una neumon\u00eda derivadas del coronavirus. El \u00abViejo Timoteo\u00bb era una gloria de Ferro, pero tambi\u00e9n hab\u00eda dejado su huella en Rosario Central y en Gimnasia, adem\u00e1s de haber pasado como entrenador en River.<\/p>\n<p>El deceso fue confirmado por su yerno, el exfutbolista V\u00edctor Marchesini, a trav\u00e9s de un mensaje en su cuenta oficial de la red social Twitter.\u00a0<b>\u00abSe nos fue Timo. Gracias por todo Viejito, imposible no tenerte presente minuto a minuto.Te voy a extra\u00f1ar. QEPD\u00bb<\/b>, se\u00f1al\u00f3 Marchesini, ex zaguero de Ferro y Boca. Timoteo estaba internado en grav\u00edsimo estado desde hace varios d\u00edas en el Sanatorio Los Arcos, e incluso hace una semana se hab\u00eda publicado en varios medios su fallecimiento, versi\u00f3n desmentida por el propio Marchesini y Gabriel Perrone, su otro yerno y tambi\u00e9n ex jugador de Ferro.<\/p>\n<p>Surgido como mediocampista en Atlanta,\u00a0<b>Griguol tuvo una carrera de casi 400 partidos en primera divisi\u00f3n entre el conjunto bohemio y Rosario Central, pero su marca imborrable en el f\u00fatbol argentino la dej\u00f3 como entrenador<\/b>, donde combin\u00f3 resultados con docencia. Tras su retiro como jugador, en Central comenz\u00f3 a trabajar en las divisiones menores, para luego tomar el primer equipo, donde logr\u00f3 su primer t\u00edtulo en 1973.<\/p>\n<p>Tras un paso por M\u00e9xico y por Kimberley de Mar del Plata,\u00a0<b>Timoteo lleg\u00f3 a Ferro en 1979, donde construy\u00f3 un equipo ic\u00f3nico que entr\u00f3 en la historia del f\u00fatbol argentino.\u00a0<\/b>En 1981 fue dos veces subcampe\u00f3n, primero en el Metropolitano detr\u00e1s del Boca de Maradona y Brindisi, con el que pele\u00f3 hasta la \u00faltima fecha, y en el Nacional detr\u00e1s del River de Kempes y Di Stefano, con el que perdi\u00f3 la final.\u00a0<b>La formaci\u00f3n Barisio; G\u00f3mez, C\u00faper, Rocchia, Garr\u00e9; Arregui, Saccardi, Ca\u00f1ete; Crocco, Jim\u00e9nez (luego M\u00e1rcico) y Ju\u00e1rez sal\u00eda de memoria para cualquier futbolero.<\/b><\/p>\n<div class=\"iframely-embed medium-embedded-content\" data-html=\"Jmx0O2Jsb2NrcXVvdGUgY2xhc3M9InR3aXR0ZXItdHdlZXQiIGRhdGEtZG50PSJ0cnVlIiBhbGlnbj0iY2VudGVyIiZndDsmbHQ7cCBsYW5nPSJlcyIgZGlyPSJsdHIiJmd0O1R1IGxlZ2FkbyBlcyB5IHNlcsOhIG51ZXN0cmEgYmFuZGVyYS4gVHVzIHZhbG9yZXMgc29uIHkgc2Vyw6FuIG51ZXN0cm9zIGhvcml6b250ZXMuIFR1cyBjYW1wZW9uYXRvcyBmdWVyb24sIHNvbiB5IHNlcsOhbiBudWVzdHJhIGdsb3JpYSBldGVybmEuICZsdDticiZndDsmbHQ7YnImZ3Q7VHUgbm9tYnJlIGVzIHkgc2Vyw6EgbGV5ZW5kYS4gJmx0O2JyJmd0OyZsdDticiZndDtTZXLDoXMgJmx0O2EgaHJlZj0iaHR0cHM6Ly90d2l0dGVyLmNvbS9oYXNodGFnL0V0ZXJub1RpbW90ZW8\/c3JjPWhhc2gmYW1wO2FtcDtyZWZfc3JjPXR3c3JjJTVFdGZ3IiZndDsjRXRlcm5vVGltb3RlbyZsdDsvYSZndDsuICZsdDticiZndDsmbHQ7YnImZ3Q7QXllciwgaG95IHkgc2llbXByZSDwn5KaJmx0O2JyJmd0OyZsdDticiZndDsxOTM0LeKZvu+4jyAmbHQ7YSBocmVmPSJodHRwczovL3QuY28vZUhvaUFONHhjdSImZ3Q7cGljLnR3aXR0ZXIuY29tL2VIb2lBTjR4Y3UmbHQ7L2EmZ3Q7Jmx0Oy9wJmd0OyZhbXA7bWRhc2g7IEZlcnJvIENhcnJpbCBPZXN0ZSAoQEZlcnJvT2ZpY2lhbCkgJmx0O2EgaHJlZj0iaHR0cHM6Ly90d2l0dGVyLmNvbS9GZXJyb09maWNpYWwvc3RhdHVzLzEzOTAyNjAxMDUxNjY0MzQzMDY\/cmVmX3NyYz10d3NyYyU1RXRmdyImZ3Q7TWF5IDYsIDIwMjEmbHQ7L2EmZ3Q7Jmx0Oy9ibG9ja3F1b3RlJmd0OwombHQ7c2NyaXB0IGFzeW5jIHNyYz0iaHR0cHM6Ly9wbGF0Zm9ybS50d2l0dGVyLmNvbS93aWRnZXRzLmpzIiBjaGFyc2V0PSJ1dGYtOCImZ3Q7Jmx0Oy9zY3JpcHQmZ3Q7CiZsdDtkaXYgY2xhc3M9Im1lZGl1bS1pbnNlcnQtZW1iZWRzLW1ldGEiJmd0OyZsdDtzY3JpcHQgdHlwZT0idGV4dC9qc29uIiZndDt7InVybCI6Imh0dHBzOi8vdHdpdHRlci5jb20vRmVycm9PZmljaWFsL3N0YXR1cy8xMzkwMjYwMTA1MTY2NDM0MzA2IiwidHlwZSI6InJpY2giLCJ2ZXJzaW9uIjoiMS4wIiwidGl0bGUiOiJGZXJybyBDYXJyaWwgT2VzdGUgb24gVHdpdHRlciIsImF1dGhvciI6IkZlcnJvIENhcnJpbCBPZXN0ZSIsImF1dGhvcl91cmwiOiJodHRwczovL3R3aXR0ZXIuY29tL0ZlcnJvT2ZpY2lhbCIsInByb3ZpZGVyX25hbWUiOiJUd2l0dGVyIiwiZGVzY3JpcHRpb24iOiJUdSBsZWdhZG8gZXMgeSBzZXLDoSBudWVzdHJhIGJhbmRlcmEuIFR1cyB2YWxvcmVzIHNvbiB5IHNlcsOhbiBudWVzdHJvcyBob3Jpem9udGVzLiBUdXMgY2FtcGVvbmF0b3MgZnVlcm9uLCBzb24geSBzZXLDoW4gbnVlc3RyYSBnbG9yaWEgZXRlcm5hLiBUdSBub21icmUgZXMgeSBzZXLDoSBsZXllbmRhLiBTZXLDoXMgI0V0ZXJub1RpbW90ZW8uIEF5ZXIsIGhveSB5IHNpZW1wcmUg8J+SmjE5MzQt4pm+77iPIHBpYy50d2l0dGVyLmNvbS9lSG9pQU40eGN14oCUIEZlcnJvIENhcnJpbCBPZXN0ZSAoQEZlcnJvT2ZpY2lhbCkgTWF5IDYsIDIwMjFcblxuIiwidGh1bWJuYWlsX3VybCI6Imh0dHBzOi8vcGJzLnR3aW1nLmNvbS9tZWRpYS9FMHN5TWhRV1lBWXFUVDAuanBnOmxhcmdlIiwidGh1bWJuYWlsX3dpZHRoIjo3NjAsInRodW1ibmFpbF9oZWlnaHQiOjQ0NywiY2FjaGVfYWdlIjo4NjQwMCwib3B0aW9ucyI6eyJfbWF4d2lkdGgiOnsicGxhY2Vob2xkZXIiOiIyMjAtNTUwLCBpbiBweCIsImxhYmVsIjoiQWRqdXN0IHdpZHRoIiwidmFsdWUiOiIifSwiX3RoZW1lIjp7InZhbHVlcyI6eyJkYXJrIjoiVXNlIGRhcmsgdGhlbWUifSwidmFsdWUiOiIifSwiX2hpZGVfbWVkaWEiOnsidmFsdWUiOmZhbHNlLCJsYWJlbCI6IkhpZGUgcGhvdG9zLCB2aWRlb3MsIGFuZCBjYXJkcyJ9fX0mbHQ7L3NjcmlwdCZndDsmbHQ7L2RpdiZndDs=\">\n<div class=\"iframely-embed\">\n<div class=\"iframely-responsive\"><\/div>\n<blockquote class=\"twitter-tweet\" data-width=\"500\" data-dnt=\"true\">\n<p lang=\"es\" dir=\"ltr\">Tu legado es y ser\u00e1 nuestra bandera. Tus valores son y ser\u00e1n nuestros horizontes. Tus campeonatos fueron, son y ser\u00e1n nuestra gloria eterna. <\/p>\n<p>Tu nombre es y ser\u00e1 leyenda. <\/p>\n<p>Ser\u00e1s <a href=\"https:\/\/twitter.com\/hashtag\/EternoTimoteo?src=hash&amp;ref_src=twsrc%5Etfw\">#EternoTimoteo<\/a>. <\/p>\n<p>Ayer, hoy y siempre \ud83d\udc9a<\/p>\n<p>1934-\u267e\ufe0f <a href=\"https:\/\/t.co\/eHoiAN4xcu\">pic.twitter.com\/eHoiAN4xcu<\/a><\/p>\n<p>&mdash; Ferro Carril Oeste (@FerroOficial) <a href=\"https:\/\/twitter.com\/FerroOficial\/status\/1390260105166434306?ref_src=twsrc%5Etfw\">May 6, 2021<\/a><\/p><\/blockquote>\n<p><script async src=\"https:\/\/platform.twitter.com\/widgets.js\" charset=\"utf-8\"><\/script><\/p>\n<p>La revancha a los dos subcampeonatos lleg\u00f3 en 1982,\u00a0<b>cuando su Ferro gan\u00f3 el Nacional, tras superar en la final a Quilmes,\u00a0<\/b>en pleno desarrollo de la guerra de Malvinas.\u00a0<b>Luego repiti\u00f3 el \u00e9xito en 1984,<\/b>\u00a0ya con varios cambios en el equipo y j\u00f3venes promovidos desde las divisiones inferiores, su principal fuente de b\u00fasqueda de jugadores.<b>\u00a0Eran a\u00f1os en los que Ferro gozaba de tres de los entrenadores m\u00e1s jerarquizados de Argentina, con Griguol en f\u00fatbol, Le\u00f3n Najnudel en b\u00e1squetbol y Julio Velasco en v\u00f3leibol.<\/b>\u00a0En Caballito eran habituales las reuniones entre los tres, para intercambiar ideas y conceptos de sus respectivos deportes.<\/p>\n<p>El \u00e9xito en Ferro lo llev\u00f3 a River, donde no pudo desarrollar su tarea de docente y apenas una temporada en N\u00fa\u00f1ez le alcanz\u00f3 para darse cuenta que no estaba en su ambiente.<b>\u00a0Un plantel aburguesado tras el ciclo ganador de H\u00e9ctor Veira, hinchas a los que no seduc\u00eda con su juego y resultados no muy buenos se combinaron para que su estad\u00eda en River se cerrara con m\u00e1s sombras que luces.<\/b><\/p>\n<p>De nuevo en Ferro, su nuevo ciclo ya no tuvo tanto \u00e9xito, aunque promovi\u00f3 jugadores como Roberto Ayala, Germ\u00e1n Burgos o Roberto Molina.\u00a0<b>Sin embargo, la ingratitud de algunos hinchas, que lo tildaban de \u00abdefensivo\u00bb, y los malos resultados lo terminaron alejando del club.<\/b><\/p>\n<p>Reclutado por Gimnasia,\u00a0<b>Griguol tuvo un renacer de su carrera, con dos subcampeonatos y equipos que quedaron en la memoria de los hinchas,\u00a0<\/b>con los mellizos Guillermo y Gustavo Barros Schelotto como emblemas y nombres como Pedro Troglio, Andr\u00e9s Guglielminpietro, Roberto Sosa, Jos\u00e9 Albornoz y Alberto M\u00e1rcico como figuras. A esa altura,\u00a0<b>ya era conocida su inquietud por promover que sus jugadores estudiaran alguna carrera o desarrollaran una tarea paralela al f\u00fatbo<\/b>l, adem\u00e1s de aconsejarlos para que se compraran una vivienda antes que el auto de moda.<\/p>\n<p>A los 65 a\u00f1os y despu\u00e9s de cinco en el Lobo,\u00a0<b>el \u00abViejo Maestro\u00bb prob\u00f3 suerte en Espa\u00f1a, pero su experiencia en el Betis dur\u00f3 menos de un a\u00f1o<\/b>, para regresar a Gimnasia, donde tuvo un tercer ciclo tras un breve paso por Uni\u00f3n de Santa Fe. En el Lobo termin\u00f3 su extensa carrera, que no tuvo tantos t\u00edtulos, pero\u00a0<b>s\u00ed el enorme reconocimiento por el legado que dej\u00f3 y el agradecimiento de los cientos de futbolistas que pasaron por sus manos.<\/b><\/p>\n<\/div>\n<\/div>\n<\/div>\n<\/div>\n<\/div>\n<\/div>\n<\/div>\n<\/div>\n<\/div>\n","protected":false},"excerpt":{"rendered":"<p>El ex DT campe\u00f3n con Rosario Central, Ferro Carril Oeste y River Plate, falleci\u00f3 a los 86 a\u00f1os, confirm\u00f3 el exfutbolista V\u00edctor Hugo Marchesini, uno de sus yernos.<\/p>\n","protected":false},"author":3,"featured_media":0,"comment_status":"closed","ping_status":"open","sticky":false,"template":"","format":"standard","meta":{"footnotes":""},"categories":[26],"tags":[],"class_list":["post-56319","post","type-post","status-publish","format-standard","hentry","category-sociedad"],"yoast_head":"<!-- This site is optimized with the Yoast SEO plugin v25.9 - https:\/\/yoast.com\/wordpress\/plugins\/seo\/ -->\n<title>Falleci\u00f3 Carlos Griguol, maestro del f\u00fatbol argentino - Noticias Radio Reflejos<\/title>\n<meta name=\"robots\" content=\"index, follow, max-snippet:-1, max-image-preview:large, max-video-preview:-1\" \/>\n<link rel=\"canonical\" href=\"https:\/\/www.noticiasradioreflejos.com.ar\/2021\/fallecio-carlos-griguol-maestro-del-futbol-argentino\/\" \/>\n<meta property=\"og:locale\" content=\"es_ES\" \/>\n<meta property=\"og:type\" content=\"article\" \/>\n<meta property=\"og:title\" content=\"Falleci\u00f3 Carlos Griguol, maestro del f\u00fatbol argentino - Noticias Radio Reflejos\" \/>\n<meta property=\"og:description\" content=\"El ex DT campe\u00f3n con Rosario Central, Ferro Carril Oeste y River Plate, falleci\u00f3 a los 86 a\u00f1os, confirm\u00f3 el exfutbolista V\u00edctor Hugo Marchesini, uno de sus yernos.\" \/>\n<meta property=\"og:url\" content=\"https:\/\/www.noticiasradioreflejos.com.ar\/2021\/fallecio-carlos-griguol-maestro-del-futbol-argentino\/\" \/>\n<meta property=\"og:site_name\" content=\"Noticias Radio Reflejos\" \/>\n<meta property=\"article:published_time\" content=\"2021-05-06T11:25:16+00:00\" \/>\n<meta property=\"og:image\" content=\"https:\/\/www.telam.com.ar\/advf\/imagenes\/2021\/05\/6093cee73cd5d_1004x565.jpg\" \/>\n<meta name=\"author\" content=\"Arnaldo Botto\" \/>\n<meta name=\"twitter:card\" content=\"summary_large_image\" \/>\n<script type=\"application\/ld+json\" class=\"yoast-schema-graph\">{\"@context\":\"https:\/\/schema.org\",\"@graph\":[{\"@type\":\"WebPage\",\"@id\":\"https:\/\/www.noticiasradioreflejos.com.ar\/2021\/fallecio-carlos-griguol-maestro-del-futbol-argentino\/\",\"url\":\"https:\/\/www.noticiasradioreflejos.com.ar\/2021\/fallecio-carlos-griguol-maestro-del-futbol-argentino\/\",\"name\":\"Falleci\u00f3 Carlos Griguol, maestro del f\u00fatbol argentino - Noticias Radio Reflejos\",\"isPartOf\":{\"@id\":\"https:\/\/www.noticiasradioreflejos.com.ar\/2021\/#website\"},\"primaryImageOfPage\":{\"@id\":\"https:\/\/www.noticiasradioreflejos.com.ar\/2021\/fallecio-carlos-griguol-maestro-del-futbol-argentino\/#primaryimage\"},\"image\":{\"@id\":\"https:\/\/www.noticiasradioreflejos.com.ar\/2021\/fallecio-carlos-griguol-maestro-del-futbol-argentino\/#primaryimage\"},\"thumbnailUrl\":\"https:\/\/www.telam.com.ar\/advf\/imagenes\/2021\/05\/6093cee73cd5d_1004x565.jpg\",\"datePublished\":\"2021-05-06T11:25:16+00:00\",\"author\":{\"@id\":\"https:\/\/www.noticiasradioreflejos.com.ar\/2021\/#\/schema\/person\/ad82545263dcc5ec0996818884fd5fb1\"},\"breadcrumb\":{\"@id\":\"https:\/\/www.noticiasradioreflejos.com.ar\/2021\/fallecio-carlos-griguol-maestro-del-futbol-argentino\/#breadcrumb\"},\"inLanguage\":\"es\",\"potentialAction\":[{\"@type\":\"ReadAction\",\"target\":[\"https:\/\/www.noticiasradioreflejos.com.ar\/2021\/fallecio-carlos-griguol-maestro-del-futbol-argentino\/\"]}]},{\"@type\":\"ImageObject\",\"inLanguage\":\"es\",\"@id\":\"https:\/\/www.noticiasradioreflejos.com.ar\/2021\/fallecio-carlos-griguol-maestro-del-futbol-argentino\/#primaryimage\",\"url\":\"https:\/\/www.telam.com.ar\/advf\/imagenes\/2021\/05\/6093cee73cd5d_1004x565.jpg\",\"contentUrl\":\"https:\/\/www.telam.com.ar\/advf\/imagenes\/2021\/05\/6093cee73cd5d_1004x565.jpg\"},{\"@type\":\"BreadcrumbList\",\"@id\":\"https:\/\/www.noticiasradioreflejos.com.ar\/2021\/fallecio-carlos-griguol-maestro-del-futbol-argentino\/#breadcrumb\",\"itemListElement\":[{\"@type\":\"ListItem\",\"position\":1,\"name\":\"Portada\",\"item\":\"https:\/\/www.noticiasradioreflejos.com.ar\/2021\/\"},{\"@type\":\"ListItem\",\"position\":2,\"name\":\"Falleci\u00f3 Carlos Griguol, maestro del f\u00fatbol argentino\"}]},{\"@type\":\"WebSite\",\"@id\":\"https:\/\/www.noticiasradioreflejos.com.ar\/2021\/#website\",\"url\":\"https:\/\/www.noticiasradioreflejos.com.ar\/2021\/\",\"name\":\"Noticias Radio Reflejos\",\"description\":\"Las noticias de mi comarca\",\"potentialAction\":[{\"@type\":\"SearchAction\",\"target\":{\"@type\":\"EntryPoint\",\"urlTemplate\":\"https:\/\/www.noticiasradioreflejos.com.ar\/2021\/?s={search_term_string}\"},\"query-input\":{\"@type\":\"PropertyValueSpecification\",\"valueRequired\":true,\"valueName\":\"search_term_string\"}}],\"inLanguage\":\"es\"},{\"@type\":\"Person\",\"@id\":\"https:\/\/www.noticiasradioreflejos.com.ar\/2021\/#\/schema\/person\/ad82545263dcc5ec0996818884fd5fb1\",\"name\":\"Arnaldo Botto\",\"image\":{\"@type\":\"ImageObject\",\"inLanguage\":\"es\",\"@id\":\"https:\/\/www.noticiasradioreflejos.com.ar\/2021\/#\/schema\/person\/image\/\",\"url\":\"https:\/\/secure.gravatar.com\/avatar\/55cb5e37c1efa326397366e6974cb338056df65cb50e7d64d1cf314e87504837?s=96&d=mm&r=g\",\"contentUrl\":\"https:\/\/secure.gravatar.com\/avatar\/55cb5e37c1efa326397366e6974cb338056df65cb50e7d64d1cf314e87504837?s=96&d=mm&r=g\",\"caption\":\"Arnaldo Botto\"},\"url\":\"https:\/\/www.noticiasradioreflejos.com.ar\/2021\/author\/arnaldo\/\"}]}<\/script>\n<!-- \/ Yoast SEO plugin. -->","yoast_head_json":{"title":"Falleci\u00f3 Carlos Griguol, maestro del f\u00fatbol argentino - Noticias Radio Reflejos","robots":{"index":"index","follow":"follow","max-snippet":"max-snippet:-1","max-image-preview":"max-image-preview:large","max-video-preview":"max-video-preview:-1"},"canonical":"https:\/\/www.noticiasradioreflejos.com.ar\/2021\/fallecio-carlos-griguol-maestro-del-futbol-argentino\/","og_locale":"es_ES","og_type":"article","og_title":"Falleci\u00f3 Carlos Griguol, maestro del f\u00fatbol argentino - Noticias Radio Reflejos","og_description":"El ex DT campe\u00f3n con Rosario Central, Ferro Carril Oeste y River Plate, falleci\u00f3 a los 86 a\u00f1os, confirm\u00f3 el exfutbolista V\u00edctor Hugo Marchesini, uno de sus yernos.","og_url":"https:\/\/www.noticiasradioreflejos.com.ar\/2021\/fallecio-carlos-griguol-maestro-del-futbol-argentino\/","og_site_name":"Noticias Radio Reflejos","article_published_time":"2021-05-06T11:25:16+00:00","og_image":[{"url":"https:\/\/www.telam.com.ar\/advf\/imagenes\/2021\/05\/6093cee73cd5d_1004x565.jpg","type":"","width":"","height":""}],"author":"Arnaldo Botto","twitter_card":"summary_large_image","schema":{"@context":"https:\/\/schema.org","@graph":[{"@type":"WebPage","@id":"https:\/\/www.noticiasradioreflejos.com.ar\/2021\/fallecio-carlos-griguol-maestro-del-futbol-argentino\/","url":"https:\/\/www.noticiasradioreflejos.com.ar\/2021\/fallecio-carlos-griguol-maestro-del-futbol-argentino\/","name":"Falleci\u00f3 Carlos Griguol, maestro del f\u00fatbol argentino - Noticias Radio Reflejos","isPartOf":{"@id":"https:\/\/www.noticiasradioreflejos.com.ar\/2021\/#website"},"primaryImageOfPage":{"@id":"https:\/\/www.noticiasradioreflejos.com.ar\/2021\/fallecio-carlos-griguol-maestro-del-futbol-argentino\/#primaryimage"},"image":{"@id":"https:\/\/www.noticiasradioreflejos.com.ar\/2021\/fallecio-carlos-griguol-maestro-del-futbol-argentino\/#primaryimage"},"thumbnailUrl":"https:\/\/www.telam.com.ar\/advf\/imagenes\/2021\/05\/6093cee73cd5d_1004x565.jpg","datePublished":"2021-05-06T11:25:16+00:00","author":{"@id":"https:\/\/www.noticiasradioreflejos.com.ar\/2021\/#\/schema\/person\/ad82545263dcc5ec0996818884fd5fb1"},"breadcrumb":{"@id":"https:\/\/www.noticiasradioreflejos.com.ar\/2021\/fallecio-carlos-griguol-maestro-del-futbol-argentino\/#breadcrumb"},"inLanguage":"es","potentialAction":[{"@type":"ReadAction","target":["https:\/\/www.noticiasradioreflejos.com.ar\/2021\/fallecio-carlos-griguol-maestro-del-futbol-argentino\/"]}]},{"@type":"ImageObject","inLanguage":"es","@id":"https:\/\/www.noticiasradioreflejos.com.ar\/2021\/fallecio-carlos-griguol-maestro-del-futbol-argentino\/#primaryimage","url":"https:\/\/www.telam.com.ar\/advf\/imagenes\/2021\/05\/6093cee73cd5d_1004x565.jpg","contentUrl":"https:\/\/www.telam.com.ar\/advf\/imagenes\/2021\/05\/6093cee73cd5d_1004x565.jpg"},{"@type":"BreadcrumbList","@id":"https:\/\/www.noticiasradioreflejos.com.ar\/2021\/fallecio-carlos-griguol-maestro-del-futbol-argentino\/#breadcrumb","itemListElement":[{"@type":"ListItem","position":1,"name":"Portada","item":"https:\/\/www.noticiasradioreflejos.com.ar\/2021\/"},{"@type":"ListItem","position":2,"name":"Falleci\u00f3 Carlos Griguol, maestro del f\u00fatbol argentino"}]},{"@type":"WebSite","@id":"https:\/\/www.noticiasradioreflejos.com.ar\/2021\/#website","url":"https:\/\/www.noticiasradioreflejos.com.ar\/2021\/","name":"Noticias Radio Reflejos","description":"Las noticias de mi comarca","potentialAction":[{"@type":"SearchAction","target":{"@type":"EntryPoint","urlTemplate":"https:\/\/www.noticiasradioreflejos.com.ar\/2021\/?s={search_term_string}"},"query-input":{"@type":"PropertyValueSpecification","valueRequired":true,"valueName":"search_term_string"}}],"inLanguage":"es"},{"@type":"Person","@id":"https:\/\/www.noticiasradioreflejos.com.ar\/2021\/#\/schema\/person\/ad82545263dcc5ec0996818884fd5fb1","name":"Arnaldo Botto","image":{"@type":"ImageObject","inLanguage":"es","@id":"https:\/\/www.noticiasradioreflejos.com.ar\/2021\/#\/schema\/person\/image\/","url":"https:\/\/secure.gravatar.com\/avatar\/55cb5e37c1efa326397366e6974cb338056df65cb50e7d64d1cf314e87504837?s=96&d=mm&r=g","contentUrl":"https:\/\/secure.gravatar.com\/avatar\/55cb5e37c1efa326397366e6974cb338056df65cb50e7d64d1cf314e87504837?s=96&d=mm&r=g","caption":"Arnaldo Botto"},"url":"https:\/\/www.noticiasradioreflejos.com.ar\/2021\/author\/arnaldo\/"}]}},"_links":{"self":[{"href":"https:\/\/www.noticiasradioreflejos.com.ar\/2021\/wp-json\/wp\/v2\/posts\/56319","targetHints":{"allow":["GET"]}}],"collection":[{"href":"https:\/\/www.noticiasradioreflejos.com.ar\/2021\/wp-json\/wp\/v2\/posts"}],"about":[{"href":"https:\/\/www.noticiasradioreflejos.com.ar\/2021\/wp-json\/wp\/v2\/types\/post"}],"author":[{"embeddable":true,"href":"https:\/\/www.noticiasradioreflejos.com.ar\/2021\/wp-json\/wp\/v2\/users\/3"}],"replies":[{"embeddable":true,"href":"https:\/\/www.noticiasradioreflejos.com.ar\/2021\/wp-json\/wp\/v2\/comments?post=56319"}],"version-history":[{"count":0,"href":"https:\/\/www.noticiasradioreflejos.com.ar\/2021\/wp-json\/wp\/v2\/posts\/56319\/revisions"}],"wp:attachment":[{"href":"https:\/\/www.noticiasradioreflejos.com.ar\/2021\/wp-json\/wp\/v2\/media?parent=56319"}],"wp:term":[{"taxonomy":"category","embeddable":true,"href":"https:\/\/www.noticiasradioreflejos.com.ar\/2021\/wp-json\/wp\/v2\/categories?post=56319"},{"taxonomy":"post_tag","embeddable":true,"href":"https:\/\/www.noticiasradioreflejos.com.ar\/2021\/wp-json\/wp\/v2\/tags?post=56319"}],"curies":[{"name":"wp","href":"https:\/\/api.w.org\/{rel}","templated":true}]}}