{"id":56317,"date":"2021-05-06T08:16:22","date_gmt":"2021-05-06T11:16:22","guid":{"rendered":"http:\/\/www.noticiasradioreflejos.com.ar\/noticias\/?p=56317"},"modified":"2021-05-06T08:16:22","modified_gmt":"2021-05-06T11:16:22","slug":"kicillof-visita-bahia-y-presentara-obras-para-mitigar-la-crisis-del-agua","status":"publish","type":"post","link":"https:\/\/www.noticiasradioreflejos.com.ar\/2021\/kicillof-visita-bahia-y-presentara-obras-para-mitigar-la-crisis-del-agua\/","title":{"rendered":"Kicillof visita Bah\u00eda y presentar\u00e1 obras para mitigar la crisis del agua"},"content":{"rendered":"<p>El gobernador de la provincia de Buenos Aires tambi\u00e9n encabezar\u00e1 un acto en la sede de la Polic\u00eda Departamental. A comienzos de semana llegaron 60 nuevos patrulleros para la fuerza.<!--more--><\/p>\n<div class=\"mvp-post-main-out left relative\">\n<div class=\"mvp-post-main-in\">\n<div id=\"mvp-post-content\" class=\"left relative\">\n<div id=\"mvp-post-feat-img\" class=\"left relative mvp-post-feat-img-wide2\"><img loading=\"lazy\" decoding=\"async\" class=\"attachment- size- wp-post-image\" src=\"https:\/\/www.labrujula24.com\/wp-content\/uploads\/2021\/05\/Untitled-1-3.jpg\" sizes=\"auto, (max-width: 1200px) 100vw, 1200px\" srcset=\"https:\/\/www.labrujula24.com\/wp-content\/uploads\/2021\/05\/Untitled-1-3.jpg 1200w, https:\/\/www.labrujula24.com\/wp-content\/uploads\/2021\/05\/Untitled-1-3-768x461.jpg 768w, https:\/\/www.labrujula24.com\/wp-content\/uploads\/2021\/05\/Untitled-1-3-1000x600.jpg 1000w, https:\/\/www.labrujula24.com\/wp-content\/uploads\/2021\/05\/Untitled-1-3-590x354.jpg 590w, https:\/\/www.labrujula24.com\/wp-content\/uploads\/2021\/05\/Untitled-1-3-400x240.jpg 400w\" alt=\"\" width=\"1200\" height=\"720\" \/><\/div>\n<div id=\"mvp-content-wrap\" class=\"left relative\">\n<div class=\"mvp-post-soc-out right relative\">\n<div class=\"mvp-post-soc-in\">\n<div id=\"mvp-content-body\" class=\"left relative\">\n<div id=\"mvp-content-body-top\" class=\"left relative\">\n<div id=\"mvp-content-main\" class=\"left relative\">\n<div id=\"textbody\">\n<div class=\"code-block code-block-9\"><\/div>\n<div class=\"code-block code-block-2\"><\/div>\n<p>Tras la postergaci\u00f3n de la actividad que ten\u00eda planeada el pasado lunes, este jueves el gobernador de la provincia de Buenos Aires llega de visita a Bah\u00eda Blanca.<\/p>\n<p>Aunque no se inform\u00f3 un cronograma de forma oficial, el mandatario bonaerense encabezar\u00eda un acto a las 10.30 frente a la sede de la Polic\u00eda Departamental, en Alem 863.<strong>\u00a0<a href=\"https:\/\/www.labrujula24.com\/notas\/2021\/05\/03\/entregan-60-patrulleros-para-la-policia-de-bahia-y-la-region-n126695\/\">A inicios de semana llegaron a la ciudad 60 nuevos patrulleros para la fuerza.<\/a><\/strong>\u00a0Se trata de camionetas pick up Ford Ranger. Adem\u00e1s, arrib\u00f3 un micro para traslados de detenidos.<\/p>\n<div class=\"code-block code-block-11\"><\/div>\n<p>M\u00e1s tarde, Kicillof se trasladar\u00e1 a la sede de la empresa ABSA, en el barrio Patagonia, en donde presentar\u00e1 importantes obras para mitigar la crisis del agua que vive Bah\u00eda Blanca desde hace a\u00f1os. Se espera que en ese lugar tenga contacto con la prensa.<\/p>\n<p><strong>CALLE CORTADA Y CAMBIO DE RECORRIDOS DE MICROS<\/strong><\/p>\n<div class=\"code-block code-block-1\"><\/div>\n<p>Debido a la actividad que encabezar\u00e1 ma\u00f1ana el gobernador en la sede de la Departamental de Polic\u00eda, a partir de las 00 horas del jueves 6 de mayo y hasta que finalice el acto permanecer\u00e1 cerrada al tr\u00e1nsito vehicular avenida Alem, entre Salta y Paraguay.<\/p>\n<p>Por el mismo motivo, desde las 7 se cortar\u00e1 la circulaci\u00f3n en los siguientes tramos:<\/p>\n<p>-Alem, entre Santiago del Estero y Casanova.<\/p>\n<p>-Paraguay, entre 12 de Octubre y Panam\u00e1<\/p>\n<p>-Salta, entre 12 de Octubre y Panam\u00e1.<\/p>\n<p>Los micros que transitan por el lugar buscar\u00e1n v\u00edas alternativas, por lo que se sugiere tomarlos antes o despu\u00e9s del tramo cortado, dentro del recorrido de cada l\u00ednea.<\/p>\n<\/div>\n<p><span style=\"color: #003366;\"><strong>Fuente La Br\u00fajula<\/strong><\/span><\/p>\n<\/div>\n<\/div>\n<\/div>\n<\/div>\n<\/div>\n<\/div>\n<\/div>\n<\/div>\n<\/div>\n","protected":false},"excerpt":{"rendered":"<p>El gobernador de la provincia de Buenos Aires tambi\u00e9n encabezar\u00e1 un acto en la sede de la Polic\u00eda Departamental. A comienzos de semana llegaron 60 nuevos patrulleros para la fuerza.<\/p>\n","protected":false},"author":3,"featured_media":0,"comment_status":"closed","ping_status":"open","sticky":false,"template":"","format":"standard","meta":{"footnotes":""},"categories":[24],"tags":[],"class_list":["post-56317","post","type-post","status-publish","format-standard","hentry","category-politica"],"yoast_head":"<!-- This site is optimized with the Yoast SEO plugin v25.9 - https:\/\/yoast.com\/wordpress\/plugins\/seo\/ -->\n<title>Kicillof visita Bah\u00eda y presentar\u00e1 obras para mitigar la crisis del agua - Noticias Radio Reflejos<\/title>\n<meta name=\"robots\" content=\"index, follow, max-snippet:-1, max-image-preview:large, max-video-preview:-1\" \/>\n<link rel=\"canonical\" href=\"https:\/\/www.noticiasradioreflejos.com.ar\/2021\/kicillof-visita-bahia-y-presentara-obras-para-mitigar-la-crisis-del-agua\/\" \/>\n<meta property=\"og:locale\" content=\"es_ES\" \/>\n<meta property=\"og:type\" content=\"article\" \/>\n<meta property=\"og:title\" content=\"Kicillof visita Bah\u00eda y presentar\u00e1 obras para mitigar la crisis del agua - Noticias Radio Reflejos\" \/>\n<meta property=\"og:description\" content=\"El gobernador de la provincia de Buenos Aires tambi\u00e9n encabezar\u00e1 un acto en la sede de la Polic\u00eda Departamental. A comienzos de semana llegaron 60 nuevos patrulleros para la fuerza.\" \/>\n<meta property=\"og:url\" content=\"https:\/\/www.noticiasradioreflejos.com.ar\/2021\/kicillof-visita-bahia-y-presentara-obras-para-mitigar-la-crisis-del-agua\/\" \/>\n<meta property=\"og:site_name\" content=\"Noticias Radio Reflejos\" \/>\n<meta property=\"article:published_time\" content=\"2021-05-06T11:16:22+00:00\" \/>\n<meta property=\"og:image\" content=\"https:\/\/www.labrujula24.com\/wp-content\/uploads\/2021\/05\/Untitled-1-3.jpg\" \/>\n<meta name=\"author\" content=\"Arnaldo Botto\" \/>\n<meta name=\"twitter:card\" content=\"summary_large_image\" \/>\n<script type=\"application\/ld+json\" class=\"yoast-schema-graph\">{\"@context\":\"https:\/\/schema.org\",\"@graph\":[{\"@type\":\"WebPage\",\"@id\":\"https:\/\/www.noticiasradioreflejos.com.ar\/2021\/kicillof-visita-bahia-y-presentara-obras-para-mitigar-la-crisis-del-agua\/\",\"url\":\"https:\/\/www.noticiasradioreflejos.com.ar\/2021\/kicillof-visita-bahia-y-presentara-obras-para-mitigar-la-crisis-del-agua\/\",\"name\":\"Kicillof visita Bah\u00eda y presentar\u00e1 obras para mitigar la crisis del agua - Noticias Radio Reflejos\",\"isPartOf\":{\"@id\":\"https:\/\/www.noticiasradioreflejos.com.ar\/2021\/#website\"},\"primaryImageOfPage\":{\"@id\":\"https:\/\/www.noticiasradioreflejos.com.ar\/2021\/kicillof-visita-bahia-y-presentara-obras-para-mitigar-la-crisis-del-agua\/#primaryimage\"},\"image\":{\"@id\":\"https:\/\/www.noticiasradioreflejos.com.ar\/2021\/kicillof-visita-bahia-y-presentara-obras-para-mitigar-la-crisis-del-agua\/#primaryimage\"},\"thumbnailUrl\":\"https:\/\/www.labrujula24.com\/wp-content\/uploads\/2021\/05\/Untitled-1-3.jpg\",\"datePublished\":\"2021-05-06T11:16:22+00:00\",\"author\":{\"@id\":\"https:\/\/www.noticiasradioreflejos.com.ar\/2021\/#\/schema\/person\/ad82545263dcc5ec0996818884fd5fb1\"},\"breadcrumb\":{\"@id\":\"https:\/\/www.noticiasradioreflejos.com.ar\/2021\/kicillof-visita-bahia-y-presentara-obras-para-mitigar-la-crisis-del-agua\/#breadcrumb\"},\"inLanguage\":\"es\",\"potentialAction\":[{\"@type\":\"ReadAction\",\"target\":[\"https:\/\/www.noticiasradioreflejos.com.ar\/2021\/kicillof-visita-bahia-y-presentara-obras-para-mitigar-la-crisis-del-agua\/\"]}]},{\"@type\":\"ImageObject\",\"inLanguage\":\"es\",\"@id\":\"https:\/\/www.noticiasradioreflejos.com.ar\/2021\/kicillof-visita-bahia-y-presentara-obras-para-mitigar-la-crisis-del-agua\/#primaryimage\",\"url\":\"https:\/\/www.labrujula24.com\/wp-content\/uploads\/2021\/05\/Untitled-1-3.jpg\",\"contentUrl\":\"https:\/\/www.labrujula24.com\/wp-content\/uploads\/2021\/05\/Untitled-1-3.jpg\"},{\"@type\":\"BreadcrumbList\",\"@id\":\"https:\/\/www.noticiasradioreflejos.com.ar\/2021\/kicillof-visita-bahia-y-presentara-obras-para-mitigar-la-crisis-del-agua\/#breadcrumb\",\"itemListElement\":[{\"@type\":\"ListItem\",\"position\":1,\"name\":\"Portada\",\"item\":\"https:\/\/www.noticiasradioreflejos.com.ar\/2021\/\"},{\"@type\":\"ListItem\",\"position\":2,\"name\":\"Kicillof visita Bah\u00eda y presentar\u00e1 obras para mitigar la crisis del agua\"}]},{\"@type\":\"WebSite\",\"@id\":\"https:\/\/www.noticiasradioreflejos.com.ar\/2021\/#website\",\"url\":\"https:\/\/www.noticiasradioreflejos.com.ar\/2021\/\",\"name\":\"Noticias Radio Reflejos\",\"description\":\"Las noticias de mi comarca\",\"potentialAction\":[{\"@type\":\"SearchAction\",\"target\":{\"@type\":\"EntryPoint\",\"urlTemplate\":\"https:\/\/www.noticiasradioreflejos.com.ar\/2021\/?s={search_term_string}\"},\"query-input\":{\"@type\":\"PropertyValueSpecification\",\"valueRequired\":true,\"valueName\":\"search_term_string\"}}],\"inLanguage\":\"es\"},{\"@type\":\"Person\",\"@id\":\"https:\/\/www.noticiasradioreflejos.com.ar\/2021\/#\/schema\/person\/ad82545263dcc5ec0996818884fd5fb1\",\"name\":\"Arnaldo Botto\",\"image\":{\"@type\":\"ImageObject\",\"inLanguage\":\"es\",\"@id\":\"https:\/\/www.noticiasradioreflejos.com.ar\/2021\/#\/schema\/person\/image\/\",\"url\":\"https:\/\/secure.gravatar.com\/avatar\/55cb5e37c1efa326397366e6974cb338056df65cb50e7d64d1cf314e87504837?s=96&d=mm&r=g\",\"contentUrl\":\"https:\/\/secure.gravatar.com\/avatar\/55cb5e37c1efa326397366e6974cb338056df65cb50e7d64d1cf314e87504837?s=96&d=mm&r=g\",\"caption\":\"Arnaldo Botto\"},\"url\":\"https:\/\/www.noticiasradioreflejos.com.ar\/2021\/author\/arnaldo\/\"}]}<\/script>\n<!-- \/ Yoast SEO plugin. -->","yoast_head_json":{"title":"Kicillof visita Bah\u00eda y presentar\u00e1 obras para mitigar la crisis del agua - Noticias Radio Reflejos","robots":{"index":"index","follow":"follow","max-snippet":"max-snippet:-1","max-image-preview":"max-image-preview:large","max-video-preview":"max-video-preview:-1"},"canonical":"https:\/\/www.noticiasradioreflejos.com.ar\/2021\/kicillof-visita-bahia-y-presentara-obras-para-mitigar-la-crisis-del-agua\/","og_locale":"es_ES","og_type":"article","og_title":"Kicillof visita Bah\u00eda y presentar\u00e1 obras para mitigar la crisis del agua - Noticias Radio Reflejos","og_description":"El gobernador de la provincia de Buenos Aires tambi\u00e9n encabezar\u00e1 un acto en la sede de la Polic\u00eda Departamental. A comienzos de semana llegaron 60 nuevos patrulleros para la fuerza.","og_url":"https:\/\/www.noticiasradioreflejos.com.ar\/2021\/kicillof-visita-bahia-y-presentara-obras-para-mitigar-la-crisis-del-agua\/","og_site_name":"Noticias Radio Reflejos","article_published_time":"2021-05-06T11:16:22+00:00","og_image":[{"url":"https:\/\/www.labrujula24.com\/wp-content\/uploads\/2021\/05\/Untitled-1-3.jpg","type":"","width":"","height":""}],"author":"Arnaldo Botto","twitter_card":"summary_large_image","schema":{"@context":"https:\/\/schema.org","@graph":[{"@type":"WebPage","@id":"https:\/\/www.noticiasradioreflejos.com.ar\/2021\/kicillof-visita-bahia-y-presentara-obras-para-mitigar-la-crisis-del-agua\/","url":"https:\/\/www.noticiasradioreflejos.com.ar\/2021\/kicillof-visita-bahia-y-presentara-obras-para-mitigar-la-crisis-del-agua\/","name":"Kicillof visita Bah\u00eda y presentar\u00e1 obras para mitigar la crisis del agua - Noticias Radio Reflejos","isPartOf":{"@id":"https:\/\/www.noticiasradioreflejos.com.ar\/2021\/#website"},"primaryImageOfPage":{"@id":"https:\/\/www.noticiasradioreflejos.com.ar\/2021\/kicillof-visita-bahia-y-presentara-obras-para-mitigar-la-crisis-del-agua\/#primaryimage"},"image":{"@id":"https:\/\/www.noticiasradioreflejos.com.ar\/2021\/kicillof-visita-bahia-y-presentara-obras-para-mitigar-la-crisis-del-agua\/#primaryimage"},"thumbnailUrl":"https:\/\/www.labrujula24.com\/wp-content\/uploads\/2021\/05\/Untitled-1-3.jpg","datePublished":"2021-05-06T11:16:22+00:00","author":{"@id":"https:\/\/www.noticiasradioreflejos.com.ar\/2021\/#\/schema\/person\/ad82545263dcc5ec0996818884fd5fb1"},"breadcrumb":{"@id":"https:\/\/www.noticiasradioreflejos.com.ar\/2021\/kicillof-visita-bahia-y-presentara-obras-para-mitigar-la-crisis-del-agua\/#breadcrumb"},"inLanguage":"es","potentialAction":[{"@type":"ReadAction","target":["https:\/\/www.noticiasradioreflejos.com.ar\/2021\/kicillof-visita-bahia-y-presentara-obras-para-mitigar-la-crisis-del-agua\/"]}]},{"@type":"ImageObject","inLanguage":"es","@id":"https:\/\/www.noticiasradioreflejos.com.ar\/2021\/kicillof-visita-bahia-y-presentara-obras-para-mitigar-la-crisis-del-agua\/#primaryimage","url":"https:\/\/www.labrujula24.com\/wp-content\/uploads\/2021\/05\/Untitled-1-3.jpg","contentUrl":"https:\/\/www.labrujula24.com\/wp-content\/uploads\/2021\/05\/Untitled-1-3.jpg"},{"@type":"BreadcrumbList","@id":"https:\/\/www.noticiasradioreflejos.com.ar\/2021\/kicillof-visita-bahia-y-presentara-obras-para-mitigar-la-crisis-del-agua\/#breadcrumb","itemListElement":[{"@type":"ListItem","position":1,"name":"Portada","item":"https:\/\/www.noticiasradioreflejos.com.ar\/2021\/"},{"@type":"ListItem","position":2,"name":"Kicillof visita Bah\u00eda y presentar\u00e1 obras para mitigar la crisis del agua"}]},{"@type":"WebSite","@id":"https:\/\/www.noticiasradioreflejos.com.ar\/2021\/#website","url":"https:\/\/www.noticiasradioreflejos.com.ar\/2021\/","name":"Noticias Radio Reflejos","description":"Las noticias de mi comarca","potentialAction":[{"@type":"SearchAction","target":{"@type":"EntryPoint","urlTemplate":"https:\/\/www.noticiasradioreflejos.com.ar\/2021\/?s={search_term_string}"},"query-input":{"@type":"PropertyValueSpecification","valueRequired":true,"valueName":"search_term_string"}}],"inLanguage":"es"},{"@type":"Person","@id":"https:\/\/www.noticiasradioreflejos.com.ar\/2021\/#\/schema\/person\/ad82545263dcc5ec0996818884fd5fb1","name":"Arnaldo Botto","image":{"@type":"ImageObject","inLanguage":"es","@id":"https:\/\/www.noticiasradioreflejos.com.ar\/2021\/#\/schema\/person\/image\/","url":"https:\/\/secure.gravatar.com\/avatar\/55cb5e37c1efa326397366e6974cb338056df65cb50e7d64d1cf314e87504837?s=96&d=mm&r=g","contentUrl":"https:\/\/secure.gravatar.com\/avatar\/55cb5e37c1efa326397366e6974cb338056df65cb50e7d64d1cf314e87504837?s=96&d=mm&r=g","caption":"Arnaldo Botto"},"url":"https:\/\/www.noticiasradioreflejos.com.ar\/2021\/author\/arnaldo\/"}]}},"_links":{"self":[{"href":"https:\/\/www.noticiasradioreflejos.com.ar\/2021\/wp-json\/wp\/v2\/posts\/56317","targetHints":{"allow":["GET"]}}],"collection":[{"href":"https:\/\/www.noticiasradioreflejos.com.ar\/2021\/wp-json\/wp\/v2\/posts"}],"about":[{"href":"https:\/\/www.noticiasradioreflejos.com.ar\/2021\/wp-json\/wp\/v2\/types\/post"}],"author":[{"embeddable":true,"href":"https:\/\/www.noticiasradioreflejos.com.ar\/2021\/wp-json\/wp\/v2\/users\/3"}],"replies":[{"embeddable":true,"href":"https:\/\/www.noticiasradioreflejos.com.ar\/2021\/wp-json\/wp\/v2\/comments?post=56317"}],"version-history":[{"count":0,"href":"https:\/\/www.noticiasradioreflejos.com.ar\/2021\/wp-json\/wp\/v2\/posts\/56317\/revisions"}],"wp:attachment":[{"href":"https:\/\/www.noticiasradioreflejos.com.ar\/2021\/wp-json\/wp\/v2\/media?parent=56317"}],"wp:term":[{"taxonomy":"category","embeddable":true,"href":"https:\/\/www.noticiasradioreflejos.com.ar\/2021\/wp-json\/wp\/v2\/categories?post=56317"},{"taxonomy":"post_tag","embeddable":true,"href":"https:\/\/www.noticiasradioreflejos.com.ar\/2021\/wp-json\/wp\/v2\/tags?post=56317"}],"curies":[{"name":"wp","href":"https:\/\/api.w.org\/{rel}","templated":true}]}}