{"id":56314,"date":"2021-05-06T08:14:22","date_gmt":"2021-05-06T11:14:22","guid":{"rendered":"http:\/\/www.noticiasradioreflejos.com.ar\/noticias\/?p=56314"},"modified":"2021-05-06T08:14:22","modified_gmt":"2021-05-06T11:14:22","slug":"rio-negro-con-nuevos-requisitos-para-ingresar-por-turismo","status":"publish","type":"post","link":"https:\/\/www.noticiasradioreflejos.com.ar\/2021\/rio-negro-con-nuevos-requisitos-para-ingresar-por-turismo\/","title":{"rendered":"R\u00edo Negro, con nuevos requisitos para ingresar por turismo"},"content":{"rendered":"<p>Desde esta semana, se pide \u00abtest de Covid-19 negativo para quienes ingresen al territorio por transporte p\u00fablico de larga distancia, sea \u00f3mnibus o avi\u00f3n\u00bb.<!--more--><\/p>\n<p>El Ministerio de Salud de R\u00edo Negro inform\u00f3 que rigen desde esta semana los nuevos requisitos para quienes visiten la provincia con fines tur\u00edsticos, que contemplan \u00abel test de Covid-19 negativo para quienes ingresen al territorio por transporte p\u00fablico de larga distancia, sea \u00f3mnibus o avi\u00f3n\u00bb.<\/p>\n<p>La ministra de Turismo y Deportes, Martha V\u00e9lez, destac\u00f3 que acompa\u00f1aba \u00ablas medidas recomendadas y resueltas por el Ministerio de Salud ante el escenario particular que presenta la provincia con zonas de alerta como la regi\u00f3n cordillerana y zonas de riesgo como los departamentos de General Roca y Adolfo Alsina\u00bb.<\/p>\n<p>Los nuevos requisitos de la cartera sanitaria provincial rigen desde esta semana mediante en el marco de la resoluci\u00f3n n\u00b02996, y \u00abcontemplan el test de Covid-19 negativo para quienes ingresen al territorio por transporte p\u00fablico de larga distancia, sea \u00f3mnibus o avi\u00f3n\u00bb.<\/p>\n<blockquote class=\"small-left\"><p>Quedar\u00e1n exceptuados de presentar el test quienes arriben en veh\u00edculos particulares y los que circulen en transporte interurbano provincial e interprovincial<\/p><\/blockquote>\n<p>Asimismo \u00abse permitir\u00e1 la presentaci\u00f3n de prueba PCR o test r\u00e1pido siempre y cuando tenga la firma de un laboratorio habilitado\u00bb.<\/p>\n<p>\u00abQuedar\u00e1n exceptuados de presentar el test quienes arriben a R\u00edo Negro en veh\u00edculos particulares y los que circulen en transpote interurbano provincial e interprovincial\u00bb, como por ejemplo entre Viedma y Carmen de Patagones o Cipolletti y Neuqu\u00e9n.<\/p>\n<p>Tambi\u00e9n \u00abestar\u00e1n exentos de hacerlo los ni\u00f1os y ni\u00f1as menores de 10 a\u00f1os que viajen en \u00f3mnibus o avi\u00f3n con acompa\u00f1ante\u00bb.<\/p>\n<p>\u00abSe deber\u00e1 presentar el permiso de Circulaci\u00f3n RN aprobado\u00bb que se obtiene mediante el registro en la p\u00e1gina oficial o la aplicaci\u00f3n para celulares.<\/p>\n<p>Desde el gobierno rionegrino recomendaron que para los casos de grupos familiares, \u00abun solo responsable puede gestionar el permiso incluyendo al resto de los miembros de la familia con 72 horas de anticipaci\u00f3n\u00bb.<\/p>\n<p>Con el permiso de circulaci\u00f3n aprobado, \u00abse tendr\u00e1 que ingresar al mismo y completar la declaraci\u00f3n jurada donde consta que no se presentan s\u00edntomas compatibles con el Coronavirus\u00bb.<\/p>\n<p>Seg\u00fan se inform\u00f3, \u00abel seguro-asistencia al viajero con cobertura para Covid-19 es opcional\u00bb.<\/p>\n<p>https:\/\/twitter.com\/RioNegroTurismo\/status\/1389968223832088586?ref_src=twsrc%5Etfw%7Ctwcamp%5Etweetembed%7Ctwterm%5E1389968223832088586%7Ctwgr%5E%7Ctwcon%5Es1_c10&#038;ref_url=https%3A%2F%2Fwww.telam.com.ar%2Fnotas%2F202105%2F553132-requisitos-ingreso-rio-negro-turismo.html<\/p>\n<p>En caso de las personas que acudan a alguna localidad rionegrina a pasar el d\u00eda, \u00abdeber\u00e1n solicitar el permiso de recreaci\u00f3n que es de autorizaci\u00f3n inmediata\u00bb.<\/p>\n<p>Asimismo, se recomend\u00f3 para todos los casos \u00abtramitar el certificado Cuidar\u00bb, que se gestiona en la p\u00e1gina oficial nacional.<\/p>\n<p>V\u00e9lez explic\u00f3 que \u00abes urgente contener la situaci\u00f3n y ahora es un buen momento para tomar medidas anticipadas y evitar que siga habiendo propagaci\u00f3n del virus para que la situaci\u00f3n sanitaria pueda mejorar de cara a la temporada de invierno, donde comienzan a emerger actividades tur\u00edsticas en algunas regiones de la provincia, como la cordillera\u00bb.<\/p>\n","protected":false},"excerpt":{"rendered":"<p>Desde esta semana, se pide \u00abtest de Covid-19 negativo para quienes ingresen al territorio por transporte p\u00fablico de larga distancia, sea \u00f3mnibus o avi\u00f3n\u00bb.<\/p>\n","protected":false},"author":3,"featured_media":0,"comment_status":"closed","ping_status":"open","sticky":false,"template":"","format":"standard","meta":{"footnotes":""},"categories":[24,33],"tags":[],"class_list":["post-56314","post","type-post","status-publish","format-standard","hentry","category-politica","category-turismo"],"yoast_head":"<!-- This site is optimized with the Yoast SEO plugin v25.9 - https:\/\/yoast.com\/wordpress\/plugins\/seo\/ -->\n<title>R\u00edo Negro, con nuevos requisitos para ingresar por turismo - Noticias Radio Reflejos<\/title>\n<meta name=\"robots\" content=\"index, follow, max-snippet:-1, max-image-preview:large, max-video-preview:-1\" \/>\n<link rel=\"canonical\" href=\"https:\/\/www.noticiasradioreflejos.com.ar\/2021\/rio-negro-con-nuevos-requisitos-para-ingresar-por-turismo\/\" \/>\n<meta property=\"og:locale\" content=\"es_ES\" \/>\n<meta property=\"og:type\" content=\"article\" \/>\n<meta property=\"og:title\" content=\"R\u00edo Negro, con nuevos requisitos para ingresar por turismo - Noticias Radio Reflejos\" \/>\n<meta property=\"og:description\" content=\"Desde esta semana, se pide \u00abtest de Covid-19 negativo para quienes ingresen al territorio por transporte p\u00fablico de larga distancia, sea \u00f3mnibus o avi\u00f3n\u00bb.\" \/>\n<meta property=\"og:url\" content=\"https:\/\/www.noticiasradioreflejos.com.ar\/2021\/rio-negro-con-nuevos-requisitos-para-ingresar-por-turismo\/\" \/>\n<meta property=\"og:site_name\" content=\"Noticias Radio Reflejos\" \/>\n<meta property=\"article:published_time\" content=\"2021-05-06T11:14:22+00:00\" \/>\n<meta property=\"og:image\" content=\"https:\/\/www.noticiasradioreflejos.com.ar\/2021\/wp-content\/uploads\/2021\/07\/logosol300x200.png\" \/>\n\t<meta property=\"og:image:width\" content=\"300\" \/>\n\t<meta property=\"og:image:height\" content=\"200\" \/>\n\t<meta property=\"og:image:type\" content=\"image\/png\" \/>\n<meta name=\"author\" content=\"Arnaldo Botto\" \/>\n<meta name=\"twitter:card\" content=\"summary_large_image\" \/>\n<script type=\"application\/ld+json\" class=\"yoast-schema-graph\">{\"@context\":\"https:\/\/schema.org\",\"@graph\":[{\"@type\":\"WebPage\",\"@id\":\"https:\/\/www.noticiasradioreflejos.com.ar\/2021\/rio-negro-con-nuevos-requisitos-para-ingresar-por-turismo\/\",\"url\":\"https:\/\/www.noticiasradioreflejos.com.ar\/2021\/rio-negro-con-nuevos-requisitos-para-ingresar-por-turismo\/\",\"name\":\"R\u00edo Negro, con nuevos requisitos para ingresar por turismo - Noticias Radio Reflejos\",\"isPartOf\":{\"@id\":\"https:\/\/www.noticiasradioreflejos.com.ar\/2021\/#website\"},\"datePublished\":\"2021-05-06T11:14:22+00:00\",\"author\":{\"@id\":\"https:\/\/www.noticiasradioreflejos.com.ar\/2021\/#\/schema\/person\/ad82545263dcc5ec0996818884fd5fb1\"},\"breadcrumb\":{\"@id\":\"https:\/\/www.noticiasradioreflejos.com.ar\/2021\/rio-negro-con-nuevos-requisitos-para-ingresar-por-turismo\/#breadcrumb\"},\"inLanguage\":\"es\",\"potentialAction\":[{\"@type\":\"ReadAction\",\"target\":[\"https:\/\/www.noticiasradioreflejos.com.ar\/2021\/rio-negro-con-nuevos-requisitos-para-ingresar-por-turismo\/\"]}]},{\"@type\":\"BreadcrumbList\",\"@id\":\"https:\/\/www.noticiasradioreflejos.com.ar\/2021\/rio-negro-con-nuevos-requisitos-para-ingresar-por-turismo\/#breadcrumb\",\"itemListElement\":[{\"@type\":\"ListItem\",\"position\":1,\"name\":\"Portada\",\"item\":\"https:\/\/www.noticiasradioreflejos.com.ar\/2021\/\"},{\"@type\":\"ListItem\",\"position\":2,\"name\":\"R\u00edo Negro, con nuevos requisitos para ingresar por turismo\"}]},{\"@type\":\"WebSite\",\"@id\":\"https:\/\/www.noticiasradioreflejos.com.ar\/2021\/#website\",\"url\":\"https:\/\/www.noticiasradioreflejos.com.ar\/2021\/\",\"name\":\"Noticias Radio Reflejos\",\"description\":\"Las noticias de mi comarca\",\"potentialAction\":[{\"@type\":\"SearchAction\",\"target\":{\"@type\":\"EntryPoint\",\"urlTemplate\":\"https:\/\/www.noticiasradioreflejos.com.ar\/2021\/?s={search_term_string}\"},\"query-input\":{\"@type\":\"PropertyValueSpecification\",\"valueRequired\":true,\"valueName\":\"search_term_string\"}}],\"inLanguage\":\"es\"},{\"@type\":\"Person\",\"@id\":\"https:\/\/www.noticiasradioreflejos.com.ar\/2021\/#\/schema\/person\/ad82545263dcc5ec0996818884fd5fb1\",\"name\":\"Arnaldo Botto\",\"image\":{\"@type\":\"ImageObject\",\"inLanguage\":\"es\",\"@id\":\"https:\/\/www.noticiasradioreflejos.com.ar\/2021\/#\/schema\/person\/image\/\",\"url\":\"https:\/\/secure.gravatar.com\/avatar\/55cb5e37c1efa326397366e6974cb338056df65cb50e7d64d1cf314e87504837?s=96&d=mm&r=g\",\"contentUrl\":\"https:\/\/secure.gravatar.com\/avatar\/55cb5e37c1efa326397366e6974cb338056df65cb50e7d64d1cf314e87504837?s=96&d=mm&r=g\",\"caption\":\"Arnaldo Botto\"},\"url\":\"https:\/\/www.noticiasradioreflejos.com.ar\/2021\/author\/arnaldo\/\"}]}<\/script>\n<!-- \/ Yoast SEO plugin. -->","yoast_head_json":{"title":"R\u00edo Negro, con nuevos requisitos para ingresar por turismo - Noticias Radio Reflejos","robots":{"index":"index","follow":"follow","max-snippet":"max-snippet:-1","max-image-preview":"max-image-preview:large","max-video-preview":"max-video-preview:-1"},"canonical":"https:\/\/www.noticiasradioreflejos.com.ar\/2021\/rio-negro-con-nuevos-requisitos-para-ingresar-por-turismo\/","og_locale":"es_ES","og_type":"article","og_title":"R\u00edo Negro, con nuevos requisitos para ingresar por turismo - Noticias Radio Reflejos","og_description":"Desde esta semana, se pide \u00abtest de Covid-19 negativo para quienes ingresen al territorio por transporte p\u00fablico de larga distancia, sea \u00f3mnibus o avi\u00f3n\u00bb.","og_url":"https:\/\/www.noticiasradioreflejos.com.ar\/2021\/rio-negro-con-nuevos-requisitos-para-ingresar-por-turismo\/","og_site_name":"Noticias Radio Reflejos","article_published_time":"2021-05-06T11:14:22+00:00","og_image":[{"width":300,"height":200,"url":"https:\/\/www.noticiasradioreflejos.com.ar\/2021\/wp-content\/uploads\/2021\/07\/logosol300x200.png","type":"image\/png"}],"author":"Arnaldo Botto","twitter_card":"summary_large_image","schema":{"@context":"https:\/\/schema.org","@graph":[{"@type":"WebPage","@id":"https:\/\/www.noticiasradioreflejos.com.ar\/2021\/rio-negro-con-nuevos-requisitos-para-ingresar-por-turismo\/","url":"https:\/\/www.noticiasradioreflejos.com.ar\/2021\/rio-negro-con-nuevos-requisitos-para-ingresar-por-turismo\/","name":"R\u00edo Negro, con nuevos requisitos para ingresar por turismo - Noticias Radio Reflejos","isPartOf":{"@id":"https:\/\/www.noticiasradioreflejos.com.ar\/2021\/#website"},"datePublished":"2021-05-06T11:14:22+00:00","author":{"@id":"https:\/\/www.noticiasradioreflejos.com.ar\/2021\/#\/schema\/person\/ad82545263dcc5ec0996818884fd5fb1"},"breadcrumb":{"@id":"https:\/\/www.noticiasradioreflejos.com.ar\/2021\/rio-negro-con-nuevos-requisitos-para-ingresar-por-turismo\/#breadcrumb"},"inLanguage":"es","potentialAction":[{"@type":"ReadAction","target":["https:\/\/www.noticiasradioreflejos.com.ar\/2021\/rio-negro-con-nuevos-requisitos-para-ingresar-por-turismo\/"]}]},{"@type":"BreadcrumbList","@id":"https:\/\/www.noticiasradioreflejos.com.ar\/2021\/rio-negro-con-nuevos-requisitos-para-ingresar-por-turismo\/#breadcrumb","itemListElement":[{"@type":"ListItem","position":1,"name":"Portada","item":"https:\/\/www.noticiasradioreflejos.com.ar\/2021\/"},{"@type":"ListItem","position":2,"name":"R\u00edo Negro, con nuevos requisitos para ingresar por turismo"}]},{"@type":"WebSite","@id":"https:\/\/www.noticiasradioreflejos.com.ar\/2021\/#website","url":"https:\/\/www.noticiasradioreflejos.com.ar\/2021\/","name":"Noticias Radio Reflejos","description":"Las noticias de mi comarca","potentialAction":[{"@type":"SearchAction","target":{"@type":"EntryPoint","urlTemplate":"https:\/\/www.noticiasradioreflejos.com.ar\/2021\/?s={search_term_string}"},"query-input":{"@type":"PropertyValueSpecification","valueRequired":true,"valueName":"search_term_string"}}],"inLanguage":"es"},{"@type":"Person","@id":"https:\/\/www.noticiasradioreflejos.com.ar\/2021\/#\/schema\/person\/ad82545263dcc5ec0996818884fd5fb1","name":"Arnaldo Botto","image":{"@type":"ImageObject","inLanguage":"es","@id":"https:\/\/www.noticiasradioreflejos.com.ar\/2021\/#\/schema\/person\/image\/","url":"https:\/\/secure.gravatar.com\/avatar\/55cb5e37c1efa326397366e6974cb338056df65cb50e7d64d1cf314e87504837?s=96&d=mm&r=g","contentUrl":"https:\/\/secure.gravatar.com\/avatar\/55cb5e37c1efa326397366e6974cb338056df65cb50e7d64d1cf314e87504837?s=96&d=mm&r=g","caption":"Arnaldo Botto"},"url":"https:\/\/www.noticiasradioreflejos.com.ar\/2021\/author\/arnaldo\/"}]}},"_links":{"self":[{"href":"https:\/\/www.noticiasradioreflejos.com.ar\/2021\/wp-json\/wp\/v2\/posts\/56314","targetHints":{"allow":["GET"]}}],"collection":[{"href":"https:\/\/www.noticiasradioreflejos.com.ar\/2021\/wp-json\/wp\/v2\/posts"}],"about":[{"href":"https:\/\/www.noticiasradioreflejos.com.ar\/2021\/wp-json\/wp\/v2\/types\/post"}],"author":[{"embeddable":true,"href":"https:\/\/www.noticiasradioreflejos.com.ar\/2021\/wp-json\/wp\/v2\/users\/3"}],"replies":[{"embeddable":true,"href":"https:\/\/www.noticiasradioreflejos.com.ar\/2021\/wp-json\/wp\/v2\/comments?post=56314"}],"version-history":[{"count":0,"href":"https:\/\/www.noticiasradioreflejos.com.ar\/2021\/wp-json\/wp\/v2\/posts\/56314\/revisions"}],"wp:attachment":[{"href":"https:\/\/www.noticiasradioreflejos.com.ar\/2021\/wp-json\/wp\/v2\/media?parent=56314"}],"wp:term":[{"taxonomy":"category","embeddable":true,"href":"https:\/\/www.noticiasradioreflejos.com.ar\/2021\/wp-json\/wp\/v2\/categories?post=56314"},{"taxonomy":"post_tag","embeddable":true,"href":"https:\/\/www.noticiasradioreflejos.com.ar\/2021\/wp-json\/wp\/v2\/tags?post=56314"}],"curies":[{"name":"wp","href":"https:\/\/api.w.org\/{rel}","templated":true}]}}