{"id":56311,"date":"2021-05-06T08:02:35","date_gmt":"2021-05-06T11:02:35","guid":{"rendered":"http:\/\/www.noticiasradioreflejos.com.ar\/noticias\/?p=56311"},"modified":"2021-05-06T08:02:35","modified_gmt":"2021-05-06T11:02:35","slug":"accidente-con-varios-vehiculos-involucrados-en-la-rutan-n-33","status":"publish","type":"post","link":"https:\/\/www.noticiasradioreflejos.com.ar\/2021\/accidente-con-varios-vehiculos-involucrados-en-la-rutan-n-33\/","title":{"rendered":"Accidente con varios veh\u00edculos involucrados en la Ruta N\u00b0 33"},"content":{"rendered":"<p>Desde Defensa Civil de Bah\u00eda Blanca, informaron a nuestro medio que se produjo en las primeras horas de esta ma\u00f1ana un accidente en el kil\u00f3metro 29 de la ruta nacional 33.<!--more--><\/p>\n<p>Siendo la hora\u00a0 7:15,\u00a0 se produce un accidente en ruta 33 km 29 cuando una camioneta Chevrolet S10 (PNG 218) de la empresa Tecno Servicios Bah\u00eda al mando de Menendez Walter de 47 a\u00f1os, acompa\u00f1ado de Acu\u00f1a Gonzalo (33) y P\u00e1ez Jorge (55), intent\u00f3 un sobrepaso y se encontr\u00f3 de frente con una combi Mercedes Benz Sprinter (KVN 179) de la empresa Emiliano Tour conducida por Contreras Emiliano de 29 a\u00f1os de edad, con 4 pasajeros, que se embisten y tambi\u00e9n se rozan con un cami\u00f3n Scania dominio DRV 097 de la empresa Trade Lock que transportaba polietileno, al mando de Cascio Eduardo de 52 a\u00f1os de edad.<\/p>\n<p>Fueron trasladados el ch\u00f3fer de la combi con un traumatismo de t\u00f3rax, junto a dos pasajeras, una con fractura de clav\u00edcula y otra con un golpe en el rostro. Y tambi\u00e9n el conductor de la camioneta con un dolor abdominal, todos conscientes. Trabaj\u00f3 en el lugar personal de ambulancia servicio SIEMPRE y una ambulancia proveniente de la ciudad de Tornquist, bomberos Gral Cerri, polic\u00eda Vial y Seguridad Vial Naci\u00f3n, y guardia emergencias Defensa Civil.<\/p>\n<p><a title=\"WhatsApp Image 2021-05-06 at 08.45.44\" href=\"http:\/\/live.staticflickr.com\/65535\/51161471713_74095eda07_s.jpg\" rel=\"\"><img loading=\"lazy\" decoding=\"async\" class=\"aligncenter\" title=\"WhatsApp Image 2021-05-06 at 08.45.44\" src=\"http:\/\/live.staticflickr.com\/65535\/51161471713_74095eda07_c.jpg\" alt=\"WhatsApp Image 2021-05-06 at 08.45.44\" width=\"800\" height=\"450\" \/><\/a><\/p>\n<p><a title=\"WhatsApp Image 2021-05-06 at 08.45.43 (2)\" href=\"http:\/\/live.staticflickr.com\/65535\/51160568987_f2504f6e84_s.jpg\" rel=\"\"><img loading=\"lazy\" decoding=\"async\" class=\"aligncenter\" title=\"WhatsApp Image 2021-05-06 at 08.45.43 (2)\" src=\"http:\/\/live.staticflickr.com\/65535\/51160568987_f2504f6e84_c.jpg\" alt=\"WhatsApp Image 2021-05-06 at 08.45.43 (2)\" width=\"450\" height=\"800\" \/><\/a><a title=\"WhatsApp Image 2021-05-06 at 08.45.43 (1)\" href=\"http:\/\/live.staticflickr.com\/65535\/51161471678_3e9f4c5d03_s.jpg\" rel=\"\"><img loading=\"lazy\" decoding=\"async\" class=\"aligncenter\" title=\"WhatsApp Image 2021-05-06 at 08.45.43 (1)\" src=\"http:\/\/live.staticflickr.com\/65535\/51161471678_3e9f4c5d03_c.jpg\" alt=\"WhatsApp Image 2021-05-06 at 08.45.43 (1)\" width=\"800\" height=\"450\" \/><\/a><\/p>\n<p><a title=\"WhatsApp Image 2021-05-06 at 08.45.43\" href=\"http:\/\/live.staticflickr.com\/65535\/51162017389_4f59041cec_s.jpg\" rel=\"\"><img loading=\"lazy\" decoding=\"async\" class=\"aligncenter\" title=\"WhatsApp Image 2021-05-06 at 08.45.43\" src=\"http:\/\/live.staticflickr.com\/65535\/51162017389_4f59041cec_c.jpg\" alt=\"WhatsApp Image 2021-05-06 at 08.45.43\" width=\"800\" height=\"450\" \/><\/a><\/p>\n<p><a title=\"WhatsApp Image 2021-05-06 at 08.45.42 (1)\" href=\"http:\/\/live.staticflickr.com\/65535\/51161471638_2a9d8100e1_s.jpg\" rel=\"\"><img loading=\"lazy\" decoding=\"async\" class=\"aligncenter\" title=\"WhatsApp Image 2021-05-06 at 08.45.42 (1)\" src=\"http:\/\/live.staticflickr.com\/65535\/51161471638_2a9d8100e1_c.jpg\" alt=\"WhatsApp Image 2021-05-06 at 08.45.42 (1)\" width=\"450\" height=\"800\" \/><\/a><\/p>\n<p><a title=\"WhatsApp Image 2021-05-06 at 08.45.42\" href=\"http:\/\/live.staticflickr.com\/65535\/51160568912_4374f7b7fb_s.jpg\" rel=\"\"><img loading=\"lazy\" decoding=\"async\" class=\"aligncenter\" title=\"WhatsApp Image 2021-05-06 at 08.45.42\" src=\"http:\/\/live.staticflickr.com\/65535\/51160568912_4374f7b7fb_c.jpg\" alt=\"WhatsApp Image 2021-05-06 at 08.45.42\" width=\"800\" height=\"450\" \/><\/a><\/p>\n<p><a title=\"WhatsApp Image 2021-05-06 at 08.45.41\" href=\"http:\/\/live.staticflickr.com\/65535\/51160568902_f65cd392ce_s.jpg\" rel=\"\"><img loading=\"lazy\" decoding=\"async\" class=\"aligncenter\" title=\"WhatsApp Image 2021-05-06 at 08.45.41\" src=\"http:\/\/live.staticflickr.com\/65535\/51160568902_f65cd392ce_c.jpg\" alt=\"WhatsApp Image 2021-05-06 at 08.45.41\" width=\"800\" height=\"450\" \/><\/a><\/p>\n","protected":false},"excerpt":{"rendered":"<p>Desde Defensa Civil de Bah\u00eda Blanca, informaron a nuestro medio que se produjo en las primeras horas de esta ma\u00f1ana un accidente en el kil\u00f3metro 29 de la ruta nacional 33.<\/p>\n","protected":false},"author":3,"featured_media":0,"comment_status":"closed","ping_status":"open","sticky":false,"template":"","format":"standard","meta":{"footnotes":""},"categories":[29],"tags":[],"class_list":["post-56311","post","type-post","status-publish","format-standard","hentry","category-policiales"],"yoast_head":"<!-- This site is optimized with the Yoast SEO plugin v25.9 - https:\/\/yoast.com\/wordpress\/plugins\/seo\/ -->\n<title>Accidente con varios veh\u00edculos involucrados en la Ruta N\u00b0 33 - Noticias Radio Reflejos<\/title>\n<meta name=\"robots\" content=\"index, follow, max-snippet:-1, max-image-preview:large, max-video-preview:-1\" \/>\n<link rel=\"canonical\" href=\"https:\/\/www.noticiasradioreflejos.com.ar\/2021\/accidente-con-varios-vehiculos-involucrados-en-la-rutan-n-33\/\" \/>\n<meta property=\"og:locale\" content=\"es_ES\" \/>\n<meta property=\"og:type\" content=\"article\" \/>\n<meta property=\"og:title\" content=\"Accidente con varios veh\u00edculos involucrados en la Ruta N\u00b0 33 - Noticias Radio Reflejos\" \/>\n<meta property=\"og:description\" content=\"Desde Defensa Civil de Bah\u00eda Blanca, informaron a nuestro medio que se produjo en las primeras horas de esta ma\u00f1ana un accidente en el kil\u00f3metro 29 de la ruta nacional 33.\" \/>\n<meta property=\"og:url\" content=\"https:\/\/www.noticiasradioreflejos.com.ar\/2021\/accidente-con-varios-vehiculos-involucrados-en-la-rutan-n-33\/\" \/>\n<meta property=\"og:site_name\" content=\"Noticias Radio Reflejos\" \/>\n<meta property=\"article:published_time\" content=\"2021-05-06T11:02:35+00:00\" \/>\n<meta property=\"og:image\" content=\"http:\/\/live.staticflickr.com\/65535\/51161471713_74095eda07_c.jpg\" \/>\n<meta name=\"author\" content=\"Arnaldo Botto\" \/>\n<meta name=\"twitter:card\" content=\"summary_large_image\" \/>\n<script type=\"application\/ld+json\" class=\"yoast-schema-graph\">{\"@context\":\"https:\/\/schema.org\",\"@graph\":[{\"@type\":\"WebPage\",\"@id\":\"https:\/\/www.noticiasradioreflejos.com.ar\/2021\/accidente-con-varios-vehiculos-involucrados-en-la-rutan-n-33\/\",\"url\":\"https:\/\/www.noticiasradioreflejos.com.ar\/2021\/accidente-con-varios-vehiculos-involucrados-en-la-rutan-n-33\/\",\"name\":\"Accidente con varios veh\u00edculos involucrados en la Ruta N\u00b0 33 - Noticias Radio Reflejos\",\"isPartOf\":{\"@id\":\"https:\/\/www.noticiasradioreflejos.com.ar\/2021\/#website\"},\"primaryImageOfPage\":{\"@id\":\"https:\/\/www.noticiasradioreflejos.com.ar\/2021\/accidente-con-varios-vehiculos-involucrados-en-la-rutan-n-33\/#primaryimage\"},\"image\":{\"@id\":\"https:\/\/www.noticiasradioreflejos.com.ar\/2021\/accidente-con-varios-vehiculos-involucrados-en-la-rutan-n-33\/#primaryimage\"},\"thumbnailUrl\":\"http:\/\/live.staticflickr.com\/65535\/51161471713_74095eda07_c.jpg\",\"datePublished\":\"2021-05-06T11:02:35+00:00\",\"author\":{\"@id\":\"https:\/\/www.noticiasradioreflejos.com.ar\/2021\/#\/schema\/person\/ad82545263dcc5ec0996818884fd5fb1\"},\"breadcrumb\":{\"@id\":\"https:\/\/www.noticiasradioreflejos.com.ar\/2021\/accidente-con-varios-vehiculos-involucrados-en-la-rutan-n-33\/#breadcrumb\"},\"inLanguage\":\"es\",\"potentialAction\":[{\"@type\":\"ReadAction\",\"target\":[\"https:\/\/www.noticiasradioreflejos.com.ar\/2021\/accidente-con-varios-vehiculos-involucrados-en-la-rutan-n-33\/\"]}]},{\"@type\":\"ImageObject\",\"inLanguage\":\"es\",\"@id\":\"https:\/\/www.noticiasradioreflejos.com.ar\/2021\/accidente-con-varios-vehiculos-involucrados-en-la-rutan-n-33\/#primaryimage\",\"url\":\"http:\/\/live.staticflickr.com\/65535\/51161471713_74095eda07_c.jpg\",\"contentUrl\":\"http:\/\/live.staticflickr.com\/65535\/51161471713_74095eda07_c.jpg\"},{\"@type\":\"BreadcrumbList\",\"@id\":\"https:\/\/www.noticiasradioreflejos.com.ar\/2021\/accidente-con-varios-vehiculos-involucrados-en-la-rutan-n-33\/#breadcrumb\",\"itemListElement\":[{\"@type\":\"ListItem\",\"position\":1,\"name\":\"Portada\",\"item\":\"https:\/\/www.noticiasradioreflejos.com.ar\/2021\/\"},{\"@type\":\"ListItem\",\"position\":2,\"name\":\"Accidente con varios veh\u00edculos involucrados en la Ruta N\u00b0 33\"}]},{\"@type\":\"WebSite\",\"@id\":\"https:\/\/www.noticiasradioreflejos.com.ar\/2021\/#website\",\"url\":\"https:\/\/www.noticiasradioreflejos.com.ar\/2021\/\",\"name\":\"Noticias Radio Reflejos\",\"description\":\"Las noticias de mi comarca\",\"potentialAction\":[{\"@type\":\"SearchAction\",\"target\":{\"@type\":\"EntryPoint\",\"urlTemplate\":\"https:\/\/www.noticiasradioreflejos.com.ar\/2021\/?s={search_term_string}\"},\"query-input\":{\"@type\":\"PropertyValueSpecification\",\"valueRequired\":true,\"valueName\":\"search_term_string\"}}],\"inLanguage\":\"es\"},{\"@type\":\"Person\",\"@id\":\"https:\/\/www.noticiasradioreflejos.com.ar\/2021\/#\/schema\/person\/ad82545263dcc5ec0996818884fd5fb1\",\"name\":\"Arnaldo Botto\",\"image\":{\"@type\":\"ImageObject\",\"inLanguage\":\"es\",\"@id\":\"https:\/\/www.noticiasradioreflejos.com.ar\/2021\/#\/schema\/person\/image\/\",\"url\":\"https:\/\/secure.gravatar.com\/avatar\/55cb5e37c1efa326397366e6974cb338056df65cb50e7d64d1cf314e87504837?s=96&d=mm&r=g\",\"contentUrl\":\"https:\/\/secure.gravatar.com\/avatar\/55cb5e37c1efa326397366e6974cb338056df65cb50e7d64d1cf314e87504837?s=96&d=mm&r=g\",\"caption\":\"Arnaldo Botto\"},\"url\":\"https:\/\/www.noticiasradioreflejos.com.ar\/2021\/author\/arnaldo\/\"}]}<\/script>\n<!-- \/ Yoast SEO plugin. -->","yoast_head_json":{"title":"Accidente con varios veh\u00edculos involucrados en la Ruta N\u00b0 33 - Noticias Radio Reflejos","robots":{"index":"index","follow":"follow","max-snippet":"max-snippet:-1","max-image-preview":"max-image-preview:large","max-video-preview":"max-video-preview:-1"},"canonical":"https:\/\/www.noticiasradioreflejos.com.ar\/2021\/accidente-con-varios-vehiculos-involucrados-en-la-rutan-n-33\/","og_locale":"es_ES","og_type":"article","og_title":"Accidente con varios veh\u00edculos involucrados en la Ruta N\u00b0 33 - Noticias Radio Reflejos","og_description":"Desde Defensa Civil de Bah\u00eda Blanca, informaron a nuestro medio que se produjo en las primeras horas de esta ma\u00f1ana un accidente en el kil\u00f3metro 29 de la ruta nacional 33.","og_url":"https:\/\/www.noticiasradioreflejos.com.ar\/2021\/accidente-con-varios-vehiculos-involucrados-en-la-rutan-n-33\/","og_site_name":"Noticias Radio Reflejos","article_published_time":"2021-05-06T11:02:35+00:00","og_image":[{"url":"http:\/\/live.staticflickr.com\/65535\/51161471713_74095eda07_c.jpg","type":"","width":"","height":""}],"author":"Arnaldo Botto","twitter_card":"summary_large_image","schema":{"@context":"https:\/\/schema.org","@graph":[{"@type":"WebPage","@id":"https:\/\/www.noticiasradioreflejos.com.ar\/2021\/accidente-con-varios-vehiculos-involucrados-en-la-rutan-n-33\/","url":"https:\/\/www.noticiasradioreflejos.com.ar\/2021\/accidente-con-varios-vehiculos-involucrados-en-la-rutan-n-33\/","name":"Accidente con varios veh\u00edculos involucrados en la Ruta N\u00b0 33 - Noticias Radio Reflejos","isPartOf":{"@id":"https:\/\/www.noticiasradioreflejos.com.ar\/2021\/#website"},"primaryImageOfPage":{"@id":"https:\/\/www.noticiasradioreflejos.com.ar\/2021\/accidente-con-varios-vehiculos-involucrados-en-la-rutan-n-33\/#primaryimage"},"image":{"@id":"https:\/\/www.noticiasradioreflejos.com.ar\/2021\/accidente-con-varios-vehiculos-involucrados-en-la-rutan-n-33\/#primaryimage"},"thumbnailUrl":"http:\/\/live.staticflickr.com\/65535\/51161471713_74095eda07_c.jpg","datePublished":"2021-05-06T11:02:35+00:00","author":{"@id":"https:\/\/www.noticiasradioreflejos.com.ar\/2021\/#\/schema\/person\/ad82545263dcc5ec0996818884fd5fb1"},"breadcrumb":{"@id":"https:\/\/www.noticiasradioreflejos.com.ar\/2021\/accidente-con-varios-vehiculos-involucrados-en-la-rutan-n-33\/#breadcrumb"},"inLanguage":"es","potentialAction":[{"@type":"ReadAction","target":["https:\/\/www.noticiasradioreflejos.com.ar\/2021\/accidente-con-varios-vehiculos-involucrados-en-la-rutan-n-33\/"]}]},{"@type":"ImageObject","inLanguage":"es","@id":"https:\/\/www.noticiasradioreflejos.com.ar\/2021\/accidente-con-varios-vehiculos-involucrados-en-la-rutan-n-33\/#primaryimage","url":"http:\/\/live.staticflickr.com\/65535\/51161471713_74095eda07_c.jpg","contentUrl":"http:\/\/live.staticflickr.com\/65535\/51161471713_74095eda07_c.jpg"},{"@type":"BreadcrumbList","@id":"https:\/\/www.noticiasradioreflejos.com.ar\/2021\/accidente-con-varios-vehiculos-involucrados-en-la-rutan-n-33\/#breadcrumb","itemListElement":[{"@type":"ListItem","position":1,"name":"Portada","item":"https:\/\/www.noticiasradioreflejos.com.ar\/2021\/"},{"@type":"ListItem","position":2,"name":"Accidente con varios veh\u00edculos involucrados en la Ruta N\u00b0 33"}]},{"@type":"WebSite","@id":"https:\/\/www.noticiasradioreflejos.com.ar\/2021\/#website","url":"https:\/\/www.noticiasradioreflejos.com.ar\/2021\/","name":"Noticias Radio Reflejos","description":"Las noticias de mi comarca","potentialAction":[{"@type":"SearchAction","target":{"@type":"EntryPoint","urlTemplate":"https:\/\/www.noticiasradioreflejos.com.ar\/2021\/?s={search_term_string}"},"query-input":{"@type":"PropertyValueSpecification","valueRequired":true,"valueName":"search_term_string"}}],"inLanguage":"es"},{"@type":"Person","@id":"https:\/\/www.noticiasradioreflejos.com.ar\/2021\/#\/schema\/person\/ad82545263dcc5ec0996818884fd5fb1","name":"Arnaldo Botto","image":{"@type":"ImageObject","inLanguage":"es","@id":"https:\/\/www.noticiasradioreflejos.com.ar\/2021\/#\/schema\/person\/image\/","url":"https:\/\/secure.gravatar.com\/avatar\/55cb5e37c1efa326397366e6974cb338056df65cb50e7d64d1cf314e87504837?s=96&d=mm&r=g","contentUrl":"https:\/\/secure.gravatar.com\/avatar\/55cb5e37c1efa326397366e6974cb338056df65cb50e7d64d1cf314e87504837?s=96&d=mm&r=g","caption":"Arnaldo Botto"},"url":"https:\/\/www.noticiasradioreflejos.com.ar\/2021\/author\/arnaldo\/"}]}},"_links":{"self":[{"href":"https:\/\/www.noticiasradioreflejos.com.ar\/2021\/wp-json\/wp\/v2\/posts\/56311","targetHints":{"allow":["GET"]}}],"collection":[{"href":"https:\/\/www.noticiasradioreflejos.com.ar\/2021\/wp-json\/wp\/v2\/posts"}],"about":[{"href":"https:\/\/www.noticiasradioreflejos.com.ar\/2021\/wp-json\/wp\/v2\/types\/post"}],"author":[{"embeddable":true,"href":"https:\/\/www.noticiasradioreflejos.com.ar\/2021\/wp-json\/wp\/v2\/users\/3"}],"replies":[{"embeddable":true,"href":"https:\/\/www.noticiasradioreflejos.com.ar\/2021\/wp-json\/wp\/v2\/comments?post=56311"}],"version-history":[{"count":0,"href":"https:\/\/www.noticiasradioreflejos.com.ar\/2021\/wp-json\/wp\/v2\/posts\/56311\/revisions"}],"wp:attachment":[{"href":"https:\/\/www.noticiasradioreflejos.com.ar\/2021\/wp-json\/wp\/v2\/media?parent=56311"}],"wp:term":[{"taxonomy":"category","embeddable":true,"href":"https:\/\/www.noticiasradioreflejos.com.ar\/2021\/wp-json\/wp\/v2\/categories?post=56311"},{"taxonomy":"post_tag","embeddable":true,"href":"https:\/\/www.noticiasradioreflejos.com.ar\/2021\/wp-json\/wp\/v2\/tags?post=56311"}],"curies":[{"name":"wp","href":"https:\/\/api.w.org\/{rel}","templated":true}]}}