{"id":5629,"date":"2017-01-07T08:43:36","date_gmt":"2017-01-07T11:43:36","guid":{"rendered":"http:\/\/noticiasradioreflejos.com.ar\/noticias\/?p=5629"},"modified":"2017-01-07T08:43:36","modified_gmt":"2017-01-07T11:43:36","slug":"tornquist-recibio-a-los-reyes-magos","status":"publish","type":"post","link":"https:\/\/www.noticiasradioreflejos.com.ar\/2021\/tornquist-recibio-a-los-reyes-magos\/","title":{"rendered":"Tornquist recibi\u00f3 a Los Reyes Magos"},"content":{"rendered":"<p><a href=\"http:\/\/noticiasradioreflejos.com.ar\/noticias\/wp-content\/uploads\/2017\/01\/DSC_0145-1600x1200.jpg\"><img loading=\"lazy\" decoding=\"async\" class=\"alignleft  wp-image-5633\" src=\"http:\/\/noticiasradioreflejos.com.ar\/noticias\/wp-content\/uploads\/2017\/01\/DSC_0145-1600x1200.jpg\" alt=\"DSC_0145 [1600x1200]\" width=\"565\" height=\"378\" \/><\/a>La temperatura fue agradable m\u00e1s all\u00e1 del viento reinante en una nueva edici\u00f3n de la llegada de los reyes magos tuvo lugar en el predio de la Junta Vecinal del Barrio Sur.<br \/>\nComo cada a\u00f1o la comisi\u00f3n directiva ahora presidida por Carmen Soverchia trabaj\u00f3 a destajo con un muy buen grupo de colaboradores para organizar y entregar mil juguetes para los ni\u00f1os presentes en el evento.<!--more--><br \/>\nLa convocatoria comenz\u00f3 cerca de la hora 21 con la presentaci\u00f3n del D\u00fao Gui\u00f1o integrado por artistas bahienses Yamila Arzua y Nicol\u00e1s Diez, quienes deleitaron a los presentes con juegos y malabares muy aplaudidos.<br \/>\nM\u00e1s tarde subi\u00f3 al escenario el grupo local \u201cElla no duerme\u201d que integran Florencia \u201cFlopi\u201d Gim\u00e9nez, Gabriela Luti(Percusi\u00f3n) y Facundo \u201cTuchi\u201d Sep\u00falveda en guitarra y arreglos. Con un repertorio de cl\u00e1sicos que fueron aplaudidos y acompa\u00f1ados con palmas.<br \/>\nLa edici\u00f3n 11 del pesebre en esta 16ta. entrega de los reyes como siempre estuvo a cargo de Alejandra Conte.<br \/>\nParticiparon del mismo :Noah Martin Eltallo(75 dias-Ni\u00f1o Jes\u00fas), hijo de Nacho y Cecilia. Como Mar\u00eda, Natalia Naz\u00f3n. Jos\u00e9 Nicol\u00e1s Ortiz Telechea. Adem\u00e1s acompa\u00f1aron varios ni\u00f1os y familia como pastores.<br \/>\nLuego de la presentaci\u00f3n comenz\u00f3 a escucharse la tradicional canci\u00f3n que daba cuenta de la llegada de los reyes magos que r\u00e1pidamente subieron al escenario, repartieron los juguetes a los ni\u00f1os del pesebre y mas tarde comenzaron las filas, las fotos y la alegr\u00eda en una nueva edici\u00f3n.<br \/>\nLa conducci\u00f3n estuvo a cargo de Andrea Camus, integrante tambi\u00e9n de la comisi\u00f3n directiva. Al comienzo de la fiesta se cont\u00f3 con la presencia de Julieta Braun(Directora de Teatro) y Walter Mendez(Espacios Culturales).<\/p>\n","protected":false},"excerpt":{"rendered":"<p>La temperatura fue agradable m\u00e1s all\u00e1 del viento reinante en una nueva edici\u00f3n de la llegada de los reyes magos tuvo lugar en el predio de la Junta Vecinal del Barrio Sur. Como cada a\u00f1o la comisi\u00f3n directiva ahora presidida por Carmen Soverchia trabaj\u00f3 a destajo con un muy buen grupo de colaboradores para organizar [&hellip;]<\/p>\n","protected":false},"author":3,"featured_media":0,"comment_status":"closed","ping_status":"open","sticky":false,"template":"","format":"standard","meta":{"footnotes":""},"categories":[26],"tags":[],"class_list":["post-5629","post","type-post","status-publish","format-standard","hentry","category-sociedad"],"yoast_head":"<!-- This site is optimized with the Yoast SEO plugin v25.9 - https:\/\/yoast.com\/wordpress\/plugins\/seo\/ -->\n<title>Tornquist recibi\u00f3 a Los Reyes Magos - Noticias Radio Reflejos<\/title>\n<meta name=\"robots\" content=\"index, follow, max-snippet:-1, max-image-preview:large, max-video-preview:-1\" \/>\n<link rel=\"canonical\" href=\"https:\/\/www.noticiasradioreflejos.com.ar\/2021\/tornquist-recibio-a-los-reyes-magos\/\" \/>\n<meta property=\"og:locale\" content=\"es_ES\" \/>\n<meta property=\"og:type\" content=\"article\" \/>\n<meta property=\"og:title\" content=\"Tornquist recibi\u00f3 a Los Reyes Magos - Noticias Radio Reflejos\" \/>\n<meta property=\"og:description\" content=\"La temperatura fue agradable m\u00e1s all\u00e1 del viento reinante en una nueva edici\u00f3n de la llegada de los reyes magos tuvo lugar en el predio de la Junta Vecinal del Barrio Sur. Como cada a\u00f1o la comisi\u00f3n directiva ahora presidida por Carmen Soverchia trabaj\u00f3 a destajo con un muy buen grupo de colaboradores para organizar [&hellip;]\" \/>\n<meta property=\"og:url\" content=\"https:\/\/www.noticiasradioreflejos.com.ar\/2021\/tornquist-recibio-a-los-reyes-magos\/\" \/>\n<meta property=\"og:site_name\" content=\"Noticias Radio Reflejos\" \/>\n<meta property=\"article:published_time\" content=\"2017-01-07T11:43:36+00:00\" \/>\n<meta property=\"og:image\" content=\"https:\/\/www.noticiasradioreflejos.com.ar\/2021\/wp-content\/uploads\/2021\/07\/logosol300x200.png\" \/>\n\t<meta property=\"og:image:width\" content=\"300\" \/>\n\t<meta property=\"og:image:height\" content=\"200\" \/>\n\t<meta property=\"og:image:type\" content=\"image\/png\" \/>\n<meta name=\"author\" content=\"Arnaldo Botto\" \/>\n<meta name=\"twitter:card\" content=\"summary_large_image\" \/>\n<script type=\"application\/ld+json\" class=\"yoast-schema-graph\">{\"@context\":\"https:\/\/schema.org\",\"@graph\":[{\"@type\":\"WebPage\",\"@id\":\"https:\/\/www.noticiasradioreflejos.com.ar\/2021\/tornquist-recibio-a-los-reyes-magos\/\",\"url\":\"https:\/\/www.noticiasradioreflejos.com.ar\/2021\/tornquist-recibio-a-los-reyes-magos\/\",\"name\":\"Tornquist recibi\u00f3 a Los Reyes Magos - Noticias Radio Reflejos\",\"isPartOf\":{\"@id\":\"https:\/\/www.noticiasradioreflejos.com.ar\/2021\/#website\"},\"primaryImageOfPage\":{\"@id\":\"https:\/\/www.noticiasradioreflejos.com.ar\/2021\/tornquist-recibio-a-los-reyes-magos\/#primaryimage\"},\"image\":{\"@id\":\"https:\/\/www.noticiasradioreflejos.com.ar\/2021\/tornquist-recibio-a-los-reyes-magos\/#primaryimage\"},\"thumbnailUrl\":\"http:\/\/noticiasradioreflejos.com.ar\/noticias\/wp-content\/uploads\/2017\/01\/DSC_0145-1600x1200.jpg\",\"datePublished\":\"2017-01-07T11:43:36+00:00\",\"author\":{\"@id\":\"https:\/\/www.noticiasradioreflejos.com.ar\/2021\/#\/schema\/person\/ad82545263dcc5ec0996818884fd5fb1\"},\"breadcrumb\":{\"@id\":\"https:\/\/www.noticiasradioreflejos.com.ar\/2021\/tornquist-recibio-a-los-reyes-magos\/#breadcrumb\"},\"inLanguage\":\"es\",\"potentialAction\":[{\"@type\":\"ReadAction\",\"target\":[\"https:\/\/www.noticiasradioreflejos.com.ar\/2021\/tornquist-recibio-a-los-reyes-magos\/\"]}]},{\"@type\":\"ImageObject\",\"inLanguage\":\"es\",\"@id\":\"https:\/\/www.noticiasradioreflejos.com.ar\/2021\/tornquist-recibio-a-los-reyes-magos\/#primaryimage\",\"url\":\"http:\/\/noticiasradioreflejos.com.ar\/noticias\/wp-content\/uploads\/2017\/01\/DSC_0145-1600x1200.jpg\",\"contentUrl\":\"http:\/\/noticiasradioreflejos.com.ar\/noticias\/wp-content\/uploads\/2017\/01\/DSC_0145-1600x1200.jpg\"},{\"@type\":\"BreadcrumbList\",\"@id\":\"https:\/\/www.noticiasradioreflejos.com.ar\/2021\/tornquist-recibio-a-los-reyes-magos\/#breadcrumb\",\"itemListElement\":[{\"@type\":\"ListItem\",\"position\":1,\"name\":\"Portada\",\"item\":\"https:\/\/www.noticiasradioreflejos.com.ar\/2021\/\"},{\"@type\":\"ListItem\",\"position\":2,\"name\":\"Tornquist recibi\u00f3 a Los Reyes Magos\"}]},{\"@type\":\"WebSite\",\"@id\":\"https:\/\/www.noticiasradioreflejos.com.ar\/2021\/#website\",\"url\":\"https:\/\/www.noticiasradioreflejos.com.ar\/2021\/\",\"name\":\"Noticias Radio Reflejos\",\"description\":\"Las noticias de mi comarca\",\"potentialAction\":[{\"@type\":\"SearchAction\",\"target\":{\"@type\":\"EntryPoint\",\"urlTemplate\":\"https:\/\/www.noticiasradioreflejos.com.ar\/2021\/?s={search_term_string}\"},\"query-input\":{\"@type\":\"PropertyValueSpecification\",\"valueRequired\":true,\"valueName\":\"search_term_string\"}}],\"inLanguage\":\"es\"},{\"@type\":\"Person\",\"@id\":\"https:\/\/www.noticiasradioreflejos.com.ar\/2021\/#\/schema\/person\/ad82545263dcc5ec0996818884fd5fb1\",\"name\":\"Arnaldo Botto\",\"image\":{\"@type\":\"ImageObject\",\"inLanguage\":\"es\",\"@id\":\"https:\/\/www.noticiasradioreflejos.com.ar\/2021\/#\/schema\/person\/image\/\",\"url\":\"https:\/\/secure.gravatar.com\/avatar\/55cb5e37c1efa326397366e6974cb338056df65cb50e7d64d1cf314e87504837?s=96&d=mm&r=g\",\"contentUrl\":\"https:\/\/secure.gravatar.com\/avatar\/55cb5e37c1efa326397366e6974cb338056df65cb50e7d64d1cf314e87504837?s=96&d=mm&r=g\",\"caption\":\"Arnaldo Botto\"},\"url\":\"https:\/\/www.noticiasradioreflejos.com.ar\/2021\/author\/arnaldo\/\"}]}<\/script>\n<!-- \/ Yoast SEO plugin. -->","yoast_head_json":{"title":"Tornquist recibi\u00f3 a Los Reyes Magos - Noticias Radio Reflejos","robots":{"index":"index","follow":"follow","max-snippet":"max-snippet:-1","max-image-preview":"max-image-preview:large","max-video-preview":"max-video-preview:-1"},"canonical":"https:\/\/www.noticiasradioreflejos.com.ar\/2021\/tornquist-recibio-a-los-reyes-magos\/","og_locale":"es_ES","og_type":"article","og_title":"Tornquist recibi\u00f3 a Los Reyes Magos - Noticias Radio Reflejos","og_description":"La temperatura fue agradable m\u00e1s all\u00e1 del viento reinante en una nueva edici\u00f3n de la llegada de los reyes magos tuvo lugar en el predio de la Junta Vecinal del Barrio Sur. Como cada a\u00f1o la comisi\u00f3n directiva ahora presidida por Carmen Soverchia trabaj\u00f3 a destajo con un muy buen grupo de colaboradores para organizar [&hellip;]","og_url":"https:\/\/www.noticiasradioreflejos.com.ar\/2021\/tornquist-recibio-a-los-reyes-magos\/","og_site_name":"Noticias Radio Reflejos","article_published_time":"2017-01-07T11:43:36+00:00","og_image":[{"width":300,"height":200,"url":"https:\/\/www.noticiasradioreflejos.com.ar\/2021\/wp-content\/uploads\/2021\/07\/logosol300x200.png","type":"image\/png"}],"author":"Arnaldo Botto","twitter_card":"summary_large_image","schema":{"@context":"https:\/\/schema.org","@graph":[{"@type":"WebPage","@id":"https:\/\/www.noticiasradioreflejos.com.ar\/2021\/tornquist-recibio-a-los-reyes-magos\/","url":"https:\/\/www.noticiasradioreflejos.com.ar\/2021\/tornquist-recibio-a-los-reyes-magos\/","name":"Tornquist recibi\u00f3 a Los Reyes Magos - Noticias Radio Reflejos","isPartOf":{"@id":"https:\/\/www.noticiasradioreflejos.com.ar\/2021\/#website"},"primaryImageOfPage":{"@id":"https:\/\/www.noticiasradioreflejos.com.ar\/2021\/tornquist-recibio-a-los-reyes-magos\/#primaryimage"},"image":{"@id":"https:\/\/www.noticiasradioreflejos.com.ar\/2021\/tornquist-recibio-a-los-reyes-magos\/#primaryimage"},"thumbnailUrl":"http:\/\/noticiasradioreflejos.com.ar\/noticias\/wp-content\/uploads\/2017\/01\/DSC_0145-1600x1200.jpg","datePublished":"2017-01-07T11:43:36+00:00","author":{"@id":"https:\/\/www.noticiasradioreflejos.com.ar\/2021\/#\/schema\/person\/ad82545263dcc5ec0996818884fd5fb1"},"breadcrumb":{"@id":"https:\/\/www.noticiasradioreflejos.com.ar\/2021\/tornquist-recibio-a-los-reyes-magos\/#breadcrumb"},"inLanguage":"es","potentialAction":[{"@type":"ReadAction","target":["https:\/\/www.noticiasradioreflejos.com.ar\/2021\/tornquist-recibio-a-los-reyes-magos\/"]}]},{"@type":"ImageObject","inLanguage":"es","@id":"https:\/\/www.noticiasradioreflejos.com.ar\/2021\/tornquist-recibio-a-los-reyes-magos\/#primaryimage","url":"http:\/\/noticiasradioreflejos.com.ar\/noticias\/wp-content\/uploads\/2017\/01\/DSC_0145-1600x1200.jpg","contentUrl":"http:\/\/noticiasradioreflejos.com.ar\/noticias\/wp-content\/uploads\/2017\/01\/DSC_0145-1600x1200.jpg"},{"@type":"BreadcrumbList","@id":"https:\/\/www.noticiasradioreflejos.com.ar\/2021\/tornquist-recibio-a-los-reyes-magos\/#breadcrumb","itemListElement":[{"@type":"ListItem","position":1,"name":"Portada","item":"https:\/\/www.noticiasradioreflejos.com.ar\/2021\/"},{"@type":"ListItem","position":2,"name":"Tornquist recibi\u00f3 a Los Reyes Magos"}]},{"@type":"WebSite","@id":"https:\/\/www.noticiasradioreflejos.com.ar\/2021\/#website","url":"https:\/\/www.noticiasradioreflejos.com.ar\/2021\/","name":"Noticias Radio Reflejos","description":"Las noticias de mi comarca","potentialAction":[{"@type":"SearchAction","target":{"@type":"EntryPoint","urlTemplate":"https:\/\/www.noticiasradioreflejos.com.ar\/2021\/?s={search_term_string}"},"query-input":{"@type":"PropertyValueSpecification","valueRequired":true,"valueName":"search_term_string"}}],"inLanguage":"es"},{"@type":"Person","@id":"https:\/\/www.noticiasradioreflejos.com.ar\/2021\/#\/schema\/person\/ad82545263dcc5ec0996818884fd5fb1","name":"Arnaldo Botto","image":{"@type":"ImageObject","inLanguage":"es","@id":"https:\/\/www.noticiasradioreflejos.com.ar\/2021\/#\/schema\/person\/image\/","url":"https:\/\/secure.gravatar.com\/avatar\/55cb5e37c1efa326397366e6974cb338056df65cb50e7d64d1cf314e87504837?s=96&d=mm&r=g","contentUrl":"https:\/\/secure.gravatar.com\/avatar\/55cb5e37c1efa326397366e6974cb338056df65cb50e7d64d1cf314e87504837?s=96&d=mm&r=g","caption":"Arnaldo Botto"},"url":"https:\/\/www.noticiasradioreflejos.com.ar\/2021\/author\/arnaldo\/"}]}},"_links":{"self":[{"href":"https:\/\/www.noticiasradioreflejos.com.ar\/2021\/wp-json\/wp\/v2\/posts\/5629","targetHints":{"allow":["GET"]}}],"collection":[{"href":"https:\/\/www.noticiasradioreflejos.com.ar\/2021\/wp-json\/wp\/v2\/posts"}],"about":[{"href":"https:\/\/www.noticiasradioreflejos.com.ar\/2021\/wp-json\/wp\/v2\/types\/post"}],"author":[{"embeddable":true,"href":"https:\/\/www.noticiasradioreflejos.com.ar\/2021\/wp-json\/wp\/v2\/users\/3"}],"replies":[{"embeddable":true,"href":"https:\/\/www.noticiasradioreflejos.com.ar\/2021\/wp-json\/wp\/v2\/comments?post=5629"}],"version-history":[{"count":0,"href":"https:\/\/www.noticiasradioreflejos.com.ar\/2021\/wp-json\/wp\/v2\/posts\/5629\/revisions"}],"wp:attachment":[{"href":"https:\/\/www.noticiasradioreflejos.com.ar\/2021\/wp-json\/wp\/v2\/media?parent=5629"}],"wp:term":[{"taxonomy":"category","embeddable":true,"href":"https:\/\/www.noticiasradioreflejos.com.ar\/2021\/wp-json\/wp\/v2\/categories?post=5629"},{"taxonomy":"post_tag","embeddable":true,"href":"https:\/\/www.noticiasradioreflejos.com.ar\/2021\/wp-json\/wp\/v2\/tags?post=5629"}],"curies":[{"name":"wp","href":"https:\/\/api.w.org\/{rel}","templated":true}]}}