{"id":5627,"date":"2017-01-07T08:40:47","date_gmt":"2017-01-07T11:40:47","guid":{"rendered":"http:\/\/noticiasradioreflejos.com.ar\/noticias\/?p=5627"},"modified":"2017-01-07T08:40:47","modified_gmt":"2017-01-07T11:40:47","slug":"jubilados-y-pensionados-podran-suscribir-acuerdo-de-reparacion-historica-ante-escribano","status":"publish","type":"post","link":"https:\/\/www.noticiasradioreflejos.com.ar\/2021\/jubilados-y-pensionados-podran-suscribir-acuerdo-de-reparacion-historica-ante-escribano\/","title":{"rendered":"Jubilados y Pensionados podr\u00e1n suscribir acuerdo de reparaci\u00f3n hist\u00f3rica ante escribano."},"content":{"rendered":"<p>La ANSES ofrece este servicio gratuito para la certificaci\u00f3n de firma manuscrita de quienes acepten participar de la Reparaci\u00f3n Hist\u00f3rica pero que por motivos de salud, f\u00edsicos u otros no pueden concurrir al lugar designado.<br \/>\n<!--more--><br \/>\nLa ANSES informa, ante la entrada en vigencia de la normativa, que los jubilados y pensionados que acepten la Reparaci\u00f3n Hist\u00f3rica pero est\u00e9n incapacitados para registrar su huella digital o no puedan desplazarse hasta una oficina del organismo, podr\u00e1n suscribir el acuerdo con su firma manuscrita ante un escribano p\u00fablico, debiendo previamente gestionar ante la ANSES la exenci\u00f3n al programa MI HUELLA.<br \/>\nEl organismo previsional pone a disposici\u00f3n este servicio gratuito para aquellas personas a las que les corresponda la Reparaci\u00f3n Hist\u00f3rica y ya hayan aceptado el acuerdo a trav\u00e9s de la web pero que tengan alguna de las siguientes caracter\u00edsticas:<br \/>\n-Huellas digitales ilegibles.<br \/>\n-Se encuentren internadas en instituciones o residencias para adultos mayores<br \/>\n-Est\u00e9n internadas en hospitales<br \/>\nEn esos casos, las personas podr\u00e1n suscribir el acuerdo ante un escribano p\u00fablico que concurrir\u00e1 al domicilio para certificar la firma, requisito fundamental para poder percibir el reajuste propuesto por la Reparaci\u00f3n Hist\u00f3rica. Para los jubilados no representa gasto alguno. Posteriormente, el abogado patrocinante presentar\u00e1 el acuerdo firmado por el titular y certificado por el escribano ante la ANSES, debiendo el profesional suscribir el citado acuerdo ante el funcionario de la Unidad de Atenci\u00f3n respectiva.<br \/>\nEl listado de los escribanos p\u00fablicos inscriptos para Reparaci\u00f3n Hist\u00f3rica, de los cuales la ANSES se hace cargo de los honorarios correspondientes, est\u00e1 publicado en la p\u00e1gina del organismo (www.anses.gob.ar), secci\u00f3n Reparaci\u00f3n Hist\u00f3rica.<br \/>\nEn octubre pasado, la ANSES hab\u00eda suscrito un convenio para que los escribanos p\u00fablicos puedan certificar las firmas con la Escriban\u00eda General de la Naci\u00f3n, el Consejo Federal del Notariado Argentino (CFNA) y los representantes de colegios de escribanos de la Ciudad Aut\u00f3noma de Buenos Aires y las provincias de Buenos Aires, Chaco, Mendoza, San Juan, San Luis y Santa Fe. El CFNA nuclea a los 24 colegios de escribanos de la Rep\u00fablica Argentina.<\/p>\n","protected":false},"excerpt":{"rendered":"<p>La ANSES ofrece este servicio gratuito para la certificaci\u00f3n de firma manuscrita de quienes acepten participar de la Reparaci\u00f3n Hist\u00f3rica pero que por motivos de salud, f\u00edsicos u otros no pueden concurrir al lugar designado.<\/p>\n","protected":false},"author":3,"featured_media":0,"comment_status":"closed","ping_status":"open","sticky":false,"template":"","format":"standard","meta":{"footnotes":""},"categories":[26],"tags":[],"class_list":["post-5627","post","type-post","status-publish","format-standard","hentry","category-sociedad"],"yoast_head":"<!-- This site is optimized with the Yoast SEO plugin v25.9 - https:\/\/yoast.com\/wordpress\/plugins\/seo\/ -->\n<title>Jubilados y Pensionados podr\u00e1n suscribir acuerdo de reparaci\u00f3n hist\u00f3rica ante escribano. - Noticias Radio Reflejos<\/title>\n<meta name=\"robots\" content=\"index, follow, max-snippet:-1, max-image-preview:large, max-video-preview:-1\" \/>\n<link rel=\"canonical\" href=\"https:\/\/www.noticiasradioreflejos.com.ar\/2021\/jubilados-y-pensionados-podran-suscribir-acuerdo-de-reparacion-historica-ante-escribano\/\" \/>\n<meta property=\"og:locale\" content=\"es_ES\" \/>\n<meta property=\"og:type\" content=\"article\" \/>\n<meta property=\"og:title\" content=\"Jubilados y Pensionados podr\u00e1n suscribir acuerdo de reparaci\u00f3n hist\u00f3rica ante escribano. - Noticias Radio Reflejos\" \/>\n<meta property=\"og:description\" content=\"La ANSES ofrece este servicio gratuito para la certificaci\u00f3n de firma manuscrita de quienes acepten participar de la Reparaci\u00f3n Hist\u00f3rica pero que por motivos de salud, f\u00edsicos u otros no pueden concurrir al lugar designado.\" \/>\n<meta property=\"og:url\" content=\"https:\/\/www.noticiasradioreflejos.com.ar\/2021\/jubilados-y-pensionados-podran-suscribir-acuerdo-de-reparacion-historica-ante-escribano\/\" \/>\n<meta property=\"og:site_name\" content=\"Noticias Radio Reflejos\" \/>\n<meta property=\"article:published_time\" content=\"2017-01-07T11:40:47+00:00\" \/>\n<meta property=\"og:image\" content=\"https:\/\/www.noticiasradioreflejos.com.ar\/2021\/wp-content\/uploads\/2021\/07\/logosol300x200.png\" \/>\n\t<meta property=\"og:image:width\" content=\"300\" \/>\n\t<meta property=\"og:image:height\" content=\"200\" \/>\n\t<meta property=\"og:image:type\" content=\"image\/png\" \/>\n<meta name=\"author\" content=\"Arnaldo Botto\" \/>\n<meta name=\"twitter:card\" content=\"summary_large_image\" \/>\n<script type=\"application\/ld+json\" class=\"yoast-schema-graph\">{\"@context\":\"https:\/\/schema.org\",\"@graph\":[{\"@type\":\"WebPage\",\"@id\":\"https:\/\/www.noticiasradioreflejos.com.ar\/2021\/jubilados-y-pensionados-podran-suscribir-acuerdo-de-reparacion-historica-ante-escribano\/\",\"url\":\"https:\/\/www.noticiasradioreflejos.com.ar\/2021\/jubilados-y-pensionados-podran-suscribir-acuerdo-de-reparacion-historica-ante-escribano\/\",\"name\":\"Jubilados y Pensionados podr\u00e1n suscribir acuerdo de reparaci\u00f3n hist\u00f3rica ante escribano. - Noticias Radio Reflejos\",\"isPartOf\":{\"@id\":\"https:\/\/www.noticiasradioreflejos.com.ar\/2021\/#website\"},\"datePublished\":\"2017-01-07T11:40:47+00:00\",\"author\":{\"@id\":\"https:\/\/www.noticiasradioreflejos.com.ar\/2021\/#\/schema\/person\/ad82545263dcc5ec0996818884fd5fb1\"},\"breadcrumb\":{\"@id\":\"https:\/\/www.noticiasradioreflejos.com.ar\/2021\/jubilados-y-pensionados-podran-suscribir-acuerdo-de-reparacion-historica-ante-escribano\/#breadcrumb\"},\"inLanguage\":\"es\",\"potentialAction\":[{\"@type\":\"ReadAction\",\"target\":[\"https:\/\/www.noticiasradioreflejos.com.ar\/2021\/jubilados-y-pensionados-podran-suscribir-acuerdo-de-reparacion-historica-ante-escribano\/\"]}]},{\"@type\":\"BreadcrumbList\",\"@id\":\"https:\/\/www.noticiasradioreflejos.com.ar\/2021\/jubilados-y-pensionados-podran-suscribir-acuerdo-de-reparacion-historica-ante-escribano\/#breadcrumb\",\"itemListElement\":[{\"@type\":\"ListItem\",\"position\":1,\"name\":\"Portada\",\"item\":\"https:\/\/www.noticiasradioreflejos.com.ar\/2021\/\"},{\"@type\":\"ListItem\",\"position\":2,\"name\":\"Jubilados y Pensionados podr\u00e1n suscribir acuerdo de reparaci\u00f3n hist\u00f3rica ante escribano.\"}]},{\"@type\":\"WebSite\",\"@id\":\"https:\/\/www.noticiasradioreflejos.com.ar\/2021\/#website\",\"url\":\"https:\/\/www.noticiasradioreflejos.com.ar\/2021\/\",\"name\":\"Noticias Radio Reflejos\",\"description\":\"Las noticias de mi comarca\",\"potentialAction\":[{\"@type\":\"SearchAction\",\"target\":{\"@type\":\"EntryPoint\",\"urlTemplate\":\"https:\/\/www.noticiasradioreflejos.com.ar\/2021\/?s={search_term_string}\"},\"query-input\":{\"@type\":\"PropertyValueSpecification\",\"valueRequired\":true,\"valueName\":\"search_term_string\"}}],\"inLanguage\":\"es\"},{\"@type\":\"Person\",\"@id\":\"https:\/\/www.noticiasradioreflejos.com.ar\/2021\/#\/schema\/person\/ad82545263dcc5ec0996818884fd5fb1\",\"name\":\"Arnaldo Botto\",\"image\":{\"@type\":\"ImageObject\",\"inLanguage\":\"es\",\"@id\":\"https:\/\/www.noticiasradioreflejos.com.ar\/2021\/#\/schema\/person\/image\/\",\"url\":\"https:\/\/secure.gravatar.com\/avatar\/55cb5e37c1efa326397366e6974cb338056df65cb50e7d64d1cf314e87504837?s=96&d=mm&r=g\",\"contentUrl\":\"https:\/\/secure.gravatar.com\/avatar\/55cb5e37c1efa326397366e6974cb338056df65cb50e7d64d1cf314e87504837?s=96&d=mm&r=g\",\"caption\":\"Arnaldo Botto\"},\"url\":\"https:\/\/www.noticiasradioreflejos.com.ar\/2021\/author\/arnaldo\/\"}]}<\/script>\n<!-- \/ Yoast SEO plugin. -->","yoast_head_json":{"title":"Jubilados y Pensionados podr\u00e1n suscribir acuerdo de reparaci\u00f3n hist\u00f3rica ante escribano. - Noticias Radio Reflejos","robots":{"index":"index","follow":"follow","max-snippet":"max-snippet:-1","max-image-preview":"max-image-preview:large","max-video-preview":"max-video-preview:-1"},"canonical":"https:\/\/www.noticiasradioreflejos.com.ar\/2021\/jubilados-y-pensionados-podran-suscribir-acuerdo-de-reparacion-historica-ante-escribano\/","og_locale":"es_ES","og_type":"article","og_title":"Jubilados y Pensionados podr\u00e1n suscribir acuerdo de reparaci\u00f3n hist\u00f3rica ante escribano. - Noticias Radio Reflejos","og_description":"La ANSES ofrece este servicio gratuito para la certificaci\u00f3n de firma manuscrita de quienes acepten participar de la Reparaci\u00f3n Hist\u00f3rica pero que por motivos de salud, f\u00edsicos u otros no pueden concurrir al lugar designado.","og_url":"https:\/\/www.noticiasradioreflejos.com.ar\/2021\/jubilados-y-pensionados-podran-suscribir-acuerdo-de-reparacion-historica-ante-escribano\/","og_site_name":"Noticias Radio Reflejos","article_published_time":"2017-01-07T11:40:47+00:00","og_image":[{"width":300,"height":200,"url":"https:\/\/www.noticiasradioreflejos.com.ar\/2021\/wp-content\/uploads\/2021\/07\/logosol300x200.png","type":"image\/png"}],"author":"Arnaldo Botto","twitter_card":"summary_large_image","schema":{"@context":"https:\/\/schema.org","@graph":[{"@type":"WebPage","@id":"https:\/\/www.noticiasradioreflejos.com.ar\/2021\/jubilados-y-pensionados-podran-suscribir-acuerdo-de-reparacion-historica-ante-escribano\/","url":"https:\/\/www.noticiasradioreflejos.com.ar\/2021\/jubilados-y-pensionados-podran-suscribir-acuerdo-de-reparacion-historica-ante-escribano\/","name":"Jubilados y Pensionados podr\u00e1n suscribir acuerdo de reparaci\u00f3n hist\u00f3rica ante escribano. - Noticias Radio Reflejos","isPartOf":{"@id":"https:\/\/www.noticiasradioreflejos.com.ar\/2021\/#website"},"datePublished":"2017-01-07T11:40:47+00:00","author":{"@id":"https:\/\/www.noticiasradioreflejos.com.ar\/2021\/#\/schema\/person\/ad82545263dcc5ec0996818884fd5fb1"},"breadcrumb":{"@id":"https:\/\/www.noticiasradioreflejos.com.ar\/2021\/jubilados-y-pensionados-podran-suscribir-acuerdo-de-reparacion-historica-ante-escribano\/#breadcrumb"},"inLanguage":"es","potentialAction":[{"@type":"ReadAction","target":["https:\/\/www.noticiasradioreflejos.com.ar\/2021\/jubilados-y-pensionados-podran-suscribir-acuerdo-de-reparacion-historica-ante-escribano\/"]}]},{"@type":"BreadcrumbList","@id":"https:\/\/www.noticiasradioreflejos.com.ar\/2021\/jubilados-y-pensionados-podran-suscribir-acuerdo-de-reparacion-historica-ante-escribano\/#breadcrumb","itemListElement":[{"@type":"ListItem","position":1,"name":"Portada","item":"https:\/\/www.noticiasradioreflejos.com.ar\/2021\/"},{"@type":"ListItem","position":2,"name":"Jubilados y Pensionados podr\u00e1n suscribir acuerdo de reparaci\u00f3n hist\u00f3rica ante escribano."}]},{"@type":"WebSite","@id":"https:\/\/www.noticiasradioreflejos.com.ar\/2021\/#website","url":"https:\/\/www.noticiasradioreflejos.com.ar\/2021\/","name":"Noticias Radio Reflejos","description":"Las noticias de mi comarca","potentialAction":[{"@type":"SearchAction","target":{"@type":"EntryPoint","urlTemplate":"https:\/\/www.noticiasradioreflejos.com.ar\/2021\/?s={search_term_string}"},"query-input":{"@type":"PropertyValueSpecification","valueRequired":true,"valueName":"search_term_string"}}],"inLanguage":"es"},{"@type":"Person","@id":"https:\/\/www.noticiasradioreflejos.com.ar\/2021\/#\/schema\/person\/ad82545263dcc5ec0996818884fd5fb1","name":"Arnaldo Botto","image":{"@type":"ImageObject","inLanguage":"es","@id":"https:\/\/www.noticiasradioreflejos.com.ar\/2021\/#\/schema\/person\/image\/","url":"https:\/\/secure.gravatar.com\/avatar\/55cb5e37c1efa326397366e6974cb338056df65cb50e7d64d1cf314e87504837?s=96&d=mm&r=g","contentUrl":"https:\/\/secure.gravatar.com\/avatar\/55cb5e37c1efa326397366e6974cb338056df65cb50e7d64d1cf314e87504837?s=96&d=mm&r=g","caption":"Arnaldo Botto"},"url":"https:\/\/www.noticiasradioreflejos.com.ar\/2021\/author\/arnaldo\/"}]}},"_links":{"self":[{"href":"https:\/\/www.noticiasradioreflejos.com.ar\/2021\/wp-json\/wp\/v2\/posts\/5627","targetHints":{"allow":["GET"]}}],"collection":[{"href":"https:\/\/www.noticiasradioreflejos.com.ar\/2021\/wp-json\/wp\/v2\/posts"}],"about":[{"href":"https:\/\/www.noticiasradioreflejos.com.ar\/2021\/wp-json\/wp\/v2\/types\/post"}],"author":[{"embeddable":true,"href":"https:\/\/www.noticiasradioreflejos.com.ar\/2021\/wp-json\/wp\/v2\/users\/3"}],"replies":[{"embeddable":true,"href":"https:\/\/www.noticiasradioreflejos.com.ar\/2021\/wp-json\/wp\/v2\/comments?post=5627"}],"version-history":[{"count":0,"href":"https:\/\/www.noticiasradioreflejos.com.ar\/2021\/wp-json\/wp\/v2\/posts\/5627\/revisions"}],"wp:attachment":[{"href":"https:\/\/www.noticiasradioreflejos.com.ar\/2021\/wp-json\/wp\/v2\/media?parent=5627"}],"wp:term":[{"taxonomy":"category","embeddable":true,"href":"https:\/\/www.noticiasradioreflejos.com.ar\/2021\/wp-json\/wp\/v2\/categories?post=5627"},{"taxonomy":"post_tag","embeddable":true,"href":"https:\/\/www.noticiasradioreflejos.com.ar\/2021\/wp-json\/wp\/v2\/tags?post=5627"}],"curies":[{"name":"wp","href":"https:\/\/api.w.org\/{rel}","templated":true}]}}