{"id":56214,"date":"2021-05-04T08:20:33","date_gmt":"2021-05-04T11:20:33","guid":{"rendered":"http:\/\/www.noticiasradioreflejos.com.ar\/noticias\/?p=56214"},"modified":"2021-05-04T08:20:33","modified_gmt":"2021-05-04T11:20:33","slug":"coronavirus-la-curva-de-contagios-se-desacelera","status":"publish","type":"post","link":"https:\/\/www.noticiasradioreflejos.com.ar\/2021\/coronavirus-la-curva-de-contagios-se-desacelera\/","title":{"rendered":"Coronavirus: la curva de contagios se desacelera"},"content":{"rendered":"<div class=\"section-2-col article-header\">\n<div class=\"col 2-col\">\n<p>Los especialistas coinciden en que la reducci\u00f3n es efecto de las restricciones. Durante la \u00faltima semana, los casos en la Provincia de Buenos Aires se redujeron un 18%, en CABA un 13% y un 8% en el resto del pa\u00eds. La disminuci\u00f3n de la movilidad es una de las claves.<\/p>\n<div class=\"author\"><\/div>\n<\/div>\n<\/div>\n<p><!--more--><\/p>\n<div class=\"section-2-col article-main-image\">\n<div class=\"col 1-col\"><\/div>\n<div class=\"col 2-col\">\n<div class=\"article-main-media-image__container\">\n<div class=\"image-wrapper\">\n<figure>\n<figure class=\"object-fit-block--contain intrinsic-container intrinsic-container-3x2\"><img decoding=\"async\" class=\" lazyloaded\" src=\"https:\/\/images.pagina12.com.ar\/styles\/focal_3_2_960x640\/public\/2021-05\/159784-whatsapp-20image-202021-05-03-20at-2016-13-28.jpeg?itok=WzaS_Wpa\" alt=\"\" data-src=\"https:\/\/images.pagina12.com.ar\/styles\/focal_3_2_960x640\/public\/2021-05\/159784-whatsapp-20image-202021-05-03-20at-2016-13-28.jpeg?itok=WzaS_Wpa\" \/><\/figure>\n<\/figure>\n<\/div>\n<\/div>\n<\/div>\n<\/div>\n<div class=\"section-2-col article-main-content\">\n<div class=\"col 2-col\">\n<div class=\"article-main-content article-text \">\n<p>En Argentina existe una marcada desaceleraci\u00f3n de la curva de contagios. De acuerdo a los reportes que comparte en cada jornada el senador provincial y analista de datos Mart\u00edn Barrionuevo,\u00a0<b>los primeros efectos de las medidas dispuestas por el gobierno ya pueden observarse con claridad<\/b>.\u00a0<b>El promedio de casos diarios al 18 de abril era de 23.605, el 25 del mismo mes era de 23.839 y el 2 de mayo fue de 20.616.<\/b>\u00a0En efecto, se advierte una marcada reducci\u00f3n durante la \u00faltima semana en la Provincia de Buenos Aires (-18%), CABA (-13%) y tambi\u00e9n en el resto del pa\u00eds (-8%), donde las restricciones fueron menos contundentes que en el AMBA. Seg\u00fan el reporte elaborado por el ministerio de Salud de la Naci\u00f3n, ayer otras 540 personas murieron y 15.920 fueron reportadas con coronavirus en la \u00faltima jornada.<\/p>\n<p>Quien expres\u00f3 su satisfacci\u00f3n con lo alcanzado en este \u00faltimo tiempo fue el ministro de Salud bonaerense,\u00a0<b>Daniel Gollan<\/b>, a trav\u00e9s de un mensaje que comparti\u00f3 en sus redes sociales.\u00a0<b>\u201cLas medidas implementadas demuestran que con m\u00e1s cuidados los contagios bajan r\u00e1pidamente\u201d<\/b>, sostuvo en Twitter. Luego complet\u00f3: \u201c<b>Todav\u00eda no alcanza porque necesitamos seguir bajando, pero el esfuerzo ya est\u00e1 dando resultados alentadores\u201d<\/b>. Esta ma\u00f1ana el gobierno de Buenos Aires adhiri\u00f3 al DNU que dispuso Alberto Fern\u00e1ndez y que fue publicado el s\u00e1bado pasado.<\/p>\n<div id=\"talkFireEvent\"><\/div>\n<p>El objetivo, desde esta perspectiva, es renovar el apoyo de la Provincia a las medidas de restricci\u00f3n y prevenci\u00f3n ante la segunda ola de Covid que, en el presente, mantiene en una situaci\u00f3n cr\u00edtica el sistema sanitario.\u00a0<b>En el AMBA, la ocupaci\u00f3n de camas de terapia intensiva alcanza el 76%<\/b>, aunque desde algunas instituciones sanitarias afirmaron no contar con mayor disponibilidad, anunciaron la falta de insumos cr\u00edticos (como sedantes) y el agotamiento de los profesionales del sector (intensivistas, kinesi\u00f3logos y enfermeros). A pesar de ello,\u00a0<b>el gobierno porte\u00f1o no adhiri\u00f3 al DNU<\/b>\u00a0y mantiene la presencialidad en los niveles de jard\u00edn y primario, y un sistema de \u00abbimodalidad\u00bb en los secundarios.<\/p>\n<p><b>\u201cHay una correlaci\u00f3n muy fuerte entre c\u00f3mo creci\u00f3 la curva durante las dos \u00faltimas semanas de marzo &#8211;cuando los casos se duplicaban cada 12 d\u00edas&#8211; y en c\u00f3mo comenzaron a estabilizarse y luego a disminuir a partir de las restricciones a la movilizaci\u00f3n.<\/b>\u00a0El crecimiento se desaceler\u00f3 claramente en el AMBA y en las provincias baj\u00f3 un poco menos de acuerdo a las acciones que cada distrito plante\u00f3\u201d, dice Jorge Aliaga, f\u00edsico y Secretario de Planeamiento y Evaluaci\u00f3n Institucional en la Universidad Nacional de Hurlingham. Como la experiencia demostr\u00f3 en otros pa\u00edses del mundo, cuando los gobiernos dictan medidas para restringir la circulaci\u00f3n de las personas, la propagaci\u00f3n viral se detiene y las curvas frenan su ascenso. Y ello, a mediano plazo, permite oxigenar al sistema sanitario para evitar el colapso.<\/p>\n<p>\u201cAnalic\u00e9 algunos \u00edndices de movilidad a partir de datos que proveen Apple, Google y el uso de la tarjeta SUBE y\u00a0<b>se advierte una ca\u00edda de la circulaci\u00f3n a partir de abril<\/b>\u201d, describe Aliaga. En esta l\u00ednea, enumera una serie de hitos que contribuyeron a la disminuci\u00f3n de la movilidad y a la reducci\u00f3n de contagios. \u201c<b>Fue clave que la administraci\u00f3n p\u00fablica pasara a la modalidad de teletrabajo, luego el l\u00edmite a la movilidad desde las cero hasta las seis de la ma\u00f1ana, m\u00e1s tarde el l\u00edmite desde las 19 a las seis y, asimismo, el retorno a la virtualidad en las escuelas<\/b>\u201d, relata el referente. Durante los \u00faltimos d\u00edas, sin embargo, de acuerdo a los registros que lleva Aliaga, dej\u00f3 de disminuir el \u00edndice de circulaci\u00f3n de personas. Habr\u00e1 que ver, en el corto plazo, si este fen\u00f3meno conduce a una estabilidad en el n\u00famero de los casos (meseta alta), o bien, si contin\u00faan a la baja con independencia de que este factor se mantenga constante.<\/p>\n<p>Las restricciones nocturnas impactaron en los adolescentes y j\u00f3venes de 15 a 30 a\u00f1os, el grupo etario que m\u00e1s redujo los contagios, precisamente, porque semanas atr\u00e1s eran los que m\u00e1s encuentros sociales manten\u00edan.\u00a0<b>\u201cPBA empez\u00f3 a bajar los casos un poco m\u00e1s r\u00e1pido que en CABA al 15 o 20% semanal. Vamos a necesitar que durante tres semanas se reduzcan en un 20% para, reci\u00e9n, estar en los mismos valores del pico del a\u00f1o pasado. Imaginate c\u00f3mo est\u00e1n las cosas<\/b>\u201d, apunta Barrionuevo.<\/p>\n<p>\u201c<b>Es clave que podamos bajar de manera dr\u00e1stica los casos en los pr\u00f3ximos d\u00edas. En el AMBA est\u00e1n comenzando a disminuir, pero de una manera insuficiente. Las medidas tomadas por el Presidente dan resultados<\/b>, pero se requiere de seguir as\u00ed para comenzar a ver de manera m\u00e1s marcada el efecto de las vacunas. Este es el camino pero todav\u00eda falta\u201d, explica Barrionuevo. Seg\u00fan el\u00a0<b>Monitor P\u00fablico de Vacunaci\u00f3n<\/b>, ya se han inoculado m\u00e1s de 8 millones de dosis y en los pr\u00f3ximos d\u00edas, de acuerdo a la llegada de los \u00faltimos aviones con dosis de Sinopharm y Sputnik V, podr\u00e1n aplicarse\u2013al menos\u2013 dos millones de dosis m\u00e1s. La f\u00f3rmula es la de siempre: a las vacunas hay que complementarlas con el cumplimiento de las medidas propuestas por el Ejecutivo y con el refuerzo de la responsabilidad individual: barbijo bien colocado, higiene de manos, distancia social y ventilaci\u00f3n cruzada de espacios.<\/p>\n<p>\u201c<b>Lo que primero veremos en un tiempo es la reducci\u00f3n de la letalidad, que es previa a la reducci\u00f3n de la mortalidad. La disminuci\u00f3n de la mortalidad solo la observaremos en la medida en que mantengamos constantes los casos o los bajemos<\/b>. Con el promedio de infectados a diario es imposible que disminuyan las muertes.\u00a0<b>No hay vacuna que alcance para ese crecimiento explosivo de contagios<\/b>\u201d, advierte Barrionuevo. Aunque el \u00edndice de casos est\u00e9 muy alto, gracias al comportamiento social de las \u00faltimas semanas se observa una desaceleraci\u00f3n de la curva que, de haber seguido como a comienzos de abril, podr\u00eda haber ocasionado 35 mil infectados por cada jornada solo en el AMBA.<\/p>\n<p>&nbsp;<\/p>\n<div class=\"author-thumbnail\">\n<figure><img decoding=\"async\" class=\" lazyloaded\" src=\"https:\/\/images.pagina12.com.ar\/styles\/thumbnail\/public\/2020-07\/pablo-esteban.png?itok=lmNB3siT\" alt=\"Pablo Esteban\" data-src=\"https:\/\/images.pagina12.com.ar\/styles\/thumbnail\/public\/2020-07\/pablo-esteban.png?itok=lmNB3siT\" \/><\/figure>\n<\/div>\n<div class=\"author-name\"><span style=\"color: #000080;\"><strong>Por Pablo Esteban<\/strong><\/span><\/div>\n<p><span style=\"color: #000080;\"><strong>pablo.esteban@pagina12.com.ar<\/strong><\/span><\/p>\n<\/div>\n<\/div>\n<\/div>\n","protected":false},"excerpt":{"rendered":"<p>Los especialistas coinciden en que la reducci\u00f3n es efecto de las restricciones. Durante la \u00faltima semana, los casos en la Provincia de Buenos Aires se redujeron un 18%, en CABA un 13% y un 8% en el resto del pa\u00eds. La disminuci\u00f3n de la movilidad es una de las claves.<\/p>\n","protected":false},"author":3,"featured_media":0,"comment_status":"closed","ping_status":"open","sticky":false,"template":"","format":"standard","meta":{"footnotes":""},"categories":[24,30],"tags":[],"class_list":["post-56214","post","type-post","status-publish","format-standard","hentry","category-politica","category-salud"],"yoast_head":"<!-- This site is optimized with the Yoast SEO plugin v25.9 - https:\/\/yoast.com\/wordpress\/plugins\/seo\/ -->\n<title>Coronavirus: la curva de contagios se desacelera - Noticias Radio Reflejos<\/title>\n<meta name=\"robots\" content=\"index, follow, max-snippet:-1, max-image-preview:large, max-video-preview:-1\" \/>\n<link rel=\"canonical\" href=\"https:\/\/www.noticiasradioreflejos.com.ar\/2021\/coronavirus-la-curva-de-contagios-se-desacelera\/\" \/>\n<meta property=\"og:locale\" content=\"es_ES\" \/>\n<meta property=\"og:type\" content=\"article\" \/>\n<meta property=\"og:title\" content=\"Coronavirus: la curva de contagios se desacelera - Noticias Radio Reflejos\" \/>\n<meta property=\"og:description\" content=\"Los especialistas coinciden en que la reducci\u00f3n es efecto de las restricciones. Durante la \u00faltima semana, los casos en la Provincia de Buenos Aires se redujeron un 18%, en CABA un 13% y un 8% en el resto del pa\u00eds. La disminuci\u00f3n de la movilidad es una de las claves.\" \/>\n<meta property=\"og:url\" content=\"https:\/\/www.noticiasradioreflejos.com.ar\/2021\/coronavirus-la-curva-de-contagios-se-desacelera\/\" \/>\n<meta property=\"og:site_name\" content=\"Noticias Radio Reflejos\" \/>\n<meta property=\"article:published_time\" content=\"2021-05-04T11:20:33+00:00\" \/>\n<meta property=\"og:image\" content=\"https:\/\/images.pagina12.com.ar\/styles\/focal_3_2_960x640\/public\/2021-05\/159784-whatsapp-20image-202021-05-03-20at-2016-13-28.jpeg?itok=WzaS_Wpa\" \/>\n<meta name=\"author\" content=\"Arnaldo Botto\" \/>\n<meta name=\"twitter:card\" content=\"summary_large_image\" \/>\n<script type=\"application\/ld+json\" class=\"yoast-schema-graph\">{\"@context\":\"https:\/\/schema.org\",\"@graph\":[{\"@type\":\"WebPage\",\"@id\":\"https:\/\/www.noticiasradioreflejos.com.ar\/2021\/coronavirus-la-curva-de-contagios-se-desacelera\/\",\"url\":\"https:\/\/www.noticiasradioreflejos.com.ar\/2021\/coronavirus-la-curva-de-contagios-se-desacelera\/\",\"name\":\"Coronavirus: la curva de contagios se desacelera - Noticias Radio Reflejos\",\"isPartOf\":{\"@id\":\"https:\/\/www.noticiasradioreflejos.com.ar\/2021\/#website\"},\"primaryImageOfPage\":{\"@id\":\"https:\/\/www.noticiasradioreflejos.com.ar\/2021\/coronavirus-la-curva-de-contagios-se-desacelera\/#primaryimage\"},\"image\":{\"@id\":\"https:\/\/www.noticiasradioreflejos.com.ar\/2021\/coronavirus-la-curva-de-contagios-se-desacelera\/#primaryimage\"},\"thumbnailUrl\":\"https:\/\/images.pagina12.com.ar\/styles\/focal_3_2_960x640\/public\/2021-05\/159784-whatsapp-20image-202021-05-03-20at-2016-13-28.jpeg?itok=WzaS_Wpa\",\"datePublished\":\"2021-05-04T11:20:33+00:00\",\"author\":{\"@id\":\"https:\/\/www.noticiasradioreflejos.com.ar\/2021\/#\/schema\/person\/ad82545263dcc5ec0996818884fd5fb1\"},\"breadcrumb\":{\"@id\":\"https:\/\/www.noticiasradioreflejos.com.ar\/2021\/coronavirus-la-curva-de-contagios-se-desacelera\/#breadcrumb\"},\"inLanguage\":\"es\",\"potentialAction\":[{\"@type\":\"ReadAction\",\"target\":[\"https:\/\/www.noticiasradioreflejos.com.ar\/2021\/coronavirus-la-curva-de-contagios-se-desacelera\/\"]}]},{\"@type\":\"ImageObject\",\"inLanguage\":\"es\",\"@id\":\"https:\/\/www.noticiasradioreflejos.com.ar\/2021\/coronavirus-la-curva-de-contagios-se-desacelera\/#primaryimage\",\"url\":\"https:\/\/images.pagina12.com.ar\/styles\/focal_3_2_960x640\/public\/2021-05\/159784-whatsapp-20image-202021-05-03-20at-2016-13-28.jpeg?itok=WzaS_Wpa\",\"contentUrl\":\"https:\/\/images.pagina12.com.ar\/styles\/focal_3_2_960x640\/public\/2021-05\/159784-whatsapp-20image-202021-05-03-20at-2016-13-28.jpeg?itok=WzaS_Wpa\"},{\"@type\":\"BreadcrumbList\",\"@id\":\"https:\/\/www.noticiasradioreflejos.com.ar\/2021\/coronavirus-la-curva-de-contagios-se-desacelera\/#breadcrumb\",\"itemListElement\":[{\"@type\":\"ListItem\",\"position\":1,\"name\":\"Portada\",\"item\":\"https:\/\/www.noticiasradioreflejos.com.ar\/2021\/\"},{\"@type\":\"ListItem\",\"position\":2,\"name\":\"Coronavirus: la curva de contagios se desacelera\"}]},{\"@type\":\"WebSite\",\"@id\":\"https:\/\/www.noticiasradioreflejos.com.ar\/2021\/#website\",\"url\":\"https:\/\/www.noticiasradioreflejos.com.ar\/2021\/\",\"name\":\"Noticias Radio Reflejos\",\"description\":\"Las noticias de mi comarca\",\"potentialAction\":[{\"@type\":\"SearchAction\",\"target\":{\"@type\":\"EntryPoint\",\"urlTemplate\":\"https:\/\/www.noticiasradioreflejos.com.ar\/2021\/?s={search_term_string}\"},\"query-input\":{\"@type\":\"PropertyValueSpecification\",\"valueRequired\":true,\"valueName\":\"search_term_string\"}}],\"inLanguage\":\"es\"},{\"@type\":\"Person\",\"@id\":\"https:\/\/www.noticiasradioreflejos.com.ar\/2021\/#\/schema\/person\/ad82545263dcc5ec0996818884fd5fb1\",\"name\":\"Arnaldo Botto\",\"image\":{\"@type\":\"ImageObject\",\"inLanguage\":\"es\",\"@id\":\"https:\/\/www.noticiasradioreflejos.com.ar\/2021\/#\/schema\/person\/image\/\",\"url\":\"https:\/\/secure.gravatar.com\/avatar\/55cb5e37c1efa326397366e6974cb338056df65cb50e7d64d1cf314e87504837?s=96&d=mm&r=g\",\"contentUrl\":\"https:\/\/secure.gravatar.com\/avatar\/55cb5e37c1efa326397366e6974cb338056df65cb50e7d64d1cf314e87504837?s=96&d=mm&r=g\",\"caption\":\"Arnaldo Botto\"},\"url\":\"https:\/\/www.noticiasradioreflejos.com.ar\/2021\/author\/arnaldo\/\"}]}<\/script>\n<!-- \/ Yoast SEO plugin. -->","yoast_head_json":{"title":"Coronavirus: la curva de contagios se desacelera - Noticias Radio Reflejos","robots":{"index":"index","follow":"follow","max-snippet":"max-snippet:-1","max-image-preview":"max-image-preview:large","max-video-preview":"max-video-preview:-1"},"canonical":"https:\/\/www.noticiasradioreflejos.com.ar\/2021\/coronavirus-la-curva-de-contagios-se-desacelera\/","og_locale":"es_ES","og_type":"article","og_title":"Coronavirus: la curva de contagios se desacelera - Noticias Radio Reflejos","og_description":"Los especialistas coinciden en que la reducci\u00f3n es efecto de las restricciones. Durante la \u00faltima semana, los casos en la Provincia de Buenos Aires se redujeron un 18%, en CABA un 13% y un 8% en el resto del pa\u00eds. La disminuci\u00f3n de la movilidad es una de las claves.","og_url":"https:\/\/www.noticiasradioreflejos.com.ar\/2021\/coronavirus-la-curva-de-contagios-se-desacelera\/","og_site_name":"Noticias Radio Reflejos","article_published_time":"2021-05-04T11:20:33+00:00","og_image":[{"url":"https:\/\/images.pagina12.com.ar\/styles\/focal_3_2_960x640\/public\/2021-05\/159784-whatsapp-20image-202021-05-03-20at-2016-13-28.jpeg?itok=WzaS_Wpa","type":"","width":"","height":""}],"author":"Arnaldo Botto","twitter_card":"summary_large_image","schema":{"@context":"https:\/\/schema.org","@graph":[{"@type":"WebPage","@id":"https:\/\/www.noticiasradioreflejos.com.ar\/2021\/coronavirus-la-curva-de-contagios-se-desacelera\/","url":"https:\/\/www.noticiasradioreflejos.com.ar\/2021\/coronavirus-la-curva-de-contagios-se-desacelera\/","name":"Coronavirus: la curva de contagios se desacelera - Noticias Radio Reflejos","isPartOf":{"@id":"https:\/\/www.noticiasradioreflejos.com.ar\/2021\/#website"},"primaryImageOfPage":{"@id":"https:\/\/www.noticiasradioreflejos.com.ar\/2021\/coronavirus-la-curva-de-contagios-se-desacelera\/#primaryimage"},"image":{"@id":"https:\/\/www.noticiasradioreflejos.com.ar\/2021\/coronavirus-la-curva-de-contagios-se-desacelera\/#primaryimage"},"thumbnailUrl":"https:\/\/images.pagina12.com.ar\/styles\/focal_3_2_960x640\/public\/2021-05\/159784-whatsapp-20image-202021-05-03-20at-2016-13-28.jpeg?itok=WzaS_Wpa","datePublished":"2021-05-04T11:20:33+00:00","author":{"@id":"https:\/\/www.noticiasradioreflejos.com.ar\/2021\/#\/schema\/person\/ad82545263dcc5ec0996818884fd5fb1"},"breadcrumb":{"@id":"https:\/\/www.noticiasradioreflejos.com.ar\/2021\/coronavirus-la-curva-de-contagios-se-desacelera\/#breadcrumb"},"inLanguage":"es","potentialAction":[{"@type":"ReadAction","target":["https:\/\/www.noticiasradioreflejos.com.ar\/2021\/coronavirus-la-curva-de-contagios-se-desacelera\/"]}]},{"@type":"ImageObject","inLanguage":"es","@id":"https:\/\/www.noticiasradioreflejos.com.ar\/2021\/coronavirus-la-curva-de-contagios-se-desacelera\/#primaryimage","url":"https:\/\/images.pagina12.com.ar\/styles\/focal_3_2_960x640\/public\/2021-05\/159784-whatsapp-20image-202021-05-03-20at-2016-13-28.jpeg?itok=WzaS_Wpa","contentUrl":"https:\/\/images.pagina12.com.ar\/styles\/focal_3_2_960x640\/public\/2021-05\/159784-whatsapp-20image-202021-05-03-20at-2016-13-28.jpeg?itok=WzaS_Wpa"},{"@type":"BreadcrumbList","@id":"https:\/\/www.noticiasradioreflejos.com.ar\/2021\/coronavirus-la-curva-de-contagios-se-desacelera\/#breadcrumb","itemListElement":[{"@type":"ListItem","position":1,"name":"Portada","item":"https:\/\/www.noticiasradioreflejos.com.ar\/2021\/"},{"@type":"ListItem","position":2,"name":"Coronavirus: la curva de contagios se desacelera"}]},{"@type":"WebSite","@id":"https:\/\/www.noticiasradioreflejos.com.ar\/2021\/#website","url":"https:\/\/www.noticiasradioreflejos.com.ar\/2021\/","name":"Noticias Radio Reflejos","description":"Las noticias de mi comarca","potentialAction":[{"@type":"SearchAction","target":{"@type":"EntryPoint","urlTemplate":"https:\/\/www.noticiasradioreflejos.com.ar\/2021\/?s={search_term_string}"},"query-input":{"@type":"PropertyValueSpecification","valueRequired":true,"valueName":"search_term_string"}}],"inLanguage":"es"},{"@type":"Person","@id":"https:\/\/www.noticiasradioreflejos.com.ar\/2021\/#\/schema\/person\/ad82545263dcc5ec0996818884fd5fb1","name":"Arnaldo Botto","image":{"@type":"ImageObject","inLanguage":"es","@id":"https:\/\/www.noticiasradioreflejos.com.ar\/2021\/#\/schema\/person\/image\/","url":"https:\/\/secure.gravatar.com\/avatar\/55cb5e37c1efa326397366e6974cb338056df65cb50e7d64d1cf314e87504837?s=96&d=mm&r=g","contentUrl":"https:\/\/secure.gravatar.com\/avatar\/55cb5e37c1efa326397366e6974cb338056df65cb50e7d64d1cf314e87504837?s=96&d=mm&r=g","caption":"Arnaldo Botto"},"url":"https:\/\/www.noticiasradioreflejos.com.ar\/2021\/author\/arnaldo\/"}]}},"_links":{"self":[{"href":"https:\/\/www.noticiasradioreflejos.com.ar\/2021\/wp-json\/wp\/v2\/posts\/56214","targetHints":{"allow":["GET"]}}],"collection":[{"href":"https:\/\/www.noticiasradioreflejos.com.ar\/2021\/wp-json\/wp\/v2\/posts"}],"about":[{"href":"https:\/\/www.noticiasradioreflejos.com.ar\/2021\/wp-json\/wp\/v2\/types\/post"}],"author":[{"embeddable":true,"href":"https:\/\/www.noticiasradioreflejos.com.ar\/2021\/wp-json\/wp\/v2\/users\/3"}],"replies":[{"embeddable":true,"href":"https:\/\/www.noticiasradioreflejos.com.ar\/2021\/wp-json\/wp\/v2\/comments?post=56214"}],"version-history":[{"count":0,"href":"https:\/\/www.noticiasradioreflejos.com.ar\/2021\/wp-json\/wp\/v2\/posts\/56214\/revisions"}],"wp:attachment":[{"href":"https:\/\/www.noticiasradioreflejos.com.ar\/2021\/wp-json\/wp\/v2\/media?parent=56214"}],"wp:term":[{"taxonomy":"category","embeddable":true,"href":"https:\/\/www.noticiasradioreflejos.com.ar\/2021\/wp-json\/wp\/v2\/categories?post=56214"},{"taxonomy":"post_tag","embeddable":true,"href":"https:\/\/www.noticiasradioreflejos.com.ar\/2021\/wp-json\/wp\/v2\/tags?post=56214"}],"curies":[{"name":"wp","href":"https:\/\/api.w.org\/{rel}","templated":true}]}}