{"id":56203,"date":"2021-05-03T19:56:03","date_gmt":"2021-05-03T22:56:03","guid":{"rendered":"http:\/\/www.noticiasradioreflejos.com.ar\/noticias\/?p=56203"},"modified":"2021-05-03T19:56:03","modified_gmt":"2021-05-03T22:56:03","slug":"nuevas-medidas-para-el-sector-de-las-industrias-culturales-y-sus-trabajadores-y-trabajadoras","status":"publish","type":"post","link":"https:\/\/www.noticiasradioreflejos.com.ar\/2021\/nuevas-medidas-para-el-sector-de-las-industrias-culturales-y-sus-trabajadores-y-trabajadoras\/","title":{"rendered":"Nuevas medidas para el sector de las industrias culturales y sus trabajadores y trabajadoras."},"content":{"rendered":"<p style=\"font-weight: 400;\">Como continuaci\u00f3n de las pol\u00edticas implementadas desde el inicio de la pandemia para acompa\u00f1ar a las industrias culturales y sus trabajadores y trabajadoras, el Ministerio de Cultura anunci\u00f3 nuevas medidas de apoyo econ\u00f3mico dirigidas a uno de los sectores m\u00e1s afectados por la emergencia sanitaria.<!--more--><\/p>\n<p style=\"font-weight: 400;\">En el\u00a0<strong>Centro Cultural Kirchner<\/strong>\u00a0estuvieron presentes el ministro de Cultura,\u00a0<strong>Trist\u00e1n Bauer<\/strong>, la directora ejecutiva de\u00a0<strong>ANSES<\/strong>,\u00a0<strong>Fernanda Raverta<\/strong>, funcionarios del Ministerio de Cultura y representantes de los diversos sectores de las industrias culturales.<\/p>\n<p style=\"font-weight: 400;\">\u00a0En primer lugar, se anunci\u00f3 el pago de la primera cuota de\u00a0<strong>Cultura Solidaria<\/strong>,\u00a0<strong>el programa que alcanz\u00f3 a 50.757 artistas, trabajadores y trabajadoras de la cultura con una inversi\u00f3n sin precedentes: m\u00e1s de 1600 millones para mitigar los efectos de uno de los sectores donde m\u00e1s impact\u00f3 la pandemia del COVID-19<\/strong>. Son dos cuotas de $15.000 cada una que comenzar\u00e1n a pagarse a partir del 4 de mayo.\u00a0 Se trata de una pol\u00edtica p\u00fablica, federal e inclusiva que llega a toda la Argentina y cubre todos los rubros del sector de las industrias culturales.<\/p>\n<p style=\"font-weight: 400;\">Al mismo tiempo, se present\u00f3 el\u00a0<strong>Subsidio para el Sostenimiento del Espect\u00e1culo en Vivo<\/strong>. Un apoyo econ\u00f3mico de 50 millones de pesos destinados a salas y teatros del AMBA y de todas las jurisdicciones que adhieren al Decreto 241\/2021 que tuvieron que suspender funciones programadas. Est\u00e1 dividido en tres categor\u00edas vinculadas a la capacidad de cada sala y tendr\u00e1 impacto en los ingresos de actores, actrices y guionistas, entre otros trabajadores y trabajadoras de las artes esc\u00e9nicas, ya que se prev\u00e9 el mismo destino que hubiese tenido la taquilla.<\/p>\n<p style=\"font-weight: 400;\">Tambi\u00e9n se anunci\u00f3 el\u00a0<strong>Plan AmpliAR Podest\u00e1 2021<\/strong>\u00a0del Instituto Nacional del Teatro. Se trata de una serie de convocatorias especiales destinadas al sector del Teatro Independiente, con requerimientos flexibles, reunidas en un \u00fanico plan de acci\u00f3n integral y abarcativo, que ampl\u00eda los alcances del Plan Podest\u00e1 2020. Tiene una inversi\u00f3n de m\u00e1s de 60 millones de pesos.<\/p>\n<p style=\"font-weight: 400;\">Finalmente, se dio a conocer el<strong>\u00a0Apoyo Econ\u00f3mico de Emergencia para la Comarca Andina.<\/strong>\u00a0Consiste en una ayuda econ\u00f3mica dise\u00f1ada en forma exclusiva para acompa\u00f1ar a 221 trabajadores y trabajadoras de la cultura afectados por los incendios que ocurrieron durante el mes de marzo en la regi\u00f3n. Con una inversi\u00f3n de m\u00e1s de $8,1 millones de pesos se dise\u00f1\u00f3 un apoyo especial destinado a los trabajadores y trabajadoras de la Comarca y se implement\u00f3\u00a0<strong>el programa<\/strong>\u00a0<strong>Cultura Solidaria<\/strong>\u00a0junto a incentivos especiales del INT y al otorgamiento de equipamiento por parte de la CONABIP.<\/p>\n<p style=\"font-weight: 400;\">Estas medidas refuerzan la voluntad y el compromiso del Ministerio de Cultura<strong>\u00a0<\/strong>con los artistas, trabajadores, trabajadoras y con cada sector que forma parte de las industrias culturales, sabiendo de su esfuerzo por atravesar esta coyuntura que involucra a todos los argentinos y a las argentinas. Seguimos convencidos de que el camino es de la cultura de la solidaridad.<\/p>\n<p style=\"font-weight: 400;\">El ministro de Cultura de la Naci\u00f3n,\u00a0<strong>Trist\u00e1n Bauer<\/strong>, se\u00f1al\u00f3:\u00a0<em>\u201cHace d\u00edas conmemoramos el d\u00eda del trabajador y la trabajadora, de los m\u00e1rtires de Chicago, de momentos de luces y de sombras, y todos estos programas que presentamos hoy se los debemos a ellos. Hubo un enorme trabajo para poder implementar estos programas ya que estos tiempos de emergencia nos encuentran dando respuestas nuevas, y as\u00ed, hoy, estamos llegando a m\u00e1s de 50.000 artistas. Cuando logramos estos planes se desataron los incendios en la Comarca Andina y un equipo del Ministerio de Cultura viaj\u00f3 e hizo un relevamiento para poder ayudar a los artistas, artesanos y trabajadores de la cultura que perdieron sus casas, con 8 millones de pesos\u201d<\/em>, resalt\u00f3\u00a0<strong>Bauer<\/strong>.<\/p>\n<p style=\"font-weight: 400;\">En cuanto al AMBA, se\u00f1al\u00f3 que\u00a0<em>\u201cla situaci\u00f3n sanitaria nos oblig\u00f3, una vez m\u00e1s, a tener que cerrar salas, teatros, cines y espect\u00e1culos musicales y por eso destinamos, a trav\u00e9s del programa de apoyo a salas de teatro, una inversi\u00f3n de m\u00e1s de 50 millones de pesos.\u00a0 Al mismo tiempo, el Instituto Nacional del Teatro ampliar\u00e1\u00a0<strong>el Plan Podest\u00e1 2021<\/strong>\u00a0con una ayuda de 60 millones de pesos. Estos programas hablan del compromiso de nuestro gobierno porque tenemos la virtud de tener un gobierno con una enorme sensibilidad hacia lo cultural. A nosotros nos gustan dos palabras: la producci\u00f3n y el trabajo.\u00a0 Quisi\u00e9ramos volver inmediatamente a realizar ambas. Pero mientras tanto tenemos que cuidar mucho la salud de la poblaci\u00f3n. Por eso estas medidas son tan necesarias y fundamentales en esta etapa\u201d.<\/em><\/p>\n<p style=\"font-weight: 400;\">Por su parte,\u00a0<strong>Fernanda Raverta<\/strong>, titular de\u00a0<strong>ANSES<\/strong>, sostuvo que\u00a0<em>\u201cpara resistir la crisis fueron necesarios los artistas y hoy podemos decir que a partir del 5 de mayo empezaremos a pagar a m\u00e1s de 50 artistas beneficiados\u201d<\/em>. Es compromiso de nuestro gobierno empezar por los \u00faltimos y los que m\u00e1s lo necesitan\u201d<\/p>\n<p style=\"font-weight: 400;\">Finalmente, el secretario del Interior<strong>, Jos\u00e9 Lepere<\/strong>, subray\u00f3 que\u00a0<em>\u201cCultura hace el esfuerzo,\u00a0<strong>ANSES<\/strong>\u00a0la log\u00edstica y desde el Ministerio del Interior queremos ser guardianes de que sea una pol\u00edtica federal e inclusiva que llegue a todos los municipios, a todas las provincias, a toda la Argentina\u201d<\/em>.<\/p>\n<p style=\"font-weight: 400;\">Acompa\u00f1aron los anuncios, de manera presencial,\u00a0<strong>Mar\u00eda Cristina Alvarez Rodriguez<\/strong>; diputada Nacional;\u00a0<strong>Lucrecia Cardoso<\/strong>, secretar\u00eda de Desarrollo Cultural;\u00a0<strong>Valeria Gonz\u00e1lez<\/strong>, secretaria de Patrimonio Cultural;\u00a0<strong>Maximiliano Uceda<\/strong>, secretario de Gesti\u00f3n Cultural,\u00a0<strong>Mar\u00eda del Carmen Bianchi<\/strong>, presidenta de la CONABIP;\u00a0<strong>Carlos Rotemberg<\/strong>\u00a0(AADET);\u00a0<strong>Mart\u00edn Alfiz<\/strong>\u00a0(AADET);\u00a0<strong>Ana Poluy\u00e1n<\/strong>\u00a0(ACMMA);\u00a0<strong>Guillermo Gonz\u00e1lez<\/strong>\u00a0(CAPTE);\u00a0<strong>Eduardo Semp\u00e9<\/strong>\u00a0(IDEAR); y de manera virtual:\u00a0<strong>Jos\u00e9 Palazzo<\/strong>\u00a0(CIEyA);\u00a0<strong>P\u00eda Rigoni<\/strong>\u00a0(CIEyA);\u00a0<strong>Romina Costigliolo<\/strong>\u00a0(ASAP);\u00a0<strong>Tiana Rivera<\/strong>\u00a0(ASAP);\u00a0<strong>Noelia Villafa\u00f1e<\/strong>\u00a0(ASAP);\u00a0<strong>Alexis Turnes<\/strong>\u00a0<strong>Amadeo<\/strong>\u00a0(ASAP);\u00a0<strong>Hern\u00e1n Guti\u00e9rrez<\/strong>\u00a0(ACMMA);\u00a0<strong>Rodrigo Lavecchia<\/strong>\u00a0(CAPTE) y\u00a0<strong>Mart\u00edn Mercado<\/strong>\u00a0(IDEAR).<\/p>\n<p style=\"font-weight: 400;\"><strong><a href=\"http:\/\/www.anses.gob.ar\/\" data-saferedirecturl=\"https:\/\/www.google.com\/url?q=http:\/\/www.anses.gob.ar&amp;source=gmail&amp;ust=1620167337993000&amp;usg=AFQjCNFhCpqPCKaLswef88Mlmo8S4hH9nQ\">www.anses.gob.ar<\/a><\/strong><\/p>\n","protected":false},"excerpt":{"rendered":"<p>Como continuaci\u00f3n de las pol\u00edticas implementadas desde el inicio de la pandemia para acompa\u00f1ar a las industrias culturales y sus trabajadores y trabajadoras, el Ministerio de Cultura anunci\u00f3 nuevas medidas de apoyo econ\u00f3mico dirigidas a uno de los sectores m\u00e1s afectados por la emergencia sanitaria.<\/p>\n","protected":false},"author":3,"featured_media":0,"comment_status":"closed","ping_status":"open","sticky":false,"template":"","format":"standard","meta":{"footnotes":""},"categories":[35,24],"tags":[],"class_list":["post-56203","post","type-post","status-publish","format-standard","hentry","category-cultura","category-politica"],"yoast_head":"<!-- This site is optimized with the Yoast SEO plugin v25.9 - https:\/\/yoast.com\/wordpress\/plugins\/seo\/ -->\n<title>Nuevas medidas para el sector de las industrias culturales y sus trabajadores y trabajadoras. - Noticias Radio Reflejos<\/title>\n<meta name=\"robots\" content=\"index, follow, max-snippet:-1, max-image-preview:large, max-video-preview:-1\" \/>\n<link rel=\"canonical\" href=\"https:\/\/www.noticiasradioreflejos.com.ar\/2021\/nuevas-medidas-para-el-sector-de-las-industrias-culturales-y-sus-trabajadores-y-trabajadoras\/\" \/>\n<meta property=\"og:locale\" content=\"es_ES\" \/>\n<meta property=\"og:type\" content=\"article\" \/>\n<meta property=\"og:title\" content=\"Nuevas medidas para el sector de las industrias culturales y sus trabajadores y trabajadoras. - Noticias Radio Reflejos\" \/>\n<meta property=\"og:description\" content=\"Como continuaci\u00f3n de las pol\u00edticas implementadas desde el inicio de la pandemia para acompa\u00f1ar a las industrias culturales y sus trabajadores y trabajadoras, el Ministerio de Cultura anunci\u00f3 nuevas medidas de apoyo econ\u00f3mico dirigidas a uno de los sectores m\u00e1s afectados por la emergencia sanitaria.\" \/>\n<meta property=\"og:url\" content=\"https:\/\/www.noticiasradioreflejos.com.ar\/2021\/nuevas-medidas-para-el-sector-de-las-industrias-culturales-y-sus-trabajadores-y-trabajadoras\/\" \/>\n<meta property=\"og:site_name\" content=\"Noticias Radio Reflejos\" \/>\n<meta property=\"article:published_time\" content=\"2021-05-03T22:56:03+00:00\" \/>\n<meta property=\"og:image\" content=\"https:\/\/www.noticiasradioreflejos.com.ar\/2021\/wp-content\/uploads\/2021\/07\/logosol300x200.png\" \/>\n\t<meta property=\"og:image:width\" content=\"300\" \/>\n\t<meta property=\"og:image:height\" content=\"200\" \/>\n\t<meta property=\"og:image:type\" content=\"image\/png\" \/>\n<meta name=\"author\" content=\"Arnaldo Botto\" \/>\n<meta name=\"twitter:card\" content=\"summary_large_image\" \/>\n<script type=\"application\/ld+json\" class=\"yoast-schema-graph\">{\"@context\":\"https:\/\/schema.org\",\"@graph\":[{\"@type\":\"WebPage\",\"@id\":\"https:\/\/www.noticiasradioreflejos.com.ar\/2021\/nuevas-medidas-para-el-sector-de-las-industrias-culturales-y-sus-trabajadores-y-trabajadoras\/\",\"url\":\"https:\/\/www.noticiasradioreflejos.com.ar\/2021\/nuevas-medidas-para-el-sector-de-las-industrias-culturales-y-sus-trabajadores-y-trabajadoras\/\",\"name\":\"Nuevas medidas para el sector de las industrias culturales y sus trabajadores y trabajadoras. - Noticias Radio Reflejos\",\"isPartOf\":{\"@id\":\"https:\/\/www.noticiasradioreflejos.com.ar\/2021\/#website\"},\"datePublished\":\"2021-05-03T22:56:03+00:00\",\"author\":{\"@id\":\"https:\/\/www.noticiasradioreflejos.com.ar\/2021\/#\/schema\/person\/ad82545263dcc5ec0996818884fd5fb1\"},\"breadcrumb\":{\"@id\":\"https:\/\/www.noticiasradioreflejos.com.ar\/2021\/nuevas-medidas-para-el-sector-de-las-industrias-culturales-y-sus-trabajadores-y-trabajadoras\/#breadcrumb\"},\"inLanguage\":\"es\",\"potentialAction\":[{\"@type\":\"ReadAction\",\"target\":[\"https:\/\/www.noticiasradioreflejos.com.ar\/2021\/nuevas-medidas-para-el-sector-de-las-industrias-culturales-y-sus-trabajadores-y-trabajadoras\/\"]}]},{\"@type\":\"BreadcrumbList\",\"@id\":\"https:\/\/www.noticiasradioreflejos.com.ar\/2021\/nuevas-medidas-para-el-sector-de-las-industrias-culturales-y-sus-trabajadores-y-trabajadoras\/#breadcrumb\",\"itemListElement\":[{\"@type\":\"ListItem\",\"position\":1,\"name\":\"Portada\",\"item\":\"https:\/\/www.noticiasradioreflejos.com.ar\/2021\/\"},{\"@type\":\"ListItem\",\"position\":2,\"name\":\"Nuevas medidas para el sector de las industrias culturales y sus trabajadores y trabajadoras.\"}]},{\"@type\":\"WebSite\",\"@id\":\"https:\/\/www.noticiasradioreflejos.com.ar\/2021\/#website\",\"url\":\"https:\/\/www.noticiasradioreflejos.com.ar\/2021\/\",\"name\":\"Noticias Radio Reflejos\",\"description\":\"Las noticias de mi comarca\",\"potentialAction\":[{\"@type\":\"SearchAction\",\"target\":{\"@type\":\"EntryPoint\",\"urlTemplate\":\"https:\/\/www.noticiasradioreflejos.com.ar\/2021\/?s={search_term_string}\"},\"query-input\":{\"@type\":\"PropertyValueSpecification\",\"valueRequired\":true,\"valueName\":\"search_term_string\"}}],\"inLanguage\":\"es\"},{\"@type\":\"Person\",\"@id\":\"https:\/\/www.noticiasradioreflejos.com.ar\/2021\/#\/schema\/person\/ad82545263dcc5ec0996818884fd5fb1\",\"name\":\"Arnaldo Botto\",\"image\":{\"@type\":\"ImageObject\",\"inLanguage\":\"es\",\"@id\":\"https:\/\/www.noticiasradioreflejos.com.ar\/2021\/#\/schema\/person\/image\/\",\"url\":\"https:\/\/secure.gravatar.com\/avatar\/55cb5e37c1efa326397366e6974cb338056df65cb50e7d64d1cf314e87504837?s=96&d=mm&r=g\",\"contentUrl\":\"https:\/\/secure.gravatar.com\/avatar\/55cb5e37c1efa326397366e6974cb338056df65cb50e7d64d1cf314e87504837?s=96&d=mm&r=g\",\"caption\":\"Arnaldo Botto\"},\"url\":\"https:\/\/www.noticiasradioreflejos.com.ar\/2021\/author\/arnaldo\/\"}]}<\/script>\n<!-- \/ Yoast SEO plugin. -->","yoast_head_json":{"title":"Nuevas medidas para el sector de las industrias culturales y sus trabajadores y trabajadoras. - Noticias Radio Reflejos","robots":{"index":"index","follow":"follow","max-snippet":"max-snippet:-1","max-image-preview":"max-image-preview:large","max-video-preview":"max-video-preview:-1"},"canonical":"https:\/\/www.noticiasradioreflejos.com.ar\/2021\/nuevas-medidas-para-el-sector-de-las-industrias-culturales-y-sus-trabajadores-y-trabajadoras\/","og_locale":"es_ES","og_type":"article","og_title":"Nuevas medidas para el sector de las industrias culturales y sus trabajadores y trabajadoras. - Noticias Radio Reflejos","og_description":"Como continuaci\u00f3n de las pol\u00edticas implementadas desde el inicio de la pandemia para acompa\u00f1ar a las industrias culturales y sus trabajadores y trabajadoras, el Ministerio de Cultura anunci\u00f3 nuevas medidas de apoyo econ\u00f3mico dirigidas a uno de los sectores m\u00e1s afectados por la emergencia sanitaria.","og_url":"https:\/\/www.noticiasradioreflejos.com.ar\/2021\/nuevas-medidas-para-el-sector-de-las-industrias-culturales-y-sus-trabajadores-y-trabajadoras\/","og_site_name":"Noticias Radio Reflejos","article_published_time":"2021-05-03T22:56:03+00:00","og_image":[{"width":300,"height":200,"url":"https:\/\/www.noticiasradioreflejos.com.ar\/2021\/wp-content\/uploads\/2021\/07\/logosol300x200.png","type":"image\/png"}],"author":"Arnaldo Botto","twitter_card":"summary_large_image","schema":{"@context":"https:\/\/schema.org","@graph":[{"@type":"WebPage","@id":"https:\/\/www.noticiasradioreflejos.com.ar\/2021\/nuevas-medidas-para-el-sector-de-las-industrias-culturales-y-sus-trabajadores-y-trabajadoras\/","url":"https:\/\/www.noticiasradioreflejos.com.ar\/2021\/nuevas-medidas-para-el-sector-de-las-industrias-culturales-y-sus-trabajadores-y-trabajadoras\/","name":"Nuevas medidas para el sector de las industrias culturales y sus trabajadores y trabajadoras. - Noticias Radio Reflejos","isPartOf":{"@id":"https:\/\/www.noticiasradioreflejos.com.ar\/2021\/#website"},"datePublished":"2021-05-03T22:56:03+00:00","author":{"@id":"https:\/\/www.noticiasradioreflejos.com.ar\/2021\/#\/schema\/person\/ad82545263dcc5ec0996818884fd5fb1"},"breadcrumb":{"@id":"https:\/\/www.noticiasradioreflejos.com.ar\/2021\/nuevas-medidas-para-el-sector-de-las-industrias-culturales-y-sus-trabajadores-y-trabajadoras\/#breadcrumb"},"inLanguage":"es","potentialAction":[{"@type":"ReadAction","target":["https:\/\/www.noticiasradioreflejos.com.ar\/2021\/nuevas-medidas-para-el-sector-de-las-industrias-culturales-y-sus-trabajadores-y-trabajadoras\/"]}]},{"@type":"BreadcrumbList","@id":"https:\/\/www.noticiasradioreflejos.com.ar\/2021\/nuevas-medidas-para-el-sector-de-las-industrias-culturales-y-sus-trabajadores-y-trabajadoras\/#breadcrumb","itemListElement":[{"@type":"ListItem","position":1,"name":"Portada","item":"https:\/\/www.noticiasradioreflejos.com.ar\/2021\/"},{"@type":"ListItem","position":2,"name":"Nuevas medidas para el sector de las industrias culturales y sus trabajadores y trabajadoras."}]},{"@type":"WebSite","@id":"https:\/\/www.noticiasradioreflejos.com.ar\/2021\/#website","url":"https:\/\/www.noticiasradioreflejos.com.ar\/2021\/","name":"Noticias Radio Reflejos","description":"Las noticias de mi comarca","potentialAction":[{"@type":"SearchAction","target":{"@type":"EntryPoint","urlTemplate":"https:\/\/www.noticiasradioreflejos.com.ar\/2021\/?s={search_term_string}"},"query-input":{"@type":"PropertyValueSpecification","valueRequired":true,"valueName":"search_term_string"}}],"inLanguage":"es"},{"@type":"Person","@id":"https:\/\/www.noticiasradioreflejos.com.ar\/2021\/#\/schema\/person\/ad82545263dcc5ec0996818884fd5fb1","name":"Arnaldo Botto","image":{"@type":"ImageObject","inLanguage":"es","@id":"https:\/\/www.noticiasradioreflejos.com.ar\/2021\/#\/schema\/person\/image\/","url":"https:\/\/secure.gravatar.com\/avatar\/55cb5e37c1efa326397366e6974cb338056df65cb50e7d64d1cf314e87504837?s=96&d=mm&r=g","contentUrl":"https:\/\/secure.gravatar.com\/avatar\/55cb5e37c1efa326397366e6974cb338056df65cb50e7d64d1cf314e87504837?s=96&d=mm&r=g","caption":"Arnaldo Botto"},"url":"https:\/\/www.noticiasradioreflejos.com.ar\/2021\/author\/arnaldo\/"}]}},"_links":{"self":[{"href":"https:\/\/www.noticiasradioreflejos.com.ar\/2021\/wp-json\/wp\/v2\/posts\/56203","targetHints":{"allow":["GET"]}}],"collection":[{"href":"https:\/\/www.noticiasradioreflejos.com.ar\/2021\/wp-json\/wp\/v2\/posts"}],"about":[{"href":"https:\/\/www.noticiasradioreflejos.com.ar\/2021\/wp-json\/wp\/v2\/types\/post"}],"author":[{"embeddable":true,"href":"https:\/\/www.noticiasradioreflejos.com.ar\/2021\/wp-json\/wp\/v2\/users\/3"}],"replies":[{"embeddable":true,"href":"https:\/\/www.noticiasradioreflejos.com.ar\/2021\/wp-json\/wp\/v2\/comments?post=56203"}],"version-history":[{"count":0,"href":"https:\/\/www.noticiasradioreflejos.com.ar\/2021\/wp-json\/wp\/v2\/posts\/56203\/revisions"}],"wp:attachment":[{"href":"https:\/\/www.noticiasradioreflejos.com.ar\/2021\/wp-json\/wp\/v2\/media?parent=56203"}],"wp:term":[{"taxonomy":"category","embeddable":true,"href":"https:\/\/www.noticiasradioreflejos.com.ar\/2021\/wp-json\/wp\/v2\/categories?post=56203"},{"taxonomy":"post_tag","embeddable":true,"href":"https:\/\/www.noticiasradioreflejos.com.ar\/2021\/wp-json\/wp\/v2\/tags?post=56203"}],"curies":[{"name":"wp","href":"https:\/\/api.w.org\/{rel}","templated":true}]}}