{"id":56192,"date":"2021-05-03T18:40:41","date_gmt":"2021-05-03T21:40:41","guid":{"rendered":"http:\/\/www.noticiasradioreflejos.com.ar\/noticias\/?p=56192"},"modified":"2021-05-03T18:40:41","modified_gmt":"2021-05-03T21:40:41","slug":"centro-de-formacion-profesional-402-tornquist-nuevos-cursos","status":"publish","type":"post","link":"https:\/\/www.noticiasradioreflejos.com.ar\/2021\/centro-de-formacion-profesional-402-tornquist-nuevos-cursos\/","title":{"rendered":"Centro de Formaci\u00f3n Profesional 402 Tornquist: Nuevos Cursos"},"content":{"rendered":"<div><\/div>\n<div>\n<div class=\"\">\n<div class=\"j83agx80 cbu4d94t\">\n<div class=\"j83agx80 jwdofwj8\">\n<div class=\"jn8vp64t l9j0dhe7 hpfvmrgz\">\n<div class=\"lzcic4wl\" tabindex=\"0\" data-scope=\"messages_table\" data-recover=\"true\">\n<div class=\"ni8dbmo4 stjgntxs g5ia77u1 ii04i59q j83agx80 cbu4d94t ll8tlv6m\" data-testid=\"messenger_incoming_text_row\">\n<div class=\"l60d2q6s d1544ag0 sj5x9vvc tw6a2znq l9j0dhe7 ni8dbmo4 stjgntxs qlfml3jp inkptoze jk6sbkaj qttc61fc jm1wdb64 qv66sw1b ljqsnud1 g6srhlxm odn2s2vf\">\n<div class=\"oo9gr5id\" dir=\"auto\">El Centro de Formaci\u00f3n Profesional 402 de Tornquist informa que se encuentra abierta La inscripci\u00f3n para los nuevos cursos del 2021<\/div>\n<\/div>\n<\/div>\n<\/div>\n<\/div>\n<\/div>\n<\/div>\n<\/div>\n<\/div>\n<p><!--more--><\/p>\n<div>\n<div class=\"\">\n<div class=\"j83agx80 cbu4d94t\">\n<div class=\"j83agx80 jwdofwj8\">\n<div class=\"jn8vp64t l9j0dhe7 hpfvmrgz\">\n<div class=\"lzcic4wl\" tabindex=\"0\" data-scope=\"messages_table\" data-recover=\"true\">\n<div><strong>\u00a0&#8211; Horticultor en el CEPT n\u00b0 12 de Villa Ventana.<\/strong><\/div>\n<div class=\"ni8dbmo4 stjgntxs g5ia77u1 ii04i59q j83agx80 cbu4d94t ll8tlv6m\" data-testid=\"messenger_incoming_text_row\">\n<div class=\"l60d2q6s d1544ag0 sj5x9vvc tw6a2znq l9j0dhe7 ni8dbmo4 stjgntxs qlfml3jp inkptoze jk6sbkaj qttc61fc jm1wdb64 qv66sw1b ljqsnud1 g6srhlxm odn2s2vf\">\n<div class=\"oo9gr5id\" dir=\"auto\"><strong>\u00a0&#8211; Productor de Biofertilizantes en el CEPT n\u00b0 12 de Villa Ventana<\/strong><\/div>\n<\/div>\n<\/div>\n<\/div>\n<\/div>\n<div class=\"pfnyh3mw ewlkfwdl bp9cbjyn j83agx80 qnrpqo6b\"><\/div>\n<\/div>\n<\/div>\n<\/div>\n<\/div>\n<div>\n<div class=\"\">\n<div class=\"j83agx80 cbu4d94t\">\n<div class=\"j83agx80 jwdofwj8\">\n<div class=\"jn8vp64t l9j0dhe7 hpfvmrgz\">\n<div class=\"lzcic4wl\" tabindex=\"0\" data-scope=\"messages_table\" data-recover=\"true\">\n<div class=\"ni8dbmo4 stjgntxs g5ia77u1 ii04i59q j83agx80 cbu4d94t ll8tlv6m\" data-testid=\"messenger_incoming_text_row\">\n<div class=\"l60d2q6s d1544ag0 sj5x9vvc tw6a2znq l9j0dhe7 ni8dbmo4 stjgntxs qlfml3jp inkptoze jk6sbkaj qttc61fc jm1wdb64 qv66sw1b ljqsnud1 g6srhlxm odn2s2vf\">\n<div class=\"oo9gr5id\" dir=\"auto\"><strong>\u00a0&#8211; Especializaci\u00f3n profesional en cocina libre de gluten en Sede del CFP 402 en Tornquist<\/strong><\/div>\n<div class=\"oo9gr5id\" dir=\"auto\"><\/div>\n<\/div>\n<\/div>\n<\/div>\n<\/div>\n<div class=\"pfnyh3mw ewlkfwdl bp9cbjyn j83agx80 qnrpqo6b\"><\/div>\n<\/div>\n<\/div>\n<\/div>\n<\/div>\n<div>\n<div class=\"\">\n<div class=\"j83agx80 cbu4d94t\">\n<div class=\"j83agx80 jwdofwj8\">\n<div class=\"jn8vp64t l9j0dhe7 hpfvmrgz\">\n<div class=\"lzcic4wl\" tabindex=\"0\" data-scope=\"messages_table\" data-recover=\"true\">\n<div class=\"ni8dbmo4 stjgntxs g5ia77u1 ii04i59q j83agx80 cbu4d94t ll8tlv6m\" data-testid=\"messenger_incoming_text_row\">\n<div class=\"l60d2q6s d1544ag0 sj5x9vvc tw6a2znq l9j0dhe7 ni8dbmo4 stjgntxs qlfml3jp inkptoze jk6sbkaj qttc61fc jm1wdb64 qv66sw1b ljqsnud1 g6srhlxm odn2s2vf\">\n<div class=\"oo9gr5id\" dir=\"auto\">Para inscripciones consultar el link en la p\u00e1gina de de<a href=\"https:\/\/www.facebook.com\/search\/top?q=Centro%20de%20Formaci%C3%B3n%20Profesional%20N%C2%BA%20402%20de%20Tornquist\"> facebook \u00abFormaci\u00f3n Profesional Tornquist\u00bb<\/a>.<\/div>\n<\/div>\n<\/div>\n<\/div>\n<\/div>\n<\/div>\n<\/div>\n<\/div>\n<\/div>\n","protected":false},"excerpt":{"rendered":"<p>El Centro de Formaci\u00f3n Profesional 402 de Tornquist informa que se encuentra abierta La inscripci\u00f3n para los nuevos cursos del 2021<\/p>\n","protected":false},"author":3,"featured_media":4487,"comment_status":"closed","ping_status":"open","sticky":false,"template":"","format":"standard","meta":{"footnotes":""},"categories":[36],"tags":[],"class_list":["post-56192","post","type-post","status-publish","format-standard","has-post-thumbnail","hentry","category-economia"],"yoast_head":"<!-- This site is optimized with the Yoast SEO plugin v25.9 - https:\/\/yoast.com\/wordpress\/plugins\/seo\/ -->\n<title>Centro de Formaci\u00f3n Profesional 402 Tornquist: Nuevos Cursos - Noticias Radio Reflejos<\/title>\n<meta name=\"robots\" content=\"index, follow, max-snippet:-1, max-image-preview:large, max-video-preview:-1\" \/>\n<link rel=\"canonical\" href=\"https:\/\/www.noticiasradioreflejos.com.ar\/2021\/centro-de-formacion-profesional-402-tornquist-nuevos-cursos\/\" \/>\n<meta property=\"og:locale\" content=\"es_ES\" \/>\n<meta property=\"og:type\" content=\"article\" \/>\n<meta property=\"og:title\" content=\"Centro de Formaci\u00f3n Profesional 402 Tornquist: Nuevos Cursos - Noticias Radio Reflejos\" \/>\n<meta property=\"og:description\" content=\"El Centro de Formaci\u00f3n Profesional 402 de Tornquist informa que se encuentra abierta La inscripci\u00f3n para los nuevos cursos del 2021\" \/>\n<meta property=\"og:url\" content=\"https:\/\/www.noticiasradioreflejos.com.ar\/2021\/centro-de-formacion-profesional-402-tornquist-nuevos-cursos\/\" \/>\n<meta property=\"og:site_name\" content=\"Noticias Radio Reflejos\" \/>\n<meta property=\"article:published_time\" content=\"2021-05-03T21:40:41+00:00\" \/>\n<meta property=\"og:image\" content=\"https:\/\/www.noticiasradioreflejos.com.ar\/2021\/wp-content\/uploads\/2016\/12\/CFP-Tornquist.png\" \/>\n\t<meta property=\"og:image:width\" content=\"267\" \/>\n\t<meta property=\"og:image:height\" content=\"299\" \/>\n\t<meta property=\"og:image:type\" content=\"image\/png\" \/>\n<meta name=\"author\" content=\"Arnaldo Botto\" \/>\n<meta name=\"twitter:card\" content=\"summary_large_image\" \/>\n<script type=\"application\/ld+json\" class=\"yoast-schema-graph\">{\"@context\":\"https:\/\/schema.org\",\"@graph\":[{\"@type\":\"WebPage\",\"@id\":\"https:\/\/www.noticiasradioreflejos.com.ar\/2021\/centro-de-formacion-profesional-402-tornquist-nuevos-cursos\/\",\"url\":\"https:\/\/www.noticiasradioreflejos.com.ar\/2021\/centro-de-formacion-profesional-402-tornquist-nuevos-cursos\/\",\"name\":\"Centro de Formaci\u00f3n Profesional 402 Tornquist: Nuevos Cursos - Noticias Radio Reflejos\",\"isPartOf\":{\"@id\":\"https:\/\/www.noticiasradioreflejos.com.ar\/2021\/#website\"},\"primaryImageOfPage\":{\"@id\":\"https:\/\/www.noticiasradioreflejos.com.ar\/2021\/centro-de-formacion-profesional-402-tornquist-nuevos-cursos\/#primaryimage\"},\"image\":{\"@id\":\"https:\/\/www.noticiasradioreflejos.com.ar\/2021\/centro-de-formacion-profesional-402-tornquist-nuevos-cursos\/#primaryimage\"},\"thumbnailUrl\":\"https:\/\/www.noticiasradioreflejos.com.ar\/2021\/wp-content\/uploads\/2016\/12\/CFP-Tornquist.png\",\"datePublished\":\"2021-05-03T21:40:41+00:00\",\"author\":{\"@id\":\"https:\/\/www.noticiasradioreflejos.com.ar\/2021\/#\/schema\/person\/ad82545263dcc5ec0996818884fd5fb1\"},\"breadcrumb\":{\"@id\":\"https:\/\/www.noticiasradioreflejos.com.ar\/2021\/centro-de-formacion-profesional-402-tornquist-nuevos-cursos\/#breadcrumb\"},\"inLanguage\":\"es\",\"potentialAction\":[{\"@type\":\"ReadAction\",\"target\":[\"https:\/\/www.noticiasradioreflejos.com.ar\/2021\/centro-de-formacion-profesional-402-tornquist-nuevos-cursos\/\"]}]},{\"@type\":\"ImageObject\",\"inLanguage\":\"es\",\"@id\":\"https:\/\/www.noticiasradioreflejos.com.ar\/2021\/centro-de-formacion-profesional-402-tornquist-nuevos-cursos\/#primaryimage\",\"url\":\"https:\/\/www.noticiasradioreflejos.com.ar\/2021\/wp-content\/uploads\/2016\/12\/CFP-Tornquist.png\",\"contentUrl\":\"https:\/\/www.noticiasradioreflejos.com.ar\/2021\/wp-content\/uploads\/2016\/12\/CFP-Tornquist.png\",\"width\":267,\"height\":299},{\"@type\":\"BreadcrumbList\",\"@id\":\"https:\/\/www.noticiasradioreflejos.com.ar\/2021\/centro-de-formacion-profesional-402-tornquist-nuevos-cursos\/#breadcrumb\",\"itemListElement\":[{\"@type\":\"ListItem\",\"position\":1,\"name\":\"Portada\",\"item\":\"https:\/\/www.noticiasradioreflejos.com.ar\/2021\/\"},{\"@type\":\"ListItem\",\"position\":2,\"name\":\"Centro de Formaci\u00f3n Profesional 402 Tornquist: Nuevos Cursos\"}]},{\"@type\":\"WebSite\",\"@id\":\"https:\/\/www.noticiasradioreflejos.com.ar\/2021\/#website\",\"url\":\"https:\/\/www.noticiasradioreflejos.com.ar\/2021\/\",\"name\":\"Noticias Radio Reflejos\",\"description\":\"Las noticias de mi comarca\",\"potentialAction\":[{\"@type\":\"SearchAction\",\"target\":{\"@type\":\"EntryPoint\",\"urlTemplate\":\"https:\/\/www.noticiasradioreflejos.com.ar\/2021\/?s={search_term_string}\"},\"query-input\":{\"@type\":\"PropertyValueSpecification\",\"valueRequired\":true,\"valueName\":\"search_term_string\"}}],\"inLanguage\":\"es\"},{\"@type\":\"Person\",\"@id\":\"https:\/\/www.noticiasradioreflejos.com.ar\/2021\/#\/schema\/person\/ad82545263dcc5ec0996818884fd5fb1\",\"name\":\"Arnaldo Botto\",\"image\":{\"@type\":\"ImageObject\",\"inLanguage\":\"es\",\"@id\":\"https:\/\/www.noticiasradioreflejos.com.ar\/2021\/#\/schema\/person\/image\/\",\"url\":\"https:\/\/secure.gravatar.com\/avatar\/55cb5e37c1efa326397366e6974cb338056df65cb50e7d64d1cf314e87504837?s=96&d=mm&r=g\",\"contentUrl\":\"https:\/\/secure.gravatar.com\/avatar\/55cb5e37c1efa326397366e6974cb338056df65cb50e7d64d1cf314e87504837?s=96&d=mm&r=g\",\"caption\":\"Arnaldo Botto\"},\"url\":\"https:\/\/www.noticiasradioreflejos.com.ar\/2021\/author\/arnaldo\/\"}]}<\/script>\n<!-- \/ Yoast SEO plugin. -->","yoast_head_json":{"title":"Centro de Formaci\u00f3n Profesional 402 Tornquist: Nuevos Cursos - Noticias Radio Reflejos","robots":{"index":"index","follow":"follow","max-snippet":"max-snippet:-1","max-image-preview":"max-image-preview:large","max-video-preview":"max-video-preview:-1"},"canonical":"https:\/\/www.noticiasradioreflejos.com.ar\/2021\/centro-de-formacion-profesional-402-tornquist-nuevos-cursos\/","og_locale":"es_ES","og_type":"article","og_title":"Centro de Formaci\u00f3n Profesional 402 Tornquist: Nuevos Cursos - Noticias Radio Reflejos","og_description":"El Centro de Formaci\u00f3n Profesional 402 de Tornquist informa que se encuentra abierta La inscripci\u00f3n para los nuevos cursos del 2021","og_url":"https:\/\/www.noticiasradioreflejos.com.ar\/2021\/centro-de-formacion-profesional-402-tornquist-nuevos-cursos\/","og_site_name":"Noticias Radio Reflejos","article_published_time":"2021-05-03T21:40:41+00:00","og_image":[{"width":267,"height":299,"url":"https:\/\/www.noticiasradioreflejos.com.ar\/2021\/wp-content\/uploads\/2016\/12\/CFP-Tornquist.png","type":"image\/png"}],"author":"Arnaldo Botto","twitter_card":"summary_large_image","schema":{"@context":"https:\/\/schema.org","@graph":[{"@type":"WebPage","@id":"https:\/\/www.noticiasradioreflejos.com.ar\/2021\/centro-de-formacion-profesional-402-tornquist-nuevos-cursos\/","url":"https:\/\/www.noticiasradioreflejos.com.ar\/2021\/centro-de-formacion-profesional-402-tornquist-nuevos-cursos\/","name":"Centro de Formaci\u00f3n Profesional 402 Tornquist: Nuevos Cursos - Noticias Radio Reflejos","isPartOf":{"@id":"https:\/\/www.noticiasradioreflejos.com.ar\/2021\/#website"},"primaryImageOfPage":{"@id":"https:\/\/www.noticiasradioreflejos.com.ar\/2021\/centro-de-formacion-profesional-402-tornquist-nuevos-cursos\/#primaryimage"},"image":{"@id":"https:\/\/www.noticiasradioreflejos.com.ar\/2021\/centro-de-formacion-profesional-402-tornquist-nuevos-cursos\/#primaryimage"},"thumbnailUrl":"https:\/\/www.noticiasradioreflejos.com.ar\/2021\/wp-content\/uploads\/2016\/12\/CFP-Tornquist.png","datePublished":"2021-05-03T21:40:41+00:00","author":{"@id":"https:\/\/www.noticiasradioreflejos.com.ar\/2021\/#\/schema\/person\/ad82545263dcc5ec0996818884fd5fb1"},"breadcrumb":{"@id":"https:\/\/www.noticiasradioreflejos.com.ar\/2021\/centro-de-formacion-profesional-402-tornquist-nuevos-cursos\/#breadcrumb"},"inLanguage":"es","potentialAction":[{"@type":"ReadAction","target":["https:\/\/www.noticiasradioreflejos.com.ar\/2021\/centro-de-formacion-profesional-402-tornquist-nuevos-cursos\/"]}]},{"@type":"ImageObject","inLanguage":"es","@id":"https:\/\/www.noticiasradioreflejos.com.ar\/2021\/centro-de-formacion-profesional-402-tornquist-nuevos-cursos\/#primaryimage","url":"https:\/\/www.noticiasradioreflejos.com.ar\/2021\/wp-content\/uploads\/2016\/12\/CFP-Tornquist.png","contentUrl":"https:\/\/www.noticiasradioreflejos.com.ar\/2021\/wp-content\/uploads\/2016\/12\/CFP-Tornquist.png","width":267,"height":299},{"@type":"BreadcrumbList","@id":"https:\/\/www.noticiasradioreflejos.com.ar\/2021\/centro-de-formacion-profesional-402-tornquist-nuevos-cursos\/#breadcrumb","itemListElement":[{"@type":"ListItem","position":1,"name":"Portada","item":"https:\/\/www.noticiasradioreflejos.com.ar\/2021\/"},{"@type":"ListItem","position":2,"name":"Centro de Formaci\u00f3n Profesional 402 Tornquist: Nuevos Cursos"}]},{"@type":"WebSite","@id":"https:\/\/www.noticiasradioreflejos.com.ar\/2021\/#website","url":"https:\/\/www.noticiasradioreflejos.com.ar\/2021\/","name":"Noticias Radio Reflejos","description":"Las noticias de mi comarca","potentialAction":[{"@type":"SearchAction","target":{"@type":"EntryPoint","urlTemplate":"https:\/\/www.noticiasradioreflejos.com.ar\/2021\/?s={search_term_string}"},"query-input":{"@type":"PropertyValueSpecification","valueRequired":true,"valueName":"search_term_string"}}],"inLanguage":"es"},{"@type":"Person","@id":"https:\/\/www.noticiasradioreflejos.com.ar\/2021\/#\/schema\/person\/ad82545263dcc5ec0996818884fd5fb1","name":"Arnaldo Botto","image":{"@type":"ImageObject","inLanguage":"es","@id":"https:\/\/www.noticiasradioreflejos.com.ar\/2021\/#\/schema\/person\/image\/","url":"https:\/\/secure.gravatar.com\/avatar\/55cb5e37c1efa326397366e6974cb338056df65cb50e7d64d1cf314e87504837?s=96&d=mm&r=g","contentUrl":"https:\/\/secure.gravatar.com\/avatar\/55cb5e37c1efa326397366e6974cb338056df65cb50e7d64d1cf314e87504837?s=96&d=mm&r=g","caption":"Arnaldo Botto"},"url":"https:\/\/www.noticiasradioreflejos.com.ar\/2021\/author\/arnaldo\/"}]}},"_links":{"self":[{"href":"https:\/\/www.noticiasradioreflejos.com.ar\/2021\/wp-json\/wp\/v2\/posts\/56192","targetHints":{"allow":["GET"]}}],"collection":[{"href":"https:\/\/www.noticiasradioreflejos.com.ar\/2021\/wp-json\/wp\/v2\/posts"}],"about":[{"href":"https:\/\/www.noticiasradioreflejos.com.ar\/2021\/wp-json\/wp\/v2\/types\/post"}],"author":[{"embeddable":true,"href":"https:\/\/www.noticiasradioreflejos.com.ar\/2021\/wp-json\/wp\/v2\/users\/3"}],"replies":[{"embeddable":true,"href":"https:\/\/www.noticiasradioreflejos.com.ar\/2021\/wp-json\/wp\/v2\/comments?post=56192"}],"version-history":[{"count":0,"href":"https:\/\/www.noticiasradioreflejos.com.ar\/2021\/wp-json\/wp\/v2\/posts\/56192\/revisions"}],"wp:featuredmedia":[{"embeddable":true,"href":"https:\/\/www.noticiasradioreflejos.com.ar\/2021\/wp-json\/wp\/v2\/media\/4487"}],"wp:attachment":[{"href":"https:\/\/www.noticiasradioreflejos.com.ar\/2021\/wp-json\/wp\/v2\/media?parent=56192"}],"wp:term":[{"taxonomy":"category","embeddable":true,"href":"https:\/\/www.noticiasradioreflejos.com.ar\/2021\/wp-json\/wp\/v2\/categories?post=56192"},{"taxonomy":"post_tag","embeddable":true,"href":"https:\/\/www.noticiasradioreflejos.com.ar\/2021\/wp-json\/wp\/v2\/tags?post=56192"}],"curies":[{"name":"wp","href":"https:\/\/api.w.org\/{rel}","templated":true}]}}