{"id":56189,"date":"2021-05-03T18:29:23","date_gmt":"2021-05-03T21:29:23","guid":{"rendered":"http:\/\/www.noticiasradioreflejos.com.ar\/noticias\/?p=56189"},"modified":"2021-05-03T18:29:23","modified_gmt":"2021-05-03T21:29:23","slug":"presentan-el-libro-mariela-va-la-escuela","status":"publish","type":"post","link":"https:\/\/www.noticiasradioreflejos.com.ar\/2021\/presentan-el-libro-mariela-va-la-escuela\/","title":{"rendered":"Presentan el libro \u00abMariela va la escuela\u00bb"},"content":{"rendered":"<p>La presentaci\u00f3n del libro \u201cMariela va a la Escuela\u201d de Ameris Peiretti ser\u00e1 presentado el viernes 7 de mayo a las 18,30 por la plataforma Googlemeet.<!--more--><\/p>\n<p>\u00abLa idea de este libro es mostrar una escuela inclusiva donde la protagonista tiene una amiga sorda. El asombro en sus ojos, el deseo de jugar y compartir hacen del camino una aventura. Mariela abre las puertas del mundo escolar junto a Julieta, su querida amiga. Las sorpresas y una manera distinta de aprender las est\u00e1n esperando\u201d manifiesta su autora quien al mismo tiempo se\u00f1ala que el perder el miedo a trav\u00e9s del yoga tambi\u00e9n es parte del contenido.<\/p>\n<p>Se trata de un \u00e1lbum para ni\u00f1os y ni\u00f1as, donde la inclusi\u00f3n y el encuentro se enhebran en la aventura de ir a la escuela. \u201cMariela y su amiga Julieta nos ense\u00f1an que es posible aprender, ense\u00f1ar, jugar y divertirse en el espacio escolar, con la lengua de se\u00f1as presente en el escenario\u201d cuenta Ameris Peiretti quien al mismo tiempo acota que la emoci\u00f3n del encuentro y la amistad hacen de la comunicaci\u00f3n una puerta para entrar y dejarse llevar: una nueva escuela las est\u00e1 esperando en la que invita a pasar y a descubrir la magia del aprender y del ense\u00f1ar cuando la comprensi\u00f3n y la aventura son protagonistas.<\/p>\n<p>Para participar de la presentaci\u00f3n\u00a0 junto a Uno Alto ilustrador y Jorgelina\u00a0 Madoka Saigo dise\u00f1adora deber\u00e1n inscribirse de manera gratuira al correo electr\u00f3nico\u00a0<a href=\"mailto:amerispeiretti@hotmail.com\" target=\"_blank\" rel=\"noopener\">amerispeiretti@hotmail.com<\/a>\u00a0o al whatsApp 3413475598<\/p>\n<p>&nbsp;<\/p>\n<p>Ameris Peiretti, autora de su primer libro \u201cMariela va a la Escuela\u201d, naci\u00f3 en Porte\u00f1a, donde comenz\u00f3 a cursar sus estudios primarios en la Escuela Fiscal 9 de Julio, posteriormente tras radicarse en Brinkmann cursa sus estudios de nivel secundario, mientras que su formaci\u00f3n profesional la realiza en Santa Fe como profesora para sordos e hipoac\u00fasicos,\u00a0 para luego radicarse en Rosario donde es directora del Instituto Rosarino de Audici\u00f3n y Lenguaje (Iral), adem\u00e1s es profesora de Yoga dedic\u00e1ndose a la formaci\u00f3n en la materia a docentes y a ni\u00f1as y ni\u00f1os.<\/p>\n<p>Realiz\u00f3 aportes en reglamentaci\u00f3n de ordenanzas municipales respecto a la incorporaci\u00f3n de int\u00e9rpretes de Lengua de Se\u00f1as en los actos p\u00fablicos, como as\u00ed tambi\u00e9n en la organizaci\u00f3n de la capacitaci\u00f3n para empleados municipales que permitan atender a personas sordas que vayan a realizar un tr\u00e1mite. Fue parte en el debate para el armado del ante-proyecto presentado al gobierno santafesino sobre el reconocimiento de la lengua de se\u00f1as como lengua. A partir de ese trabajo se aprob\u00f3 la ley que reconoce a la lengua de se\u00f1as como lengua y otros temas sobre los int\u00e9rpretes.<\/p>\n<p>La unidad de criterios pedag\u00f3gicos y el abordaje de did\u00e1cticas con el prop\u00f3sito de elaborar una curricula del \u00e1rea Lengua de se\u00f1as es otra de las acciones emprendidas<\/p>\n<p><span style=\"color: #888888;\">&#8212;<br \/>\nHas recibido este mensaje porque est\u00e1s suscrito al grupo \u00abPrensa\u00bb de Grupos de Google.<br \/>\nPara cancelar la suscripci\u00f3n a este grupo y dejar de recibir sus mensajes, env\u00eda un correo electr\u00f3nico a\u00a0<a href=\"mailto:informacionprensa+unsubscribe@googlegroups.com\" target=\"_blank\" rel=\"noopener\">informacionprensa+unsubscribe@<wbr \/>googlegroups.com<\/a>.<br \/>\nPara ver esta conversaci\u00f3n en el sitio web, visita\u00a0<a href=\"https:\/\/groups.google.com\/d\/msgid\/informacionprensa\/6e9661b9-e0a3-4a9e-a73b-f5d1ac98c5c9n%40googlegroups.com?utm_medium=email&amp;utm_source=footer\" target=\"_blank\" data-saferedirecturl=\"https:\/\/www.google.com\/url?q=https:\/\/groups.google.com\/d\/msgid\/informacionprensa\/6e9661b9-e0a3-4a9e-a73b-f5d1ac98c5c9n%2540googlegroups.com?utm_medium%3Demail%26utm_source%3Dfooter&amp;source=gmail&amp;ust=1620163224772000&amp;usg=AFQjCNHKh58H32BVz8bPoGCcl-uGBeaopw\" rel=\"noopener\">https:\/\/groups.google.com\/d\/<wbr \/>msgid\/informacionprensa\/<wbr \/>6e9661b9-e0a3-4a9e-a73b-<wbr \/>f5d1ac98c5c9n%40googlegroups.<wbr \/>com<\/a>.<\/span><\/p>\n","protected":false},"excerpt":{"rendered":"<p>La presentaci\u00f3n del libro \u201cMariela va a la Escuela\u201d de Ameris Peiretti ser\u00e1 presentado el viernes 7 de mayo a las 18,30 por la plataforma Googlemeet.<\/p>\n","protected":false},"author":3,"featured_media":0,"comment_status":"closed","ping_status":"open","sticky":false,"template":"","format":"standard","meta":{"footnotes":""},"categories":[35,34],"tags":[],"class_list":["post-56189","post","type-post","status-publish","format-standard","hentry","category-cultura","category-educacion"],"yoast_head":"<!-- This site is optimized with the Yoast SEO plugin v25.9 - https:\/\/yoast.com\/wordpress\/plugins\/seo\/ -->\n<title>Presentan el libro &quot;Mariela va la escuela&quot; - Noticias Radio Reflejos<\/title>\n<meta name=\"robots\" content=\"index, follow, max-snippet:-1, max-image-preview:large, max-video-preview:-1\" \/>\n<link rel=\"canonical\" href=\"https:\/\/www.noticiasradioreflejos.com.ar\/2021\/presentan-el-libro-mariela-va-la-escuela\/\" \/>\n<meta property=\"og:locale\" content=\"es_ES\" \/>\n<meta property=\"og:type\" content=\"article\" \/>\n<meta property=\"og:title\" content=\"Presentan el libro &quot;Mariela va la escuela&quot; - Noticias Radio Reflejos\" \/>\n<meta property=\"og:description\" content=\"La presentaci\u00f3n del libro \u201cMariela va a la Escuela\u201d de Ameris Peiretti ser\u00e1 presentado el viernes 7 de mayo a las 18,30 por la plataforma Googlemeet.\" \/>\n<meta property=\"og:url\" content=\"https:\/\/www.noticiasradioreflejos.com.ar\/2021\/presentan-el-libro-mariela-va-la-escuela\/\" \/>\n<meta property=\"og:site_name\" content=\"Noticias Radio Reflejos\" \/>\n<meta property=\"article:published_time\" content=\"2021-05-03T21:29:23+00:00\" \/>\n<meta property=\"og:image\" content=\"https:\/\/www.noticiasradioreflejos.com.ar\/2021\/wp-content\/uploads\/2021\/07\/logosol300x200.png\" \/>\n\t<meta property=\"og:image:width\" content=\"300\" \/>\n\t<meta property=\"og:image:height\" content=\"200\" \/>\n\t<meta property=\"og:image:type\" content=\"image\/png\" \/>\n<meta name=\"author\" content=\"Arnaldo Botto\" \/>\n<meta name=\"twitter:card\" content=\"summary_large_image\" \/>\n<script type=\"application\/ld+json\" class=\"yoast-schema-graph\">{\"@context\":\"https:\/\/schema.org\",\"@graph\":[{\"@type\":\"WebPage\",\"@id\":\"https:\/\/www.noticiasradioreflejos.com.ar\/2021\/presentan-el-libro-mariela-va-la-escuela\/\",\"url\":\"https:\/\/www.noticiasradioreflejos.com.ar\/2021\/presentan-el-libro-mariela-va-la-escuela\/\",\"name\":\"Presentan el libro \\\"Mariela va la escuela\\\" - Noticias Radio Reflejos\",\"isPartOf\":{\"@id\":\"https:\/\/www.noticiasradioreflejos.com.ar\/2021\/#website\"},\"datePublished\":\"2021-05-03T21:29:23+00:00\",\"author\":{\"@id\":\"https:\/\/www.noticiasradioreflejos.com.ar\/2021\/#\/schema\/person\/ad82545263dcc5ec0996818884fd5fb1\"},\"breadcrumb\":{\"@id\":\"https:\/\/www.noticiasradioreflejos.com.ar\/2021\/presentan-el-libro-mariela-va-la-escuela\/#breadcrumb\"},\"inLanguage\":\"es\",\"potentialAction\":[{\"@type\":\"ReadAction\",\"target\":[\"https:\/\/www.noticiasradioreflejos.com.ar\/2021\/presentan-el-libro-mariela-va-la-escuela\/\"]}]},{\"@type\":\"BreadcrumbList\",\"@id\":\"https:\/\/www.noticiasradioreflejos.com.ar\/2021\/presentan-el-libro-mariela-va-la-escuela\/#breadcrumb\",\"itemListElement\":[{\"@type\":\"ListItem\",\"position\":1,\"name\":\"Portada\",\"item\":\"https:\/\/www.noticiasradioreflejos.com.ar\/2021\/\"},{\"@type\":\"ListItem\",\"position\":2,\"name\":\"Presentan el libro \u00abMariela va la escuela\u00bb\"}]},{\"@type\":\"WebSite\",\"@id\":\"https:\/\/www.noticiasradioreflejos.com.ar\/2021\/#website\",\"url\":\"https:\/\/www.noticiasradioreflejos.com.ar\/2021\/\",\"name\":\"Noticias Radio Reflejos\",\"description\":\"Las noticias de mi comarca\",\"potentialAction\":[{\"@type\":\"SearchAction\",\"target\":{\"@type\":\"EntryPoint\",\"urlTemplate\":\"https:\/\/www.noticiasradioreflejos.com.ar\/2021\/?s={search_term_string}\"},\"query-input\":{\"@type\":\"PropertyValueSpecification\",\"valueRequired\":true,\"valueName\":\"search_term_string\"}}],\"inLanguage\":\"es\"},{\"@type\":\"Person\",\"@id\":\"https:\/\/www.noticiasradioreflejos.com.ar\/2021\/#\/schema\/person\/ad82545263dcc5ec0996818884fd5fb1\",\"name\":\"Arnaldo Botto\",\"image\":{\"@type\":\"ImageObject\",\"inLanguage\":\"es\",\"@id\":\"https:\/\/www.noticiasradioreflejos.com.ar\/2021\/#\/schema\/person\/image\/\",\"url\":\"https:\/\/secure.gravatar.com\/avatar\/55cb5e37c1efa326397366e6974cb338056df65cb50e7d64d1cf314e87504837?s=96&d=mm&r=g\",\"contentUrl\":\"https:\/\/secure.gravatar.com\/avatar\/55cb5e37c1efa326397366e6974cb338056df65cb50e7d64d1cf314e87504837?s=96&d=mm&r=g\",\"caption\":\"Arnaldo Botto\"},\"url\":\"https:\/\/www.noticiasradioreflejos.com.ar\/2021\/author\/arnaldo\/\"}]}<\/script>\n<!-- \/ Yoast SEO plugin. -->","yoast_head_json":{"title":"Presentan el libro \"Mariela va la escuela\" - Noticias Radio Reflejos","robots":{"index":"index","follow":"follow","max-snippet":"max-snippet:-1","max-image-preview":"max-image-preview:large","max-video-preview":"max-video-preview:-1"},"canonical":"https:\/\/www.noticiasradioreflejos.com.ar\/2021\/presentan-el-libro-mariela-va-la-escuela\/","og_locale":"es_ES","og_type":"article","og_title":"Presentan el libro \"Mariela va la escuela\" - Noticias Radio Reflejos","og_description":"La presentaci\u00f3n del libro \u201cMariela va a la Escuela\u201d de Ameris Peiretti ser\u00e1 presentado el viernes 7 de mayo a las 18,30 por la plataforma Googlemeet.","og_url":"https:\/\/www.noticiasradioreflejos.com.ar\/2021\/presentan-el-libro-mariela-va-la-escuela\/","og_site_name":"Noticias Radio Reflejos","article_published_time":"2021-05-03T21:29:23+00:00","og_image":[{"width":300,"height":200,"url":"https:\/\/www.noticiasradioreflejos.com.ar\/2021\/wp-content\/uploads\/2021\/07\/logosol300x200.png","type":"image\/png"}],"author":"Arnaldo Botto","twitter_card":"summary_large_image","schema":{"@context":"https:\/\/schema.org","@graph":[{"@type":"WebPage","@id":"https:\/\/www.noticiasradioreflejos.com.ar\/2021\/presentan-el-libro-mariela-va-la-escuela\/","url":"https:\/\/www.noticiasradioreflejos.com.ar\/2021\/presentan-el-libro-mariela-va-la-escuela\/","name":"Presentan el libro \"Mariela va la escuela\" - Noticias Radio Reflejos","isPartOf":{"@id":"https:\/\/www.noticiasradioreflejos.com.ar\/2021\/#website"},"datePublished":"2021-05-03T21:29:23+00:00","author":{"@id":"https:\/\/www.noticiasradioreflejos.com.ar\/2021\/#\/schema\/person\/ad82545263dcc5ec0996818884fd5fb1"},"breadcrumb":{"@id":"https:\/\/www.noticiasradioreflejos.com.ar\/2021\/presentan-el-libro-mariela-va-la-escuela\/#breadcrumb"},"inLanguage":"es","potentialAction":[{"@type":"ReadAction","target":["https:\/\/www.noticiasradioreflejos.com.ar\/2021\/presentan-el-libro-mariela-va-la-escuela\/"]}]},{"@type":"BreadcrumbList","@id":"https:\/\/www.noticiasradioreflejos.com.ar\/2021\/presentan-el-libro-mariela-va-la-escuela\/#breadcrumb","itemListElement":[{"@type":"ListItem","position":1,"name":"Portada","item":"https:\/\/www.noticiasradioreflejos.com.ar\/2021\/"},{"@type":"ListItem","position":2,"name":"Presentan el libro \u00abMariela va la escuela\u00bb"}]},{"@type":"WebSite","@id":"https:\/\/www.noticiasradioreflejos.com.ar\/2021\/#website","url":"https:\/\/www.noticiasradioreflejos.com.ar\/2021\/","name":"Noticias Radio Reflejos","description":"Las noticias de mi comarca","potentialAction":[{"@type":"SearchAction","target":{"@type":"EntryPoint","urlTemplate":"https:\/\/www.noticiasradioreflejos.com.ar\/2021\/?s={search_term_string}"},"query-input":{"@type":"PropertyValueSpecification","valueRequired":true,"valueName":"search_term_string"}}],"inLanguage":"es"},{"@type":"Person","@id":"https:\/\/www.noticiasradioreflejos.com.ar\/2021\/#\/schema\/person\/ad82545263dcc5ec0996818884fd5fb1","name":"Arnaldo Botto","image":{"@type":"ImageObject","inLanguage":"es","@id":"https:\/\/www.noticiasradioreflejos.com.ar\/2021\/#\/schema\/person\/image\/","url":"https:\/\/secure.gravatar.com\/avatar\/55cb5e37c1efa326397366e6974cb338056df65cb50e7d64d1cf314e87504837?s=96&d=mm&r=g","contentUrl":"https:\/\/secure.gravatar.com\/avatar\/55cb5e37c1efa326397366e6974cb338056df65cb50e7d64d1cf314e87504837?s=96&d=mm&r=g","caption":"Arnaldo Botto"},"url":"https:\/\/www.noticiasradioreflejos.com.ar\/2021\/author\/arnaldo\/"}]}},"_links":{"self":[{"href":"https:\/\/www.noticiasradioreflejos.com.ar\/2021\/wp-json\/wp\/v2\/posts\/56189","targetHints":{"allow":["GET"]}}],"collection":[{"href":"https:\/\/www.noticiasradioreflejos.com.ar\/2021\/wp-json\/wp\/v2\/posts"}],"about":[{"href":"https:\/\/www.noticiasradioreflejos.com.ar\/2021\/wp-json\/wp\/v2\/types\/post"}],"author":[{"embeddable":true,"href":"https:\/\/www.noticiasradioreflejos.com.ar\/2021\/wp-json\/wp\/v2\/users\/3"}],"replies":[{"embeddable":true,"href":"https:\/\/www.noticiasradioreflejos.com.ar\/2021\/wp-json\/wp\/v2\/comments?post=56189"}],"version-history":[{"count":0,"href":"https:\/\/www.noticiasradioreflejos.com.ar\/2021\/wp-json\/wp\/v2\/posts\/56189\/revisions"}],"wp:attachment":[{"href":"https:\/\/www.noticiasradioreflejos.com.ar\/2021\/wp-json\/wp\/v2\/media?parent=56189"}],"wp:term":[{"taxonomy":"category","embeddable":true,"href":"https:\/\/www.noticiasradioreflejos.com.ar\/2021\/wp-json\/wp\/v2\/categories?post=56189"},{"taxonomy":"post_tag","embeddable":true,"href":"https:\/\/www.noticiasradioreflejos.com.ar\/2021\/wp-json\/wp\/v2\/tags?post=56189"}],"curies":[{"name":"wp","href":"https:\/\/api.w.org\/{rel}","templated":true}]}}