{"id":56183,"date":"2021-05-03T18:51:28","date_gmt":"2021-05-03T21:51:28","guid":{"rendered":"http:\/\/www.noticiasradioreflejos.com.ar\/noticias\/?p=56183"},"modified":"2021-05-03T18:51:28","modified_gmt":"2021-05-03T21:51:28","slug":"presentan-la-escuela-de-genero-y-politica-cristina-fernandez-nota-con-silvia-zabala","status":"publish","type":"post","link":"https:\/\/www.noticiasradioreflejos.com.ar\/2021\/presentan-la-escuela-de-genero-y-politica-cristina-fernandez-nota-con-silvia-zabala\/","title":{"rendered":"Presentan la Escuela de G\u00e9nero y Pol\u00edtica  \u00abCristina Fernandez\u00bb. Nota con Silvia Zabala"},"content":{"rendered":"<p>La Coordinadora en nuestra regi\u00f3n del Ministerio de Mujeres, Pol\u00edticas de G\u00e9nero y Diversidad de la Provincia de Buenos Aires, aprovecha el espacio de la radio para presentar el proyecto del cual es parte Escuela de G\u00e9nero y Pol\u00edtica \u00abCristina Fern\u00e1ndez\u00bb.<!--more--><\/p>\n<p>\u00abCuando empezamos con el Frente Popular 25 de Febrero, empezamos a militar en el partido Frente Grande. En ese marco, el a\u00f1o pasado en Julio se hicieron las elecciones provinciales y distritales. En esa mesa, por elecci\u00f3n de los compa\u00f1eros y compa\u00f1eras, fui elegida Secretaria de Mujer, G\u00e9nero y Diversidad del partido\u00bb comenz\u00f3 a contar Silvia el origen del proyecto. \u00abComenzamos a ver qu\u00e9 es lo que necesitaba cada compa\u00f1era, la virtualidad nos dio la posibilidad de encontrarnos con todas. La necesidad m\u00e1s consensuada era la necesidad de capacitaci\u00f3n\u00bb resumi\u00f3 la raz\u00f3n de la propuesta.<\/p>\n<p>Silvia comenta que, acompa\u00f1ada de otras mujeres de la Secretar\u00eda, se pusieron a pensar en c\u00f3mo poder organizar esta escuela de g\u00e9nero y pol\u00edtica. \u00abLos tres ejes de la escuela son el Nacional Latinoamericano, el Feminismo Popular y el Democr\u00e1tico\u00bb. Silvia explic\u00f3 que en los dos primeros bloques ser\u00e1n acompa\u00f1adas por una Doctora en Filosof\u00eda y una Magister, y en el eje Democr\u00e1tico estar\u00e1 acompa\u00f1ando la Presidenta de la Asociaci\u00f3n &#8216;Pensamiento Penal&#8217;.<\/p>\n<p>Agreg\u00f3 que la Escuela tambi\u00e9n estar\u00e1 formada por charlas y por compa\u00f1eras del Espacio Nacional y Popular, embajadoras, ex-embajadoras y talleres. \u00abEstoy muy orgullosa porque estamos pudiendo en el medio de este contexto tan dif\u00edcil entusiasmar a las compa\u00f1eras con una actividad y usar este tiempo para pensar\u00bb resalt\u00f3.<\/p>\n<p>Se destaca que esta es una actividad abierta que est\u00e1 financiada por el partido de Tornquist. Quienes quieran participar no necesitan formar parte de ning\u00fan partido en especial ni pertenecer a ninguna agrupaci\u00f3n. \u00abS\u00f3lo con que tengan ganas alcanza\u00bb mencion\u00f3 Silvia. A ra\u00edz de la cantidad de consultas de inscripci\u00f3n recibidas provenientes desde muchos puntos del pa\u00eds, Silvia expres\u00f3: \u00abHa generado una gran expectativa\u00bb.<\/p>\n<p><strong>Nota completa a continuaci\u00f3n:<\/strong><br \/>\n<iframe loading=\"lazy\" width=\"100%\" height=\"166\" scrolling=\"no\" frameborder=\"no\" allow=\"autoplay\" src=\"https:\/\/w.soundcloud.com\/player\/?url=https%3A\/\/api.soundcloud.com\/tracks\/1041747115&#038;color=%23ff5500&#038;auto_play=false&#038;hide_related=false&#038;show_comments=true&#038;show_user=true&#038;show_reposts=false&#038;show_teaser=true\"><\/iframe><\/p>\n<div style=\"font-size: 10px; color: #cccccc;line-break: anywhere;word-break: normal;overflow: hidden;white-space: nowrap;text-overflow: ellipsis; font-family: Interstate,Lucida Grande,Lucida Sans Unicode,Lucida Sans,Garuda,Verdana,Tahoma,sans-serif;font-weight: 100;\"><a href=\"https:\/\/soundcloud.com\/fmreflejos-103-7\" title=\"fmreflejos 103.7\" target=\"_blank\" style=\"color: #cccccc; text-decoration: none;\" rel=\"noopener\">fmreflejos 103.7<\/a> \u00b7 <a href=\"https:\/\/soundcloud.com\/fmreflejos-103-7\/nota-silvia-zabala-1\" title=\"Nota Silvia Zabala\" target=\"_blank\" style=\"color: #cccccc; text-decoration: none;\" rel=\"noopener\">Nota Silvia Zabala<\/a><\/div>\n<p><a title=\"WhatsApp Image 2021-05-03 at 11.35.24\" href=\"http:\/\/live.staticflickr.com\/65535\/51155492992_861ff2b9d8_s.jpg\" rel=\"\"><img loading=\"lazy\" decoding=\"async\" class=\"aligncenter\" title=\"WhatsApp Image 2021-05-03 at 11.35.24\" src=\"http:\/\/live.staticflickr.com\/65535\/51155492992_861ff2b9d8_z.jpg\" alt=\"WhatsApp Image 2021-05-03 at 11.35.24\" width=\"640\" height=\"640\" \/><\/a><\/p>\n","protected":false},"excerpt":{"rendered":"<p>La Coordinadora en nuestra regi\u00f3n del Ministerio de Mujeres, Pol\u00edticas de G\u00e9nero y Diversidad de la Provincia de Buenos Aires, aprovecha el espacio de la radio para presentar el proyecto del cual es parte Escuela de G\u00e9nero y Pol\u00edtica \u00abCristina Fern\u00e1ndez\u00bb.<\/p>\n","protected":false},"author":3,"featured_media":0,"comment_status":"closed","ping_status":"open","sticky":false,"template":"","format":"standard","meta":{"footnotes":""},"categories":[24,26],"tags":[],"class_list":["post-56183","post","type-post","status-publish","format-standard","hentry","category-politica","category-sociedad"],"yoast_head":"<!-- This site is optimized with the Yoast SEO plugin v25.9 - https:\/\/yoast.com\/wordpress\/plugins\/seo\/ -->\n<title>Presentan la Escuela de G\u00e9nero y Pol\u00edtica &quot;Cristina Fernandez&quot;. Nota con Silvia Zabala - Noticias Radio Reflejos<\/title>\n<meta name=\"robots\" content=\"index, follow, max-snippet:-1, max-image-preview:large, max-video-preview:-1\" \/>\n<link rel=\"canonical\" href=\"https:\/\/www.noticiasradioreflejos.com.ar\/2021\/presentan-la-escuela-de-genero-y-politica-cristina-fernandez-nota-con-silvia-zabala\/\" \/>\n<meta property=\"og:locale\" content=\"es_ES\" \/>\n<meta property=\"og:type\" content=\"article\" \/>\n<meta property=\"og:title\" content=\"Presentan la Escuela de G\u00e9nero y Pol\u00edtica &quot;Cristina Fernandez&quot;. Nota con Silvia Zabala - Noticias Radio Reflejos\" \/>\n<meta property=\"og:description\" content=\"La Coordinadora en nuestra regi\u00f3n del Ministerio de Mujeres, Pol\u00edticas de G\u00e9nero y Diversidad de la Provincia de Buenos Aires, aprovecha el espacio de la radio para presentar el proyecto del cual es parte Escuela de G\u00e9nero y Pol\u00edtica \u00abCristina Fern\u00e1ndez\u00bb.\" \/>\n<meta property=\"og:url\" content=\"https:\/\/www.noticiasradioreflejos.com.ar\/2021\/presentan-la-escuela-de-genero-y-politica-cristina-fernandez-nota-con-silvia-zabala\/\" \/>\n<meta property=\"og:site_name\" content=\"Noticias Radio Reflejos\" \/>\n<meta property=\"article:published_time\" content=\"2021-05-03T21:51:28+00:00\" \/>\n<meta property=\"og:image\" content=\"https:\/\/www.noticiasradioreflejos.com.ar\/2021\/wp-content\/uploads\/2021\/05\/Silvia-Zabala-1.jpg\" \/>\n\t<meta property=\"og:image:width\" content=\"1488\" \/>\n\t<meta property=\"og:image:height\" content=\"1394\" \/>\n\t<meta property=\"og:image:type\" content=\"image\/jpeg\" \/>\n<meta name=\"author\" content=\"Arnaldo Botto\" \/>\n<meta name=\"twitter:card\" content=\"summary_large_image\" \/>\n<script type=\"application\/ld+json\" class=\"yoast-schema-graph\">{\"@context\":\"https:\/\/schema.org\",\"@graph\":[{\"@type\":\"WebPage\",\"@id\":\"https:\/\/www.noticiasradioreflejos.com.ar\/2021\/presentan-la-escuela-de-genero-y-politica-cristina-fernandez-nota-con-silvia-zabala\/\",\"url\":\"https:\/\/www.noticiasradioreflejos.com.ar\/2021\/presentan-la-escuela-de-genero-y-politica-cristina-fernandez-nota-con-silvia-zabala\/\",\"name\":\"Presentan la Escuela de G\u00e9nero y Pol\u00edtica \\\"Cristina Fernandez\\\". Nota con Silvia Zabala - Noticias Radio Reflejos\",\"isPartOf\":{\"@id\":\"https:\/\/www.noticiasradioreflejos.com.ar\/2021\/#website\"},\"primaryImageOfPage\":{\"@id\":\"https:\/\/www.noticiasradioreflejos.com.ar\/2021\/presentan-la-escuela-de-genero-y-politica-cristina-fernandez-nota-con-silvia-zabala\/#primaryimage\"},\"image\":{\"@id\":\"https:\/\/www.noticiasradioreflejos.com.ar\/2021\/presentan-la-escuela-de-genero-y-politica-cristina-fernandez-nota-con-silvia-zabala\/#primaryimage\"},\"thumbnailUrl\":\"http:\/\/live.staticflickr.com\/65535\/51155492992_861ff2b9d8_z.jpg\",\"datePublished\":\"2021-05-03T21:51:28+00:00\",\"author\":{\"@id\":\"https:\/\/www.noticiasradioreflejos.com.ar\/2021\/#\/schema\/person\/ad82545263dcc5ec0996818884fd5fb1\"},\"breadcrumb\":{\"@id\":\"https:\/\/www.noticiasradioreflejos.com.ar\/2021\/presentan-la-escuela-de-genero-y-politica-cristina-fernandez-nota-con-silvia-zabala\/#breadcrumb\"},\"inLanguage\":\"es\",\"potentialAction\":[{\"@type\":\"ReadAction\",\"target\":[\"https:\/\/www.noticiasradioreflejos.com.ar\/2021\/presentan-la-escuela-de-genero-y-politica-cristina-fernandez-nota-con-silvia-zabala\/\"]}]},{\"@type\":\"ImageObject\",\"inLanguage\":\"es\",\"@id\":\"https:\/\/www.noticiasradioreflejos.com.ar\/2021\/presentan-la-escuela-de-genero-y-politica-cristina-fernandez-nota-con-silvia-zabala\/#primaryimage\",\"url\":\"http:\/\/live.staticflickr.com\/65535\/51155492992_861ff2b9d8_z.jpg\",\"contentUrl\":\"http:\/\/live.staticflickr.com\/65535\/51155492992_861ff2b9d8_z.jpg\"},{\"@type\":\"BreadcrumbList\",\"@id\":\"https:\/\/www.noticiasradioreflejos.com.ar\/2021\/presentan-la-escuela-de-genero-y-politica-cristina-fernandez-nota-con-silvia-zabala\/#breadcrumb\",\"itemListElement\":[{\"@type\":\"ListItem\",\"position\":1,\"name\":\"Portada\",\"item\":\"https:\/\/www.noticiasradioreflejos.com.ar\/2021\/\"},{\"@type\":\"ListItem\",\"position\":2,\"name\":\"Presentan la Escuela de G\u00e9nero y Pol\u00edtica \u00abCristina Fernandez\u00bb. Nota con Silvia Zabala\"}]},{\"@type\":\"WebSite\",\"@id\":\"https:\/\/www.noticiasradioreflejos.com.ar\/2021\/#website\",\"url\":\"https:\/\/www.noticiasradioreflejos.com.ar\/2021\/\",\"name\":\"Noticias Radio Reflejos\",\"description\":\"Las noticias de mi comarca\",\"potentialAction\":[{\"@type\":\"SearchAction\",\"target\":{\"@type\":\"EntryPoint\",\"urlTemplate\":\"https:\/\/www.noticiasradioreflejos.com.ar\/2021\/?s={search_term_string}\"},\"query-input\":{\"@type\":\"PropertyValueSpecification\",\"valueRequired\":true,\"valueName\":\"search_term_string\"}}],\"inLanguage\":\"es\"},{\"@type\":\"Person\",\"@id\":\"https:\/\/www.noticiasradioreflejos.com.ar\/2021\/#\/schema\/person\/ad82545263dcc5ec0996818884fd5fb1\",\"name\":\"Arnaldo Botto\",\"image\":{\"@type\":\"ImageObject\",\"inLanguage\":\"es\",\"@id\":\"https:\/\/www.noticiasradioreflejos.com.ar\/2021\/#\/schema\/person\/image\/\",\"url\":\"https:\/\/secure.gravatar.com\/avatar\/55cb5e37c1efa326397366e6974cb338056df65cb50e7d64d1cf314e87504837?s=96&d=mm&r=g\",\"contentUrl\":\"https:\/\/secure.gravatar.com\/avatar\/55cb5e37c1efa326397366e6974cb338056df65cb50e7d64d1cf314e87504837?s=96&d=mm&r=g\",\"caption\":\"Arnaldo Botto\"},\"url\":\"https:\/\/www.noticiasradioreflejos.com.ar\/2021\/author\/arnaldo\/\"}]}<\/script>\n<!-- \/ Yoast SEO plugin. -->","yoast_head_json":{"title":"Presentan la Escuela de G\u00e9nero y Pol\u00edtica \"Cristina Fernandez\". Nota con Silvia Zabala - Noticias Radio Reflejos","robots":{"index":"index","follow":"follow","max-snippet":"max-snippet:-1","max-image-preview":"max-image-preview:large","max-video-preview":"max-video-preview:-1"},"canonical":"https:\/\/www.noticiasradioreflejos.com.ar\/2021\/presentan-la-escuela-de-genero-y-politica-cristina-fernandez-nota-con-silvia-zabala\/","og_locale":"es_ES","og_type":"article","og_title":"Presentan la Escuela de G\u00e9nero y Pol\u00edtica \"Cristina Fernandez\". Nota con Silvia Zabala - Noticias Radio Reflejos","og_description":"La Coordinadora en nuestra regi\u00f3n del Ministerio de Mujeres, Pol\u00edticas de G\u00e9nero y Diversidad de la Provincia de Buenos Aires, aprovecha el espacio de la radio para presentar el proyecto del cual es parte Escuela de G\u00e9nero y Pol\u00edtica \u00abCristina Fern\u00e1ndez\u00bb.","og_url":"https:\/\/www.noticiasradioreflejos.com.ar\/2021\/presentan-la-escuela-de-genero-y-politica-cristina-fernandez-nota-con-silvia-zabala\/","og_site_name":"Noticias Radio Reflejos","article_published_time":"2021-05-03T21:51:28+00:00","og_image":[{"width":1488,"height":1394,"url":"https:\/\/www.noticiasradioreflejos.com.ar\/2021\/wp-content\/uploads\/2021\/05\/Silvia-Zabala-1.jpg","type":"image\/jpeg"}],"author":"Arnaldo Botto","twitter_card":"summary_large_image","schema":{"@context":"https:\/\/schema.org","@graph":[{"@type":"WebPage","@id":"https:\/\/www.noticiasradioreflejos.com.ar\/2021\/presentan-la-escuela-de-genero-y-politica-cristina-fernandez-nota-con-silvia-zabala\/","url":"https:\/\/www.noticiasradioreflejos.com.ar\/2021\/presentan-la-escuela-de-genero-y-politica-cristina-fernandez-nota-con-silvia-zabala\/","name":"Presentan la Escuela de G\u00e9nero y Pol\u00edtica \"Cristina Fernandez\". Nota con Silvia Zabala - Noticias Radio Reflejos","isPartOf":{"@id":"https:\/\/www.noticiasradioreflejos.com.ar\/2021\/#website"},"primaryImageOfPage":{"@id":"https:\/\/www.noticiasradioreflejos.com.ar\/2021\/presentan-la-escuela-de-genero-y-politica-cristina-fernandez-nota-con-silvia-zabala\/#primaryimage"},"image":{"@id":"https:\/\/www.noticiasradioreflejos.com.ar\/2021\/presentan-la-escuela-de-genero-y-politica-cristina-fernandez-nota-con-silvia-zabala\/#primaryimage"},"thumbnailUrl":"http:\/\/live.staticflickr.com\/65535\/51155492992_861ff2b9d8_z.jpg","datePublished":"2021-05-03T21:51:28+00:00","author":{"@id":"https:\/\/www.noticiasradioreflejos.com.ar\/2021\/#\/schema\/person\/ad82545263dcc5ec0996818884fd5fb1"},"breadcrumb":{"@id":"https:\/\/www.noticiasradioreflejos.com.ar\/2021\/presentan-la-escuela-de-genero-y-politica-cristina-fernandez-nota-con-silvia-zabala\/#breadcrumb"},"inLanguage":"es","potentialAction":[{"@type":"ReadAction","target":["https:\/\/www.noticiasradioreflejos.com.ar\/2021\/presentan-la-escuela-de-genero-y-politica-cristina-fernandez-nota-con-silvia-zabala\/"]}]},{"@type":"ImageObject","inLanguage":"es","@id":"https:\/\/www.noticiasradioreflejos.com.ar\/2021\/presentan-la-escuela-de-genero-y-politica-cristina-fernandez-nota-con-silvia-zabala\/#primaryimage","url":"http:\/\/live.staticflickr.com\/65535\/51155492992_861ff2b9d8_z.jpg","contentUrl":"http:\/\/live.staticflickr.com\/65535\/51155492992_861ff2b9d8_z.jpg"},{"@type":"BreadcrumbList","@id":"https:\/\/www.noticiasradioreflejos.com.ar\/2021\/presentan-la-escuela-de-genero-y-politica-cristina-fernandez-nota-con-silvia-zabala\/#breadcrumb","itemListElement":[{"@type":"ListItem","position":1,"name":"Portada","item":"https:\/\/www.noticiasradioreflejos.com.ar\/2021\/"},{"@type":"ListItem","position":2,"name":"Presentan la Escuela de G\u00e9nero y Pol\u00edtica \u00abCristina Fernandez\u00bb. Nota con Silvia Zabala"}]},{"@type":"WebSite","@id":"https:\/\/www.noticiasradioreflejos.com.ar\/2021\/#website","url":"https:\/\/www.noticiasradioreflejos.com.ar\/2021\/","name":"Noticias Radio Reflejos","description":"Las noticias de mi comarca","potentialAction":[{"@type":"SearchAction","target":{"@type":"EntryPoint","urlTemplate":"https:\/\/www.noticiasradioreflejos.com.ar\/2021\/?s={search_term_string}"},"query-input":{"@type":"PropertyValueSpecification","valueRequired":true,"valueName":"search_term_string"}}],"inLanguage":"es"},{"@type":"Person","@id":"https:\/\/www.noticiasradioreflejos.com.ar\/2021\/#\/schema\/person\/ad82545263dcc5ec0996818884fd5fb1","name":"Arnaldo Botto","image":{"@type":"ImageObject","inLanguage":"es","@id":"https:\/\/www.noticiasradioreflejos.com.ar\/2021\/#\/schema\/person\/image\/","url":"https:\/\/secure.gravatar.com\/avatar\/55cb5e37c1efa326397366e6974cb338056df65cb50e7d64d1cf314e87504837?s=96&d=mm&r=g","contentUrl":"https:\/\/secure.gravatar.com\/avatar\/55cb5e37c1efa326397366e6974cb338056df65cb50e7d64d1cf314e87504837?s=96&d=mm&r=g","caption":"Arnaldo Botto"},"url":"https:\/\/www.noticiasradioreflejos.com.ar\/2021\/author\/arnaldo\/"}]}},"_links":{"self":[{"href":"https:\/\/www.noticiasradioreflejos.com.ar\/2021\/wp-json\/wp\/v2\/posts\/56183","targetHints":{"allow":["GET"]}}],"collection":[{"href":"https:\/\/www.noticiasradioreflejos.com.ar\/2021\/wp-json\/wp\/v2\/posts"}],"about":[{"href":"https:\/\/www.noticiasradioreflejos.com.ar\/2021\/wp-json\/wp\/v2\/types\/post"}],"author":[{"embeddable":true,"href":"https:\/\/www.noticiasradioreflejos.com.ar\/2021\/wp-json\/wp\/v2\/users\/3"}],"replies":[{"embeddable":true,"href":"https:\/\/www.noticiasradioreflejos.com.ar\/2021\/wp-json\/wp\/v2\/comments?post=56183"}],"version-history":[{"count":0,"href":"https:\/\/www.noticiasradioreflejos.com.ar\/2021\/wp-json\/wp\/v2\/posts\/56183\/revisions"}],"wp:attachment":[{"href":"https:\/\/www.noticiasradioreflejos.com.ar\/2021\/wp-json\/wp\/v2\/media?parent=56183"}],"wp:term":[{"taxonomy":"category","embeddable":true,"href":"https:\/\/www.noticiasradioreflejos.com.ar\/2021\/wp-json\/wp\/v2\/categories?post=56183"},{"taxonomy":"post_tag","embeddable":true,"href":"https:\/\/www.noticiasradioreflejos.com.ar\/2021\/wp-json\/wp\/v2\/tags?post=56183"}],"curies":[{"name":"wp","href":"https:\/\/api.w.org\/{rel}","templated":true}]}}