{"id":56180,"date":"2021-05-03T17:46:22","date_gmt":"2021-05-03T20:46:22","guid":{"rendered":"http:\/\/www.noticiasradioreflejos.com.ar\/noticias\/?p=56180"},"modified":"2021-05-03T17:46:22","modified_gmt":"2021-05-03T20:46:22","slug":"sorprende-lo-rapido-que-se-esta-contagiando-la-gente-sergio-bordoni","status":"publish","type":"post","link":"https:\/\/www.noticiasradioreflejos.com.ar\/2021\/sorprende-lo-rapido-que-se-esta-contagiando-la-gente-sergio-bordoni\/","title":{"rendered":"\u00abSorprende lo r\u00e1pido que se est\u00e1 contagiando la gente\u00bb &#8211; Sergio Bordoni"},"content":{"rendered":"<p>Mayores restricciones, contagios r\u00e9cord y vacunaci\u00f3n. Temas abordados en la nota radial de esta ma\u00f1ana con Sergio Bordoni, Intendente del partido de Tornquist, quien detall\u00f3 cu\u00e1l es la situaci\u00f3n epidemiol\u00f3gica de nuestro distrito y cu\u00e1les son las modificaciones que se tuvieron en cuenta para permanecer en fase 3.<!--more--><\/p>\n<p>\u00abSeguimos en fase 3, \u00fanicamente se han endurecido algunas cositas m\u00e1s\u00bb, fue lo que mencion\u00f3 el Intendente al referirse a algunos cambios que se han hecho en las restricciones de nuestro distrito. Entre ellas, mencion\u00f3 el cierre de actividades religiosas en lugares cerrados al igual que las deportivas, excepto los gimnasios que funcionar\u00e1n con el 30 % de su capacidad.<\/p>\n<p>Sergio explic\u00f3 que las medidas tomadas por el Gobernador se tratan de un decreto que cada Intendente toma en cuenta para aplicar en su distrito de acuerdo a la situaci\u00f3n. \u00abVamos a tratar de aplicar de acuerdo a como vaya la pandemia. Hoy nosotros tenemos un total de 96 casos. A medida que vayamos viendo que las camas hospitalarias no se nos desborden, vamos a ir viendo\u00bb.<\/p>\n<p>El Intendente admiti\u00f3 que, desde el Municipio, se sorprendieron con lo r\u00e1pido que se est\u00e1 contagiando la gente. \u00abEso nos llama la atenci\u00f3n. Pero tambi\u00e9n es cierto que el tema de vacunas ha ayudado\u00bb, comparti\u00f3.<\/p>\n<p>Bordoni detall\u00f3 que del total de<strong> 96 casos activos en el Distrito<\/strong>, <strong>58 est\u00e1n en Sierra de la Ventana, 23 en Tornquist, 11 en Saldungaray y 4 en Villa Ventana<\/strong>, con un marcado contagio de este lado de las sierras, a diferencia de lo que pas\u00f3 hasta el mes de marzo, donde la mayor parte se daba en la ciudad cabecera.<\/p>\n<p>Con respecto a la situaci\u00f3n del hospital, Sergio coment\u00f3: \u00abTenemos el 50 % de ocupaci\u00f3n de las camas de terapia. Hoy tenemos dos personas con Covid en terapia\u00bb. Adem\u00e1s, agreg\u00f3 que sigue en pie la idea de poder ampliar el hospital al hogar Saavedra Lamas y que se est\u00e1 evaluando que no haya consecuencias legales. Tambi\u00e9n record\u00f3 que ya estar\u00eda la recategorizaci\u00f3n de la Sala de Primeros auxilios de Sierra de la Ventana como Hospital categor\u00eda &#8216;C&#8217;.<\/p>\n<p>\u00abA m\u00ed no me temblar\u00eda la mano, pero tambi\u00e9n estas multas \u00bfQui\u00e9n las va a poder pagar con la situaci\u00f3n econ\u00f3mica que estamos viviendo?\u00bb fue lo que respondi\u00f3 el Intendente cuando le consultamos por aquellas personas que no cumplan con las restricciones. Adem\u00e1s, Sergio sostiene que en nuestro distrito la mayor\u00eda de la gente est\u00e1 obedeciendo.<\/p>\n<p>Tambi\u00e9n estuvimos hablando de la segunda dosis de la vacuna anti Covid. \u00abEl Estado fue claro. Vamos a tratar de que todos tengan una dosis al menos, para bajar el porcentaje de riesgo. No desesperen, va a llegar la segunda dosis\u00bb, comunic\u00f3 el Intendente. Resalt\u00f3 la importancia de inscribirse para recibir la primera dosis, ya que cuantas m\u00e1s personas anotadas est\u00e9n, m\u00e1s vacunas enviar\u00e1n para nuestro distrito.<\/p>\n<p>Por otro lado, tambi\u00e9n conversamos sobre los controles de ingreso. \u00abCreo que fue un desgaste enorme para todos y no sirvi\u00f3 para mucho. Si la cosa se pone pesada, despu\u00e9s veremos con el tema Bah\u00eda Blanca. Pero no con el turismo\u00bb. Aunque advirti\u00f3 que, en caso de desbordarse la situaci\u00f3n, va a poner mano r\u00edgida. Por eso, les pide a los oyentes que se cuiden, ya que mientras se pueda circular, se va a poder seguir trabajando.<\/p>\n<p>Finalmente, aclar\u00f3 que las tierras para el proyecto de erradicaci\u00f3n del Basurero a cielo abierto fueron compradas por la gesti\u00f3n anterior. \u00abYo no me hice acreedor de la compra de esas tierras, pero s\u00ed todo el tramiter\u00edo me qued\u00f3 a m\u00ed. Es eso lo que yo firm\u00e9\u00bb, quiso explicar.<\/p>\n<p><strong>Nota completa a continuaci\u00f3n:<\/strong><br \/>\n<iframe loading=\"lazy\" src=\"https:\/\/w.soundcloud.com\/player\/?url=https%3A\/\/api.soundcloud.com\/tracks\/1041740293&amp;color=%23ff5500&amp;auto_play=false&amp;hide_related=false&amp;show_comments=true&amp;show_user=true&amp;show_reposts=false&amp;show_teaser=true\" width=\"100%\" height=\"166\" frameborder=\"no\" scrolling=\"no\"><\/iframe><\/p>\n<div style=\"font-size: 10px; color: #cccccc; line-break: anywhere; word-break: normal; overflow: hidden; white-space: nowrap; text-overflow: ellipsis; font-family: Interstate,Lucida Grande,Lucida Sans Unicode,Lucida Sans,Garuda,Verdana,Tahoma,sans-serif; font-weight: 100;\"><a style=\"color: #cccccc; text-decoration: none;\" title=\"fmreflejos 103.7\" href=\"https:\/\/soundcloud.com\/fmreflejos-103-7\" target=\"_blank\" rel=\"noopener\">fmreflejos 103.7<\/a> \u00b7 <a style=\"color: #cccccc; text-decoration: none;\" title=\"Nota Sergio Bordoni\" href=\"https:\/\/soundcloud.com\/fmreflejos-103-7\/nota-sergio-bordoni-10\" target=\"_blank\" rel=\"noopener\">Nota Sergio Bordoni<\/a><\/div>\n","protected":false},"excerpt":{"rendered":"<p>Mayores restricciones, contagios r\u00e9cord y vacunaci\u00f3n. Temas abordados en la nota radial de esta ma\u00f1ana con Sergio Bordoni, Intendente del partido de Tornquist, quien detall\u00f3 cu\u00e1l es la situaci\u00f3n epidemiol\u00f3gica de nuestro distrito y cu\u00e1les son las modificaciones que se tuvieron en cuenta para permanecer en fase 3.<\/p>\n","protected":false},"author":3,"featured_media":0,"comment_status":"closed","ping_status":"open","sticky":false,"template":"","format":"standard","meta":{"footnotes":""},"categories":[30],"tags":[],"class_list":["post-56180","post","type-post","status-publish","format-standard","hentry","category-salud"],"yoast_head":"<!-- This site is optimized with the Yoast SEO plugin v25.9 - https:\/\/yoast.com\/wordpress\/plugins\/seo\/ -->\n<title>&quot;Sorprende lo r\u00e1pido que se est\u00e1 contagiando la gente&quot; - Sergio Bordoni - Noticias Radio Reflejos<\/title>\n<meta name=\"robots\" content=\"index, follow, max-snippet:-1, max-image-preview:large, max-video-preview:-1\" \/>\n<link rel=\"canonical\" href=\"https:\/\/www.noticiasradioreflejos.com.ar\/2021\/sorprende-lo-rapido-que-se-esta-contagiando-la-gente-sergio-bordoni\/\" \/>\n<meta property=\"og:locale\" content=\"es_ES\" \/>\n<meta property=\"og:type\" content=\"article\" \/>\n<meta property=\"og:title\" content=\"&quot;Sorprende lo r\u00e1pido que se est\u00e1 contagiando la gente&quot; - Sergio Bordoni - Noticias Radio Reflejos\" \/>\n<meta property=\"og:description\" content=\"Mayores restricciones, contagios r\u00e9cord y vacunaci\u00f3n. Temas abordados en la nota radial de esta ma\u00f1ana con Sergio Bordoni, Intendente del partido de Tornquist, quien detall\u00f3 cu\u00e1l es la situaci\u00f3n epidemiol\u00f3gica de nuestro distrito y cu\u00e1les son las modificaciones que se tuvieron en cuenta para permanecer en fase 3.\" \/>\n<meta property=\"og:url\" content=\"https:\/\/www.noticiasradioreflejos.com.ar\/2021\/sorprende-lo-rapido-que-se-esta-contagiando-la-gente-sergio-bordoni\/\" \/>\n<meta property=\"og:site_name\" content=\"Noticias Radio Reflejos\" \/>\n<meta property=\"article:published_time\" content=\"2021-05-03T20:46:22+00:00\" \/>\n<meta property=\"og:image\" content=\"https:\/\/www.noticiasradioreflejos.com.ar\/2021\/wp-content\/uploads\/2021\/07\/logosol300x200.png\" \/>\n\t<meta property=\"og:image:width\" content=\"300\" \/>\n\t<meta property=\"og:image:height\" content=\"200\" \/>\n\t<meta property=\"og:image:type\" content=\"image\/png\" \/>\n<meta name=\"author\" content=\"Arnaldo Botto\" \/>\n<meta name=\"twitter:card\" content=\"summary_large_image\" \/>\n<script type=\"application\/ld+json\" class=\"yoast-schema-graph\">{\"@context\":\"https:\/\/schema.org\",\"@graph\":[{\"@type\":\"WebPage\",\"@id\":\"https:\/\/www.noticiasradioreflejos.com.ar\/2021\/sorprende-lo-rapido-que-se-esta-contagiando-la-gente-sergio-bordoni\/\",\"url\":\"https:\/\/www.noticiasradioreflejos.com.ar\/2021\/sorprende-lo-rapido-que-se-esta-contagiando-la-gente-sergio-bordoni\/\",\"name\":\"\\\"Sorprende lo r\u00e1pido que se est\u00e1 contagiando la gente\\\" - Sergio Bordoni - Noticias Radio Reflejos\",\"isPartOf\":{\"@id\":\"https:\/\/www.noticiasradioreflejos.com.ar\/2021\/#website\"},\"datePublished\":\"2021-05-03T20:46:22+00:00\",\"author\":{\"@id\":\"https:\/\/www.noticiasradioreflejos.com.ar\/2021\/#\/schema\/person\/ad82545263dcc5ec0996818884fd5fb1\"},\"breadcrumb\":{\"@id\":\"https:\/\/www.noticiasradioreflejos.com.ar\/2021\/sorprende-lo-rapido-que-se-esta-contagiando-la-gente-sergio-bordoni\/#breadcrumb\"},\"inLanguage\":\"es\",\"potentialAction\":[{\"@type\":\"ReadAction\",\"target\":[\"https:\/\/www.noticiasradioreflejos.com.ar\/2021\/sorprende-lo-rapido-que-se-esta-contagiando-la-gente-sergio-bordoni\/\"]}]},{\"@type\":\"BreadcrumbList\",\"@id\":\"https:\/\/www.noticiasradioreflejos.com.ar\/2021\/sorprende-lo-rapido-que-se-esta-contagiando-la-gente-sergio-bordoni\/#breadcrumb\",\"itemListElement\":[{\"@type\":\"ListItem\",\"position\":1,\"name\":\"Portada\",\"item\":\"https:\/\/www.noticiasradioreflejos.com.ar\/2021\/\"},{\"@type\":\"ListItem\",\"position\":2,\"name\":\"\u00abSorprende lo r\u00e1pido que se est\u00e1 contagiando la gente\u00bb &#8211; Sergio Bordoni\"}]},{\"@type\":\"WebSite\",\"@id\":\"https:\/\/www.noticiasradioreflejos.com.ar\/2021\/#website\",\"url\":\"https:\/\/www.noticiasradioreflejos.com.ar\/2021\/\",\"name\":\"Noticias Radio Reflejos\",\"description\":\"Las noticias de mi comarca\",\"potentialAction\":[{\"@type\":\"SearchAction\",\"target\":{\"@type\":\"EntryPoint\",\"urlTemplate\":\"https:\/\/www.noticiasradioreflejos.com.ar\/2021\/?s={search_term_string}\"},\"query-input\":{\"@type\":\"PropertyValueSpecification\",\"valueRequired\":true,\"valueName\":\"search_term_string\"}}],\"inLanguage\":\"es\"},{\"@type\":\"Person\",\"@id\":\"https:\/\/www.noticiasradioreflejos.com.ar\/2021\/#\/schema\/person\/ad82545263dcc5ec0996818884fd5fb1\",\"name\":\"Arnaldo Botto\",\"image\":{\"@type\":\"ImageObject\",\"inLanguage\":\"es\",\"@id\":\"https:\/\/www.noticiasradioreflejos.com.ar\/2021\/#\/schema\/person\/image\/\",\"url\":\"https:\/\/secure.gravatar.com\/avatar\/55cb5e37c1efa326397366e6974cb338056df65cb50e7d64d1cf314e87504837?s=96&d=mm&r=g\",\"contentUrl\":\"https:\/\/secure.gravatar.com\/avatar\/55cb5e37c1efa326397366e6974cb338056df65cb50e7d64d1cf314e87504837?s=96&d=mm&r=g\",\"caption\":\"Arnaldo Botto\"},\"url\":\"https:\/\/www.noticiasradioreflejos.com.ar\/2021\/author\/arnaldo\/\"}]}<\/script>\n<!-- \/ Yoast SEO plugin. -->","yoast_head_json":{"title":"\"Sorprende lo r\u00e1pido que se est\u00e1 contagiando la gente\" - Sergio Bordoni - Noticias Radio Reflejos","robots":{"index":"index","follow":"follow","max-snippet":"max-snippet:-1","max-image-preview":"max-image-preview:large","max-video-preview":"max-video-preview:-1"},"canonical":"https:\/\/www.noticiasradioreflejos.com.ar\/2021\/sorprende-lo-rapido-que-se-esta-contagiando-la-gente-sergio-bordoni\/","og_locale":"es_ES","og_type":"article","og_title":"\"Sorprende lo r\u00e1pido que se est\u00e1 contagiando la gente\" - Sergio Bordoni - Noticias Radio Reflejos","og_description":"Mayores restricciones, contagios r\u00e9cord y vacunaci\u00f3n. Temas abordados en la nota radial de esta ma\u00f1ana con Sergio Bordoni, Intendente del partido de Tornquist, quien detall\u00f3 cu\u00e1l es la situaci\u00f3n epidemiol\u00f3gica de nuestro distrito y cu\u00e1les son las modificaciones que se tuvieron en cuenta para permanecer en fase 3.","og_url":"https:\/\/www.noticiasradioreflejos.com.ar\/2021\/sorprende-lo-rapido-que-se-esta-contagiando-la-gente-sergio-bordoni\/","og_site_name":"Noticias Radio Reflejos","article_published_time":"2021-05-03T20:46:22+00:00","og_image":[{"width":300,"height":200,"url":"https:\/\/www.noticiasradioreflejos.com.ar\/2021\/wp-content\/uploads\/2021\/07\/logosol300x200.png","type":"image\/png"}],"author":"Arnaldo Botto","twitter_card":"summary_large_image","schema":{"@context":"https:\/\/schema.org","@graph":[{"@type":"WebPage","@id":"https:\/\/www.noticiasradioreflejos.com.ar\/2021\/sorprende-lo-rapido-que-se-esta-contagiando-la-gente-sergio-bordoni\/","url":"https:\/\/www.noticiasradioreflejos.com.ar\/2021\/sorprende-lo-rapido-que-se-esta-contagiando-la-gente-sergio-bordoni\/","name":"\"Sorprende lo r\u00e1pido que se est\u00e1 contagiando la gente\" - Sergio Bordoni - Noticias Radio Reflejos","isPartOf":{"@id":"https:\/\/www.noticiasradioreflejos.com.ar\/2021\/#website"},"datePublished":"2021-05-03T20:46:22+00:00","author":{"@id":"https:\/\/www.noticiasradioreflejos.com.ar\/2021\/#\/schema\/person\/ad82545263dcc5ec0996818884fd5fb1"},"breadcrumb":{"@id":"https:\/\/www.noticiasradioreflejos.com.ar\/2021\/sorprende-lo-rapido-que-se-esta-contagiando-la-gente-sergio-bordoni\/#breadcrumb"},"inLanguage":"es","potentialAction":[{"@type":"ReadAction","target":["https:\/\/www.noticiasradioreflejos.com.ar\/2021\/sorprende-lo-rapido-que-se-esta-contagiando-la-gente-sergio-bordoni\/"]}]},{"@type":"BreadcrumbList","@id":"https:\/\/www.noticiasradioreflejos.com.ar\/2021\/sorprende-lo-rapido-que-se-esta-contagiando-la-gente-sergio-bordoni\/#breadcrumb","itemListElement":[{"@type":"ListItem","position":1,"name":"Portada","item":"https:\/\/www.noticiasradioreflejos.com.ar\/2021\/"},{"@type":"ListItem","position":2,"name":"\u00abSorprende lo r\u00e1pido que se est\u00e1 contagiando la gente\u00bb &#8211; Sergio Bordoni"}]},{"@type":"WebSite","@id":"https:\/\/www.noticiasradioreflejos.com.ar\/2021\/#website","url":"https:\/\/www.noticiasradioreflejos.com.ar\/2021\/","name":"Noticias Radio Reflejos","description":"Las noticias de mi comarca","potentialAction":[{"@type":"SearchAction","target":{"@type":"EntryPoint","urlTemplate":"https:\/\/www.noticiasradioreflejos.com.ar\/2021\/?s={search_term_string}"},"query-input":{"@type":"PropertyValueSpecification","valueRequired":true,"valueName":"search_term_string"}}],"inLanguage":"es"},{"@type":"Person","@id":"https:\/\/www.noticiasradioreflejos.com.ar\/2021\/#\/schema\/person\/ad82545263dcc5ec0996818884fd5fb1","name":"Arnaldo Botto","image":{"@type":"ImageObject","inLanguage":"es","@id":"https:\/\/www.noticiasradioreflejos.com.ar\/2021\/#\/schema\/person\/image\/","url":"https:\/\/secure.gravatar.com\/avatar\/55cb5e37c1efa326397366e6974cb338056df65cb50e7d64d1cf314e87504837?s=96&d=mm&r=g","contentUrl":"https:\/\/secure.gravatar.com\/avatar\/55cb5e37c1efa326397366e6974cb338056df65cb50e7d64d1cf314e87504837?s=96&d=mm&r=g","caption":"Arnaldo Botto"},"url":"https:\/\/www.noticiasradioreflejos.com.ar\/2021\/author\/arnaldo\/"}]}},"_links":{"self":[{"href":"https:\/\/www.noticiasradioreflejos.com.ar\/2021\/wp-json\/wp\/v2\/posts\/56180","targetHints":{"allow":["GET"]}}],"collection":[{"href":"https:\/\/www.noticiasradioreflejos.com.ar\/2021\/wp-json\/wp\/v2\/posts"}],"about":[{"href":"https:\/\/www.noticiasradioreflejos.com.ar\/2021\/wp-json\/wp\/v2\/types\/post"}],"author":[{"embeddable":true,"href":"https:\/\/www.noticiasradioreflejos.com.ar\/2021\/wp-json\/wp\/v2\/users\/3"}],"replies":[{"embeddable":true,"href":"https:\/\/www.noticiasradioreflejos.com.ar\/2021\/wp-json\/wp\/v2\/comments?post=56180"}],"version-history":[{"count":0,"href":"https:\/\/www.noticiasradioreflejos.com.ar\/2021\/wp-json\/wp\/v2\/posts\/56180\/revisions"}],"wp:attachment":[{"href":"https:\/\/www.noticiasradioreflejos.com.ar\/2021\/wp-json\/wp\/v2\/media?parent=56180"}],"wp:term":[{"taxonomy":"category","embeddable":true,"href":"https:\/\/www.noticiasradioreflejos.com.ar\/2021\/wp-json\/wp\/v2\/categories?post=56180"},{"taxonomy":"post_tag","embeddable":true,"href":"https:\/\/www.noticiasradioreflejos.com.ar\/2021\/wp-json\/wp\/v2\/tags?post=56180"}],"curies":[{"name":"wp","href":"https:\/\/api.w.org\/{rel}","templated":true}]}}