{"id":5606,"date":"2017-01-06T13:30:11","date_gmt":"2017-01-06T16:30:11","guid":{"rendered":"http:\/\/noticiasradioreflejos.com.ar\/noticias\/?p=5606"},"modified":"2017-01-06T13:30:11","modified_gmt":"2017-01-06T16:30:11","slug":"el-area-de-medio-ambiente-trabaja-en-un-proyecto-de-relleno-sanitario-junto-a-la-uns","status":"publish","type":"post","link":"https:\/\/www.noticiasradioreflejos.com.ar\/2021\/el-area-de-medio-ambiente-trabaja-en-un-proyecto-de-relleno-sanitario-junto-a-la-uns\/","title":{"rendered":"El \u00e1rea de Medio Ambiente trabaja en un proyecto de Relleno Sanitario junto a la UNS"},"content":{"rendered":"<p>En el d\u00eda de ayer, se llev\u00f3 a cabo en la sala de situaciones del palacio municipal, la entrega y presentaci\u00f3n del\u00a0 estudio de impacto ambiental y proyecto del relleno sanitario de la localidad de Tornquist a cargo del Dr. Claudio Lexow, del departamento de geolog\u00eda de la Universidad Nacional de Sur, a trav\u00e9s de la Fundaci\u00f3n UNS.<!--more--><br \/>\nEn dicha presentaci\u00f3n se enumeraron\u00a0 las caracter\u00edsticas, m\u00e1s relevantes, tanto t\u00e9cnicas del m\u00e9todo seleccionado como relleno sanitario, como del medio f\u00edsico en donde se implantara.<br \/>\nLa disposici\u00f3n final de los residuos s\u00f3lidos por el m\u00e9todo del relleno sanitario constituye una t\u00e9cnica que tiene en cuenta principios de ingenier\u00eda sanitaria que persigue\u00a0 el objetivo de evitar la contaminaci\u00f3n del medio ambiente y que su presencia sea nociva para la salud p\u00fablica. Los rellenos sanitarios tienen como finalidad darle un destino cierto y seguro a los residuos s\u00f3lidos que se generan en los n\u00facleos urbanos.<br \/>\nEn este proyecto se plantea un relleno sanitario como destino de los residuos generados en las localidades de Tornquist, Villa Ventana, Sierra de la Ventana, Tres Picos, Chasic\u00f3 y Saldungaray.<br \/>\nParticiparon de la reuni\u00f3n informativa, las \u00e1reas de Gobierno, Desarrollo, Obras y Servicios P\u00fablicos, Producci\u00f3n, Medio Ambiente y las delegaciones de Villa Ventana y Saldungaray.<br \/>\n&nbsp;<\/p>\n","protected":false},"excerpt":{"rendered":"<p>En el d\u00eda de ayer, se llev\u00f3 a cabo en la sala de situaciones del palacio municipal, la entrega y presentaci\u00f3n del\u00a0 estudio de impacto ambiental y proyecto del relleno sanitario de la localidad de Tornquist a cargo del Dr. Claudio Lexow, del departamento de geolog\u00eda de la Universidad Nacional de Sur, a trav\u00e9s de [&hellip;]<\/p>\n","protected":false},"author":3,"featured_media":0,"comment_status":"closed","ping_status":"open","sticky":false,"template":"","format":"standard","meta":{"footnotes":""},"categories":[28],"tags":[],"class_list":["post-5606","post","type-post","status-publish","format-standard","hentry","category-municipales"],"yoast_head":"<!-- This site is optimized with the Yoast SEO plugin v25.9 - https:\/\/yoast.com\/wordpress\/plugins\/seo\/ -->\n<title>El \u00e1rea de Medio Ambiente trabaja en un proyecto de Relleno Sanitario junto a la UNS - Noticias Radio Reflejos<\/title>\n<meta name=\"robots\" content=\"index, follow, max-snippet:-1, max-image-preview:large, max-video-preview:-1\" \/>\n<link rel=\"canonical\" href=\"https:\/\/www.noticiasradioreflejos.com.ar\/2021\/el-area-de-medio-ambiente-trabaja-en-un-proyecto-de-relleno-sanitario-junto-a-la-uns\/\" \/>\n<meta property=\"og:locale\" content=\"es_ES\" \/>\n<meta property=\"og:type\" content=\"article\" \/>\n<meta property=\"og:title\" content=\"El \u00e1rea de Medio Ambiente trabaja en un proyecto de Relleno Sanitario junto a la UNS - Noticias Radio Reflejos\" \/>\n<meta property=\"og:description\" content=\"En el d\u00eda de ayer, se llev\u00f3 a cabo en la sala de situaciones del palacio municipal, la entrega y presentaci\u00f3n del\u00a0 estudio de impacto ambiental y proyecto del relleno sanitario de la localidad de Tornquist a cargo del Dr. Claudio Lexow, del departamento de geolog\u00eda de la Universidad Nacional de Sur, a trav\u00e9s de [&hellip;]\" \/>\n<meta property=\"og:url\" content=\"https:\/\/www.noticiasradioreflejos.com.ar\/2021\/el-area-de-medio-ambiente-trabaja-en-un-proyecto-de-relleno-sanitario-junto-a-la-uns\/\" \/>\n<meta property=\"og:site_name\" content=\"Noticias Radio Reflejos\" \/>\n<meta property=\"article:published_time\" content=\"2017-01-06T16:30:11+00:00\" \/>\n<meta property=\"og:image\" content=\"https:\/\/www.noticiasradioreflejos.com.ar\/2021\/wp-content\/uploads\/2021\/07\/logosol300x200.png\" \/>\n\t<meta property=\"og:image:width\" content=\"300\" \/>\n\t<meta property=\"og:image:height\" content=\"200\" \/>\n\t<meta property=\"og:image:type\" content=\"image\/png\" \/>\n<meta name=\"author\" content=\"Arnaldo Botto\" \/>\n<meta name=\"twitter:card\" content=\"summary_large_image\" \/>\n<script type=\"application\/ld+json\" class=\"yoast-schema-graph\">{\"@context\":\"https:\/\/schema.org\",\"@graph\":[{\"@type\":\"WebPage\",\"@id\":\"https:\/\/www.noticiasradioreflejos.com.ar\/2021\/el-area-de-medio-ambiente-trabaja-en-un-proyecto-de-relleno-sanitario-junto-a-la-uns\/\",\"url\":\"https:\/\/www.noticiasradioreflejos.com.ar\/2021\/el-area-de-medio-ambiente-trabaja-en-un-proyecto-de-relleno-sanitario-junto-a-la-uns\/\",\"name\":\"El \u00e1rea de Medio Ambiente trabaja en un proyecto de Relleno Sanitario junto a la UNS - Noticias Radio Reflejos\",\"isPartOf\":{\"@id\":\"https:\/\/www.noticiasradioreflejos.com.ar\/2021\/#website\"},\"datePublished\":\"2017-01-06T16:30:11+00:00\",\"author\":{\"@id\":\"https:\/\/www.noticiasradioreflejos.com.ar\/2021\/#\/schema\/person\/ad82545263dcc5ec0996818884fd5fb1\"},\"breadcrumb\":{\"@id\":\"https:\/\/www.noticiasradioreflejos.com.ar\/2021\/el-area-de-medio-ambiente-trabaja-en-un-proyecto-de-relleno-sanitario-junto-a-la-uns\/#breadcrumb\"},\"inLanguage\":\"es\",\"potentialAction\":[{\"@type\":\"ReadAction\",\"target\":[\"https:\/\/www.noticiasradioreflejos.com.ar\/2021\/el-area-de-medio-ambiente-trabaja-en-un-proyecto-de-relleno-sanitario-junto-a-la-uns\/\"]}]},{\"@type\":\"BreadcrumbList\",\"@id\":\"https:\/\/www.noticiasradioreflejos.com.ar\/2021\/el-area-de-medio-ambiente-trabaja-en-un-proyecto-de-relleno-sanitario-junto-a-la-uns\/#breadcrumb\",\"itemListElement\":[{\"@type\":\"ListItem\",\"position\":1,\"name\":\"Portada\",\"item\":\"https:\/\/www.noticiasradioreflejos.com.ar\/2021\/\"},{\"@type\":\"ListItem\",\"position\":2,\"name\":\"El \u00e1rea de Medio Ambiente trabaja en un proyecto de Relleno Sanitario junto a la UNS\"}]},{\"@type\":\"WebSite\",\"@id\":\"https:\/\/www.noticiasradioreflejos.com.ar\/2021\/#website\",\"url\":\"https:\/\/www.noticiasradioreflejos.com.ar\/2021\/\",\"name\":\"Noticias Radio Reflejos\",\"description\":\"Las noticias de mi comarca\",\"potentialAction\":[{\"@type\":\"SearchAction\",\"target\":{\"@type\":\"EntryPoint\",\"urlTemplate\":\"https:\/\/www.noticiasradioreflejos.com.ar\/2021\/?s={search_term_string}\"},\"query-input\":{\"@type\":\"PropertyValueSpecification\",\"valueRequired\":true,\"valueName\":\"search_term_string\"}}],\"inLanguage\":\"es\"},{\"@type\":\"Person\",\"@id\":\"https:\/\/www.noticiasradioreflejos.com.ar\/2021\/#\/schema\/person\/ad82545263dcc5ec0996818884fd5fb1\",\"name\":\"Arnaldo Botto\",\"image\":{\"@type\":\"ImageObject\",\"inLanguage\":\"es\",\"@id\":\"https:\/\/www.noticiasradioreflejos.com.ar\/2021\/#\/schema\/person\/image\/\",\"url\":\"https:\/\/secure.gravatar.com\/avatar\/55cb5e37c1efa326397366e6974cb338056df65cb50e7d64d1cf314e87504837?s=96&d=mm&r=g\",\"contentUrl\":\"https:\/\/secure.gravatar.com\/avatar\/55cb5e37c1efa326397366e6974cb338056df65cb50e7d64d1cf314e87504837?s=96&d=mm&r=g\",\"caption\":\"Arnaldo Botto\"},\"url\":\"https:\/\/www.noticiasradioreflejos.com.ar\/2021\/author\/arnaldo\/\"}]}<\/script>\n<!-- \/ Yoast SEO plugin. -->","yoast_head_json":{"title":"El \u00e1rea de Medio Ambiente trabaja en un proyecto de Relleno Sanitario junto a la UNS - Noticias Radio Reflejos","robots":{"index":"index","follow":"follow","max-snippet":"max-snippet:-1","max-image-preview":"max-image-preview:large","max-video-preview":"max-video-preview:-1"},"canonical":"https:\/\/www.noticiasradioreflejos.com.ar\/2021\/el-area-de-medio-ambiente-trabaja-en-un-proyecto-de-relleno-sanitario-junto-a-la-uns\/","og_locale":"es_ES","og_type":"article","og_title":"El \u00e1rea de Medio Ambiente trabaja en un proyecto de Relleno Sanitario junto a la UNS - Noticias Radio Reflejos","og_description":"En el d\u00eda de ayer, se llev\u00f3 a cabo en la sala de situaciones del palacio municipal, la entrega y presentaci\u00f3n del\u00a0 estudio de impacto ambiental y proyecto del relleno sanitario de la localidad de Tornquist a cargo del Dr. Claudio Lexow, del departamento de geolog\u00eda de la Universidad Nacional de Sur, a trav\u00e9s de [&hellip;]","og_url":"https:\/\/www.noticiasradioreflejos.com.ar\/2021\/el-area-de-medio-ambiente-trabaja-en-un-proyecto-de-relleno-sanitario-junto-a-la-uns\/","og_site_name":"Noticias Radio Reflejos","article_published_time":"2017-01-06T16:30:11+00:00","og_image":[{"width":300,"height":200,"url":"https:\/\/www.noticiasradioreflejos.com.ar\/2021\/wp-content\/uploads\/2021\/07\/logosol300x200.png","type":"image\/png"}],"author":"Arnaldo Botto","twitter_card":"summary_large_image","schema":{"@context":"https:\/\/schema.org","@graph":[{"@type":"WebPage","@id":"https:\/\/www.noticiasradioreflejos.com.ar\/2021\/el-area-de-medio-ambiente-trabaja-en-un-proyecto-de-relleno-sanitario-junto-a-la-uns\/","url":"https:\/\/www.noticiasradioreflejos.com.ar\/2021\/el-area-de-medio-ambiente-trabaja-en-un-proyecto-de-relleno-sanitario-junto-a-la-uns\/","name":"El \u00e1rea de Medio Ambiente trabaja en un proyecto de Relleno Sanitario junto a la UNS - Noticias Radio Reflejos","isPartOf":{"@id":"https:\/\/www.noticiasradioreflejos.com.ar\/2021\/#website"},"datePublished":"2017-01-06T16:30:11+00:00","author":{"@id":"https:\/\/www.noticiasradioreflejos.com.ar\/2021\/#\/schema\/person\/ad82545263dcc5ec0996818884fd5fb1"},"breadcrumb":{"@id":"https:\/\/www.noticiasradioreflejos.com.ar\/2021\/el-area-de-medio-ambiente-trabaja-en-un-proyecto-de-relleno-sanitario-junto-a-la-uns\/#breadcrumb"},"inLanguage":"es","potentialAction":[{"@type":"ReadAction","target":["https:\/\/www.noticiasradioreflejos.com.ar\/2021\/el-area-de-medio-ambiente-trabaja-en-un-proyecto-de-relleno-sanitario-junto-a-la-uns\/"]}]},{"@type":"BreadcrumbList","@id":"https:\/\/www.noticiasradioreflejos.com.ar\/2021\/el-area-de-medio-ambiente-trabaja-en-un-proyecto-de-relleno-sanitario-junto-a-la-uns\/#breadcrumb","itemListElement":[{"@type":"ListItem","position":1,"name":"Portada","item":"https:\/\/www.noticiasradioreflejos.com.ar\/2021\/"},{"@type":"ListItem","position":2,"name":"El \u00e1rea de Medio Ambiente trabaja en un proyecto de Relleno Sanitario junto a la UNS"}]},{"@type":"WebSite","@id":"https:\/\/www.noticiasradioreflejos.com.ar\/2021\/#website","url":"https:\/\/www.noticiasradioreflejos.com.ar\/2021\/","name":"Noticias Radio Reflejos","description":"Las noticias de mi comarca","potentialAction":[{"@type":"SearchAction","target":{"@type":"EntryPoint","urlTemplate":"https:\/\/www.noticiasradioreflejos.com.ar\/2021\/?s={search_term_string}"},"query-input":{"@type":"PropertyValueSpecification","valueRequired":true,"valueName":"search_term_string"}}],"inLanguage":"es"},{"@type":"Person","@id":"https:\/\/www.noticiasradioreflejos.com.ar\/2021\/#\/schema\/person\/ad82545263dcc5ec0996818884fd5fb1","name":"Arnaldo Botto","image":{"@type":"ImageObject","inLanguage":"es","@id":"https:\/\/www.noticiasradioreflejos.com.ar\/2021\/#\/schema\/person\/image\/","url":"https:\/\/secure.gravatar.com\/avatar\/55cb5e37c1efa326397366e6974cb338056df65cb50e7d64d1cf314e87504837?s=96&d=mm&r=g","contentUrl":"https:\/\/secure.gravatar.com\/avatar\/55cb5e37c1efa326397366e6974cb338056df65cb50e7d64d1cf314e87504837?s=96&d=mm&r=g","caption":"Arnaldo Botto"},"url":"https:\/\/www.noticiasradioreflejos.com.ar\/2021\/author\/arnaldo\/"}]}},"_links":{"self":[{"href":"https:\/\/www.noticiasradioreflejos.com.ar\/2021\/wp-json\/wp\/v2\/posts\/5606","targetHints":{"allow":["GET"]}}],"collection":[{"href":"https:\/\/www.noticiasradioreflejos.com.ar\/2021\/wp-json\/wp\/v2\/posts"}],"about":[{"href":"https:\/\/www.noticiasradioreflejos.com.ar\/2021\/wp-json\/wp\/v2\/types\/post"}],"author":[{"embeddable":true,"href":"https:\/\/www.noticiasradioreflejos.com.ar\/2021\/wp-json\/wp\/v2\/users\/3"}],"replies":[{"embeddable":true,"href":"https:\/\/www.noticiasradioreflejos.com.ar\/2021\/wp-json\/wp\/v2\/comments?post=5606"}],"version-history":[{"count":0,"href":"https:\/\/www.noticiasradioreflejos.com.ar\/2021\/wp-json\/wp\/v2\/posts\/5606\/revisions"}],"wp:attachment":[{"href":"https:\/\/www.noticiasradioreflejos.com.ar\/2021\/wp-json\/wp\/v2\/media?parent=5606"}],"wp:term":[{"taxonomy":"category","embeddable":true,"href":"https:\/\/www.noticiasradioreflejos.com.ar\/2021\/wp-json\/wp\/v2\/categories?post=5606"},{"taxonomy":"post_tag","embeddable":true,"href":"https:\/\/www.noticiasradioreflejos.com.ar\/2021\/wp-json\/wp\/v2\/tags?post=5606"}],"curies":[{"name":"wp","href":"https:\/\/api.w.org\/{rel}","templated":true}]}}