{"id":5603,"date":"2017-01-06T13:35:08","date_gmt":"2017-01-06T16:35:08","guid":{"rendered":"http:\/\/noticiasradioreflejos.com.ar\/noticias\/?p=5603"},"modified":"2017-01-06T13:35:08","modified_gmt":"2017-01-06T16:35:08","slug":"la-mejor-cultura-son-tus-raices","status":"publish","type":"post","link":"https:\/\/www.noticiasradioreflejos.com.ar\/2021\/la-mejor-cultura-son-tus-raices\/","title":{"rendered":"&quot;La mejor cultura son tus ra\u00edces&quot;"},"content":{"rendered":"<p><a href=\"http:\/\/noticiasradioreflejos.com.ar\/noticias\/wp-content\/uploads\/2016\/12\/15682889_10205874260135638_1841630951_n.jpg\"><img loading=\"lazy\" decoding=\"async\" class=\"alignleft wp-image-4987\" src=\"http:\/\/noticiasradioreflejos.com.ar\/noticias\/wp-content\/uploads\/2016\/12\/15682889_10205874260135638_1841630951_n.jpg\" alt=\"15682889_10205874260135638_1841630951_n\" width=\"397\" height=\"546\" \/><\/a>Sonia Far\u00edas es Presidenta de ATUCOS, la Asociaci\u00f3n de Turismo Comunitario de Saldungaray y en la nota telef\u00f3nica nos describe todos los preparativos para el 5\u00b0 Encuentro Tradici\u00f3n y Costumbre en Saldungaray , que se realizar\u00e1 este S\u00e1bado 7 de enero del 2017.<br \/>\nBajo el lema \u00abLa mejor cultura son tus ra\u00edces\u00bb, este s\u00e1bado el Sitio Hist\u00f3rico Fort\u00edn Pav\u00f3n ser\u00e1 nuevamente escenario del 5\u00b0 Encuentro Cultural Tradici\u00f3n y Costumbre\u00bb a partir de las 20 hs.<!--more--><br \/>\n\u00abEn el escenario montado para este a\u00f1o actuar\u00e1n artistas locales y de la zona, habr\u00e1 danzas folcl\u00f3ricas, paseo de artesanos y puestos de comida\u00bb dec\u00eda Sonia invitando a vecinos y turistas a compartir una linda tarde en Saldungaray llevando sus reposeras para disfrutar del encuentro.<br \/>\n\u00abTendremos el patio de comidas a cargo de ATUCOS con choripanes, papas fritas y empanadas\u00bb agrega Far\u00edas describiendo como marchan los preparativos para el evento.<br \/>\n<iframe loading=\"lazy\" src=\"https:\/\/w.soundcloud.com\/player\/?url=https%3A\/\/api.soundcloud.com\/tracks\/301226596&amp;color=ff5500&amp;auto_play=false&amp;hide_related=false&amp;show_comments=true&amp;show_user=true&amp;show_reposts=false\" width=\"100%\" height=\"166\" frameborder=\"no\" scrolling=\"no\"><\/iframe><\/p>\n","protected":false},"excerpt":{"rendered":"<p>Sonia Far\u00edas es Presidenta de ATUCOS, la Asociaci\u00f3n de Turismo Comunitario de Saldungaray y en la nota telef\u00f3nica nos describe todos los preparativos para el 5\u00b0 Encuentro Tradici\u00f3n y Costumbre en Saldungaray , que se realizar\u00e1 este S\u00e1bado 7 de enero del 2017. Bajo el lema \u00abLa mejor cultura son tus ra\u00edces\u00bb, este s\u00e1bado el [&hellip;]<\/p>\n","protected":false},"author":3,"featured_media":0,"comment_status":"closed","ping_status":"open","sticky":false,"template":"","format":"standard","meta":{"footnotes":""},"categories":[35],"tags":[],"class_list":["post-5603","post","type-post","status-publish","format-standard","hentry","category-cultura"],"yoast_head":"<!-- This site is optimized with the Yoast SEO plugin v25.9 - https:\/\/yoast.com\/wordpress\/plugins\/seo\/ -->\n<title>&quot;La mejor cultura son tus ra\u00edces&quot; - Noticias Radio Reflejos<\/title>\n<meta name=\"robots\" content=\"index, follow, max-snippet:-1, max-image-preview:large, max-video-preview:-1\" \/>\n<link rel=\"canonical\" href=\"https:\/\/www.noticiasradioreflejos.com.ar\/2021\/la-mejor-cultura-son-tus-raices\/\" \/>\n<meta property=\"og:locale\" content=\"es_ES\" \/>\n<meta property=\"og:type\" content=\"article\" \/>\n<meta property=\"og:title\" content=\"&quot;La mejor cultura son tus ra\u00edces&quot; - Noticias Radio Reflejos\" \/>\n<meta property=\"og:description\" content=\"Sonia Far\u00edas es Presidenta de ATUCOS, la Asociaci\u00f3n de Turismo Comunitario de Saldungaray y en la nota telef\u00f3nica nos describe todos los preparativos para el 5\u00b0 Encuentro Tradici\u00f3n y Costumbre en Saldungaray , que se realizar\u00e1 este S\u00e1bado 7 de enero del 2017. Bajo el lema \u00abLa mejor cultura son tus ra\u00edces\u00bb, este s\u00e1bado el [&hellip;]\" \/>\n<meta property=\"og:url\" content=\"https:\/\/www.noticiasradioreflejos.com.ar\/2021\/la-mejor-cultura-son-tus-raices\/\" \/>\n<meta property=\"og:site_name\" content=\"Noticias Radio Reflejos\" \/>\n<meta property=\"article:published_time\" content=\"2017-01-06T16:35:08+00:00\" \/>\n<meta property=\"og:image\" content=\"https:\/\/www.noticiasradioreflejos.com.ar\/2021\/wp-content\/uploads\/2021\/07\/logosol300x200.png\" \/>\n\t<meta property=\"og:image:width\" content=\"300\" \/>\n\t<meta property=\"og:image:height\" content=\"200\" \/>\n\t<meta property=\"og:image:type\" content=\"image\/png\" \/>\n<meta name=\"author\" content=\"Arnaldo Botto\" \/>\n<meta name=\"twitter:card\" content=\"summary_large_image\" \/>\n<script type=\"application\/ld+json\" class=\"yoast-schema-graph\">{\"@context\":\"https:\/\/schema.org\",\"@graph\":[{\"@type\":\"WebPage\",\"@id\":\"https:\/\/www.noticiasradioreflejos.com.ar\/2021\/la-mejor-cultura-son-tus-raices\/\",\"url\":\"https:\/\/www.noticiasradioreflejos.com.ar\/2021\/la-mejor-cultura-son-tus-raices\/\",\"name\":\"&quot;La mejor cultura son tus ra\u00edces&quot; - Noticias Radio Reflejos\",\"isPartOf\":{\"@id\":\"https:\/\/www.noticiasradioreflejos.com.ar\/2021\/#website\"},\"primaryImageOfPage\":{\"@id\":\"https:\/\/www.noticiasradioreflejos.com.ar\/2021\/la-mejor-cultura-son-tus-raices\/#primaryimage\"},\"image\":{\"@id\":\"https:\/\/www.noticiasradioreflejos.com.ar\/2021\/la-mejor-cultura-son-tus-raices\/#primaryimage\"},\"thumbnailUrl\":\"http:\/\/noticiasradioreflejos.com.ar\/noticias\/wp-content\/uploads\/2016\/12\/15682889_10205874260135638_1841630951_n.jpg\",\"datePublished\":\"2017-01-06T16:35:08+00:00\",\"author\":{\"@id\":\"https:\/\/www.noticiasradioreflejos.com.ar\/2021\/#\/schema\/person\/ad82545263dcc5ec0996818884fd5fb1\"},\"breadcrumb\":{\"@id\":\"https:\/\/www.noticiasradioreflejos.com.ar\/2021\/la-mejor-cultura-son-tus-raices\/#breadcrumb\"},\"inLanguage\":\"es\",\"potentialAction\":[{\"@type\":\"ReadAction\",\"target\":[\"https:\/\/www.noticiasradioreflejos.com.ar\/2021\/la-mejor-cultura-son-tus-raices\/\"]}]},{\"@type\":\"ImageObject\",\"inLanguage\":\"es\",\"@id\":\"https:\/\/www.noticiasradioreflejos.com.ar\/2021\/la-mejor-cultura-son-tus-raices\/#primaryimage\",\"url\":\"http:\/\/noticiasradioreflejos.com.ar\/noticias\/wp-content\/uploads\/2016\/12\/15682889_10205874260135638_1841630951_n.jpg\",\"contentUrl\":\"http:\/\/noticiasradioreflejos.com.ar\/noticias\/wp-content\/uploads\/2016\/12\/15682889_10205874260135638_1841630951_n.jpg\"},{\"@type\":\"BreadcrumbList\",\"@id\":\"https:\/\/www.noticiasradioreflejos.com.ar\/2021\/la-mejor-cultura-son-tus-raices\/#breadcrumb\",\"itemListElement\":[{\"@type\":\"ListItem\",\"position\":1,\"name\":\"Portada\",\"item\":\"https:\/\/www.noticiasradioreflejos.com.ar\/2021\/\"},{\"@type\":\"ListItem\",\"position\":2,\"name\":\"&quot;La mejor cultura son tus ra\u00edces&quot;\"}]},{\"@type\":\"WebSite\",\"@id\":\"https:\/\/www.noticiasradioreflejos.com.ar\/2021\/#website\",\"url\":\"https:\/\/www.noticiasradioreflejos.com.ar\/2021\/\",\"name\":\"Noticias Radio Reflejos\",\"description\":\"Las noticias de mi comarca\",\"potentialAction\":[{\"@type\":\"SearchAction\",\"target\":{\"@type\":\"EntryPoint\",\"urlTemplate\":\"https:\/\/www.noticiasradioreflejos.com.ar\/2021\/?s={search_term_string}\"},\"query-input\":{\"@type\":\"PropertyValueSpecification\",\"valueRequired\":true,\"valueName\":\"search_term_string\"}}],\"inLanguage\":\"es\"},{\"@type\":\"Person\",\"@id\":\"https:\/\/www.noticiasradioreflejos.com.ar\/2021\/#\/schema\/person\/ad82545263dcc5ec0996818884fd5fb1\",\"name\":\"Arnaldo Botto\",\"image\":{\"@type\":\"ImageObject\",\"inLanguage\":\"es\",\"@id\":\"https:\/\/www.noticiasradioreflejos.com.ar\/2021\/#\/schema\/person\/image\/\",\"url\":\"https:\/\/secure.gravatar.com\/avatar\/55cb5e37c1efa326397366e6974cb338056df65cb50e7d64d1cf314e87504837?s=96&d=mm&r=g\",\"contentUrl\":\"https:\/\/secure.gravatar.com\/avatar\/55cb5e37c1efa326397366e6974cb338056df65cb50e7d64d1cf314e87504837?s=96&d=mm&r=g\",\"caption\":\"Arnaldo Botto\"},\"url\":\"https:\/\/www.noticiasradioreflejos.com.ar\/2021\/author\/arnaldo\/\"}]}<\/script>\n<!-- \/ Yoast SEO plugin. -->","yoast_head_json":{"title":"&quot;La mejor cultura son tus ra\u00edces&quot; - Noticias Radio Reflejos","robots":{"index":"index","follow":"follow","max-snippet":"max-snippet:-1","max-image-preview":"max-image-preview:large","max-video-preview":"max-video-preview:-1"},"canonical":"https:\/\/www.noticiasradioreflejos.com.ar\/2021\/la-mejor-cultura-son-tus-raices\/","og_locale":"es_ES","og_type":"article","og_title":"&quot;La mejor cultura son tus ra\u00edces&quot; - Noticias Radio Reflejos","og_description":"Sonia Far\u00edas es Presidenta de ATUCOS, la Asociaci\u00f3n de Turismo Comunitario de Saldungaray y en la nota telef\u00f3nica nos describe todos los preparativos para el 5\u00b0 Encuentro Tradici\u00f3n y Costumbre en Saldungaray , que se realizar\u00e1 este S\u00e1bado 7 de enero del 2017. Bajo el lema \u00abLa mejor cultura son tus ra\u00edces\u00bb, este s\u00e1bado el [&hellip;]","og_url":"https:\/\/www.noticiasradioreflejos.com.ar\/2021\/la-mejor-cultura-son-tus-raices\/","og_site_name":"Noticias Radio Reflejos","article_published_time":"2017-01-06T16:35:08+00:00","og_image":[{"width":300,"height":200,"url":"https:\/\/www.noticiasradioreflejos.com.ar\/2021\/wp-content\/uploads\/2021\/07\/logosol300x200.png","type":"image\/png"}],"author":"Arnaldo Botto","twitter_card":"summary_large_image","schema":{"@context":"https:\/\/schema.org","@graph":[{"@type":"WebPage","@id":"https:\/\/www.noticiasradioreflejos.com.ar\/2021\/la-mejor-cultura-son-tus-raices\/","url":"https:\/\/www.noticiasradioreflejos.com.ar\/2021\/la-mejor-cultura-son-tus-raices\/","name":"&quot;La mejor cultura son tus ra\u00edces&quot; - Noticias Radio Reflejos","isPartOf":{"@id":"https:\/\/www.noticiasradioreflejos.com.ar\/2021\/#website"},"primaryImageOfPage":{"@id":"https:\/\/www.noticiasradioreflejos.com.ar\/2021\/la-mejor-cultura-son-tus-raices\/#primaryimage"},"image":{"@id":"https:\/\/www.noticiasradioreflejos.com.ar\/2021\/la-mejor-cultura-son-tus-raices\/#primaryimage"},"thumbnailUrl":"http:\/\/noticiasradioreflejos.com.ar\/noticias\/wp-content\/uploads\/2016\/12\/15682889_10205874260135638_1841630951_n.jpg","datePublished":"2017-01-06T16:35:08+00:00","author":{"@id":"https:\/\/www.noticiasradioreflejos.com.ar\/2021\/#\/schema\/person\/ad82545263dcc5ec0996818884fd5fb1"},"breadcrumb":{"@id":"https:\/\/www.noticiasradioreflejos.com.ar\/2021\/la-mejor-cultura-son-tus-raices\/#breadcrumb"},"inLanguage":"es","potentialAction":[{"@type":"ReadAction","target":["https:\/\/www.noticiasradioreflejos.com.ar\/2021\/la-mejor-cultura-son-tus-raices\/"]}]},{"@type":"ImageObject","inLanguage":"es","@id":"https:\/\/www.noticiasradioreflejos.com.ar\/2021\/la-mejor-cultura-son-tus-raices\/#primaryimage","url":"http:\/\/noticiasradioreflejos.com.ar\/noticias\/wp-content\/uploads\/2016\/12\/15682889_10205874260135638_1841630951_n.jpg","contentUrl":"http:\/\/noticiasradioreflejos.com.ar\/noticias\/wp-content\/uploads\/2016\/12\/15682889_10205874260135638_1841630951_n.jpg"},{"@type":"BreadcrumbList","@id":"https:\/\/www.noticiasradioreflejos.com.ar\/2021\/la-mejor-cultura-son-tus-raices\/#breadcrumb","itemListElement":[{"@type":"ListItem","position":1,"name":"Portada","item":"https:\/\/www.noticiasradioreflejos.com.ar\/2021\/"},{"@type":"ListItem","position":2,"name":"&quot;La mejor cultura son tus ra\u00edces&quot;"}]},{"@type":"WebSite","@id":"https:\/\/www.noticiasradioreflejos.com.ar\/2021\/#website","url":"https:\/\/www.noticiasradioreflejos.com.ar\/2021\/","name":"Noticias Radio Reflejos","description":"Las noticias de mi comarca","potentialAction":[{"@type":"SearchAction","target":{"@type":"EntryPoint","urlTemplate":"https:\/\/www.noticiasradioreflejos.com.ar\/2021\/?s={search_term_string}"},"query-input":{"@type":"PropertyValueSpecification","valueRequired":true,"valueName":"search_term_string"}}],"inLanguage":"es"},{"@type":"Person","@id":"https:\/\/www.noticiasradioreflejos.com.ar\/2021\/#\/schema\/person\/ad82545263dcc5ec0996818884fd5fb1","name":"Arnaldo Botto","image":{"@type":"ImageObject","inLanguage":"es","@id":"https:\/\/www.noticiasradioreflejos.com.ar\/2021\/#\/schema\/person\/image\/","url":"https:\/\/secure.gravatar.com\/avatar\/55cb5e37c1efa326397366e6974cb338056df65cb50e7d64d1cf314e87504837?s=96&d=mm&r=g","contentUrl":"https:\/\/secure.gravatar.com\/avatar\/55cb5e37c1efa326397366e6974cb338056df65cb50e7d64d1cf314e87504837?s=96&d=mm&r=g","caption":"Arnaldo Botto"},"url":"https:\/\/www.noticiasradioreflejos.com.ar\/2021\/author\/arnaldo\/"}]}},"_links":{"self":[{"href":"https:\/\/www.noticiasradioreflejos.com.ar\/2021\/wp-json\/wp\/v2\/posts\/5603","targetHints":{"allow":["GET"]}}],"collection":[{"href":"https:\/\/www.noticiasradioreflejos.com.ar\/2021\/wp-json\/wp\/v2\/posts"}],"about":[{"href":"https:\/\/www.noticiasradioreflejos.com.ar\/2021\/wp-json\/wp\/v2\/types\/post"}],"author":[{"embeddable":true,"href":"https:\/\/www.noticiasradioreflejos.com.ar\/2021\/wp-json\/wp\/v2\/users\/3"}],"replies":[{"embeddable":true,"href":"https:\/\/www.noticiasradioreflejos.com.ar\/2021\/wp-json\/wp\/v2\/comments?post=5603"}],"version-history":[{"count":0,"href":"https:\/\/www.noticiasradioreflejos.com.ar\/2021\/wp-json\/wp\/v2\/posts\/5603\/revisions"}],"wp:attachment":[{"href":"https:\/\/www.noticiasradioreflejos.com.ar\/2021\/wp-json\/wp\/v2\/media?parent=5603"}],"wp:term":[{"taxonomy":"category","embeddable":true,"href":"https:\/\/www.noticiasradioreflejos.com.ar\/2021\/wp-json\/wp\/v2\/categories?post=5603"},{"taxonomy":"post_tag","embeddable":true,"href":"https:\/\/www.noticiasradioreflejos.com.ar\/2021\/wp-json\/wp\/v2\/tags?post=5603"}],"curies":[{"name":"wp","href":"https:\/\/api.w.org\/{rel}","templated":true}]}}