{"id":55913,"date":"2021-04-26T17:43:17","date_gmt":"2021-04-26T20:43:17","guid":{"rendered":"http:\/\/www.noticiasradioreflejos.com.ar\/noticias\/?p=55913"},"modified":"2021-04-26T17:43:17","modified_gmt":"2021-04-26T20:43:17","slug":"trabajadores-de-la-salud-alertan-que-la-situacion-en-los-hospitales-portenos-es-alarmante","status":"publish","type":"post","link":"https:\/\/www.noticiasradioreflejos.com.ar\/2021\/trabajadores-de-la-salud-alertan-que-la-situacion-en-los-hospitales-portenos-es-alarmante\/","title":{"rendered":"Trabajadores de la salud alertan que la situaci\u00f3n en los hospitales porte\u00f1os es \u00abalarmante\u00bb"},"content":{"rendered":"<p>El reporte sanitario de la Ciudad de este lunes precis\u00f3 que la ocupaci\u00f3n de camas UTI aument\u00f3 1,8% en 24 horas, ya que este domingo ese porcentaje era de 81,7, y s\u00f3lo quedan disponibles 76 camas de terapia intensiva sobre un total de 450.<!--more--><\/p>\n<div id=\"image\" class=\"image\"><img decoding=\"async\" title=\"&quot;Estamos en v\u00edspera de una explosi\u00f3n&quot;, advirti\u00f3 un enfermero.\" src=\"https:\/\/www.telam.com.ar\/advf\/imagenes\/2021\/04\/6065e0df60d47_1004x565.jpg\" alt=\"&quot;Estamos en v\u00edspera de una explosi\u00f3n&quot;, advirti\u00f3 un enfermero.\" \/><\/p>\n<div class=\"epigrafe\">\u00abEstamos en v\u00edspera de una explosi\u00f3n\u00bb, advirti\u00f3 un enfermero.<\/div>\n<\/div>\n<p><strong>Trabajadores de la salud advirtieron este lunes que la situaci\u00f3n en los hospitales de la Ciudad de Buenos Aires es \u00abalarmante\u00bb ante el aumento de casos de coronavirus y afirmaron que \u00abestamos ante la v\u00edspera de una explosi\u00f3n\u00bb si la situaci\u00f3n no cambia.<\/strong><\/p>\n<p>Seg\u00fan las cifras oficiales, un mes atr\u00e1s el sistema de Salud de la Ciudad reportaba, para el 25 de marzo, una ocupaci\u00f3n de camas de terapia intensiva del 27,3% con 123 personas internadas en estado de gravedad.<\/p>\n<div class=\"auth\">Hospital Rivadavia<\/div>\n<p>Marcelo Aulespiarte, enfermero del Hospital Rivadavia de la Ciudad de Buenos Aires, dijo a T\u00e9lam que \u00abla ocupaci\u00f3n de camas\u00bb llegaba a 60 ocupadas, con pacientes de coronavirus de 72 y en terapia intensiva hay 8 pacientes, de 10&#8243; plazas.<\/p>\n<p>\u00abEstamos en v\u00edspera de una explosi\u00f3n, hab\u00eda hoy much\u00edsima gente para realizarse hisopados y casi todos j\u00f3venes, menores de 40 a\u00f1os\u00bb, indic\u00f3.<\/p>\n<blockquote class=\"small-left\"><p>El reporte sanitario de la Ciudad de este lunes precis\u00f3 que la ocupaci\u00f3n de camas UTI aument\u00f3 1,8% en 24 horas.<\/p><\/blockquote>\n<p>A\u00f1adi\u00f3 que las salas donde no se atend\u00edan pacientes con coronavirus pasar\u00e1n a \u00abser Covid\u00bb y asegur\u00f3 que \u00abhay ox\u00edgeno\u00bb y que hubo entrega de insumos.<\/p>\n<p>\u00abLas cirug\u00edas comunes no se realizan\u00bb, agreg\u00f3, y agreg\u00f3 que otro de los problema que atraviesan ante esta situaci\u00f3n compleja es que el nuevo personal que est\u00e1 ingresando al hospital no tiene experiencia.<\/p>\n<div class=\"auth\">Hospital de Cl\u00ednicas<\/div>\n<p>En tanto, fuentes del Hospital de Cl\u00ednicas, se\u00f1alaron a esta agencia que \u00abla ocupaci\u00f3n de camas lleg\u00f3 al 100%\u00bb, y aclararon que de ese total el \u00ab70% son pacientes\u00bb contagiados con coronavirus.<\/p>\n<p>Afirmaron que no hay faltante de ox\u00edgeno, y que \u00aben terapia intensiva se baj\u00f3 el promedio de edad de internaci\u00f3n\u00bb, pero que esto no quiere decir \u00abnecesariamente\u00bb que las camas se desocupen m\u00e1s r\u00e1pidamente, porque se est\u00e1 \u00abviendo m\u00e1s gente joven con complicaciones\u00bb.<\/p>\n<p>\u00abEl hospital lanz\u00f3 un protocolo de \u00faltima cama -protocolo de bio\u00e9tica- por el cual se decide qui\u00e9n necesita m\u00e1s la cama, que no significa decidir qui\u00e9n vive y qui\u00e9n muere\u00bb, advirtieron.<\/p>\n<div class=\"auth\">Hospital Pirovano Ricardo Teijeiro<\/div>\n<p>Por su parte, el infect\u00f3logo del Hospital Pirovano Ricardo Teijeiro, afirm\u00f3 que \u00abtodas las camas de terapia intensiva\u00bb est\u00e1n ocupadas, y alrededor de un 75% de los pacientes tienen coronavirus.<\/p>\n<p>\u00abLa situaci\u00f3n de los hospitales es alarmante, estamos al l\u00edmite no s\u00f3lo por las camas\u00bb, dijo, y explic\u00f3 que \u00abla cuesti\u00f3n no es abrir camas, el problema es que a la cama hay que ponerle kinesi\u00f3logo, m\u00e9dicos y enfermer\u00eda. El cuello de botella es el personal sanitario que tiene que trabajar el doble de tiempo\u00bb.<\/p>\n<p>A\u00f1adi\u00f3 que se \u00abpusieron m\u00e1s camas en la unidad coronaria como camas de terapia que se sumaron a las 20 del total\u00bb.<\/p>\n<p>Ante el aumento de casos de coronavirus, Teijeiro se\u00f1al\u00f3 que \u00abse est\u00e1n dejando de lado las otras patolog\u00edas\u00bb y no se est\u00e1n realizando operaciones.<\/p><\/div>\n<\/div>\n<\/div>\n<\/div>\n<\/div>\n","protected":false},"excerpt":{"rendered":"<p>El reporte sanitario de la Ciudad de este lunes precis\u00f3 que la ocupaci\u00f3n de camas UTI aument\u00f3 1,8% en 24 horas, ya que este domingo ese porcentaje era de 81,7, y s\u00f3lo quedan disponibles 76 camas de terapia intensiva sobre un total de 450.<\/p>\n","protected":false},"author":3,"featured_media":0,"comment_status":"closed","ping_status":"open","sticky":false,"template":"","format":"standard","meta":{"footnotes":""},"categories":[30,26],"tags":[],"class_list":["post-55913","post","type-post","status-publish","format-standard","hentry","category-salud","category-sociedad"],"yoast_head":"<!-- This site is optimized with the Yoast SEO plugin v25.9 - https:\/\/yoast.com\/wordpress\/plugins\/seo\/ -->\n<title>Trabajadores de la salud alertan que la situaci\u00f3n en los hospitales porte\u00f1os es &quot;alarmante&quot; - Noticias Radio Reflejos<\/title>\n<meta name=\"robots\" content=\"index, follow, max-snippet:-1, max-image-preview:large, max-video-preview:-1\" \/>\n<link rel=\"canonical\" href=\"https:\/\/www.noticiasradioreflejos.com.ar\/2021\/trabajadores-de-la-salud-alertan-que-la-situacion-en-los-hospitales-portenos-es-alarmante\/\" \/>\n<meta property=\"og:locale\" content=\"es_ES\" \/>\n<meta property=\"og:type\" content=\"article\" \/>\n<meta property=\"og:title\" content=\"Trabajadores de la salud alertan que la situaci\u00f3n en los hospitales porte\u00f1os es &quot;alarmante&quot; - Noticias Radio Reflejos\" \/>\n<meta property=\"og:description\" content=\"El reporte sanitario de la Ciudad de este lunes precis\u00f3 que la ocupaci\u00f3n de camas UTI aument\u00f3 1,8% en 24 horas, ya que este domingo ese porcentaje era de 81,7, y s\u00f3lo quedan disponibles 76 camas de terapia intensiva sobre un total de 450.\" \/>\n<meta property=\"og:url\" content=\"https:\/\/www.noticiasradioreflejos.com.ar\/2021\/trabajadores-de-la-salud-alertan-que-la-situacion-en-los-hospitales-portenos-es-alarmante\/\" \/>\n<meta property=\"og:site_name\" content=\"Noticias Radio Reflejos\" \/>\n<meta property=\"article:published_time\" content=\"2021-04-26T20:43:17+00:00\" \/>\n<meta property=\"og:image\" content=\"https:\/\/www.telam.com.ar\/advf\/imagenes\/2021\/04\/6065e0df60d47_1004x565.jpg\" \/>\n<meta name=\"author\" content=\"Arnaldo Botto\" \/>\n<meta name=\"twitter:card\" content=\"summary_large_image\" \/>\n<script type=\"application\/ld+json\" class=\"yoast-schema-graph\">{\"@context\":\"https:\/\/schema.org\",\"@graph\":[{\"@type\":\"WebPage\",\"@id\":\"https:\/\/www.noticiasradioreflejos.com.ar\/2021\/trabajadores-de-la-salud-alertan-que-la-situacion-en-los-hospitales-portenos-es-alarmante\/\",\"url\":\"https:\/\/www.noticiasradioreflejos.com.ar\/2021\/trabajadores-de-la-salud-alertan-que-la-situacion-en-los-hospitales-portenos-es-alarmante\/\",\"name\":\"Trabajadores de la salud alertan que la situaci\u00f3n en los hospitales porte\u00f1os es \\\"alarmante\\\" - Noticias Radio Reflejos\",\"isPartOf\":{\"@id\":\"https:\/\/www.noticiasradioreflejos.com.ar\/2021\/#website\"},\"primaryImageOfPage\":{\"@id\":\"https:\/\/www.noticiasradioreflejos.com.ar\/2021\/trabajadores-de-la-salud-alertan-que-la-situacion-en-los-hospitales-portenos-es-alarmante\/#primaryimage\"},\"image\":{\"@id\":\"https:\/\/www.noticiasradioreflejos.com.ar\/2021\/trabajadores-de-la-salud-alertan-que-la-situacion-en-los-hospitales-portenos-es-alarmante\/#primaryimage\"},\"thumbnailUrl\":\"https:\/\/www.telam.com.ar\/advf\/imagenes\/2021\/04\/6065e0df60d47_1004x565.jpg\",\"datePublished\":\"2021-04-26T20:43:17+00:00\",\"author\":{\"@id\":\"https:\/\/www.noticiasradioreflejos.com.ar\/2021\/#\/schema\/person\/ad82545263dcc5ec0996818884fd5fb1\"},\"breadcrumb\":{\"@id\":\"https:\/\/www.noticiasradioreflejos.com.ar\/2021\/trabajadores-de-la-salud-alertan-que-la-situacion-en-los-hospitales-portenos-es-alarmante\/#breadcrumb\"},\"inLanguage\":\"es\",\"potentialAction\":[{\"@type\":\"ReadAction\",\"target\":[\"https:\/\/www.noticiasradioreflejos.com.ar\/2021\/trabajadores-de-la-salud-alertan-que-la-situacion-en-los-hospitales-portenos-es-alarmante\/\"]}]},{\"@type\":\"ImageObject\",\"inLanguage\":\"es\",\"@id\":\"https:\/\/www.noticiasradioreflejos.com.ar\/2021\/trabajadores-de-la-salud-alertan-que-la-situacion-en-los-hospitales-portenos-es-alarmante\/#primaryimage\",\"url\":\"https:\/\/www.telam.com.ar\/advf\/imagenes\/2021\/04\/6065e0df60d47_1004x565.jpg\",\"contentUrl\":\"https:\/\/www.telam.com.ar\/advf\/imagenes\/2021\/04\/6065e0df60d47_1004x565.jpg\"},{\"@type\":\"BreadcrumbList\",\"@id\":\"https:\/\/www.noticiasradioreflejos.com.ar\/2021\/trabajadores-de-la-salud-alertan-que-la-situacion-en-los-hospitales-portenos-es-alarmante\/#breadcrumb\",\"itemListElement\":[{\"@type\":\"ListItem\",\"position\":1,\"name\":\"Portada\",\"item\":\"https:\/\/www.noticiasradioreflejos.com.ar\/2021\/\"},{\"@type\":\"ListItem\",\"position\":2,\"name\":\"Trabajadores de la salud alertan que la situaci\u00f3n en los hospitales porte\u00f1os es \u00abalarmante\u00bb\"}]},{\"@type\":\"WebSite\",\"@id\":\"https:\/\/www.noticiasradioreflejos.com.ar\/2021\/#website\",\"url\":\"https:\/\/www.noticiasradioreflejos.com.ar\/2021\/\",\"name\":\"Noticias Radio Reflejos\",\"description\":\"Las noticias de mi comarca\",\"potentialAction\":[{\"@type\":\"SearchAction\",\"target\":{\"@type\":\"EntryPoint\",\"urlTemplate\":\"https:\/\/www.noticiasradioreflejos.com.ar\/2021\/?s={search_term_string}\"},\"query-input\":{\"@type\":\"PropertyValueSpecification\",\"valueRequired\":true,\"valueName\":\"search_term_string\"}}],\"inLanguage\":\"es\"},{\"@type\":\"Person\",\"@id\":\"https:\/\/www.noticiasradioreflejos.com.ar\/2021\/#\/schema\/person\/ad82545263dcc5ec0996818884fd5fb1\",\"name\":\"Arnaldo Botto\",\"image\":{\"@type\":\"ImageObject\",\"inLanguage\":\"es\",\"@id\":\"https:\/\/www.noticiasradioreflejos.com.ar\/2021\/#\/schema\/person\/image\/\",\"url\":\"https:\/\/secure.gravatar.com\/avatar\/55cb5e37c1efa326397366e6974cb338056df65cb50e7d64d1cf314e87504837?s=96&d=mm&r=g\",\"contentUrl\":\"https:\/\/secure.gravatar.com\/avatar\/55cb5e37c1efa326397366e6974cb338056df65cb50e7d64d1cf314e87504837?s=96&d=mm&r=g\",\"caption\":\"Arnaldo Botto\"},\"url\":\"https:\/\/www.noticiasradioreflejos.com.ar\/2021\/author\/arnaldo\/\"}]}<\/script>\n<!-- \/ Yoast SEO plugin. -->","yoast_head_json":{"title":"Trabajadores de la salud alertan que la situaci\u00f3n en los hospitales porte\u00f1os es \"alarmante\" - Noticias Radio Reflejos","robots":{"index":"index","follow":"follow","max-snippet":"max-snippet:-1","max-image-preview":"max-image-preview:large","max-video-preview":"max-video-preview:-1"},"canonical":"https:\/\/www.noticiasradioreflejos.com.ar\/2021\/trabajadores-de-la-salud-alertan-que-la-situacion-en-los-hospitales-portenos-es-alarmante\/","og_locale":"es_ES","og_type":"article","og_title":"Trabajadores de la salud alertan que la situaci\u00f3n en los hospitales porte\u00f1os es \"alarmante\" - Noticias Radio Reflejos","og_description":"El reporte sanitario de la Ciudad de este lunes precis\u00f3 que la ocupaci\u00f3n de camas UTI aument\u00f3 1,8% en 24 horas, ya que este domingo ese porcentaje era de 81,7, y s\u00f3lo quedan disponibles 76 camas de terapia intensiva sobre un total de 450.","og_url":"https:\/\/www.noticiasradioreflejos.com.ar\/2021\/trabajadores-de-la-salud-alertan-que-la-situacion-en-los-hospitales-portenos-es-alarmante\/","og_site_name":"Noticias Radio Reflejos","article_published_time":"2021-04-26T20:43:17+00:00","og_image":[{"url":"https:\/\/www.telam.com.ar\/advf\/imagenes\/2021\/04\/6065e0df60d47_1004x565.jpg","type":"","width":"","height":""}],"author":"Arnaldo Botto","twitter_card":"summary_large_image","schema":{"@context":"https:\/\/schema.org","@graph":[{"@type":"WebPage","@id":"https:\/\/www.noticiasradioreflejos.com.ar\/2021\/trabajadores-de-la-salud-alertan-que-la-situacion-en-los-hospitales-portenos-es-alarmante\/","url":"https:\/\/www.noticiasradioreflejos.com.ar\/2021\/trabajadores-de-la-salud-alertan-que-la-situacion-en-los-hospitales-portenos-es-alarmante\/","name":"Trabajadores de la salud alertan que la situaci\u00f3n en los hospitales porte\u00f1os es \"alarmante\" - Noticias Radio Reflejos","isPartOf":{"@id":"https:\/\/www.noticiasradioreflejos.com.ar\/2021\/#website"},"primaryImageOfPage":{"@id":"https:\/\/www.noticiasradioreflejos.com.ar\/2021\/trabajadores-de-la-salud-alertan-que-la-situacion-en-los-hospitales-portenos-es-alarmante\/#primaryimage"},"image":{"@id":"https:\/\/www.noticiasradioreflejos.com.ar\/2021\/trabajadores-de-la-salud-alertan-que-la-situacion-en-los-hospitales-portenos-es-alarmante\/#primaryimage"},"thumbnailUrl":"https:\/\/www.telam.com.ar\/advf\/imagenes\/2021\/04\/6065e0df60d47_1004x565.jpg","datePublished":"2021-04-26T20:43:17+00:00","author":{"@id":"https:\/\/www.noticiasradioreflejos.com.ar\/2021\/#\/schema\/person\/ad82545263dcc5ec0996818884fd5fb1"},"breadcrumb":{"@id":"https:\/\/www.noticiasradioreflejos.com.ar\/2021\/trabajadores-de-la-salud-alertan-que-la-situacion-en-los-hospitales-portenos-es-alarmante\/#breadcrumb"},"inLanguage":"es","potentialAction":[{"@type":"ReadAction","target":["https:\/\/www.noticiasradioreflejos.com.ar\/2021\/trabajadores-de-la-salud-alertan-que-la-situacion-en-los-hospitales-portenos-es-alarmante\/"]}]},{"@type":"ImageObject","inLanguage":"es","@id":"https:\/\/www.noticiasradioreflejos.com.ar\/2021\/trabajadores-de-la-salud-alertan-que-la-situacion-en-los-hospitales-portenos-es-alarmante\/#primaryimage","url":"https:\/\/www.telam.com.ar\/advf\/imagenes\/2021\/04\/6065e0df60d47_1004x565.jpg","contentUrl":"https:\/\/www.telam.com.ar\/advf\/imagenes\/2021\/04\/6065e0df60d47_1004x565.jpg"},{"@type":"BreadcrumbList","@id":"https:\/\/www.noticiasradioreflejos.com.ar\/2021\/trabajadores-de-la-salud-alertan-que-la-situacion-en-los-hospitales-portenos-es-alarmante\/#breadcrumb","itemListElement":[{"@type":"ListItem","position":1,"name":"Portada","item":"https:\/\/www.noticiasradioreflejos.com.ar\/2021\/"},{"@type":"ListItem","position":2,"name":"Trabajadores de la salud alertan que la situaci\u00f3n en los hospitales porte\u00f1os es \u00abalarmante\u00bb"}]},{"@type":"WebSite","@id":"https:\/\/www.noticiasradioreflejos.com.ar\/2021\/#website","url":"https:\/\/www.noticiasradioreflejos.com.ar\/2021\/","name":"Noticias Radio Reflejos","description":"Las noticias de mi comarca","potentialAction":[{"@type":"SearchAction","target":{"@type":"EntryPoint","urlTemplate":"https:\/\/www.noticiasradioreflejos.com.ar\/2021\/?s={search_term_string}"},"query-input":{"@type":"PropertyValueSpecification","valueRequired":true,"valueName":"search_term_string"}}],"inLanguage":"es"},{"@type":"Person","@id":"https:\/\/www.noticiasradioreflejos.com.ar\/2021\/#\/schema\/person\/ad82545263dcc5ec0996818884fd5fb1","name":"Arnaldo Botto","image":{"@type":"ImageObject","inLanguage":"es","@id":"https:\/\/www.noticiasradioreflejos.com.ar\/2021\/#\/schema\/person\/image\/","url":"https:\/\/secure.gravatar.com\/avatar\/55cb5e37c1efa326397366e6974cb338056df65cb50e7d64d1cf314e87504837?s=96&d=mm&r=g","contentUrl":"https:\/\/secure.gravatar.com\/avatar\/55cb5e37c1efa326397366e6974cb338056df65cb50e7d64d1cf314e87504837?s=96&d=mm&r=g","caption":"Arnaldo Botto"},"url":"https:\/\/www.noticiasradioreflejos.com.ar\/2021\/author\/arnaldo\/"}]}},"_links":{"self":[{"href":"https:\/\/www.noticiasradioreflejos.com.ar\/2021\/wp-json\/wp\/v2\/posts\/55913","targetHints":{"allow":["GET"]}}],"collection":[{"href":"https:\/\/www.noticiasradioreflejos.com.ar\/2021\/wp-json\/wp\/v2\/posts"}],"about":[{"href":"https:\/\/www.noticiasradioreflejos.com.ar\/2021\/wp-json\/wp\/v2\/types\/post"}],"author":[{"embeddable":true,"href":"https:\/\/www.noticiasradioreflejos.com.ar\/2021\/wp-json\/wp\/v2\/users\/3"}],"replies":[{"embeddable":true,"href":"https:\/\/www.noticiasradioreflejos.com.ar\/2021\/wp-json\/wp\/v2\/comments?post=55913"}],"version-history":[{"count":0,"href":"https:\/\/www.noticiasradioreflejos.com.ar\/2021\/wp-json\/wp\/v2\/posts\/55913\/revisions"}],"wp:attachment":[{"href":"https:\/\/www.noticiasradioreflejos.com.ar\/2021\/wp-json\/wp\/v2\/media?parent=55913"}],"wp:term":[{"taxonomy":"category","embeddable":true,"href":"https:\/\/www.noticiasradioreflejos.com.ar\/2021\/wp-json\/wp\/v2\/categories?post=55913"},{"taxonomy":"post_tag","embeddable":true,"href":"https:\/\/www.noticiasradioreflejos.com.ar\/2021\/wp-json\/wp\/v2\/tags?post=55913"}],"curies":[{"name":"wp","href":"https:\/\/api.w.org\/{rel}","templated":true}]}}