{"id":55904,"date":"2021-04-26T12:20:05","date_gmt":"2021-04-26T15:20:05","guid":{"rendered":"http:\/\/www.noticiasradioreflejos.com.ar\/noticias\/?p=55904"},"modified":"2021-04-26T12:20:05","modified_gmt":"2021-04-26T15:20:05","slug":"informe-sesion-ordinaria-del-dia-20-04-21","status":"publish","type":"post","link":"https:\/\/www.noticiasradioreflejos.com.ar\/2021\/informe-sesion-ordinaria-del-dia-20-04-21\/","title":{"rendered":"Informe sesi\u00f3n ordinaria del d\u00eda 20-04-21"},"content":{"rendered":"<p><strong><u>Comunicaciones Oficiales y Dict\u00e1menes de las Comisiones:<\/u><\/strong><br \/>\n<!--more--><\/p>\n<p><strong><u>Expte. N\u00ba 082\/21:<\/u><\/strong> &#8211; D.E. \u2013 Autoriza la firma del Convenio Marco de Colaboraci\u00f3n Institucional e\/ la Agencia de Recaudaci\u00f3n de la Pcia. de Bs. As. y la Municipalidad de Tornquist.<\/p>\n<p>Se solicita tratamiento sobre Tablas.<\/p>\n<p>Se aprueba por unanimidad la Ordenanza con el N\u00ba 3316\/21 por la\u00a0 que se autoriza la firma del Convenio Marco de Colaboraci\u00f3n Institucional\u00a0 entre la Agencia de Recaudaci\u00f3n de la Provincia de Bs. As., representada por el Director Ejecutivo Sr. Cristian Alexis Girard y el Sr. Intendente Municipal Sergio Fabi\u00e1n Bordoni en representaci\u00f3n de la Municipalidad de Tornquist. El objetivo de dicho Convenio de Colaboraci\u00f3n es establecer compromisos rec\u00edprocos con el prop\u00f3sito de profundizar y fortalecer el v\u00ednculo entre las partes, por lo que \u00a0se comprometen al intercambio de informaci\u00f3n y la ejecuci\u00f3n de acciones conjuntas con el fin de mejorar la administraci\u00f3n tributaria.-<\/p>\n<p>&nbsp;<\/p>\n<p><strong><u>Expte. N\u00ba 083\/21:<\/u><\/strong> &#8211; D.E. \u2013 Convalida la firma del Contrato de Locaci\u00f3n celebrado e\/Carlos Alberto Pando y el Municipio de Tornquist \u2013 Vivienda agente policial La Gruta.<\/p>\n<p>Se solicita \u00a0tratamiento sobre Tablas.<\/p>\n<p>Se aprueba por unanimidad la Ordenanza N\u00ba 3317\/21 por la que se convalida la firma del Contrato de Locaci\u00f3n celebrado entre\u00a0 el Sr. Carlos Alfredo Pando en su car\u00e1cter de apoderado de las Sras. Guillermina Pando y Sof\u00eda Luj\u00e1n Pando, y el Sr. Intendente Municipal Sergio Fabi\u00e1n Bordoni en representaci\u00f3n de la Municipalidad de Tornquist, por el inmueble sito en calle Las Acacias s\/n de Villa Serrana La Gruta, que ser\u00e1 destinado a vivienda del agente policial afectado a la funci\u00f3n de seguridad en la mencionada Villa.-<\/p>\n<p><strong><u>\u00a0<\/u><\/strong><\/p>\n<p><strong><u>Expte. N\u00ba 092\/21:<\/u><\/strong> D.E. Autorizar al Municipio de Tornquist a concretar la operaci\u00f3n de cr\u00e9dito y\/o financiamiento p\/la compra de una Retroexcavadora New Holland B90B 0 km.<\/p>\n<p>Pasa a las Comisiones de Presupuesto y Hacienda, e Interpretaci\u00f3n y Reglamento.-<\/p>\n<p>&nbsp;<\/p>\n<p><strong><u>Expte. N\u00ba 7192\/20:<\/u><\/strong> Bloques Frente de Todos y Frente Justicialista Cumplir- Proyecto de Ordenanza: Crea Mesa Local Intersectorial- Violencia Familiar y de G\u00e9nero.<\/p>\n<p>Pasa a las Comisiones de Asuntos Municipales; Interpretaci\u00f3n y Reglamento; y Presupuesto y Hacienda.-<\/p>\n<p>&nbsp;<\/p>\n<p><strong><u>Expte. N\u00ba 7266\/21:<\/u><\/strong> &#8211; N.P. \u2013 Hermanos Balbiano: Presentan Proyecto de Ordenanza en ref. a acompa\u00f1amiento de pacientes con Covid-19.<\/p>\n<p>Pasa a las Comisiones de Salud P\u00fablica, e Interpretaci\u00f3n y Reglamento.-<\/p>\n<p>&nbsp;<\/p>\n<p><strong><u>Expte. N\u00ba 061\/21: <\/u><\/strong>&#8211; N.P. &#8211; Pte. Bloque Frente de Todos y F.J.C. solicitan el env\u00edo del Proyecto de Erradicaci\u00f3n de Basurales a nivel Interdistrital e informe del funcionamiento de los Basuriles de Tornquist y Saldungaray.<\/p>\n<p>Se aprueba por unanimidad el dictamen de las Comisiones de ASUNTOS MUNICIPALES Y ECOLOG\u00cdA Y MEDIO AMBIENTE, que habiendo tomado conocimiento de la respuesta recibida por parte de la Direcci\u00f3n de Medio Ambiente \u00a0aconseja devolver el mismo al Departamento Ejecutivo.-<\/p>\n<p>&nbsp;<\/p>\n<p><strong><u>Expte. N\u00ba 6639\/14: <\/u><\/strong>&#8211; N.P. \u2013 Vecinos de Chasic\u00f3: copia de la nota enviada al Intendente Municipal ref. reclamo por el estado de la calle principal de la localidad, el acceso a la Ruta Nacional N\u00ba 35 y los caminos de tierra a la cabecera del Distrito.<\/p>\n<p>Se aprueba por unanimidad el dictamen de la Comisi\u00f3n de OBRAS P\u00daBLICAS, que aconseja enviar el mismo a la Secretar\u00eda de Obras y Servicios P\u00fablicos para que den respuesta a la nota que obra en foja 18.-<\/p>\n<p>&nbsp;<\/p>\n<p><strong><u>Expte. N\u00ba 7234\/21: <\/u><\/strong>&#8211; Bloques Frente de Todos y Frente Justicialista Cumplir \u2013 Proyecto de Ordenanza: Creaci\u00f3n Programa \u201cG\u00f3ndola local\u201d.<\/p>\n<p>Se aprueba por unanimidad el dictamen de las Comisiones de OBRAS P\u00daBLICAS E INTERPRETACI\u00d3N Y REGLAMENTO, que aconsejan mantener una reuni\u00f3n con la Secretar\u00eda de Bromatolog\u00eda, Secretar\u00eda de Producci\u00f3n, Comercio e Industria y la Asesor\u00eda Legal del Municipio de Tornquist.-<\/p>\n<p><strong>\u00a0<\/strong><\/p>\n<p><strong><u>Expte. N\u00ba 7263\/21: <\/u><\/strong>&#8211; Bloques Cambiemos y Juntos por el Cambio &#8211; Proyecto de Ordenanza: Creaci\u00f3n Registro Municipal de Vacunados Covid-19.<\/p>\n<p>Se aprueba por unanimidad el dictamen de las Comisiones de SALUD P\u00daBLICA E INTERPRETACI\u00d3N Y REGLAMENTO, habiendo que aconsejan enviar el mismo al Archivo por haber sido promulgada la Ordenanza N\u00ba 3306\/21 bajo decreto N\u00ba 325\/21. Se anexa al Expte. nota enviada por el Departamento de Legales del Gobierno de la Provincia de Buenos Aires.-<\/p>\n<p>&nbsp;<\/p>\n<p><strong><u>Expte. N\u00ba 7264\/21: <\/u><\/strong>&#8211; N.P. &#8211; Asociaci\u00f3n Fomento de Villa Ventana: Solicita relevamiento y declaraci\u00f3n de Inter\u00e9s Tur\u00edstico y Cultural de las Lambertianas existentes en Villa Ventana.<\/p>\n<p>Se aprueba por unanimidad el dictamen de las Comisiones de TURISMO Y DESARROLLO E INTERPRETACI\u00d3N Y REGLAMENTO, que aconseja enviar copia de la respuesta obrante a foja 8 a la Asociaci\u00f3n de Fomento de Villa Ventana. Vu\u00e9lvase a girar el Expte. a las Comisiones para continuar con su an\u00e1lisis.-<\/p>\n<p><strong><u>\u00a0<\/u><\/strong><\/p>\n<p><strong><u>Expte. N\u00ba 7271\/21: <\/u><\/strong>&#8211; N.P. \u2013 Dora Ana Nori: Solicitud Banca 13.<\/p>\n<p>Se aprueba por unanimidad el dictamen de las Comisiones de ASUNTOS MUNICIPALES E INTERPRETACI\u00d3N Y REGLAMENTO, que aconseja enviar el mismo al Archivo, dado que la interesada decide no hacer uso de la Banca N\u00ba 13.-<\/p>\n<p>&nbsp;<\/p>\n<p><strong><u>Expte. N\u00ba 7272\/20: <\/u><\/strong>&#8211; N.P. \u2013 C\u00e1mara de Comercio y Turismo de Villa Ventana: Reclamo por el estado de las calles.<\/p>\n<p>Se aprueba por unanimidad el dictamen de las Comisiones de ASUNTOS MUNICIPALES Y OBRAS P\u00daBLICAS, que aconseja enviar el mismo a la Secretar\u00eda de Obras y Servicios P\u00fablicos para que den respuesta a lo solicitado obrante a fojas 1-3.-<\/p>\n<p>&nbsp;<\/p>\n<p><strong><u>Proyectos Presentados <\/u><\/strong><\/p>\n<p><strong><u>\u00a0<\/u><\/strong><\/p>\n<p><strong><u>Bloques Cambiemos Bs. As. y Juntos por el Cambio Proyecto de Resoluci\u00f3n:<\/u><\/strong> Solicita al <strong>\u00a0<\/strong>Estado Provincial, a trav\u00e9s de la DGCyE, quien tiene la responsabilidad de proteger y promover las condiciones para el aprendizaje de ni\u00f1os\/as y adolescentes en situaci\u00f3n de vulnerabilidad social y alimentaria,\u00a0\u00a0 arbitrar una partida\u00a0 presupuestaria de emergencia para brindar el SAE desayuno\/merienda con car\u00e1cter de urgencia a todos los alumnos de Nivel Inicial\u00a0 y Primario de la DGCyE y aquellos de Nivel Secundario en situaciones particulares; sosteniendo por otro lado, los m\u00f3dulos alimentarios como se vienen desarrollando en la actualidad.<\/p>\n<p>Se solicita formaci\u00f3n de Expediente y pase a Comisi\u00f3n.-<\/p>\n<p><strong><u>\u00a0<\/u><\/strong><\/p>\n<p><strong><u>Bloques Cambiemos Bs. As. y Juntos por el Cambio Proyecto de Ordenanza:<\/u><\/strong> Deroga la Ordenanza 2662\/14 y regula la actividad de comercializaci\u00f3n en la v\u00eda p\u00fablica (venta ambulante).<\/p>\n<p>Se solicita formaci\u00f3n de Expediente y pase a Comisi\u00f3n.-<\/p>\n<p><strong><u>\u00a0<\/u><\/strong><\/p>\n<p><strong><u>Bloques Cambiemos Bs. As. y Juntos por el Cambio Proyecto de Resoluci\u00f3n:<\/u><\/strong> Celebra y adhiere a la iniciativa, al proyecto de Declaraci\u00f3n presentado por el Diputado Provincial Emiliano, Balb\u00edn, que tramita bajo el Expte. : D 1253 2021-2022 en la Honorable C\u00e1mara de Diputados de la Provincia de Buenos Aires, mediante el cual se propone: \u201cal Poder Ejecutivo Provincial, realice las gestiones para reforzar la vacunaci\u00f3n contra el Covid-19 y logre la apertura de vacunatorios en las localidades de Sierra de la ventana y Chasic\u00f3 del Distrito de Tornquist\u201d.<\/p>\n<p>Se solicita formaci\u00f3n de Expediente y pase a Comisi\u00f3n.-<\/p>\n<p>&nbsp;<\/p>\n<p><strong><u>Bloques Cambiemos Bs. As. y Juntos por el Cambio Proyecto de Ordenanza:<\/u><\/strong> Crea en el \u00e1mbito del Honorable Concejo Deliberante el \u201cRegistro Municipal de quejas, reclamos y\/o sugerencias para el \u00e1rea de Salud\u201d. Dicho registro servir\u00e1 como herramienta de an\u00e1lisis e investigaci\u00f3n a las situaciones planteadas por los vecinos, y los Concejales deber\u00e1n proceder en consecuencia. Se determina \u00a0adem\u00e1s, la creaci\u00f3n de una casilla de correo electr\u00f3nico exclusivamente para tal finalidad. La misma ser\u00e1 de acceso, control y resguardo\u00a0 exclusivo del Presidente y Secretario del H.C.D.<\/p>\n<p>Se solicita formaci\u00f3n de Expediente y pase a Comisi\u00f3n.-<\/p>\n<p>&nbsp;<\/p>\n<p><strong><u>Bloques Cambiemos Bs. As. y Juntos por el Cambio Proyecto de Resoluci\u00f3n:<\/u><\/strong> Declara actividades promotoras esenciales de la salud, complementarias a otras, a la pr\u00e1ctica de deportes y a la actividad f\u00edsica realizada en gimnasios,\u00a0 natatorios, centros de entrenamiento y educaci\u00f3n f\u00edsica y clubes, p\u00fablicos o privados, habilitados y bajo supervisi\u00f3n de profesionales, en el Partido de Tornquist. Declara agentes promotores esenciales de la salud a los gimnasios, natatorios, centros de entrenamiento y educaci\u00f3n f\u00edsica y clubes, p\u00fablicos y\/o privados debidamente habilitados, del Partido de Tornquist.<\/p>\n<p>Se solicita formaci\u00f3n de Expediente y pase a Comisi\u00f3n.-<\/p>\n<p>&nbsp;<\/p>\n<p><strong><u>Bloques Cambiemos Bs. As. y Juntos por el Cambio Minuta de Comunicaci\u00f3n:<\/u><\/strong> Solicita al Departamento Ejecutivo la reanudaci\u00f3n del cumplimiento de los protocolos sanitarios en toda la administraci\u00f3n municipal, y tambi\u00e9n volver a extremar los mismos en \u00e1reas de atenci\u00f3n al p\u00fablico.<\/p>\n<p>Se solicita formaci\u00f3n de Expediente y tratamiento sobre Tablas. Se forma el Expediente N\u00ba 7273\/21 y se aprueba por unanimidad enviar el mismo al Departamento Ejecutivo a fin de que d\u00e9 curso a lo solicitado.-<\/p>\n<p>&nbsp;<\/p>\n<p><strong><u>Asuntos Particulares <\/u><\/strong><\/p>\n<p><strong><u>\u00a0<\/u><\/strong><\/p>\n<p><strong><u>N.P. \u00a0Asociaci\u00f3n Cooperadora de la Unidad Sanitaria Villa Ventana:<\/u><\/strong> Solicita se declare de Inter\u00e9s Municipal la XII Carrera Aventura y Caminata Aer\u00f3bica de Salud Solidaria, a realizarse el d\u00eda 7 de noviembre del 2021.<\/p>\n<p>Se solicita \u00a0formaci\u00f3n de Expediente y pase a Comisi\u00f3n.-<\/p>\n<p>&nbsp;<\/p>\n<p><strong><u>N.P. Gonzalo Iparraguirre, Secretario de Desarrollo:<\/u><\/strong> Solicita se modifique el inciso del Art\u00edculo N\u00ba 1 de la\u00a0 Ordenanza N\u00ba 2222\/10, que hace referencia a los ingresos del grupo familiar.-<\/p>\n<p>Se solicita retirar del Archivo el Expediente N\u00ba 6249\/10 caratulado \u201cH.C.D. \u2013 Proyecto de Ordenanza: pautas para el otorgamiento del Plano de Construcci\u00f3n de Viviendas a familias con menos recursos\u201d, para adjuntarle la nota, a fin de analizar lo solicitado en la misma.-.<\/p>\n<p>&nbsp;<\/p>\n<p>Alocuciones de los Concejales:<\/p>\n<p>&nbsp;<\/p>\n<p><a title=\"HCD (3)\" href=\"http:\/\/live.staticflickr.com\/65535\/51140118711_dd4bd20bc8_s.jpg\" rel=\"\"><img loading=\"lazy\" decoding=\"async\" class=\"alignleft\" style=\"float: left;\" title=\"HCD (3)\" src=\"http:\/\/live.staticflickr.com\/65535\/51140118711_dd4bd20bc8_z.jpg\" alt=\"HCD (3)\" width=\"480\" height=\"640\" \/><\/a>Concejal Roc\u00edo V\u00e1zquez:<\/p>\n<p>\u201cBueno, la verdad quer\u00eda transmitir algunas gratas noticias en este momento de pandemia tan complicado para todo el pa\u00eds y para nuestro distrito tambi\u00e9n con el aumento notorio de casos positivos de Covid. En primera instancia celebrar que se va a empezar a fabricar en la Argentina la Sputnik lo cual es una grata noticia, va a ser el primer pa\u00eds en Am\u00e9rica Latina en tener este logro que es sumamente importante no solo como pa\u00eds sino tambi\u00e9n para, como dije anteriormente, para toda Am\u00e9rica Latina porque esas dosis van a ser algunas destinadas a nuestro pa\u00eds y el resto tambi\u00e9n para poder exportar. Por otro lado salieron cr\u00e9ditos para casas propias, es un programa de Naci\u00f3n que incentiva todo lo que es relacionado con la construcci\u00f3n de viviendas se van a dar 65.000 cr\u00e9ditos para refacciones y 22.000 para la construcci\u00f3n de viviendas, lo cual nos alegra porque va a incentivar parte de la econom\u00eda y el trabajo de muchos argentinos. Otra gran noticia fue la modificaci\u00f3n del impuesto a las ganancias donde m\u00e1s de un mill\u00f3n de argentinos van a dejar de pagar dicho impuesto, y en la semana pasada tuvimos una reuni\u00f3n con el Ministro de Hacienda y Finanzas, virtual por supuesto, Pablo L\u00f3pez, quien nos coment\u00f3 un poquito de la situaci\u00f3n que est\u00e1 atravesando la Provincia de Buenos Aires, y de los distintos impulsos que va a haber para el sector productivo que sabemos que es uno de los sectores que m\u00e1s se perjudic\u00f3 con esta pandemia. Esto se va a hacer a trav\u00e9s de distintos motores, de distintos incentivos, algunos impositivos desde el \u00e1rea de Arba, otros con cr\u00e9ditos para inversiones, para producci\u00f3n con bonificaci\u00f3n de tasas, todo esto va a ser financiado a trav\u00e9s del BAPRO, un impulso agrario muy importante con distintos tambi\u00e9n programas impulso al trabajo, al mejoramiento de la producci\u00f3n. Y tambi\u00e9n un sector, un impulso importante al sector productivo m\u00e1s afectado, m\u00e1s vulnerable durante la pandemia, as\u00ed que celebramos todas estas medidas tanto tomada a nivel Nacional como a nivel Provincial. No quer\u00eda dejar de mencionar que en el d\u00eda de ma\u00f1ana se va a estar cerrando la inscripci\u00f3n para el Potenciar Joven, que est\u00e1 destinado a chicos de entre 18 y 29 a\u00f1os que tienen que anotarse en uno de los cursos de producci\u00f3n dictados por el municipio, que van a tener un beneficio econ\u00f3mico que espero sepan aprovechar y aprovechar la capacitaci\u00f3n que puede ser el inicio para que puedan tener su propio emprendimiento. Y tambi\u00e9n remarcar el tema de las becas Progresar, que tambi\u00e9n van a estar cerrando el d\u00eda 30 de abril, todos aquellos j\u00f3venes que cumplan los requisitos que puedan inscribirse lo pueden hacer virtualmente o acerc\u00e1ndose a las oficinas de ANSES. Quer\u00eda comentar que tambi\u00e9n todos los Concejales de los Bloques Frente Justicialista Cumplir y Frente de Todos y calculo que todos los que estamos sentados aqu\u00ed estamos a disposici\u00f3n para todos los j\u00f3venes para poder acercar las planillas de las becas, y bueno vamos a estar poniendo particularmente en Saldungaray algunos d\u00edas y horarios para que lo puedan acercar directamente y nosotros traerlos a la ciudad cabecera. Y despu\u00e9s quiero mencionar hoy se cumplen 34 a\u00f1os del aniversario de la Escuela Agraria, as\u00ed que felicitar a toda la comunidad educativa, estuve leyendo un poco su historia que es muy linda con todo lo que pudieron ir logrando en estos 35 a\u00f1os y que hoy sea una escuela consolidada dentro del distrito, y elegida por muchos de los adolescentes de, este, Tornquist y localidades vecinas. Y tambi\u00e9n en el mes de abril se cumplieron 10 a\u00f1os de la creaci\u00f3n del C.E.N.S., hay hago un punto aparte, porque me siento muy identificada con todo lo que es la educaci\u00f3n de adultos. El C.E.N.S. 451 de Saldungaray fue a pedido de la poblaci\u00f3n de Saldungaray justamente, que ped\u00eda una escuela de adultos, fue gestionado o se hizo posible en la gesti\u00f3n de Gustavo Trankels que llev\u00f3 adelante esta inquietud de los vecinos y fue posible, y estamos orgullosos del C.E.N.S. que tenemos, el primero de toda la Regi\u00f3n 23 el cual coordin\u00f3 hasta hace muy poquito tiempo todo lo que fue educaci\u00f3n a distancia de toda la Regi\u00f3n 23 y todo lo que fue Fines tambi\u00e9n de la Regi\u00f3n 23. As\u00ed que bueno, orgullosos de tener adultos dentro del distrito las distintas modalidades e invitar a los j\u00f3venes y adultos que nunca es tarde que poder terminar el secundario es un sue\u00f1o que pueden cumplir, y que todos los docentes que est\u00e1n trabajando en el nivel est\u00e1n m\u00e1s que preparados para acompa\u00f1arlos en este desaf\u00edo. Nada m\u00e1s se\u00f1or Presidente\u201d.-<\/p>\n<p>&nbsp;<\/p>\n<p><strong><a title=\"WhatsApp Image 2021-04-22 at 10.40.15\" href=\"http:\/\/live.staticflickr.com\/65535\/51140891514_00dfeddeb5_s.jpg\" rel=\"\"><img loading=\"lazy\" decoding=\"async\" class=\"alignleft\" style=\"float: left;\" title=\"WhatsApp Image 2021-04-22 at 10.40.15\" src=\"http:\/\/live.staticflickr.com\/65535\/51140891514_00dfeddeb5.jpg\" alt=\"WhatsApp Image 2021-04-22 at 10.40.15\" width=\"375\" height=\"500\" \/><\/a>Concejal Elisabet Nori:<\/strong><\/p>\n<p>\u201cBueno, en primera instancia voy a hacer referencia a algunos de los proyectos que se presentaron el d\u00eda de la fecha por parte de los Bloques Juntos por el Cambio y Cambiemos. Uno de ellos, Minuta de Comunicaci\u00f3n, respecto al cumplimiento de los protocolos, cosa que nos parece fundamental, y en especial y como para dar el ejemplo en los servicios en los edificios p\u00fablicos del Distrito de Tornquist. Si bien, digamos, cuando disminuyeron los casos, hubo digamos, se consider\u00f3 que no hac\u00eda falta que haya este tipo de controles en las entradas de los edificios p\u00fablicos vemos ahora que esto s\u00ed realmente ser\u00eda muy necesario, dado que sirve a modo de prevenci\u00f3n. Tambi\u00e9n importante el tema del desayuno y la merienda en los establecimientos educativos, se trata de un proyecto que no implica sacar al personal auxiliar de las tareas a las cuales est\u00e1n abocados, que sabemos que est\u00e1n abocados a las tareas de desinfecci\u00f3n y limpieza para mantener\u00a0 justamente todo saneado, todo sanitizado dentro de las escuelas. Se trata de ofrecer a los ni\u00f1os alg\u00fan tipo de alimento que est\u00e9 envasado, que no demande la preparaci\u00f3n, incluso tampoco el contacto de otras personas con el alimento, ejemplo no s\u00e9, turrones, barras de cereales, alfajores, yogures, ese tipo de alimento que sirven de\u00a0 refrigerio para los alumnos, m\u00e1s que nada para aquellos alumnos de nivel inicial y de nivel primario que son m\u00e1s peque\u00f1os y en verdad a veces solicitan durante las cuatro horas de permanencia en la escuela poder ingerir algo. Tambi\u00e9n es importante el tema de los vacunatorios \u00bfno? en oportunidad de hacer ese sondeo que hice hace unos 20 d\u00edas atr\u00e1s, recuerdo que me manifestaron la necesidad de poder contar con un vacunatorio en la zona serrana y tambi\u00e9n en la zona oeste del distrito. Me parece fundamental que estas personas que realmente en muchos casos no tienen la posibilidad de trasladarse se lo pueden hacer en su localidad el tema de la vacunaci\u00f3n. Tambi\u00e9n lo que presentamos como declarar a la actividad f\u00edsica como a los agentes promotores de salud y darles el marco esencial me parece fundamental, tambi\u00e9n porque bueno, sabemos que esto ayuda a la salud no solo f\u00edsica sino emocional de todas las personas que practican una actividad f\u00edsica cualquiera sea, eso por un lado. Por otro lado quer\u00eda referirme a las expresiones que verti\u00f3 el se\u00f1or Presidente de la Naci\u00f3n en la \u00faltima Cadena Nacional, de las cuales se pudieron observar o escuchar algunas manifestaciones realmente desafortunadas. Todos estamos atravesados por una pandemia muy grave desde hace m\u00e1s de un a\u00f1o en el mundo que afecta a todas las dimensiones de nuestra vida, de nuestra vida personal, familiar, social, laboral, en todos los aspectos, lo cual realmente llega a sensibilizarnos de manera tal de provocar angustia, desesperaci\u00f3n, desesperanza, depresi\u00f3n en algunas personas. Por lo cual creo que todas aquellas personas, y me incluyo, que tengamos la posibilidad de expresarnos a la poblaci\u00f3n desde un micr\u00f3fono, tenemos que hacerlo con mucha responsabilidad y con un sumo cuidado. Cuando el Presidente mencion\u00f3 el tema de que los agentes de salud hab\u00edan experimentado una suerte de relajaci\u00f3n en los \u00faltimos tiempos, cosa que despu\u00e9s \u00e9l mismo dijo que se hab\u00edan tergiversado sus declaraciones, creo que esto no contribuye a poder suavizar toda la situaci\u00f3n porque no es este es el mensaje que queremos. Cuando dijo que los ni\u00f1os, eso fue a mi juicio un poco m\u00e1s grave, que los ni\u00f1os con capacidades diferentes no entend\u00edan las consignas respecto a los cuidados protocolares en tema Covid, tambi\u00e9n digamos eso fue realmente para m\u00ed repudiable desde todo punto de vista, no s\u00e9 qu\u00e9 docente pudo haberle manifestado eso. Realmente el docente que le manifest\u00f3 eso como \u00e9l dice no s\u00e9 entonces si tiene la capacidad para estar al frente de\u00a0 un alumnado con estas caracter\u00edsticas, porque realmente un docente que considera que sus alumnos que tiene delante de s\u00ed y a los cuales los est\u00e1 educando, les est\u00e1 brindando un trayecto de ense\u00f1anza-aprendizaje considera que esos alumnos no entienden estas consignas, y bueno, entonces creo que el docente no puede estar parado frente a esa clase. Cuando dijo tambi\u00e9n que hab\u00eda ni\u00f1os que usaban o se cambiaban el barbijo en los recreos, tambi\u00e9n digamos desmereci\u00f3 un poco la tarea del docente, porque entonces quiere decir que el docente no supo orientar, o los docentes a cargo\u00a0 no saben orientar a los alumnos. Creo que son todas declaraciones desafortunadas que s\u00ed, quiz\u00e1s si las sacaron de contexto o quiz\u00e1s quiso decir\u00a0 otra cosa y no lo que dijo. Realmente por eso hay que medir lo que uno expresa, y m\u00e1s en una Cadena Nacional. Creo que viendo la situaci\u00f3n epidemiol\u00f3gica y y\u00e9ndonos al plano m\u00e1s local, nosotros tenemos algunas ventajas visibles dentro de nuestro distrito, y que las tenemos que aprovechar, y que las tenemos que cuidar. Una de ellas es que somos, es un distrito grande en dimensiones y poca poblaci\u00f3n\u00a0 para las grandes dimensiones que tiene nuestro distrito. Nuestros espacios en las escuelas, en los edificios p\u00fablicos, en los clubes, son amplios, tenemos amplios espacios verdes. No tenemos un problema que tienen las grandes urbes que es el transporte p\u00fablico, nosotros no tenemos ese inconveniente, nosotros no tenemos aglomeraciones para ir a tomar el tren, para ir a tomar el subte o para ir a tomar el colectivo, eso creo que\u00a0 eso tambi\u00e9n lo podemos ver como una ventaja. Entonces, en virtud de eso creo que el mensaje, el mensaje que tenemos que dar nunca tiene que ser de miedo, siempre tiene que ser un mensaje de aliento y de\u00a0 contenci\u00f3n\u00a0 a la poblaci\u00f3n. Nada m\u00e1s se\u00f1or Presidente\u201d.<\/p>\n<p>&nbsp;<\/p>\n<p>Concejal Roc\u00edo V\u00e1zquez:<\/p>\n<p>\u201cEn primera instancia voy a coincidir con lo primero que dijo Elisabet en relaci\u00f3n\u00a0 a los cuidados y a los pedidos que realizaron para volver a esos cuidados que hab\u00edamos iniciado en pandemia. En relaci\u00f3n a los dichos de\u00a0 nuestro Presidente, \u00e9l mismo aclar\u00f3 que algunos fueron sacados de contexto. Incluso hoy Barca en su alocuci\u00f3n mencion\u00f3 tambi\u00e9n la palabra relajamiento, pas\u00f3 que estuvimos muchos meses de encierro, los casos hab\u00edan bajado\u00a0 notablemente y lo pudimos ver en todo lo que fue en el receso de verano, en las vacaciones de verano, la cantidad de gente que por ah\u00ed no llevaba a cabo todo el protocolo que deber\u00eda haberse llevado a cabo. Me parece que esta Fase 3 lo que nos marca es que tenemos que volver a cuidarnos, que tenemos que ser respetuoso, no s\u00f3lo por uno mismo sino por el otro, que tenemos que volver a insistir con todos los protocolos. El tema del transporte p\u00fablico justamente hoy, no s\u00e9 si no es una de las problem\u00e1ticas, yo considero que s\u00ed, tenemos un solo transporte p\u00fablico que muchas veces no s\u00e9 si est\u00e1\u00a0 cumpliendo con el protocolo o no, es una de las cosas que estamos viendo y que nos han llegado algunas quejas tambi\u00e9n en relaci\u00f3n a eso. A la falta de cumplimiento del protocolo en distintos lugares en los cuales se deb\u00eda haber implementado entiendo la necesidad de la poblaci\u00f3n\u00a0 de trabajo y que para eso se hicieron esos protocolos, para que puedan continuar trabajando. Por eso necesitamos que se pongan, no s\u00e9 si las pilas ser\u00eda la palabra adecuada, sino que se pongan a cumplir con ese protocolo, porque de ese protocolo depende que podamos volver a Fase 4, y a Fase 5, y volver a nuestra vida con una mayor normalidad sin dejar de cuidarnos, por eso es tan importante, vuelvo a insistir. Y tambi\u00e9n con el tema de la comunicaci\u00f3n, coincido que tenemos que ser cuidadosos, Eli nombr\u00f3 una parte, podr\u00edamos nombrar a otra parte tambi\u00e9n de comunicaci\u00f3n\u00a0 que me parece que fue desacertada. Me parece que cuando defendieron tanto que no se suspendan las clases, y que las clases deb\u00edan ser presenciales, porque son esenciales, vitales y se puso en nombre de los chicos en cuesti\u00f3n o en debate. Me parece que ah\u00ed tambi\u00e9n tenemos que ser cr\u00edticos porque durante cuatro a\u00f1os el\u00a0 gobierno sac\u00f3 suponte, el Plan Conectar Igualdad, que era un Programa que estaba como todos saben destinado a que los chicos puedan tener acceso a un dispositivo, en este caso una computadora, si ese Plan hubiese seguido, Programa en marcha hoy en d\u00eda ser\u00eda m\u00e1s f\u00e1cil la conectividad en \u00e9poca de Pandemia. Tambi\u00e9n tenemos que decir que el presupuesto de educaci\u00f3n\u00a0 no fue mejorando tampoco para ser ejemplo hoy en d\u00eda de que se pone la educaci\u00f3n\u00a0 como bandera cuando no lo fue as\u00ed. Me parece que si queremos ser cr\u00edticos tenemos que ser cr\u00edticos en todos los niveles, no solo con una parte. Me parece que eso no nos sirve porque es algo que est\u00e1 pasando fuera de nuestro distrito. Y como dijo Eli, la realidad de nuestro\u00a0 distrito es diferente, pero tambi\u00e9n tenemos varias cuestiones que solucionar o que tratar de mejorar. Y nada, solamente le pido a\u00a0 la poblaci\u00f3n que cumplamos, que nos cuidemos. Y en relaci\u00f3n a las escuelas con el tema de cambio de barbijo, no estoy en el nivel primaria pero si estoy en el nivel de secundaria y eso algo que marcamos continuamente, chicos s\u00fabanse el barbijo, chicos s\u00fabanse el barbijo, respeten las burbujas, no es tarea f\u00e1cil y no por eso digo que los docentes ni los preceptores est\u00e9n cumpliendo su tarea, sino que continuamente tenemos que estar remarc\u00e1ndolas distintas medidas de cuidado, y yo calculo que esto se debe dar en todos\u00a0 los niveles de educaci\u00f3n. Entonces, la tarea educativa\u00a0 es bastante compleja y estamos atravesando por un momento complejo donde cada uno de nosotros tenemos que ponerlo mejor para poder salir adelante y volver a la Fase 4\/5 y que podamos seguir con las actividades pero cuid\u00e1ndonos como corresponde. Nada m\u00e1s se\u00f1or Presidente\u201d.<\/p>\n<p>&nbsp;<\/p>\n<p>Concejal Hugo Rojas:<\/p>\n<p>\u201cBien, con mucho agrado estamos viendo el arreglo de calles del distrito con material frezado provisto por Vialidad Nacional. Sabemos que la cantidad de dicho material es importante, entonces esperamos y deseamos que se llegue con ese trabajo a todas las localidades de nuestro distrito. Nada m\u00e1s se\u00f1or Presidente\u201d.<\/p>\n<p>&nbsp;<\/p>\n<p>Concejal Juan Manuel Ibarra:<\/p>\n<p>\u201cBien, voy a tomar algunas de las palabras de la Concejal V\u00e1zquez. Una de sus frases fue \u201chay que ser cuidadosos con la informaci\u00f3n\u201d, y ah\u00ed coincido con la Concejal. No iba a empezar mi alocuci\u00f3n as\u00ed, pero bueno, me dio pie para hacerlo, tampoco le estoy respondiendo ni que busco una respuesta de ella. Pero me gusta que vea la parte llena del vaso como siempre digo, hay que quedarse con lo positivo en todo sentido. Yo tambi\u00e9n hoy escuch\u00e9 la noticia de que Argentina va a empezar a producir la vacuna y realmente si es cierto es una noticia muy buena. Pero bueno, le he perdido un poco la confianza nuestro Presidente, porque por m\u00e1s que uno no coincida ideol\u00f3gicamente y no se sienta representado porque es de otro color\u00a0 pol\u00edtico tiene que confiar y obviamente que merece todo nuestro apoyo. Pero bueno, no han sido muy responsables a la hora de informar, como por ejemplo el 12 de agosto del a\u00f1o pasado, el 2020, ya hab\u00eda dicho que iban a fabricar vacunas, si, Argentina y M\u00e9xico y eso no fue as\u00ed. Lo dieron como una gran noticia en su momento y lamentablemente qued\u00f3 en eso, en una noticia. El 10 de diciembre, tambi\u00e9n anunci\u00f3 que entre enero y febrero se iban a vacunar 10 millones de\u00a0 personas, y creo que no se lleg\u00f3 al mill\u00f3n. Por eso considero que\u00a0 a la hora de informar hay que ser responsables, y no lo digo por la Concejal, porque la Concejal obviamente toma la informaci\u00f3n que a todos nos llega, simplemente lo digo por el Presidente. De esa forma creo que va a costar que la gente lo vuelva a creer, y mucho peor el mundo, que tanta falta nos hace conectarnos nuevamente. Por otro lado quer\u00eda referirme a la presencialidad en las aulas, soy profesor de educaci\u00f3n f\u00edsica, tengo muchos amigos, familiares, docentes, maestras jardineras, maestras de grado, y coincidimos plenamente que es esencial la presencialidad de los chicos en las aulas, es fundamental que esto contin\u00fae, no quiero decir que llegado el momento haya que cerrar los establecimientos, no por tiempo indeterminado sino por 15 o 20 d\u00edas como han hecho en otras partes del mundo, porque si bien es una actividad esencial es cierto que genera gran circulaci\u00f3n\u00a0 de gente. Pero bueno, mirando tambi\u00e9n a los pa\u00edses del primer mundo notamos que si lo tienen como actividad esencial y es uno de los \u00faltimos sectores que se cierran, as\u00ed que espero que en nuestro pa\u00eds suceda lo mismo, y m\u00e1s en el interior del pa\u00eds que tenemos una gran diferencia con lo que es Capital y Gran Buenos Aires donde por ah\u00ed, no es por cuestiones pol\u00edticas pero, es cierto que hay distritos del Gran Buenos Aires que la situaci\u00f3n edilicia de los establecimientos educativos no pueden garantizar una educaci\u00f3n segura en cuanto a salud en este momento, digo el Gran Buenos Aires por citar un lugar, no refiri\u00e9ndome a ning\u00fan partido en particular. Por otro lado tambi\u00e9n quer\u00eda hacer menci\u00f3n que hoy presentamos un proyecto donde declaramos la actividad f\u00edsica como esencial, como profesor de educaci\u00f3n f\u00edsica me permito opinar del tema, somos agentes de salud y eso creo que es lo importante y es lo que hay que tener en cuenta. En el 2021 no podemos seguir desconociendo este tipo de\u00a0 cuestiones tan importantes, y m\u00e1s justamente cuando la salud es la que est\u00e1 en juego. Adem\u00e1s de eso las consecuencias econ\u00f3micas que genera el hecho de suspender la actividad f\u00edsica en gimnasios, en clubes, en diferentes lugares, hay mucha gente que vive de esto y eso creo que tambi\u00e9n hay que tenerlo en cuenta, porque con un protocolo adecuado que lo hay, s\u00ed que los hay, y sobre todo hablando de ac\u00e1, del Distrito de Tornquist que somos y nos conocemos, hay gente muy responsable trabajando en los diferentes gimnasios y dem\u00e1s. Entonces creo que hay que darle esa cuota de confianza y hay que hacer lo imposible porque estos lugares permanezcan abiertos. Obviamente con los protocolos rigurosos haci\u00e9ndolos cumplir y a aquella persona que no los cumpla bueno, sufrir\u00e1 las consecuencias, pero creo que es algo muy importante. Nada m\u00e1s se\u00f1or Presidente\u201d.<\/p>\n<p>&nbsp;<\/p>\n<p>Concejal Elisabet Nori:<\/p>\n<p>\u201cSi, un tema que me vino a la mente cuando habl\u00f3 el Concejal Rojas respecto de las calles y de los caminos. Coincido en su deseo de que todas las calles de las localidades del distrito tengan el mismo tratamiento de arreglo. Y tambi\u00e9n he recepcionado varias inquietudes de productores agropecuarios, en especial de la zona oeste, particularmente del Cuartel V respecto del estado de los caminos vecinales que all\u00ed se encuentran, que est\u00e1n bastante deteriorados haciendo en algunos casos, hace un a\u00f1o o m\u00e1s de dos a\u00f1os que no pasa la m\u00e1quina por all\u00ed, y bueno, ser\u00eda\u00a0 importante reconocer que el trabajo rural es uno de los motores, o si no, el principal motor de la econom\u00eda del pa\u00eds. Nada m\u00e1s se\u00f1or Presidente\u201d.<\/p>\n<p>&nbsp;<\/p>\n<p><a title=\"HCD (9)\" href=\"http:\/\/live.staticflickr.com\/65535\/51139442482_901de5a7f2_s.jpg\" rel=\"\"><img loading=\"lazy\" decoding=\"async\" class=\"alignleft\" style=\"float: left;\" title=\"HCD (9)\" src=\"http:\/\/live.staticflickr.com\/65535\/51139442482_901de5a7f2.jpg\" alt=\"HCD (9)\" width=\"375\" height=\"500\" \/><\/a>Concejal Mar\u00eda Rosa Romero:<\/p>\n<p>\u201cBueno, en primer lugar quiero acompa\u00f1ar y apoyar las medidas que realmente ha estado tomando el se\u00f1or Presidente junto con el se\u00f1or Gobernador porque realmente a mi parecer fueron todas muy acertadas en esta situaci\u00f3n problem\u00e1tica de pandemia que estamos viviendo. La verdad que tomando algunas de las palabras que dijo el Concejal Ibarra, realmente si, por ah\u00ed \u00e9l toma como que no fue cre\u00edble las palabras\u00a0 del Presidente, cosa que\u00a0 yo ah\u00ed difiero con \u00e9l, porque no se han vacunado la cantidad de personas\u00a0 que supuestamente se iban a vacunar despu\u00e9s de una campa\u00f1a\u00a0 realmente sucia que ha implementado la oposici\u00f3n, diciendo que eran vacunas que, nos iban a inyectar veneno. Entonces la gente, obviamente que hasta \u00faltimo momento no, y pas\u00f3 en el distrito, que no se ha inscripto para la vacunaci\u00f3n. Entonces creo que no es que el Presidente no sea cre\u00edble sino es que fue tanta la campa\u00f1a en contra que se ha hecho que mucha gente ha dudado. Con respecto a los colegios que est\u00e1n deteriorados, tambi\u00e9n si es cierto, porque luego de haber tenido cuatro a\u00f1os donde no se ha realizado ningunas mejoras. Tuvimos cuatro a\u00f1os con la Gobernadora Vidal que se olvid\u00f3 de los colegios, se olvid\u00f3 de los hospitales, de la salud p\u00fablica, realmente remontar luego de\u00a0 cuatro a\u00f1os de ese tipo de gobierno y acompa\u00f1ado\u00a0 de esta pandemia es muy dif\u00edcil llevar a cabo todo tan prontamente como quisi\u00e9ramos \u00bfs\u00ed?, tal vez, bueno, lleva un poco m\u00e1s de tiempo pero es muy dif\u00edcil. Y como tambi\u00e9n yo apoyo que los comercios abran, que puedan trabajar, pero no nos olvidemos que tambi\u00e9n fueron a\u00f1os dif\u00edciles donde se han cerrado empresas, donde han perdido trabajo y yo no he visto a nadie salir a reclamar en apoyo a esas personas que han perdido su fuente laboral. Como ahora hace varios, unos d\u00edas atr\u00e1s la triste realidad que se ha estado viviendo, de confundir a la gente con la educaci\u00f3n de los chicos, de que la gente no quiere ignorantes, no es ignorante, el Presidente est\u00e1 pidiendo 15 d\u00edas de restricci\u00f3n, de presencialidad en los colegios, son 15 d\u00edas no est\u00e1 pidiendo que se cierren las aulas, y la educaci\u00f3n iba a continuar virtual, tampoco es que se iban a olvidar de los chicos. Entonces por ah\u00ed, bueno, hay cosas que molestan un poquito en estos tiempos de que todo est\u00e1 tan sensible y tendr\u00edamos que acompa\u00f1ar m\u00e1s a toda esta situaci\u00f3n. Nada m\u00e1s se\u00f1or Presidente\u201d.-<\/p>\n<p>&nbsp;<\/p>\n<p>Concejal Elisabet Nori:<\/p>\n<p>\u201cBueno, en relaci\u00f3n a lo que dijo reci\u00e9n la Concejal Mar\u00eda Rosa voy a decir que la Gobernadora Vidal en su mandato mejor\u00f3, reestructur\u00f3 y acondicion\u00f3 de manera, en cuanto a aparatolog\u00eda de \u00faltima generaci\u00f3n todas las guardias de los hospitales interzonales de la Provincia de Buenos Aires, y tambi\u00e9n instal\u00f3 el servicio del SAME en casi todos, en m\u00e1s de 100 distritos de la Provincia de Buenos Aires, cosa que a\u00fan perdura y que es de enorme utilidad para todos los hospitales municipales de toda la\u00a0 Provincia de Buenos Aires, eso por un lado. En educaci\u00f3n realmente si se invirti\u00f3, se invirti\u00f3 much\u00edsimo en estructura edilicia que ven\u00eda de 12 a\u00f1os realmente devastadores. Se invirti\u00f3 mucho en estructura edilicia, y sino a las pruebas me remito, preg\u00fantenle a la gente de Villa Ventana con la construcci\u00f3n de la Escuela Secundaria 5 y Primaria 21, con el nuevo edificio que fue inaugurado en el per\u00edodo se la Gobernadora Vidal, eso es la prueba contundente que tenemos nosotros ac\u00e1 en nuestro distrito. Bueno, nada m\u00e1s se\u00f1or Presidente\u201d.<\/p>\n<p>&nbsp;<\/p>\n<p>Concejal Roc\u00edo V\u00e1zquez:<\/p>\n<p>\u201cLa verdad que con lo dicho anteriormente, los dicho de Elisabet, no me voy a meter en el \u00e1rea de salud porque la verdad desconozco los datos, s\u00ed averiguar\u00e9 y me interiorizar\u00e9 m\u00e1s. Pero en el \u00e1rea de educaci\u00f3n, la Secundaria 5 cabe recordar que se termin\u00f3 luego de\u00a0 a\u00f1os de lucha de toda la comunidad de Villa Ventana porque esa obra hab\u00eda quedado en suspenso y abandonada por mucho tiempo, lo cual se tuvo que mover toda la comunidad para que pueda realizarse dicha obra. Las dem\u00e1s escuelas del Distrito de Tornquist, toda la parte\u00a0 estructural y los cambios que se han realizado y que se vienen realizando en este momento, vale destacar que fueron del Fondo Educativo. En anteriores conferencias del Intendente nombr\u00f3 algunas de las obras que se iban a hacer y dichas obras se van a hacer con fondos del Fondo Educativo, vale la redundancia. Y por otro lado, en esos cuatro a\u00f1os de Vidal que a nivel nacional se eliminaron las paritarias nacionales como as\u00ed tambi\u00e9n se elimin\u00f3 el Ministerio de Salud. Tambi\u00e9n cabe destacar que ah\u00ed se dio una enorme tragedia donde murieron dos trabajadores de la educaci\u00f3n en la Provincia de Buenos Aires, tambi\u00e9n cabe destacar que la se\u00f1ora Vidal cuando los docentes hac\u00edan paro reclamando salarios dignos y condiciones edilicias mand\u00f3 a hacer de p\u00fablico conocimiento a trav\u00e9s de los distintos medios de comunicaci\u00f3n a llamar a voluntarios, a voluntarios para que cubran a los docentes que estaban reclamando a trav\u00e9s de un derecho como es la huelga, m\u00e1s seguridad en los establecimientos educativos y mejora salariales. Esa es la Vidal que estuvo por cuatro a\u00f1os y esa es la importancia que le dio a la educaci\u00f3n p\u00fablica, la educaci\u00f3n p\u00fablica que defenestraron provincia, naci\u00f3n; educaci\u00f3n p\u00fablica que estamos tratando de sacar adelante porque todos los chicos merecen una educaci\u00f3n p\u00fablica que sea igualitaria, que sea inclusiva, que es gratuita, que tenemos la suerte de tener una educaci\u00f3n gratuita y esa educaci\u00f3n tiene que ser de calidad como dijo Elisabet, pero en esos cuatro a\u00f1os la verdad que con todo lo que\u00a0 mencion\u00e9 anteriormente yo no s\u00e9 cu\u00e1n importante era para la Gobernadora Vidal la educaci\u00f3n p\u00fablica para su Provincia. Nada m\u00e1s se\u00f1or Presidente\u201d.<\/p>\n<p>&nbsp;<\/p>\n<p><strong><a title=\"HCD (2)\" href=\"http:\/\/live.staticflickr.com\/65535\/51140331448_d37a4bf24f_s.jpg\" rel=\"\"><img loading=\"lazy\" decoding=\"async\" class=\"alignleft\" style=\"float: left;\" title=\"HCD (2)\" src=\"http:\/\/live.staticflickr.com\/65535\/51140331448_d37a4bf24f.jpg\" alt=\"HCD (2)\" width=\"375\" height=\"500\" \/><\/a>Concejal Beatriz D\u00edaz:<\/strong><\/p>\n<p>\u201cBueno, ya que estamos hablando de la gesti\u00f3n de Vidal me gustar\u00eda dejar bien en claro y que se recuerde, que el Fondo Educativo comenz\u00f3 a ser utilizado por Consejo Escolar y que con eso, o sea que eso ocurri\u00f3 en la gesti\u00f3n de Vidal, y que gracias a ello se hicieron grandes mejoras en las escuelas. Por otro lado lo que ocurri\u00f3\u00a0 en Moreno fue responsabilidad de Consejo Escolar de su lugar, por lo cual me gustar\u00eda que quede claro eso, que el Gobernador es Gobernador, pero que para cada funci\u00f3n de otro sectores hay gente responsable, funcionarios que deber\u00edan hacerse cargo de lo que hacen. Soy docente, y tambi\u00e9n escucho y entiendo los reclamos y padezco igual que todos los docentes el salario que quiz\u00e1 no es suficiente o que no es lo justo que deber\u00eda ser, pero considero que tanto el a\u00f1o pasado como este la situaci\u00f3n de los docentes sigue siendo la misma, y no vi a nadie haciendo paro, ni reclamando, ni haciendo nada que se le parezca. No estoy de acuerdo con la decisi\u00f3n que tom\u00f3 en su momento Vidal porque para algo los docentes nos capacitamos y trabajamos, pero considero que no se mide con la misma vara a todos los, las gestiones pol\u00edticas, si nos vamos a quejar deber\u00edamos quejarnos con todos o sino estamos conformes. Considero que hay en ese sentido gran complicidad entre los gremios y algunos partidos\u00a0 pol\u00edticos. Nada m\u00e1s se\u00f1or Presidente\u201d.-<\/p>\n<p>&nbsp;<\/p>\n<p>Concejal Viviana Montibeller:<\/p>\n<p>\u201cBueno, hace m\u00e1s de 45 minutos que venimos escuchando lo que hizo un gobierno, lo que dej\u00f3 de hacer otro, lo que bloque\u00f3 uno y lo que va a hacer el otro. Ayer mi hija cumpli\u00f3 20 a\u00f1os, naci\u00f3 en el 2001, y yo pensaba\u00a0 c\u00f3mo estamos desde el 2001 a la fecha, yo no veo que cambie nada y han pasado gobiernos diferentes. Entonces seguimos nosotros discutiendo qui\u00e9n hizo, qui\u00e9n no hizo, cu\u00e1nto hizo. Estamos atravesados, es verdad, por una pandemia pero nosotros vivimos siempre con un problema a cuestas, cuando no es el 1 a 1 es la inflaci\u00f3n, el corralito, y bueno, y seguimos. Se nombr\u00f3 Fondo Educativo, reformas edilicias, un mont\u00f3n de cosa que se hacen y que no se terminan. Yo lo que quiero es preguntar, y a veces no, tampoco encuentro respuesta, estamos atravesados por una pandemia y decimos que tenemos que llevar a la gente tranquilidad, responsabilidad, y no hacemos m\u00e1s que pelearnos, todas las Sesiones lo mismo. Est\u00e1 bien, es el juego que hay que hacer, lo respeto, pero a veces estamos como un poco vac\u00edos. Yo veo que tenemos una pandemia de inoperancia a veces, una pandemia de no ponernos en el lugar del otro que la vamos a sufrir toda la vida. Lamentablemente esta pandemia lleva un a\u00f1o y pico, no s\u00e9 cu\u00e1nto tiempo m\u00e1s va a durar, la gente se sigue muriendo de hambre, la gente sigue trabajando y no llega a fin de mes, y no vemos c\u00f3mo solucionar eso. Yo la verdad intento no s\u00e9, a veces de qu\u00e9 lado estamos, si de uno si del otro, si cruzamos la grieta, si no la cruzamos; la verdad que a veces me digo, \u00bfvale el esfuerzo? Salimos de cada problema que tenemos, de cada uno esta Argentina sale, s\u00ed salimos pero salimos siempre con un tiro en el ala seguro. Nos cuesta much\u00edsimo, como dec\u00eda, llegar a fin de mes a muchos, pero no veo soluci\u00f3n, no veo que haya una sola persona que pueda darla soluci\u00f3n a todos estos problemas, entonces seguimos con esto de que qui\u00e9n hizo, de qui\u00e9n no hizo, cu\u00e1nto hizo. Propongo, me parece que est\u00e1 bueno, que nosotros como Concejales, abocarnos a nuestro distrito que tiene sus falencias como tambi\u00e9n tiene sus aciertos, que a veces cuando est\u00e1n no los decimos porque creemos que es lo correcto, y que nos preocupemos tambi\u00e9n por ver c\u00f3mo hacemos si esta pandemia nos obliga a estar m\u00e1s del tiempo que dicen que van a ser 15 d\u00edas, volvimos a Fase 3, bueno, qu\u00e9 proyectos tenemos para si hay que continuar en estas Fases. La verdad que los comerciantes a veces se ponen un poco nerviosos y es real porque todos nosotros creo que tenemos alguna conexi\u00f3n con alg\u00fan comerciante en\u00a0 la familia o conocido, y la verdad que no llevamos tranquilidad cuando nos ponemos a discutir estos temas que ya lo sabe todo el mundo. Me parece que traerlos ac\u00e1 otra vez, ya lo saben todos. Entonces creo que la tranquilidad la llevamos cuando podemos proyectar de qu\u00e9 manera movernos de ac\u00e1 en m\u00e1s. Me da mucha pena a veces que volvamos a traer todo el pasado otra vez, y de qui\u00e9n hizo como dije, qui\u00e9n no hizo, cu\u00e1nto se llev\u00f3 y cu\u00e1nto no se llev\u00f3, es trist\u00edsimo, pero bueno. Hoy volvimos a Fase 3, a restricciones que est\u00e1bamos, como dice el Presidente, relajados, yo creo que el sistema de salud no se relaj\u00f3, nos relajamos nosotros. Si lo dijo, si no los dijo, si se confundi\u00f3, si tomamos mal lo que dijo, la verdad desde ac\u00e1 a m\u00ed, no es que me tenga sin cuidado, siento que nosotros nos relajamos. Y c\u00f3mo volver a la actividad normal sin que eso genere en otros alg\u00fan da\u00f1o porque la verdad esta pandemia nos afect\u00f3 a todos, todos tenemos alg\u00fan conocido en el que la sufri\u00f3, la padeci\u00f3. Se ha tomado mucho la pandemia pol\u00edticamente y eso es lo que ha hecho mal, hoy por hoy es un problema de salud. Entonces digo c\u00f3mo podemos hacer para, como dec\u00eda Eli, llevar tranquilidad a la poblaci\u00f3n, creo que ser un poco prudentes en nuestras palabras y afinar los cuidados, me parece que es lo b\u00e1sico. Despu\u00e9s, veremos qu\u00e9 pasa porque la verdad que esto es el d\u00eda a d\u00eda, a veces siento que ya lo ten\u00edan planeado\u00a0 de antes, pero bueno, son todas conjeturas. Por eso me parece que tenemos que tener la responsabilidad como ediles de llevar un poco de tranquilidad a la poblaci\u00f3n. Nada m\u00e1s se\u00f1or Presidente\u201d.<\/p>\n<p>&nbsp;<\/p>\n<p><a title=\"HCD (6)\" href=\"http:\/\/live.staticflickr.com\/65535\/51140118616_3fb0a024cc_s.jpg\" rel=\"\"><img loading=\"lazy\" decoding=\"async\" class=\"alignleft\" style=\"float: left;\" title=\"HCD (6)\" src=\"http:\/\/live.staticflickr.com\/65535\/51140118616_3fb0a024cc.jpg\" alt=\"HCD (6)\" width=\"375\" height=\"500\" \/><\/a>Concejal Laura Rosatelli:<\/p>\n<p>\u201cSi, se\u00f1or Presidente, bueno habiendo escuchado las alocuciones de todos, de casi todos los Concejales. En primer lugar coincidir con mis compa\u00f1eros de Bloque. Yo creo que haciendo un poquito referencia a lo que dijo la Concejal Montibeller, una de las maneras de llevarle tranquilidad a la gente es no hacer pol\u00edtica con esto, con la situaci\u00f3n que estamos viviendo. En un a\u00f1o de elecciones la verdad que en lo personal, ni se me ocurre una campa\u00f1a pol\u00edtica, porque est\u00e1 muriendo millones de gente y la verdad que estamos cada vez peor como se dec\u00eda, el comercio, volvemos para atr\u00e1s, volvemos a Fase 3, y para ninguno es lindo esto. Qui\u00e9n se imagin\u00f3 que una pandemia nos iba a atacar de tal manera y tanto tiempo. Estamos en lo peor como dicen, porque lo dicen los m\u00e9dicos, lo dicen los infect\u00f3logos, estamos en lo peor de la pandemia, entonces tratemos de cuidarnos, tratemos como quien dice de bajar un cambio, de llevar tranquilidad y de no pelearnos, no pelearnos porque no logramos nada, simplemente marcar m\u00e1s una grieta si se quiere. Pero bueno, con el tema de la presencialidad, nosotros no sabemos qu\u00e9 va a pasar, porque no somos quienes para decidir, no somos profesionales de salud, no sabemos si las clases van a continuar o no. solo este virus maldito \u00bfcierto? Nos dir\u00e1 qu\u00e9 va a pasar con esto, si van a tener que volver a ser virtuales, si van a seguir as\u00ed. As\u00ed que lo \u00fanico que pido es esto, a la gente llevarle la tranquilidad de que yo creo que no debemos y no tenemos que hacer pol\u00edtica con salud y menos con este tema. As\u00ed que bueno, la tranquilidad es esa, que vamos a estar pienso yo, todos como estuvimos desde el principio, que dijimos que \u00edbamos a tirar todos para el mismo lado porque de esta salimos todos o no salimos ninguno. Nada m\u00e1s se\u00f1or Presidente\u201d.<\/p>\n<p>&nbsp;<\/p>\n<p>HONORABLE CONCEJO DELIBERANTE<\/p>\n<p>&nbsp;<\/p>\n","protected":false},"excerpt":{"rendered":"<p>Comunicaciones Oficiales y Dict\u00e1menes de las Comisiones:<\/p>\n","protected":false},"author":3,"featured_media":0,"comment_status":"closed","ping_status":"open","sticky":false,"template":"","format":"standard","meta":{"footnotes":""},"categories":[28],"tags":[],"class_list":["post-55904","post","type-post","status-publish","format-standard","hentry","category-municipales"],"yoast_head":"<!-- This site is optimized with the Yoast SEO plugin v25.9 - https:\/\/yoast.com\/wordpress\/plugins\/seo\/ -->\n<title>Informe sesi\u00f3n ordinaria del d\u00eda 20-04-21 - Noticias Radio Reflejos<\/title>\n<meta name=\"robots\" content=\"index, follow, max-snippet:-1, max-image-preview:large, max-video-preview:-1\" \/>\n<link rel=\"canonical\" href=\"https:\/\/www.noticiasradioreflejos.com.ar\/2021\/informe-sesion-ordinaria-del-dia-20-04-21\/\" \/>\n<meta property=\"og:locale\" content=\"es_ES\" \/>\n<meta property=\"og:type\" content=\"article\" \/>\n<meta property=\"og:title\" content=\"Informe sesi\u00f3n ordinaria del d\u00eda 20-04-21 - Noticias Radio Reflejos\" \/>\n<meta property=\"og:description\" content=\"Comunicaciones Oficiales y Dict\u00e1menes de las Comisiones:\" \/>\n<meta property=\"og:url\" content=\"https:\/\/www.noticiasradioreflejos.com.ar\/2021\/informe-sesion-ordinaria-del-dia-20-04-21\/\" \/>\n<meta property=\"og:site_name\" content=\"Noticias Radio Reflejos\" \/>\n<meta property=\"article:published_time\" content=\"2021-04-26T15:20:05+00:00\" \/>\n<meta property=\"og:image\" content=\"http:\/\/live.staticflickr.com\/65535\/51140118711_dd4bd20bc8_z.jpg\" \/>\n<meta name=\"author\" content=\"Arnaldo Botto\" \/>\n<meta name=\"twitter:card\" content=\"summary_large_image\" \/>\n<script type=\"application\/ld+json\" class=\"yoast-schema-graph\">{\"@context\":\"https:\/\/schema.org\",\"@graph\":[{\"@type\":\"WebPage\",\"@id\":\"https:\/\/www.noticiasradioreflejos.com.ar\/2021\/informe-sesion-ordinaria-del-dia-20-04-21\/\",\"url\":\"https:\/\/www.noticiasradioreflejos.com.ar\/2021\/informe-sesion-ordinaria-del-dia-20-04-21\/\",\"name\":\"Informe sesi\u00f3n ordinaria del d\u00eda 20-04-21 - Noticias Radio Reflejos\",\"isPartOf\":{\"@id\":\"https:\/\/www.noticiasradioreflejos.com.ar\/2021\/#website\"},\"primaryImageOfPage\":{\"@id\":\"https:\/\/www.noticiasradioreflejos.com.ar\/2021\/informe-sesion-ordinaria-del-dia-20-04-21\/#primaryimage\"},\"image\":{\"@id\":\"https:\/\/www.noticiasradioreflejos.com.ar\/2021\/informe-sesion-ordinaria-del-dia-20-04-21\/#primaryimage\"},\"thumbnailUrl\":\"http:\/\/live.staticflickr.com\/65535\/51140118711_dd4bd20bc8_z.jpg\",\"datePublished\":\"2021-04-26T15:20:05+00:00\",\"author\":{\"@id\":\"https:\/\/www.noticiasradioreflejos.com.ar\/2021\/#\/schema\/person\/ad82545263dcc5ec0996818884fd5fb1\"},\"breadcrumb\":{\"@id\":\"https:\/\/www.noticiasradioreflejos.com.ar\/2021\/informe-sesion-ordinaria-del-dia-20-04-21\/#breadcrumb\"},\"inLanguage\":\"es\",\"potentialAction\":[{\"@type\":\"ReadAction\",\"target\":[\"https:\/\/www.noticiasradioreflejos.com.ar\/2021\/informe-sesion-ordinaria-del-dia-20-04-21\/\"]}]},{\"@type\":\"ImageObject\",\"inLanguage\":\"es\",\"@id\":\"https:\/\/www.noticiasradioreflejos.com.ar\/2021\/informe-sesion-ordinaria-del-dia-20-04-21\/#primaryimage\",\"url\":\"http:\/\/live.staticflickr.com\/65535\/51140118711_dd4bd20bc8_z.jpg\",\"contentUrl\":\"http:\/\/live.staticflickr.com\/65535\/51140118711_dd4bd20bc8_z.jpg\"},{\"@type\":\"BreadcrumbList\",\"@id\":\"https:\/\/www.noticiasradioreflejos.com.ar\/2021\/informe-sesion-ordinaria-del-dia-20-04-21\/#breadcrumb\",\"itemListElement\":[{\"@type\":\"ListItem\",\"position\":1,\"name\":\"Portada\",\"item\":\"https:\/\/www.noticiasradioreflejos.com.ar\/2021\/\"},{\"@type\":\"ListItem\",\"position\":2,\"name\":\"Informe sesi\u00f3n ordinaria del d\u00eda 20-04-21\"}]},{\"@type\":\"WebSite\",\"@id\":\"https:\/\/www.noticiasradioreflejos.com.ar\/2021\/#website\",\"url\":\"https:\/\/www.noticiasradioreflejos.com.ar\/2021\/\",\"name\":\"Noticias Radio Reflejos\",\"description\":\"Las noticias de mi comarca\",\"potentialAction\":[{\"@type\":\"SearchAction\",\"target\":{\"@type\":\"EntryPoint\",\"urlTemplate\":\"https:\/\/www.noticiasradioreflejos.com.ar\/2021\/?s={search_term_string}\"},\"query-input\":{\"@type\":\"PropertyValueSpecification\",\"valueRequired\":true,\"valueName\":\"search_term_string\"}}],\"inLanguage\":\"es\"},{\"@type\":\"Person\",\"@id\":\"https:\/\/www.noticiasradioreflejos.com.ar\/2021\/#\/schema\/person\/ad82545263dcc5ec0996818884fd5fb1\",\"name\":\"Arnaldo Botto\",\"image\":{\"@type\":\"ImageObject\",\"inLanguage\":\"es\",\"@id\":\"https:\/\/www.noticiasradioreflejos.com.ar\/2021\/#\/schema\/person\/image\/\",\"url\":\"https:\/\/secure.gravatar.com\/avatar\/55cb5e37c1efa326397366e6974cb338056df65cb50e7d64d1cf314e87504837?s=96&d=mm&r=g\",\"contentUrl\":\"https:\/\/secure.gravatar.com\/avatar\/55cb5e37c1efa326397366e6974cb338056df65cb50e7d64d1cf314e87504837?s=96&d=mm&r=g\",\"caption\":\"Arnaldo Botto\"},\"url\":\"https:\/\/www.noticiasradioreflejos.com.ar\/2021\/author\/arnaldo\/\"}]}<\/script>\n<!-- \/ Yoast SEO plugin. -->","yoast_head_json":{"title":"Informe sesi\u00f3n ordinaria del d\u00eda 20-04-21 - Noticias Radio Reflejos","robots":{"index":"index","follow":"follow","max-snippet":"max-snippet:-1","max-image-preview":"max-image-preview:large","max-video-preview":"max-video-preview:-1"},"canonical":"https:\/\/www.noticiasradioreflejos.com.ar\/2021\/informe-sesion-ordinaria-del-dia-20-04-21\/","og_locale":"es_ES","og_type":"article","og_title":"Informe sesi\u00f3n ordinaria del d\u00eda 20-04-21 - Noticias Radio Reflejos","og_description":"Comunicaciones Oficiales y Dict\u00e1menes de las Comisiones:","og_url":"https:\/\/www.noticiasradioreflejos.com.ar\/2021\/informe-sesion-ordinaria-del-dia-20-04-21\/","og_site_name":"Noticias Radio Reflejos","article_published_time":"2021-04-26T15:20:05+00:00","og_image":[{"url":"http:\/\/live.staticflickr.com\/65535\/51140118711_dd4bd20bc8_z.jpg","type":"","width":"","height":""}],"author":"Arnaldo Botto","twitter_card":"summary_large_image","schema":{"@context":"https:\/\/schema.org","@graph":[{"@type":"WebPage","@id":"https:\/\/www.noticiasradioreflejos.com.ar\/2021\/informe-sesion-ordinaria-del-dia-20-04-21\/","url":"https:\/\/www.noticiasradioreflejos.com.ar\/2021\/informe-sesion-ordinaria-del-dia-20-04-21\/","name":"Informe sesi\u00f3n ordinaria del d\u00eda 20-04-21 - Noticias Radio Reflejos","isPartOf":{"@id":"https:\/\/www.noticiasradioreflejos.com.ar\/2021\/#website"},"primaryImageOfPage":{"@id":"https:\/\/www.noticiasradioreflejos.com.ar\/2021\/informe-sesion-ordinaria-del-dia-20-04-21\/#primaryimage"},"image":{"@id":"https:\/\/www.noticiasradioreflejos.com.ar\/2021\/informe-sesion-ordinaria-del-dia-20-04-21\/#primaryimage"},"thumbnailUrl":"http:\/\/live.staticflickr.com\/65535\/51140118711_dd4bd20bc8_z.jpg","datePublished":"2021-04-26T15:20:05+00:00","author":{"@id":"https:\/\/www.noticiasradioreflejos.com.ar\/2021\/#\/schema\/person\/ad82545263dcc5ec0996818884fd5fb1"},"breadcrumb":{"@id":"https:\/\/www.noticiasradioreflejos.com.ar\/2021\/informe-sesion-ordinaria-del-dia-20-04-21\/#breadcrumb"},"inLanguage":"es","potentialAction":[{"@type":"ReadAction","target":["https:\/\/www.noticiasradioreflejos.com.ar\/2021\/informe-sesion-ordinaria-del-dia-20-04-21\/"]}]},{"@type":"ImageObject","inLanguage":"es","@id":"https:\/\/www.noticiasradioreflejos.com.ar\/2021\/informe-sesion-ordinaria-del-dia-20-04-21\/#primaryimage","url":"http:\/\/live.staticflickr.com\/65535\/51140118711_dd4bd20bc8_z.jpg","contentUrl":"http:\/\/live.staticflickr.com\/65535\/51140118711_dd4bd20bc8_z.jpg"},{"@type":"BreadcrumbList","@id":"https:\/\/www.noticiasradioreflejos.com.ar\/2021\/informe-sesion-ordinaria-del-dia-20-04-21\/#breadcrumb","itemListElement":[{"@type":"ListItem","position":1,"name":"Portada","item":"https:\/\/www.noticiasradioreflejos.com.ar\/2021\/"},{"@type":"ListItem","position":2,"name":"Informe sesi\u00f3n ordinaria del d\u00eda 20-04-21"}]},{"@type":"WebSite","@id":"https:\/\/www.noticiasradioreflejos.com.ar\/2021\/#website","url":"https:\/\/www.noticiasradioreflejos.com.ar\/2021\/","name":"Noticias Radio Reflejos","description":"Las noticias de mi comarca","potentialAction":[{"@type":"SearchAction","target":{"@type":"EntryPoint","urlTemplate":"https:\/\/www.noticiasradioreflejos.com.ar\/2021\/?s={search_term_string}"},"query-input":{"@type":"PropertyValueSpecification","valueRequired":true,"valueName":"search_term_string"}}],"inLanguage":"es"},{"@type":"Person","@id":"https:\/\/www.noticiasradioreflejos.com.ar\/2021\/#\/schema\/person\/ad82545263dcc5ec0996818884fd5fb1","name":"Arnaldo Botto","image":{"@type":"ImageObject","inLanguage":"es","@id":"https:\/\/www.noticiasradioreflejos.com.ar\/2021\/#\/schema\/person\/image\/","url":"https:\/\/secure.gravatar.com\/avatar\/55cb5e37c1efa326397366e6974cb338056df65cb50e7d64d1cf314e87504837?s=96&d=mm&r=g","contentUrl":"https:\/\/secure.gravatar.com\/avatar\/55cb5e37c1efa326397366e6974cb338056df65cb50e7d64d1cf314e87504837?s=96&d=mm&r=g","caption":"Arnaldo Botto"},"url":"https:\/\/www.noticiasradioreflejos.com.ar\/2021\/author\/arnaldo\/"}]}},"_links":{"self":[{"href":"https:\/\/www.noticiasradioreflejos.com.ar\/2021\/wp-json\/wp\/v2\/posts\/55904","targetHints":{"allow":["GET"]}}],"collection":[{"href":"https:\/\/www.noticiasradioreflejos.com.ar\/2021\/wp-json\/wp\/v2\/posts"}],"about":[{"href":"https:\/\/www.noticiasradioreflejos.com.ar\/2021\/wp-json\/wp\/v2\/types\/post"}],"author":[{"embeddable":true,"href":"https:\/\/www.noticiasradioreflejos.com.ar\/2021\/wp-json\/wp\/v2\/users\/3"}],"replies":[{"embeddable":true,"href":"https:\/\/www.noticiasradioreflejos.com.ar\/2021\/wp-json\/wp\/v2\/comments?post=55904"}],"version-history":[{"count":0,"href":"https:\/\/www.noticiasradioreflejos.com.ar\/2021\/wp-json\/wp\/v2\/posts\/55904\/revisions"}],"wp:attachment":[{"href":"https:\/\/www.noticiasradioreflejos.com.ar\/2021\/wp-json\/wp\/v2\/media?parent=55904"}],"wp:term":[{"taxonomy":"category","embeddable":true,"href":"https:\/\/www.noticiasradioreflejos.com.ar\/2021\/wp-json\/wp\/v2\/categories?post=55904"},{"taxonomy":"post_tag","embeddable":true,"href":"https:\/\/www.noticiasradioreflejos.com.ar\/2021\/wp-json\/wp\/v2\/tags?post=55904"}],"curies":[{"name":"wp","href":"https:\/\/api.w.org\/{rel}","templated":true}]}}