{"id":55900,"date":"2021-04-26T11:12:42","date_gmt":"2021-04-26T14:12:42","guid":{"rendered":"http:\/\/www.noticiasradioreflejos.com.ar\/noticias\/?p=55900"},"modified":"2021-04-26T11:12:42","modified_gmt":"2021-04-26T14:12:42","slug":"a-35-anos-de-chernobyl-la-humanidad-discute-aun-el-uso-de-la-energia-atomica","status":"publish","type":"post","link":"https:\/\/www.noticiasradioreflejos.com.ar\/2021\/a-35-anos-de-chernobyl-la-humanidad-discute-aun-el-uso-de-la-energia-atomica\/","title":{"rendered":"A 35 a\u00f1os de Chernobyl, la humanidad discute a\u00fan el uso de la energ\u00eda at\u00f3mica"},"content":{"rendered":"<p>El 26 de abril de 1986, una explosi\u00f3n en la central nuclear ucraniana provoc\u00f3 la muerte de 31\u00a0trabajadores y bomberos. Pero en los a\u00f1os sucesivos, la radiaci\u00f3n liberada ocasion\u00f3 el fallecimiento de entre 4.000 y 9.000 personas, seg\u00fan la OMS.<!--more--><\/p>\n<div id=\"image\" class=\"image\">\n<p><img decoding=\"async\" title=\"El accidente se inici\u00f3 en el reactor n\u00famero 4 de Chernobyl, vecino a la ciudad de Pripiat, 110 kil\u00f3metros al norte de Kiev, capital de Ucrania.\" src=\"https:\/\/www.telam.com.ar\/advf\/imagenes\/2019\/06\/5cf4fd9bb521f_1004x565.jpg\" alt=\"El accidente se inici\u00f3 en el reactor n\u00famero 4 de Chernobyl, vecino a la ciudad de Pripiat, 110 kil\u00f3metros al norte de Kiev, capital de Ucrania.\" \/><\/p>\n<div class=\"epigrafe\">El accidente se inici\u00f3 en el reactor n\u00famero 4 de Chernobyl, vecino a la ciudad de Pripiat, 110 kil\u00f3metros al norte de Kiev, capital de Ucrania.<\/div>\n<\/div>\n<p>El accidente de la central at\u00f3mica ucraniana de Chernobyl, ocurrido hace 35 a\u00f1os,\u00a0<strong>el 26 de abril de 1986<\/strong>, fue decisivo en el colapso posterior de la ex-Uni\u00f3n Sovi\u00e9tica, as\u00ed como en la discusi\u00f3n que existe actualmente sobre la conveniencia o no de utilizar el plutonio como fuente de energ\u00eda nuclear.<\/p>\n<p><strong>El mayor accidente nuclear de la historia<\/strong>, acontecido durante una prueba de seguridad fallida, liber\u00f3 grandes cantidades de radiaci\u00f3n que\u00a0<strong>provocaron luego la muerte de entre 4.000 y 9.000 personas<\/strong>, a causa de c\u00e1ncer u otras enfermedades, seg\u00fan un informe de la Organizaci\u00f3n Mundial de la Salud (OMS) de 2016.<\/p>\n<p>Se estima que un total de\u00a0<strong>31 trabajadores y bomberos murieron cuando sucedi\u00f3 el desastre nuclear.<\/strong>\u00a0Pero la cifra total de muertos por los efectos de la radiaci\u00f3n contin\u00faa siendo un tema de intenso debate.<\/p>\n<blockquote><p>Seg\u00fan la ONU, el desastre fue similar a que se hubieran lanzado 500 bombas at\u00f3micas como la arrojada por Estados Unidos sobre Hiroshima, Jap\u00f3n, el 6 de agosto de 1945, poco antes de que finalizara la Segunda Guerra Mundial<\/p><\/blockquote>\n<p>El accidente se inici\u00f3 en el reactor n\u00famero 4 de Chernobyl, vecino a la ciudad de Pripiat, 110 kil\u00f3metros al norte de Kiev, capital de Ucrania, donde viv\u00edan 50.000 habitantes, la mayor\u00eda de los cuales trabajaba en la planta nuclear.<\/p>\n<p>Aparentemente,\u00a0<strong>el desencadenante de la tragedia fue una prueba programada para el 25 de abril bajo la direcci\u00f3n de las oficinas centrales de Mosc\u00fa.<\/strong><\/p>\n<p>Sin embargo, tras conocerse la noticia, el Partido Comunista de la ex-Uni\u00f3n de Rep\u00fablicas Socialistas Sovi\u00e9ticas (URSS) trat\u00f3 de minimizar la informaci\u00f3n y dar su propia versi\u00f3n de los hechos.<\/p>\n<p><iframe loading=\"lazy\" title=\"YouTube video player\" src=\"https:\/\/www.youtube.com\/embed\/5YFEDSVCk2s\" width=\"560\" height=\"315\" frameborder=\"0\" allowfullscreen=\"allowfullscreen\"><\/iframe><\/p>\n<div class=\"epigrafe\">\u00abChernobyl\u00bb, serie de HBO<\/div>\n<p>Eran las cinco de la ma\u00f1ana cuando\u00a0<strong>Mijail Gorbachov, el \u00faltimo l\u00edder de la URSS, recibi\u00f3 una llamada telef\u00f3nica, en la que se lo notificaba que hab\u00eda habido una explosi\u00f3n en la planta nuclear de Chernobyl.<\/strong><\/p>\n<p>El l\u00edder reformista no solo responsabiliz\u00f3 por el accidente a la estructura burocr\u00e1tica del Partido Comunista sovi\u00e9tico, sino que permiti\u00f3 que se hicieran reformas en la econom\u00eda, en la orientaci\u00f3n ideol\u00f3gica de la URSS y de medio ambiente.<\/p>\n<p><strong>La noticia del accidente fue corroborada por Suecia<\/strong>, y despu\u00e9s por un grupo de cient\u00edficos brit\u00e1nicos que trabajaban en una planta nuclear, ya que se detectaron altos niveles de radiaci\u00f3n, seg\u00fan informes de la BBC.<\/p>\n<p><strong>Un mes antes del accidente<\/strong>, la revista semanal Literatura Ucraniana hab\u00eda publicado un art\u00edculo referido a\u00a0<strong>los desperfectos de la planta y a la falta de respeto por los normas t\u00e9cnicas<\/strong>\u00a0durante su construcci\u00f3n, de acuerdo a una publicaci\u00f3n de la Organizaci\u00f3n de la ONU para la educaci\u00f3n, la ciencia y la cultura (Unesco).<\/p>\n<div class=\"auth\">Otra tregedia en Jap\u00f3n<\/div>\n<div id=\"image\" class=\"image\">\n<p><img decoding=\"async\" title=\"Tras el accidente en la planta de Fukushima, el 11 de marzo de 2011, Jap\u00f3n abandon\u00f3 la producci\u00f3n nuclear, lo que aument\u00f3 el precio de la electricidad en el pa\u00eds.\" src=\"https:\/\/www.telam.com.ar\/advf\/imagenes\/2013\/09\/52234f4c6ae7a_1004x669.jpg\" alt=\"Tras el accidente en la planta de Fukushima, el 11 de marzo de 2011, Jap\u00f3n abandon\u00f3 la producci\u00f3n nuclear, lo que aument\u00f3 el precio de la electricidad en el pa\u00eds.\" \/><\/p>\n<div class=\"epigrafe\">Tras el accidente en la planta de Fukushima, el 11 de marzo de 2011, Jap\u00f3n abandon\u00f3 la producci\u00f3n nuclear, lo que aument\u00f3 el precio de la electricidad en el pa\u00eds.<\/div>\n<\/div>\n<p>El de Chernobyl no fue el \u00fanico accidente ocurrido en una central nuclear en las \u00faltimas d\u00e9cadas.<strong>El 11 de marzo de 2011, a las 14:46<\/strong>, un terremoto de magnitud 9 en la escala sismol\u00f3gica de Richter provoc\u00f3\u00a0<strong>un tsunami en la costa noreste de Jap\u00f3n que inund\u00f3 la central de Fukushima I,<\/strong>\u00a0en la costa de ese territorio insular, provocando el mayor accidente nuclear despu\u00e9s de Chernobyl.<\/p>\n<p>El desastre paraliz\u00f3 la actividad de centrales nucleares japonesas, entre ellas Fukushima, donde caus\u00f3 por lo menos un muerto en el momento de la tragedia, inform\u00f3 la Organizaci\u00f3n Mundial de la Salud (OMS).<\/p>\n<p><strong>Jap\u00f3n abandon\u00f3 luego la producci\u00f3n nuclear, lo que aument\u00f3 el precio de la electricidad en el pa\u00eds.<\/strong><\/p>\n<p>Esta situaci\u00f3n, seg\u00fan el Instituto de Labor Econ\u00f3mica (IZA, por sus siglas en ingl\u00e9s) podr\u00eda haber provocado la muerte de 1.280 personas a causa del fr\u00edo entre 2011 y 2014, inform\u00f3 el diario catal\u00e1n La Vanguardia.<\/p>\n<p>Tanto Chernobyl como Fukushima son las \u00fanicas clasificadas con el nivel siete de este tipo de desastres, el m\u00e1ximo que otorga la Escala Internacional de Accidentes Nucleares.<\/p>\n<p>La central ucraniana sigui\u00f3 funcionando luego con tres reactores, manejada por sus trabajadores, hasta que en el a\u00f1o 2000 se decret\u00f3 su cierre definitivo.<\/p>\n","protected":false},"excerpt":{"rendered":"<p>El 26 de abril de 1986, una explosi\u00f3n en la central nuclear ucraniana provoc\u00f3 la muerte de 31\u00a0trabajadores y bomberos. Pero en los a\u00f1os sucesivos, la radiaci\u00f3n liberada ocasion\u00f3 el fallecimiento de entre 4.000 y 9.000 personas, seg\u00fan la OMS.<\/p>\n","protected":false},"author":3,"featured_media":0,"comment_status":"closed","ping_status":"open","sticky":false,"template":"","format":"standard","meta":{"footnotes":""},"categories":[46,26],"tags":[],"class_list":["post-55900","post","type-post","status-publish","format-standard","hentry","category-ciencia-y-tecnologia","category-sociedad"],"yoast_head":"<!-- This site is optimized with the Yoast SEO plugin v25.9 - https:\/\/yoast.com\/wordpress\/plugins\/seo\/ -->\n<title>A 35 a\u00f1os de Chernobyl, la humanidad discute a\u00fan el uso de la energ\u00eda at\u00f3mica - Noticias Radio Reflejos<\/title>\n<meta name=\"robots\" content=\"index, follow, max-snippet:-1, max-image-preview:large, max-video-preview:-1\" \/>\n<link rel=\"canonical\" href=\"https:\/\/www.noticiasradioreflejos.com.ar\/2021\/a-35-anos-de-chernobyl-la-humanidad-discute-aun-el-uso-de-la-energia-atomica\/\" \/>\n<meta property=\"og:locale\" content=\"es_ES\" \/>\n<meta property=\"og:type\" content=\"article\" \/>\n<meta property=\"og:title\" content=\"A 35 a\u00f1os de Chernobyl, la humanidad discute a\u00fan el uso de la energ\u00eda at\u00f3mica - Noticias Radio Reflejos\" \/>\n<meta property=\"og:description\" content=\"El 26 de abril de 1986, una explosi\u00f3n en la central nuclear ucraniana provoc\u00f3 la muerte de 31\u00a0trabajadores y bomberos. Pero en los a\u00f1os sucesivos, la radiaci\u00f3n liberada ocasion\u00f3 el fallecimiento de entre 4.000 y 9.000 personas, seg\u00fan la OMS.\" \/>\n<meta property=\"og:url\" content=\"https:\/\/www.noticiasradioreflejos.com.ar\/2021\/a-35-anos-de-chernobyl-la-humanidad-discute-aun-el-uso-de-la-energia-atomica\/\" \/>\n<meta property=\"og:site_name\" content=\"Noticias Radio Reflejos\" \/>\n<meta property=\"article:published_time\" content=\"2021-04-26T14:12:42+00:00\" \/>\n<meta property=\"og:image\" content=\"https:\/\/www.telam.com.ar\/advf\/imagenes\/2019\/06\/5cf4fd9bb521f_1004x565.jpg\" \/>\n<meta name=\"author\" content=\"Arnaldo Botto\" \/>\n<meta name=\"twitter:card\" content=\"summary_large_image\" \/>\n<script type=\"application\/ld+json\" class=\"yoast-schema-graph\">{\"@context\":\"https:\/\/schema.org\",\"@graph\":[{\"@type\":\"WebPage\",\"@id\":\"https:\/\/www.noticiasradioreflejos.com.ar\/2021\/a-35-anos-de-chernobyl-la-humanidad-discute-aun-el-uso-de-la-energia-atomica\/\",\"url\":\"https:\/\/www.noticiasradioreflejos.com.ar\/2021\/a-35-anos-de-chernobyl-la-humanidad-discute-aun-el-uso-de-la-energia-atomica\/\",\"name\":\"A 35 a\u00f1os de Chernobyl, la humanidad discute a\u00fan el uso de la energ\u00eda at\u00f3mica - Noticias Radio Reflejos\",\"isPartOf\":{\"@id\":\"https:\/\/www.noticiasradioreflejos.com.ar\/2021\/#website\"},\"primaryImageOfPage\":{\"@id\":\"https:\/\/www.noticiasradioreflejos.com.ar\/2021\/a-35-anos-de-chernobyl-la-humanidad-discute-aun-el-uso-de-la-energia-atomica\/#primaryimage\"},\"image\":{\"@id\":\"https:\/\/www.noticiasradioreflejos.com.ar\/2021\/a-35-anos-de-chernobyl-la-humanidad-discute-aun-el-uso-de-la-energia-atomica\/#primaryimage\"},\"thumbnailUrl\":\"https:\/\/www.telam.com.ar\/advf\/imagenes\/2019\/06\/5cf4fd9bb521f_1004x565.jpg\",\"datePublished\":\"2021-04-26T14:12:42+00:00\",\"author\":{\"@id\":\"https:\/\/www.noticiasradioreflejos.com.ar\/2021\/#\/schema\/person\/ad82545263dcc5ec0996818884fd5fb1\"},\"breadcrumb\":{\"@id\":\"https:\/\/www.noticiasradioreflejos.com.ar\/2021\/a-35-anos-de-chernobyl-la-humanidad-discute-aun-el-uso-de-la-energia-atomica\/#breadcrumb\"},\"inLanguage\":\"es\",\"potentialAction\":[{\"@type\":\"ReadAction\",\"target\":[\"https:\/\/www.noticiasradioreflejos.com.ar\/2021\/a-35-anos-de-chernobyl-la-humanidad-discute-aun-el-uso-de-la-energia-atomica\/\"]}]},{\"@type\":\"ImageObject\",\"inLanguage\":\"es\",\"@id\":\"https:\/\/www.noticiasradioreflejos.com.ar\/2021\/a-35-anos-de-chernobyl-la-humanidad-discute-aun-el-uso-de-la-energia-atomica\/#primaryimage\",\"url\":\"https:\/\/www.telam.com.ar\/advf\/imagenes\/2019\/06\/5cf4fd9bb521f_1004x565.jpg\",\"contentUrl\":\"https:\/\/www.telam.com.ar\/advf\/imagenes\/2019\/06\/5cf4fd9bb521f_1004x565.jpg\"},{\"@type\":\"BreadcrumbList\",\"@id\":\"https:\/\/www.noticiasradioreflejos.com.ar\/2021\/a-35-anos-de-chernobyl-la-humanidad-discute-aun-el-uso-de-la-energia-atomica\/#breadcrumb\",\"itemListElement\":[{\"@type\":\"ListItem\",\"position\":1,\"name\":\"Portada\",\"item\":\"https:\/\/www.noticiasradioreflejos.com.ar\/2021\/\"},{\"@type\":\"ListItem\",\"position\":2,\"name\":\"A 35 a\u00f1os de Chernobyl, la humanidad discute a\u00fan el uso de la energ\u00eda at\u00f3mica\"}]},{\"@type\":\"WebSite\",\"@id\":\"https:\/\/www.noticiasradioreflejos.com.ar\/2021\/#website\",\"url\":\"https:\/\/www.noticiasradioreflejos.com.ar\/2021\/\",\"name\":\"Noticias Radio Reflejos\",\"description\":\"Las noticias de mi comarca\",\"potentialAction\":[{\"@type\":\"SearchAction\",\"target\":{\"@type\":\"EntryPoint\",\"urlTemplate\":\"https:\/\/www.noticiasradioreflejos.com.ar\/2021\/?s={search_term_string}\"},\"query-input\":{\"@type\":\"PropertyValueSpecification\",\"valueRequired\":true,\"valueName\":\"search_term_string\"}}],\"inLanguage\":\"es\"},{\"@type\":\"Person\",\"@id\":\"https:\/\/www.noticiasradioreflejos.com.ar\/2021\/#\/schema\/person\/ad82545263dcc5ec0996818884fd5fb1\",\"name\":\"Arnaldo Botto\",\"image\":{\"@type\":\"ImageObject\",\"inLanguage\":\"es\",\"@id\":\"https:\/\/www.noticiasradioreflejos.com.ar\/2021\/#\/schema\/person\/image\/\",\"url\":\"https:\/\/secure.gravatar.com\/avatar\/55cb5e37c1efa326397366e6974cb338056df65cb50e7d64d1cf314e87504837?s=96&d=mm&r=g\",\"contentUrl\":\"https:\/\/secure.gravatar.com\/avatar\/55cb5e37c1efa326397366e6974cb338056df65cb50e7d64d1cf314e87504837?s=96&d=mm&r=g\",\"caption\":\"Arnaldo Botto\"},\"url\":\"https:\/\/www.noticiasradioreflejos.com.ar\/2021\/author\/arnaldo\/\"}]}<\/script>\n<!-- \/ Yoast SEO plugin. -->","yoast_head_json":{"title":"A 35 a\u00f1os de Chernobyl, la humanidad discute a\u00fan el uso de la energ\u00eda at\u00f3mica - Noticias Radio Reflejos","robots":{"index":"index","follow":"follow","max-snippet":"max-snippet:-1","max-image-preview":"max-image-preview:large","max-video-preview":"max-video-preview:-1"},"canonical":"https:\/\/www.noticiasradioreflejos.com.ar\/2021\/a-35-anos-de-chernobyl-la-humanidad-discute-aun-el-uso-de-la-energia-atomica\/","og_locale":"es_ES","og_type":"article","og_title":"A 35 a\u00f1os de Chernobyl, la humanidad discute a\u00fan el uso de la energ\u00eda at\u00f3mica - Noticias Radio Reflejos","og_description":"El 26 de abril de 1986, una explosi\u00f3n en la central nuclear ucraniana provoc\u00f3 la muerte de 31\u00a0trabajadores y bomberos. Pero en los a\u00f1os sucesivos, la radiaci\u00f3n liberada ocasion\u00f3 el fallecimiento de entre 4.000 y 9.000 personas, seg\u00fan la OMS.","og_url":"https:\/\/www.noticiasradioreflejos.com.ar\/2021\/a-35-anos-de-chernobyl-la-humanidad-discute-aun-el-uso-de-la-energia-atomica\/","og_site_name":"Noticias Radio Reflejos","article_published_time":"2021-04-26T14:12:42+00:00","og_image":[{"url":"https:\/\/www.telam.com.ar\/advf\/imagenes\/2019\/06\/5cf4fd9bb521f_1004x565.jpg","type":"","width":"","height":""}],"author":"Arnaldo Botto","twitter_card":"summary_large_image","schema":{"@context":"https:\/\/schema.org","@graph":[{"@type":"WebPage","@id":"https:\/\/www.noticiasradioreflejos.com.ar\/2021\/a-35-anos-de-chernobyl-la-humanidad-discute-aun-el-uso-de-la-energia-atomica\/","url":"https:\/\/www.noticiasradioreflejos.com.ar\/2021\/a-35-anos-de-chernobyl-la-humanidad-discute-aun-el-uso-de-la-energia-atomica\/","name":"A 35 a\u00f1os de Chernobyl, la humanidad discute a\u00fan el uso de la energ\u00eda at\u00f3mica - Noticias Radio Reflejos","isPartOf":{"@id":"https:\/\/www.noticiasradioreflejos.com.ar\/2021\/#website"},"primaryImageOfPage":{"@id":"https:\/\/www.noticiasradioreflejos.com.ar\/2021\/a-35-anos-de-chernobyl-la-humanidad-discute-aun-el-uso-de-la-energia-atomica\/#primaryimage"},"image":{"@id":"https:\/\/www.noticiasradioreflejos.com.ar\/2021\/a-35-anos-de-chernobyl-la-humanidad-discute-aun-el-uso-de-la-energia-atomica\/#primaryimage"},"thumbnailUrl":"https:\/\/www.telam.com.ar\/advf\/imagenes\/2019\/06\/5cf4fd9bb521f_1004x565.jpg","datePublished":"2021-04-26T14:12:42+00:00","author":{"@id":"https:\/\/www.noticiasradioreflejos.com.ar\/2021\/#\/schema\/person\/ad82545263dcc5ec0996818884fd5fb1"},"breadcrumb":{"@id":"https:\/\/www.noticiasradioreflejos.com.ar\/2021\/a-35-anos-de-chernobyl-la-humanidad-discute-aun-el-uso-de-la-energia-atomica\/#breadcrumb"},"inLanguage":"es","potentialAction":[{"@type":"ReadAction","target":["https:\/\/www.noticiasradioreflejos.com.ar\/2021\/a-35-anos-de-chernobyl-la-humanidad-discute-aun-el-uso-de-la-energia-atomica\/"]}]},{"@type":"ImageObject","inLanguage":"es","@id":"https:\/\/www.noticiasradioreflejos.com.ar\/2021\/a-35-anos-de-chernobyl-la-humanidad-discute-aun-el-uso-de-la-energia-atomica\/#primaryimage","url":"https:\/\/www.telam.com.ar\/advf\/imagenes\/2019\/06\/5cf4fd9bb521f_1004x565.jpg","contentUrl":"https:\/\/www.telam.com.ar\/advf\/imagenes\/2019\/06\/5cf4fd9bb521f_1004x565.jpg"},{"@type":"BreadcrumbList","@id":"https:\/\/www.noticiasradioreflejos.com.ar\/2021\/a-35-anos-de-chernobyl-la-humanidad-discute-aun-el-uso-de-la-energia-atomica\/#breadcrumb","itemListElement":[{"@type":"ListItem","position":1,"name":"Portada","item":"https:\/\/www.noticiasradioreflejos.com.ar\/2021\/"},{"@type":"ListItem","position":2,"name":"A 35 a\u00f1os de Chernobyl, la humanidad discute a\u00fan el uso de la energ\u00eda at\u00f3mica"}]},{"@type":"WebSite","@id":"https:\/\/www.noticiasradioreflejos.com.ar\/2021\/#website","url":"https:\/\/www.noticiasradioreflejos.com.ar\/2021\/","name":"Noticias Radio Reflejos","description":"Las noticias de mi comarca","potentialAction":[{"@type":"SearchAction","target":{"@type":"EntryPoint","urlTemplate":"https:\/\/www.noticiasradioreflejos.com.ar\/2021\/?s={search_term_string}"},"query-input":{"@type":"PropertyValueSpecification","valueRequired":true,"valueName":"search_term_string"}}],"inLanguage":"es"},{"@type":"Person","@id":"https:\/\/www.noticiasradioreflejos.com.ar\/2021\/#\/schema\/person\/ad82545263dcc5ec0996818884fd5fb1","name":"Arnaldo Botto","image":{"@type":"ImageObject","inLanguage":"es","@id":"https:\/\/www.noticiasradioreflejos.com.ar\/2021\/#\/schema\/person\/image\/","url":"https:\/\/secure.gravatar.com\/avatar\/55cb5e37c1efa326397366e6974cb338056df65cb50e7d64d1cf314e87504837?s=96&d=mm&r=g","contentUrl":"https:\/\/secure.gravatar.com\/avatar\/55cb5e37c1efa326397366e6974cb338056df65cb50e7d64d1cf314e87504837?s=96&d=mm&r=g","caption":"Arnaldo Botto"},"url":"https:\/\/www.noticiasradioreflejos.com.ar\/2021\/author\/arnaldo\/"}]}},"_links":{"self":[{"href":"https:\/\/www.noticiasradioreflejos.com.ar\/2021\/wp-json\/wp\/v2\/posts\/55900","targetHints":{"allow":["GET"]}}],"collection":[{"href":"https:\/\/www.noticiasradioreflejos.com.ar\/2021\/wp-json\/wp\/v2\/posts"}],"about":[{"href":"https:\/\/www.noticiasradioreflejos.com.ar\/2021\/wp-json\/wp\/v2\/types\/post"}],"author":[{"embeddable":true,"href":"https:\/\/www.noticiasradioreflejos.com.ar\/2021\/wp-json\/wp\/v2\/users\/3"}],"replies":[{"embeddable":true,"href":"https:\/\/www.noticiasradioreflejos.com.ar\/2021\/wp-json\/wp\/v2\/comments?post=55900"}],"version-history":[{"count":0,"href":"https:\/\/www.noticiasradioreflejos.com.ar\/2021\/wp-json\/wp\/v2\/posts\/55900\/revisions"}],"wp:attachment":[{"href":"https:\/\/www.noticiasradioreflejos.com.ar\/2021\/wp-json\/wp\/v2\/media?parent=55900"}],"wp:term":[{"taxonomy":"category","embeddable":true,"href":"https:\/\/www.noticiasradioreflejos.com.ar\/2021\/wp-json\/wp\/v2\/categories?post=55900"},{"taxonomy":"post_tag","embeddable":true,"href":"https:\/\/www.noticiasradioreflejos.com.ar\/2021\/wp-json\/wp\/v2\/tags?post=55900"}],"curies":[{"name":"wp","href":"https:\/\/api.w.org\/{rel}","templated":true}]}}