{"id":55886,"date":"2021-04-26T07:50:04","date_gmt":"2021-04-26T10:50:04","guid":{"rendered":"http:\/\/www.noticiasradioreflejos.com.ar\/noticias\/?p=55886"},"modified":"2021-04-26T07:50:04","modified_gmt":"2021-04-26T10:50:04","slug":"solo-quedan-82-camas-de-terapia-intensiva-sin-ocupar-en-hospitales-publicos-portenos","status":"publish","type":"post","link":"https:\/\/www.noticiasradioreflejos.com.ar\/2021\/solo-quedan-82-camas-de-terapia-intensiva-sin-ocupar-en-hospitales-publicos-portenos\/","title":{"rendered":"S\u00f3lo quedan 82 camas de terapia intensiva sin ocupar en hospitales p\u00fablicos porte\u00f1os"},"content":{"rendered":"<p>El \u00faltimo reporte del Ministerio de Salud de la ciudad de Buenos Aires indica que est\u00e1n ocupadas 368 de las 450 camas que dispone el sistema para pacientes de gravedad, esto es el 81,7%.<!--more--><\/p>\n<p>Con solo\u00a0<strong>82 camas de terapia intensiva disponibles de las 450 que tiene el sector p\u00fablico<\/strong>, la Ciudad de Buenos Aires registra un\u00a0<strong>pico de ocupaci\u00f3n sin precedentes\u00a0<\/strong>desde que comenz\u00f3 la pandemia, alcanzando al\u00a0<strong>81,7% de las unidades UTI disponibles,\u00a0<\/strong>mientras que un mes atr\u00e1s la ocupaci\u00f3n de las camas cr\u00edticas era del 27,1%.<\/p>\n<p>Esa cifra representa un porcentaje superior al mayor registro del a\u00f1o pasado cuando, en el pico de contagios, se lleg\u00f3 al 72,5 por ciento el 20 de julio.<\/p>\n<p>De acuerdo con el reporte difundido este domingo por el Ministerio de Salud de la Ciudad, con datos,\u00a0<strong>la ocupaci\u00f3n de camas UTI aument\u00f3 2% en 24 horas, ya que en el reporte del s\u00e1bado el porcentaje era de 79,7% y en el del viernes, 77,3%.<\/strong><\/p>\n<p>El reporte indica que est\u00e1n ocupadas 368 de las 450 camas que dispone el sistema porte\u00f1o para pacientes de gravedad, esto es el 81,7 por ciento.<\/p>\n<p><strong>Se trata del porcentaje de ocupaci\u00f3n m\u00e1s alto desde que comenz\u00f3 la pandemia<\/strong>\u00a0ya que el mayor pico se produjo entre el 20 y el 23 de julio del a\u00f1o pasado, cuando en el sistema p\u00fablico se report\u00f3 72,5 por ciento de ocupaci\u00f3n para terapia intensiva.<\/p>\n<p>Sin embargo, ese dato es sobre un\u00a0<strong>total de 400 camas<\/strong>\u00a0que el sistema ten\u00eda en ese momento, de las cu\u00e1les\u00a0<strong>fueron ocupadas 290 con pacientes graves.<\/strong><\/p>\n<p>Este domingo, las camas ascienden a 450, dato que indica que el aumento de plazas de terapia no alcanz\u00f3 para cubrir el aumento de pacientes graves que est\u00e1 provocando la segunda ola de coronavirus.<\/p>\n<p>Desde el Gobierno porte\u00f1o, voceros del Ministerio de Salud confirmaron a T\u00e9lam que se trata del \u00abporcentaje m\u00e1s alto en el subsector p\u00fablico desde que comenz\u00f3 la pandemia\u00bb y que por esa raz\u00f3n \u00ab20 d\u00edas atr\u00e1s se dispuso la refuncionalizaci\u00f3n del sector en funci\u00f3n del Covid y por eso se reprogramaron intervenciones no urgentes a fin de recuperar toda la capacidad de internaci\u00f3n\u00bb.<\/p>\n<p>A pesar del n\u00famero sin precedentes de ocupaci\u00f3n, en la Ciudad sostienen que existe un \u00abamesetamiento a nivel contagios\u00bb y que esos n\u00fameros \u00abm\u00e1s temprano que tarde\u00bb van a impactar en la ocupaci\u00f3n de camas.<\/p>\n<p>Al respecto, el infect\u00f3logo Pedro Cahn afirm\u00f3 a esta agencia que \u201ces una situaci\u00f3n muy preocupante\u00bb porque \u00abest\u00e1 muy en tensi\u00f3n el sistema de salud\u00bb.<\/p>\n<p>Advirti\u00f3 que \u00absi no logramos bajar el n\u00famero de nuevos casos vamos a tener una proporci\u00f3n que seg\u00fan el momento de la pandemia oscila entre el 1 y el 5% de los pacientes que son diagnosticados como positivos que requieren asistencia cr\u00edtica y muchos de ellos asistencia intensiva y respiradores. Eso tiene un l\u00edmite\u201d.<\/p>\n<p>\u201cDurante 2020 ning\u00fan argentino se qued\u00f3 sin atenci\u00f3n, sin respirador, sin tubo de ox\u00edgeno, sin cama de terapia intensiva\u201d, sostuvo y afirm\u00f3 que hoy \u00abestamos en un momento de tensi\u00f3n donde esto no puede llegar a suceder si no le ponemos un coto al crecimiento\u201d de contagios.<\/p>\n<p>Cahn se\u00f1al\u00f3 que \u201ces cierto que en los \u00faltimos d\u00edas se ha estabilizado de alguna manera, pero el n\u00famero es muy alto y eso significa que si tenemos 25.000 casos por d\u00eda vamos a tener inevitablemente una cantidad que puede oscilar entre 25 y 125 pacientes que requieran terapia intensiva a diario\u201d.<\/p>\n<p>\u201cEso no hay sistema de salud que lo aguante porque son pacientes que no se quedan por un solo d\u00eda\u201d, explic\u00f3.<\/p>\n<p>Adem\u00e1s, sostuvo que \u201cs\u00ed hay que mirar la tasa de ocupaci\u00f3n de las camas de las grandes ciudades, principalmente en la Ciudad de Buenos Aires y el conurbano bonaerense que nos anticipa lo que va a pasar en el resto del pa\u00eds\u201d.<\/p>\n<p>\u201cTenemos que hacer todo lo posible para que todos nosotros nos transformemos en una barrera contra la transmisi\u00f3n del virus y no ser un eslab\u00f3n m\u00e1s en la cadena de transmisi\u00f3n\u201d, concluy\u00f3.<\/p>\n<p><a href=\"https:\/\/www.telam.com.ar\/notas\/202104\/551976-cafiero-coronavirus-buenos-aires.html\" target=\"_blank\" rel=\"noopener\"><strong>El jefe de Gabinete nacional, Santiago Cafiero<\/strong>,<\/a>\u00a0asegur\u00f3 esta ma\u00f1ana que \u00abhoy no se consigue una cama en la Ciudad de Buenos Aires\u00bb.<\/p>\n<p>En declaraciones a Radio 10, el funcionario agreg\u00f3 que \u00abindependientemente de la discusi\u00f3n sobre estad\u00edsticas y n\u00fameros, hay una realidad concreta: desde hace 15 d\u00edas si necesit\u00e1s conseguir una cama en la ciudad, ten\u00e9s un problema\u00bb.<\/p>\n<p>Es que el panorama en el sector privado no es diferente.<\/p>\n<p>El martes pasado, durante la habitual conferencia de prensa en la que describe la situaci\u00f3n de la pandemia en el distrito, el ministro de Salud porte\u00f1o, Fern\u00e1n Quir\u00f3s, admiti\u00f3 que hay centros de salud privados donde la ocupaci\u00f3n llega al 95%.<\/p>\n<p>\u00abHay terapias que est\u00e1n arriba del 95%\u00bb, dijo Quir\u00f3s aunque aclar\u00f3 que el promedio es del 62%. El ministro explic\u00f3 que se trata de las cl\u00ednicas con mayor reputaci\u00f3n.<\/p>\n<p>Como parte del grado de ocupaci\u00f3n en las terapias que vive la Ciudad qued\u00f3 reflejado en el pedido de 50 respiradores que el Ministerio de Salud porte\u00f1o le hizo a Naci\u00f3n ya que su reserva, seg\u00fan dijo Quir\u00f3s en la misma conferencia, fue entregada a los sanatorios privados.<\/p>\n<p>Por su parte, el presidente de la Uni\u00f3n Argentina de la Salud y due\u00f1o de la empresa de medicina prepaga Swiss Medical, Claudio Belocopitt, dijo que en sus sanatorios se viven \u00abhoras muy desesperadas y angustiantes\u00bb.<\/p>\n<p>\u00abEstamos muy cerca de vivir situaciones dram\u00e1ticas\u00bb, advirti\u00f3 en declaraciones radio La Red.<\/p>\n<p>Una semana atr\u00e1s, el 18 de abril, la ocupaci\u00f3n de camas de terapia intensiva en el sector p\u00fablico porte\u00f1o era del 64,6%, con 291 personas en estado de gravedad.<\/p>\n<p>Si se retrocede un poco m\u00e1s en el tiempo, entonces queda claro la velocidad con que se va \u00abestresando\u00bb el sistema: siempre seg\u00fan las cifras oficiales, un mes atr\u00e1s el sistema de salud de la Ciudad reportaba para el 25 de marzo una ocupaci\u00f3n de camas de terapia intensiva del 27,1% con 122 personas internadas en estado de gravedad.<\/p>\n<p>As\u00ed, en un mes se salt\u00f3 de 27,1 a 81,7 por ciento.<\/p>\n<p>La escalada en la ocupaci\u00f3n de camas de terapia en la Ciudad tambi\u00e9n se registra para los casos moderados y leves.<\/p>\n<p>En el reporte difundido hoy, se informa que la ocupaci\u00f3n es de 50,4% para las personas con un cuadro moderado de coronavirus. Esto es 757 camas sobre 1.500 disponibles. En tanto en los casos leves, ese porcentaje es de 9,4 por ciento con 470 plazas ocupadas sobre 5.000 con las que cuentan los hospitales p\u00fablicos.<\/p>\n<p>El 25 de marzo, la ocupaci\u00f3n fue de 14,8% para los casos moderados (223 sobre 1.500 disponibles) y 4,4% para los leves. (220 sobre 5.000).<\/p>\n<p>El parte diario de la situaci\u00f3n sanitaria en la Ciudad difundido hoy indica que ayer se reportaron 2.869 contagios de coronavirus y 70 fallecidos.<\/p>\n<p>Las camas para pacientes moderados ocupadas son 757 de 1.500, es decir, un 50,4%, y en leves, 470 de 5.000, una ocupaci\u00f3n del 9,4%.<\/p><\/div>\n<\/div>\n<\/div>\n<\/div>\n<\/div>\n","protected":false},"excerpt":{"rendered":"<p>El \u00faltimo reporte del Ministerio de Salud de la ciudad de Buenos Aires indica que est\u00e1n ocupadas 368 de las 450 camas que dispone el sistema para pacientes de gravedad, esto es el 81,7%.<\/p>\n","protected":false},"author":3,"featured_media":0,"comment_status":"closed","ping_status":"open","sticky":false,"template":"","format":"standard","meta":{"footnotes":""},"categories":[30],"tags":[],"class_list":["post-55886","post","type-post","status-publish","format-standard","hentry","category-salud"],"yoast_head":"<!-- This site is optimized with the Yoast SEO plugin v25.9 - https:\/\/yoast.com\/wordpress\/plugins\/seo\/ -->\n<title>S\u00f3lo quedan 82 camas de terapia intensiva sin ocupar en hospitales p\u00fablicos porte\u00f1os - Noticias Radio Reflejos<\/title>\n<meta name=\"robots\" content=\"index, follow, max-snippet:-1, max-image-preview:large, max-video-preview:-1\" \/>\n<link rel=\"canonical\" href=\"https:\/\/www.noticiasradioreflejos.com.ar\/2021\/solo-quedan-82-camas-de-terapia-intensiva-sin-ocupar-en-hospitales-publicos-portenos\/\" \/>\n<meta property=\"og:locale\" content=\"es_ES\" \/>\n<meta property=\"og:type\" content=\"article\" \/>\n<meta property=\"og:title\" content=\"S\u00f3lo quedan 82 camas de terapia intensiva sin ocupar en hospitales p\u00fablicos porte\u00f1os - Noticias Radio Reflejos\" \/>\n<meta property=\"og:description\" content=\"El \u00faltimo reporte del Ministerio de Salud de la ciudad de Buenos Aires indica que est\u00e1n ocupadas 368 de las 450 camas que dispone el sistema para pacientes de gravedad, esto es el 81,7%.\" \/>\n<meta property=\"og:url\" content=\"https:\/\/www.noticiasradioreflejos.com.ar\/2021\/solo-quedan-82-camas-de-terapia-intensiva-sin-ocupar-en-hospitales-publicos-portenos\/\" \/>\n<meta property=\"og:site_name\" content=\"Noticias Radio Reflejos\" \/>\n<meta property=\"article:published_time\" content=\"2021-04-26T10:50:04+00:00\" \/>\n<meta property=\"og:image\" content=\"https:\/\/www.noticiasradioreflejos.com.ar\/2021\/wp-content\/uploads\/2021\/07\/logosol300x200.png\" \/>\n\t<meta property=\"og:image:width\" content=\"300\" \/>\n\t<meta property=\"og:image:height\" content=\"200\" \/>\n\t<meta property=\"og:image:type\" content=\"image\/png\" \/>\n<meta name=\"author\" content=\"Arnaldo Botto\" \/>\n<meta name=\"twitter:card\" content=\"summary_large_image\" \/>\n<script type=\"application\/ld+json\" class=\"yoast-schema-graph\">{\"@context\":\"https:\/\/schema.org\",\"@graph\":[{\"@type\":\"WebPage\",\"@id\":\"https:\/\/www.noticiasradioreflejos.com.ar\/2021\/solo-quedan-82-camas-de-terapia-intensiva-sin-ocupar-en-hospitales-publicos-portenos\/\",\"url\":\"https:\/\/www.noticiasradioreflejos.com.ar\/2021\/solo-quedan-82-camas-de-terapia-intensiva-sin-ocupar-en-hospitales-publicos-portenos\/\",\"name\":\"S\u00f3lo quedan 82 camas de terapia intensiva sin ocupar en hospitales p\u00fablicos porte\u00f1os - Noticias Radio Reflejos\",\"isPartOf\":{\"@id\":\"https:\/\/www.noticiasradioreflejos.com.ar\/2021\/#website\"},\"datePublished\":\"2021-04-26T10:50:04+00:00\",\"author\":{\"@id\":\"https:\/\/www.noticiasradioreflejos.com.ar\/2021\/#\/schema\/person\/ad82545263dcc5ec0996818884fd5fb1\"},\"breadcrumb\":{\"@id\":\"https:\/\/www.noticiasradioreflejos.com.ar\/2021\/solo-quedan-82-camas-de-terapia-intensiva-sin-ocupar-en-hospitales-publicos-portenos\/#breadcrumb\"},\"inLanguage\":\"es\",\"potentialAction\":[{\"@type\":\"ReadAction\",\"target\":[\"https:\/\/www.noticiasradioreflejos.com.ar\/2021\/solo-quedan-82-camas-de-terapia-intensiva-sin-ocupar-en-hospitales-publicos-portenos\/\"]}]},{\"@type\":\"BreadcrumbList\",\"@id\":\"https:\/\/www.noticiasradioreflejos.com.ar\/2021\/solo-quedan-82-camas-de-terapia-intensiva-sin-ocupar-en-hospitales-publicos-portenos\/#breadcrumb\",\"itemListElement\":[{\"@type\":\"ListItem\",\"position\":1,\"name\":\"Portada\",\"item\":\"https:\/\/www.noticiasradioreflejos.com.ar\/2021\/\"},{\"@type\":\"ListItem\",\"position\":2,\"name\":\"S\u00f3lo quedan 82 camas de terapia intensiva sin ocupar en hospitales p\u00fablicos porte\u00f1os\"}]},{\"@type\":\"WebSite\",\"@id\":\"https:\/\/www.noticiasradioreflejos.com.ar\/2021\/#website\",\"url\":\"https:\/\/www.noticiasradioreflejos.com.ar\/2021\/\",\"name\":\"Noticias Radio Reflejos\",\"description\":\"Las noticias de mi comarca\",\"potentialAction\":[{\"@type\":\"SearchAction\",\"target\":{\"@type\":\"EntryPoint\",\"urlTemplate\":\"https:\/\/www.noticiasradioreflejos.com.ar\/2021\/?s={search_term_string}\"},\"query-input\":{\"@type\":\"PropertyValueSpecification\",\"valueRequired\":true,\"valueName\":\"search_term_string\"}}],\"inLanguage\":\"es\"},{\"@type\":\"Person\",\"@id\":\"https:\/\/www.noticiasradioreflejos.com.ar\/2021\/#\/schema\/person\/ad82545263dcc5ec0996818884fd5fb1\",\"name\":\"Arnaldo Botto\",\"image\":{\"@type\":\"ImageObject\",\"inLanguage\":\"es\",\"@id\":\"https:\/\/www.noticiasradioreflejos.com.ar\/2021\/#\/schema\/person\/image\/\",\"url\":\"https:\/\/secure.gravatar.com\/avatar\/55cb5e37c1efa326397366e6974cb338056df65cb50e7d64d1cf314e87504837?s=96&d=mm&r=g\",\"contentUrl\":\"https:\/\/secure.gravatar.com\/avatar\/55cb5e37c1efa326397366e6974cb338056df65cb50e7d64d1cf314e87504837?s=96&d=mm&r=g\",\"caption\":\"Arnaldo Botto\"},\"url\":\"https:\/\/www.noticiasradioreflejos.com.ar\/2021\/author\/arnaldo\/\"}]}<\/script>\n<!-- \/ Yoast SEO plugin. -->","yoast_head_json":{"title":"S\u00f3lo quedan 82 camas de terapia intensiva sin ocupar en hospitales p\u00fablicos porte\u00f1os - Noticias Radio Reflejos","robots":{"index":"index","follow":"follow","max-snippet":"max-snippet:-1","max-image-preview":"max-image-preview:large","max-video-preview":"max-video-preview:-1"},"canonical":"https:\/\/www.noticiasradioreflejos.com.ar\/2021\/solo-quedan-82-camas-de-terapia-intensiva-sin-ocupar-en-hospitales-publicos-portenos\/","og_locale":"es_ES","og_type":"article","og_title":"S\u00f3lo quedan 82 camas de terapia intensiva sin ocupar en hospitales p\u00fablicos porte\u00f1os - Noticias Radio Reflejos","og_description":"El \u00faltimo reporte del Ministerio de Salud de la ciudad de Buenos Aires indica que est\u00e1n ocupadas 368 de las 450 camas que dispone el sistema para pacientes de gravedad, esto es el 81,7%.","og_url":"https:\/\/www.noticiasradioreflejos.com.ar\/2021\/solo-quedan-82-camas-de-terapia-intensiva-sin-ocupar-en-hospitales-publicos-portenos\/","og_site_name":"Noticias Radio Reflejos","article_published_time":"2021-04-26T10:50:04+00:00","og_image":[{"width":300,"height":200,"url":"https:\/\/www.noticiasradioreflejos.com.ar\/2021\/wp-content\/uploads\/2021\/07\/logosol300x200.png","type":"image\/png"}],"author":"Arnaldo Botto","twitter_card":"summary_large_image","schema":{"@context":"https:\/\/schema.org","@graph":[{"@type":"WebPage","@id":"https:\/\/www.noticiasradioreflejos.com.ar\/2021\/solo-quedan-82-camas-de-terapia-intensiva-sin-ocupar-en-hospitales-publicos-portenos\/","url":"https:\/\/www.noticiasradioreflejos.com.ar\/2021\/solo-quedan-82-camas-de-terapia-intensiva-sin-ocupar-en-hospitales-publicos-portenos\/","name":"S\u00f3lo quedan 82 camas de terapia intensiva sin ocupar en hospitales p\u00fablicos porte\u00f1os - Noticias Radio Reflejos","isPartOf":{"@id":"https:\/\/www.noticiasradioreflejos.com.ar\/2021\/#website"},"datePublished":"2021-04-26T10:50:04+00:00","author":{"@id":"https:\/\/www.noticiasradioreflejos.com.ar\/2021\/#\/schema\/person\/ad82545263dcc5ec0996818884fd5fb1"},"breadcrumb":{"@id":"https:\/\/www.noticiasradioreflejos.com.ar\/2021\/solo-quedan-82-camas-de-terapia-intensiva-sin-ocupar-en-hospitales-publicos-portenos\/#breadcrumb"},"inLanguage":"es","potentialAction":[{"@type":"ReadAction","target":["https:\/\/www.noticiasradioreflejos.com.ar\/2021\/solo-quedan-82-camas-de-terapia-intensiva-sin-ocupar-en-hospitales-publicos-portenos\/"]}]},{"@type":"BreadcrumbList","@id":"https:\/\/www.noticiasradioreflejos.com.ar\/2021\/solo-quedan-82-camas-de-terapia-intensiva-sin-ocupar-en-hospitales-publicos-portenos\/#breadcrumb","itemListElement":[{"@type":"ListItem","position":1,"name":"Portada","item":"https:\/\/www.noticiasradioreflejos.com.ar\/2021\/"},{"@type":"ListItem","position":2,"name":"S\u00f3lo quedan 82 camas de terapia intensiva sin ocupar en hospitales p\u00fablicos porte\u00f1os"}]},{"@type":"WebSite","@id":"https:\/\/www.noticiasradioreflejos.com.ar\/2021\/#website","url":"https:\/\/www.noticiasradioreflejos.com.ar\/2021\/","name":"Noticias Radio Reflejos","description":"Las noticias de mi comarca","potentialAction":[{"@type":"SearchAction","target":{"@type":"EntryPoint","urlTemplate":"https:\/\/www.noticiasradioreflejos.com.ar\/2021\/?s={search_term_string}"},"query-input":{"@type":"PropertyValueSpecification","valueRequired":true,"valueName":"search_term_string"}}],"inLanguage":"es"},{"@type":"Person","@id":"https:\/\/www.noticiasradioreflejos.com.ar\/2021\/#\/schema\/person\/ad82545263dcc5ec0996818884fd5fb1","name":"Arnaldo Botto","image":{"@type":"ImageObject","inLanguage":"es","@id":"https:\/\/www.noticiasradioreflejos.com.ar\/2021\/#\/schema\/person\/image\/","url":"https:\/\/secure.gravatar.com\/avatar\/55cb5e37c1efa326397366e6974cb338056df65cb50e7d64d1cf314e87504837?s=96&d=mm&r=g","contentUrl":"https:\/\/secure.gravatar.com\/avatar\/55cb5e37c1efa326397366e6974cb338056df65cb50e7d64d1cf314e87504837?s=96&d=mm&r=g","caption":"Arnaldo Botto"},"url":"https:\/\/www.noticiasradioreflejos.com.ar\/2021\/author\/arnaldo\/"}]}},"_links":{"self":[{"href":"https:\/\/www.noticiasradioreflejos.com.ar\/2021\/wp-json\/wp\/v2\/posts\/55886","targetHints":{"allow":["GET"]}}],"collection":[{"href":"https:\/\/www.noticiasradioreflejos.com.ar\/2021\/wp-json\/wp\/v2\/posts"}],"about":[{"href":"https:\/\/www.noticiasradioreflejos.com.ar\/2021\/wp-json\/wp\/v2\/types\/post"}],"author":[{"embeddable":true,"href":"https:\/\/www.noticiasradioreflejos.com.ar\/2021\/wp-json\/wp\/v2\/users\/3"}],"replies":[{"embeddable":true,"href":"https:\/\/www.noticiasradioreflejos.com.ar\/2021\/wp-json\/wp\/v2\/comments?post=55886"}],"version-history":[{"count":0,"href":"https:\/\/www.noticiasradioreflejos.com.ar\/2021\/wp-json\/wp\/v2\/posts\/55886\/revisions"}],"wp:attachment":[{"href":"https:\/\/www.noticiasradioreflejos.com.ar\/2021\/wp-json\/wp\/v2\/media?parent=55886"}],"wp:term":[{"taxonomy":"category","embeddable":true,"href":"https:\/\/www.noticiasradioreflejos.com.ar\/2021\/wp-json\/wp\/v2\/categories?post=55886"},{"taxonomy":"post_tag","embeddable":true,"href":"https:\/\/www.noticiasradioreflejos.com.ar\/2021\/wp-json\/wp\/v2\/tags?post=55886"}],"curies":[{"name":"wp","href":"https:\/\/api.w.org\/{rel}","templated":true}]}}