{"id":55883,"date":"2021-04-26T07:43:37","date_gmt":"2021-04-26T10:43:37","guid":{"rendered":"http:\/\/www.noticiasradioreflejos.com.ar\/noticias\/?p=55883"},"modified":"2021-04-26T07:43:37","modified_gmt":"2021-04-26T10:43:37","slug":"los-bomberos-voluntarios-de-la-boca-cumplen-50-mil-dias-ininterrumpidos-de-servicio-solidario","status":"publish","type":"post","link":"https:\/\/www.noticiasradioreflejos.com.ar\/2021\/los-bomberos-voluntarios-de-la-boca-cumplen-50-mil-dias-ininterrumpidos-de-servicio-solidario\/","title":{"rendered":"Los Bomberos Voluntarios de La Boca cumplen 50 mil d\u00edas ininterrumpidos de servicio solidario"},"content":{"rendered":"<div class=\"head-content\">\n<p>La instituci\u00f3n, creada hace 136 a\u00f1os por inmigrantes italianos,\u00a0es el primera integrada por voluntarios en la Argentina y dio origen a una red de 900 cuarteles diseminados en todo el territorio que re\u00fanen a m\u00e1s de 43.000 efectivos.<\/p>\n<\/div>\n<p><!--more--><\/p>\n<div class=\"main-content-block\">\n<div class=\"main-box clearfix\">\n<div class=\"wrapper-main-section clearfix\">\n<div class=\"wrapper-editable-content\">\n<div class=\"editable-content clearfix\">\n<div id=\"image\" class=\"image\">\n<p><img decoding=\"async\" title=\"La instituci\u00f3n intervino en gran cantidad de siniestros y tragedias, como el accidente de aviaci\u00f3n de Lapa en 1999.\" src=\"https:\/\/www.telam.com.ar\/advf\/imagenes\/2021\/04\/6084658ea172c_1004x669.jpg\" alt=\"La instituci\u00f3n intervino en gran cantidad de siniestros y tragedias, como el accidente de aviaci\u00f3n de Lapa en 1999.\" \/><\/p>\n<div class=\"epigrafe\">La instituci\u00f3n intervino en gran cantidad de siniestros y tragedias, como el accidente de aviaci\u00f3n de Lapa en 1999.<\/div>\n<\/div>\n<p>El Cuerpo 1 de Bomberos de La Boca, el primero integrado por voluntarios en la Argentina y que dio origen a una red de 900 cuarteles diseminados en todo el territorio que re\u00fanen a m\u00e1s de 43.000 efectivos, cumple este domingo 50.000 d\u00edas de trabajo ininterrumpido y ad honorem, lo que se\u00a0<strong>celebrar\u00e1 con festejos que se extender\u00e1n hasta el 2 de junio<\/strong>, d\u00eda del Bombero Voluntario.<\/p>\n<p>La instituci\u00f3n, creada hace 136 a\u00f1os por inmigrantes italianos, intervino desde su creaci\u00f3n, en estos 50.000 d\u00edas, en gran cantidad de siniestros y tragedias como el accidente de aviaci\u00f3n de Lapa en 1999, como los incendios de Cromagnon y de Iron Mountain en el que perdieron la vida ocho bomberos, inform\u00f3 a T\u00e9lam el comandante general y jefe del Cuerpo,\u00a0<strong>Marcelo Medina<\/strong>.<\/p>\n<p>Fuera de la ciudad participaron \u00aben incendios forestales del Bols\u00f3n, en el Perito Moreno, en las islas en Baradero\u00bb, dijo Medina quien lider\u00f3 un equipo de b\u00fasqueda que trabaj\u00f3 en el terremoto de M\u00e9xico y destac\u00f3 que la instituci\u00f3n cuenta con una escuela canina de rescate.<\/p>\n<div id=\"image\" class=\"image\">\n<p><img decoding=\"async\" title=\"Marcelo Medina lider\u00f3 un equipo de b\u00fasqueda que trabaj\u00f3 en el terremoto de M\u00e9xico.\" src=\"https:\/\/www.telam.com.ar\/advf\/imagenes\/2021\/04\/608465a84b705_1004x694.jpg\" alt=\"Marcelo Medina lider\u00f3 un equipo de b\u00fasqueda que trabaj\u00f3 en el terremoto de M\u00e9xico.\" \/><\/p>\n<div class=\"epigrafe\">Marcelo Medina lider\u00f3 un equipo de b\u00fasqueda que trabaj\u00f3 en el terremoto de M\u00e9xico.<\/div>\n<\/div>\n<p>Por otra parte,\u00a0<strong>hace m\u00e1s de una d\u00e9cada Bomberos Voluntarios abri\u00f3 las puertas a las mujeres para que ingresen al cuerpo activo y hoy representan el 40% de la dotaci\u00f3n<\/strong>, y a bomberos que ya no son necesariamente vecinos.<\/p>\n<p>Todo est\u00e1 en permanente cambio, hasta la sirena que se escuchaba en La Boca hoy se transform\u00f3 en un grupo de whatsapp.<\/p>\n<p>Medina cuenta que creci\u00f3 en el cuartel y con 14 a\u00f1os tuvo su primer incendio generalizado en el Dique 1. \u00abCon el cambio de leyes eso hoy ser\u00eda imposible: las edades, la forma de abordar los incendios, la preparaci\u00f3n, hoy la capacitaci\u00f3n es todo y el nivel profesional es de excelencia\u00bb, sostuvo.<\/p>\n<p><strong>Los cadetes tienen entre 14 y 18 a\u00f1os, y se capacitan hasta poder intervenir en los incendios.<\/strong>\u00a0Desde los 18 a\u00f1os hasta los 60 se puede ser aspirante a bomberos o bomberos y por \u00faltimo est\u00e1 la Reserva, que son aquellos que por distintos motivos se retiraron,\u00bbpero son los que mantienen vivo el esp\u00edritu de bomberos\u00bb, explic\u00f3 Medina.<\/p>\n<div id=\"image\" class=\"image\">\n<p><img decoding=\"async\" title=\"Las mujeres, que hoy representan el 40% de la dotaci\u00f3n, pueden ingresar al cuerpo activo desde hace una d\u00e9cada.\" src=\"https:\/\/www.telam.com.ar\/advf\/imagenes\/2021\/04\/6084651c62339_1004x565.jpg\" alt=\"Las mujeres, que hoy representan el 40% de la dotaci\u00f3n, pueden ingresar al cuerpo activo desde hace una d\u00e9cada.\" \/><\/p>\n<div class=\"epigrafe\">Las mujeres, que hoy representan el 40% de la dotaci\u00f3n, pueden ingresar al cuerpo activo desde hace una d\u00e9cada.<\/div>\n<\/div>\n<p>De la mano de inmigrantes italianos, especialmente genoveses,\u00a0<strong>el cuerpo de Bomberos Voluntarios cobr\u00f3 vida a partir de un incendio que en diciembre de 1883 comenz\u00f3 a propagarse sobre la ribera del Riachuelo<\/strong>\u00a0amenazando con destruir los caserones, conventillos, barcos y almacenes y fue entonces cuando uno de los j\u00f3venes del barrio sinti\u00f3 la necesidad de actuar.<\/p>\n<p>\u00ab\u00a1Adelante los que se animen, vamos apagar el incendio!\u00bb, areng\u00f3\u00a0<strong>Oreste Liberti<\/strong>, de apenas 22 a\u00f1os, que se convirti\u00f3 as\u00ed en jefe de un grupo de bomberos improvisados que aplacaron el fuego con baldes que llenaban en el Riachuelo.<\/p>\n<p>A partir de esa experiencia, el joven y su padre Tom\u00e1s Liberti convocaron a una reuni\u00f3n de vecinos en el Ateneo Iris, el domingo 2 de junio de 1884, en la que tras un breve debate se aprobaron las bases para la \u00abAsociaci\u00f3n Italiana de Bomberos Voluntarios de La Boca\u00bb.<\/p>\n<p>\u00abEsa fecha qued\u00f3 instaurada como la fecha fundacional en la que se conmemora el D\u00eda del Bombero Voluntario en recuerdo a ese acontecimiento\u00bb, dijo Medina.<\/p>\n<div id=\"image\" class=\"image\">\n<p><img decoding=\"async\" title=\"&quot;Bomberos de La Boca, querer es poder&quot; es el \u00fanico libro que recolipa los a\u00f1os de vida de Bomberos Voluntarios. \" src=\"https:\/\/www.telam.com.ar\/advf\/imagenes\/2021\/04\/6084658e886e4_1004x705.jpg\" alt=\"&quot;Bomberos de La Boca, querer es poder&quot; es el \u00fanico libro que recolipa los a\u00f1os de vida de Bomberos Voluntarios. \" \/><\/p>\n<div class=\"epigrafe\">\u00abBomberos de La Boca, querer es poder\u00bb es el \u00fanico libro que recolipa los a\u00f1os de vida de Bomberos Voluntarios.<\/div>\n<\/div>\n<p>Este joven italiano y su padre hab\u00edan llegado por la apertura del pa\u00eds a los extranjeros, ya que la Ley de inmigraci\u00f3n, de 1876, provoc\u00f3 una transformaci\u00f3n vertiginosa del barrio de La Boca, que pas\u00f3 de tener unos 4.362 habitantes en 1869, a tener 24.498 en 1887.<\/p>\n<p>Mayormente marineros, changadores, carpinteros, costureras y lavanderas, viviendo en los m\u00e1s de 2.800 conventillos que hab\u00eda el barrio.<\/p>\n<p>Con la decisi\u00f3n de fundar la asociaci\u00f3n de bomberos, las primeras oficinas se montaron en una casilla de madera sobre la calle Necochea y al frente colocaron un letrero con el lema que todav\u00eda hoy gu\u00eda a la instituci\u00f3n:\u00a0<strong>Volere \u00e8 potere<\/strong>\u00a0(\u00abQuerer es poder\u00bb).<\/p>\n<p>Y al poco tiempo tuvieron su bautismo de fuego, en un incendio de gran magnitud en una gran f\u00e1brica de velas de Barracas al Sud.<\/p>\n<div id=\"image\" class=\"image\">\n<p><img decoding=\"async\" title=\"Uno de los proyectos del Cuerpo es &quot;poner en funcionamiento el Instituto Superior de Formaci\u00f3n Profesional&quot;.\" src=\"https:\/\/www.telam.com.ar\/advf\/imagenes\/2021\/04\/608465a832e38_1004x705.jpg\" alt=\"Uno de los proyectos del Cuerpo es &quot;poner en funcionamiento el Instituto Superior de Formaci\u00f3n Profesional&quot;.\" \/><\/p>\n<div class=\"epigrafe\">Uno de los proyectos del Cuerpo es \u00abponer en funcionamiento el Instituto Superior de Formaci\u00f3n Profesional\u00bb.<\/div>\n<\/div>\n<p><strong>Pero la Instituci\u00f3n no se ancl\u00f3 en recordar su honroso pasado, sino que se fue transformando al ritmo de los cambios del barrio y de la sociedad.<\/strong><\/p>\n<p>Un presente que suma a los vecinos de La Boca, llevando a cabo actividades para los ni\u00f1os y j\u00f3venes m\u00e1s vulnerables, que da talleres, que se ofrece como espacio de encuentro para el barrio.<\/p>\n<p>El Cuerpo de Bomberos Voluntarios ocupa \u00abun lugar protag\u00f3nico en la vida barrial\u00bb de ah\u00ed que uno de sus proyectos sea \u00abponer en funcionamiento el Instituto Superior de Formaci\u00f3n Profesional, a disposici\u00f3n de los bomberos y abierto a la comunidad, para que todos los vecinos tengan la oportunidad de cursar una carrera\u00bb, detall\u00f3 el comandante de la dotaci\u00f3n.<\/p>\n<p>La historia de la instituci\u00f3n fue recuperada por\u00a0<strong>Pablo Jos\u00e9 Rey<\/strong>, autor de<strong>\u00a0\u00abBomberos de La Boca, querer es poder\u00bb<\/strong>, \u00fanico libro que recolipa los a\u00f1os de vida Bomberos Voluntarios.<\/p>\n<div id=\"image\" class=\"image\">\n<p><img decoding=\"async\" title=\"El libro de Pablo Jos\u00e9 Rey se puede descargar gratuitamente desde la web de la instituci\u00f3n.\" src=\"https:\/\/www.telam.com.ar\/advf\/imagenes\/2021\/04\/6084651c8b20e_1004x565.jpg\" alt=\"El libro de Pablo Jos\u00e9 Rey se puede descargar gratuitamente desde la web de la instituci\u00f3n.\" \/><\/p>\n<div class=\"epigrafe\">El libro de Pablo Jos\u00e9 Rey se puede descargar gratuitamente desde la web de la instituci\u00f3n.<\/div>\n<\/div>\n<p>Rey asever\u00f3, en di\u00e1logo con T\u00e9lam, que la historia de Bomberos Voluntarios \u00abtiene un mensaje muy vigente, que es el claro ejemplo del ciudadano haci\u00e9ndose responsable de sus propias necesidades, dejando de lado sus propias diferencias -y las hab\u00eda y muchas entre los inmigrantes italianos- y ponerse de acuerdo en pos de una necesidad com\u00fan\u00bb.<\/p>\n<p>\u00abLa familia ocupa un lugar enorme. Basta s\u00f3lo pensar en el hecho de que todos los bomberos trabajan de otra cosa, esta es una actividad ad honorem, y el tiempo que ofrendan es el tiempo que uno naturalmente dedica al ocio o a su familia. El apoyo familiar y el orgullo que tiene la familia de que un integrante sea bombero es muy grande\u00bb, consider\u00f3.<\/p>\n<p>Todo forma parte de \u00abuna tradici\u00f3n que se transmite de padres a hijos, parejas que se formaron dentro del cuartel, varios hermanos unidos en este servicio, mujeres que reparten su vida dom\u00e9stica con la del servicio y las guardias\u00bb, seg\u00fan el libro, que se puede descargar gratuitamente desde la web de la instituci\u00f3n.<\/p>\n<div id=\"image\" class=\"image\">\n<p><img decoding=\"async\" title=\"El domingo 2 de junio de 1884 se aprobaron las bases para la &quot;Asociaci\u00f3n Italiana de Bomberos Voluntarios de La Boca&quot;\" src=\"https:\/\/www.telam.com.ar\/advf\/imagenes\/2021\/04\/6084658ebafde_1004x669.jpg\" alt=\"El domingo 2 de junio de 1884 se aprobaron las bases para la &quot;Asociaci\u00f3n Italiana de Bomberos Voluntarios de La Boca&quot;\" \/><\/p>\n<div class=\"epigrafe\">El domingo 2 de junio de 1884 se aprobaron las bases para la \u00abAsociaci\u00f3n Italiana de Bomberos Voluntarios de La Boca\u00bb<\/div>\n<\/div>\n<p><strong><br \/>\nPor Ana Mar\u00eda Woites<\/strong><\/p>\n<\/div>\n<\/div>\n<\/div>\n<\/div>\n<\/div>\n","protected":false},"excerpt":{"rendered":"<p>La instituci\u00f3n, creada hace 136 a\u00f1os por inmigrantes italianos,\u00a0es el primera integrada por voluntarios en la Argentina y dio origen a una red de 900 cuarteles diseminados en todo el territorio que re\u00fanen a m\u00e1s de 43.000 efectivos.<\/p>\n","protected":false},"author":3,"featured_media":0,"comment_status":"closed","ping_status":"open","sticky":false,"template":"","format":"standard","meta":{"footnotes":""},"categories":[26],"tags":[],"class_list":["post-55883","post","type-post","status-publish","format-standard","hentry","category-sociedad"],"yoast_head":"<!-- This site is optimized with the Yoast SEO plugin v25.9 - https:\/\/yoast.com\/wordpress\/plugins\/seo\/ -->\n<title>Los Bomberos Voluntarios de La Boca cumplen 50 mil d\u00edas ininterrumpidos de servicio solidario - Noticias Radio Reflejos<\/title>\n<meta name=\"robots\" content=\"index, follow, max-snippet:-1, max-image-preview:large, max-video-preview:-1\" \/>\n<link rel=\"canonical\" href=\"https:\/\/www.noticiasradioreflejos.com.ar\/2021\/los-bomberos-voluntarios-de-la-boca-cumplen-50-mil-dias-ininterrumpidos-de-servicio-solidario\/\" \/>\n<meta property=\"og:locale\" content=\"es_ES\" \/>\n<meta property=\"og:type\" content=\"article\" \/>\n<meta property=\"og:title\" content=\"Los Bomberos Voluntarios de La Boca cumplen 50 mil d\u00edas ininterrumpidos de servicio solidario - Noticias Radio Reflejos\" \/>\n<meta property=\"og:description\" content=\"La instituci\u00f3n, creada hace 136 a\u00f1os por inmigrantes italianos,\u00a0es el primera integrada por voluntarios en la Argentina y dio origen a una red de 900 cuarteles diseminados en todo el territorio que re\u00fanen a m\u00e1s de 43.000 efectivos.\" \/>\n<meta property=\"og:url\" content=\"https:\/\/www.noticiasradioreflejos.com.ar\/2021\/los-bomberos-voluntarios-de-la-boca-cumplen-50-mil-dias-ininterrumpidos-de-servicio-solidario\/\" \/>\n<meta property=\"og:site_name\" content=\"Noticias Radio Reflejos\" \/>\n<meta property=\"article:published_time\" content=\"2021-04-26T10:43:37+00:00\" \/>\n<meta property=\"og:image\" content=\"https:\/\/www.telam.com.ar\/advf\/imagenes\/2021\/04\/6084658ea172c_1004x669.jpg\" \/>\n<meta name=\"author\" content=\"Arnaldo Botto\" \/>\n<meta name=\"twitter:card\" content=\"summary_large_image\" \/>\n<script type=\"application\/ld+json\" class=\"yoast-schema-graph\">{\"@context\":\"https:\/\/schema.org\",\"@graph\":[{\"@type\":\"WebPage\",\"@id\":\"https:\/\/www.noticiasradioreflejos.com.ar\/2021\/los-bomberos-voluntarios-de-la-boca-cumplen-50-mil-dias-ininterrumpidos-de-servicio-solidario\/\",\"url\":\"https:\/\/www.noticiasradioreflejos.com.ar\/2021\/los-bomberos-voluntarios-de-la-boca-cumplen-50-mil-dias-ininterrumpidos-de-servicio-solidario\/\",\"name\":\"Los Bomberos Voluntarios de La Boca cumplen 50 mil d\u00edas ininterrumpidos de servicio solidario - Noticias Radio Reflejos\",\"isPartOf\":{\"@id\":\"https:\/\/www.noticiasradioreflejos.com.ar\/2021\/#website\"},\"primaryImageOfPage\":{\"@id\":\"https:\/\/www.noticiasradioreflejos.com.ar\/2021\/los-bomberos-voluntarios-de-la-boca-cumplen-50-mil-dias-ininterrumpidos-de-servicio-solidario\/#primaryimage\"},\"image\":{\"@id\":\"https:\/\/www.noticiasradioreflejos.com.ar\/2021\/los-bomberos-voluntarios-de-la-boca-cumplen-50-mil-dias-ininterrumpidos-de-servicio-solidario\/#primaryimage\"},\"thumbnailUrl\":\"https:\/\/www.telam.com.ar\/advf\/imagenes\/2021\/04\/6084658ea172c_1004x669.jpg\",\"datePublished\":\"2021-04-26T10:43:37+00:00\",\"author\":{\"@id\":\"https:\/\/www.noticiasradioreflejos.com.ar\/2021\/#\/schema\/person\/ad82545263dcc5ec0996818884fd5fb1\"},\"breadcrumb\":{\"@id\":\"https:\/\/www.noticiasradioreflejos.com.ar\/2021\/los-bomberos-voluntarios-de-la-boca-cumplen-50-mil-dias-ininterrumpidos-de-servicio-solidario\/#breadcrumb\"},\"inLanguage\":\"es\",\"potentialAction\":[{\"@type\":\"ReadAction\",\"target\":[\"https:\/\/www.noticiasradioreflejos.com.ar\/2021\/los-bomberos-voluntarios-de-la-boca-cumplen-50-mil-dias-ininterrumpidos-de-servicio-solidario\/\"]}]},{\"@type\":\"ImageObject\",\"inLanguage\":\"es\",\"@id\":\"https:\/\/www.noticiasradioreflejos.com.ar\/2021\/los-bomberos-voluntarios-de-la-boca-cumplen-50-mil-dias-ininterrumpidos-de-servicio-solidario\/#primaryimage\",\"url\":\"https:\/\/www.telam.com.ar\/advf\/imagenes\/2021\/04\/6084658ea172c_1004x669.jpg\",\"contentUrl\":\"https:\/\/www.telam.com.ar\/advf\/imagenes\/2021\/04\/6084658ea172c_1004x669.jpg\"},{\"@type\":\"BreadcrumbList\",\"@id\":\"https:\/\/www.noticiasradioreflejos.com.ar\/2021\/los-bomberos-voluntarios-de-la-boca-cumplen-50-mil-dias-ininterrumpidos-de-servicio-solidario\/#breadcrumb\",\"itemListElement\":[{\"@type\":\"ListItem\",\"position\":1,\"name\":\"Portada\",\"item\":\"https:\/\/www.noticiasradioreflejos.com.ar\/2021\/\"},{\"@type\":\"ListItem\",\"position\":2,\"name\":\"Los Bomberos Voluntarios de La Boca cumplen 50 mil d\u00edas ininterrumpidos de servicio solidario\"}]},{\"@type\":\"WebSite\",\"@id\":\"https:\/\/www.noticiasradioreflejos.com.ar\/2021\/#website\",\"url\":\"https:\/\/www.noticiasradioreflejos.com.ar\/2021\/\",\"name\":\"Noticias Radio Reflejos\",\"description\":\"Las noticias de mi comarca\",\"potentialAction\":[{\"@type\":\"SearchAction\",\"target\":{\"@type\":\"EntryPoint\",\"urlTemplate\":\"https:\/\/www.noticiasradioreflejos.com.ar\/2021\/?s={search_term_string}\"},\"query-input\":{\"@type\":\"PropertyValueSpecification\",\"valueRequired\":true,\"valueName\":\"search_term_string\"}}],\"inLanguage\":\"es\"},{\"@type\":\"Person\",\"@id\":\"https:\/\/www.noticiasradioreflejos.com.ar\/2021\/#\/schema\/person\/ad82545263dcc5ec0996818884fd5fb1\",\"name\":\"Arnaldo Botto\",\"image\":{\"@type\":\"ImageObject\",\"inLanguage\":\"es\",\"@id\":\"https:\/\/www.noticiasradioreflejos.com.ar\/2021\/#\/schema\/person\/image\/\",\"url\":\"https:\/\/secure.gravatar.com\/avatar\/55cb5e37c1efa326397366e6974cb338056df65cb50e7d64d1cf314e87504837?s=96&d=mm&r=g\",\"contentUrl\":\"https:\/\/secure.gravatar.com\/avatar\/55cb5e37c1efa326397366e6974cb338056df65cb50e7d64d1cf314e87504837?s=96&d=mm&r=g\",\"caption\":\"Arnaldo Botto\"},\"url\":\"https:\/\/www.noticiasradioreflejos.com.ar\/2021\/author\/arnaldo\/\"}]}<\/script>\n<!-- \/ Yoast SEO plugin. -->","yoast_head_json":{"title":"Los Bomberos Voluntarios de La Boca cumplen 50 mil d\u00edas ininterrumpidos de servicio solidario - Noticias Radio Reflejos","robots":{"index":"index","follow":"follow","max-snippet":"max-snippet:-1","max-image-preview":"max-image-preview:large","max-video-preview":"max-video-preview:-1"},"canonical":"https:\/\/www.noticiasradioreflejos.com.ar\/2021\/los-bomberos-voluntarios-de-la-boca-cumplen-50-mil-dias-ininterrumpidos-de-servicio-solidario\/","og_locale":"es_ES","og_type":"article","og_title":"Los Bomberos Voluntarios de La Boca cumplen 50 mil d\u00edas ininterrumpidos de servicio solidario - Noticias Radio Reflejos","og_description":"La instituci\u00f3n, creada hace 136 a\u00f1os por inmigrantes italianos,\u00a0es el primera integrada por voluntarios en la Argentina y dio origen a una red de 900 cuarteles diseminados en todo el territorio que re\u00fanen a m\u00e1s de 43.000 efectivos.","og_url":"https:\/\/www.noticiasradioreflejos.com.ar\/2021\/los-bomberos-voluntarios-de-la-boca-cumplen-50-mil-dias-ininterrumpidos-de-servicio-solidario\/","og_site_name":"Noticias Radio Reflejos","article_published_time":"2021-04-26T10:43:37+00:00","og_image":[{"url":"https:\/\/www.telam.com.ar\/advf\/imagenes\/2021\/04\/6084658ea172c_1004x669.jpg","type":"","width":"","height":""}],"author":"Arnaldo Botto","twitter_card":"summary_large_image","schema":{"@context":"https:\/\/schema.org","@graph":[{"@type":"WebPage","@id":"https:\/\/www.noticiasradioreflejos.com.ar\/2021\/los-bomberos-voluntarios-de-la-boca-cumplen-50-mil-dias-ininterrumpidos-de-servicio-solidario\/","url":"https:\/\/www.noticiasradioreflejos.com.ar\/2021\/los-bomberos-voluntarios-de-la-boca-cumplen-50-mil-dias-ininterrumpidos-de-servicio-solidario\/","name":"Los Bomberos Voluntarios de La Boca cumplen 50 mil d\u00edas ininterrumpidos de servicio solidario - Noticias Radio Reflejos","isPartOf":{"@id":"https:\/\/www.noticiasradioreflejos.com.ar\/2021\/#website"},"primaryImageOfPage":{"@id":"https:\/\/www.noticiasradioreflejos.com.ar\/2021\/los-bomberos-voluntarios-de-la-boca-cumplen-50-mil-dias-ininterrumpidos-de-servicio-solidario\/#primaryimage"},"image":{"@id":"https:\/\/www.noticiasradioreflejos.com.ar\/2021\/los-bomberos-voluntarios-de-la-boca-cumplen-50-mil-dias-ininterrumpidos-de-servicio-solidario\/#primaryimage"},"thumbnailUrl":"https:\/\/www.telam.com.ar\/advf\/imagenes\/2021\/04\/6084658ea172c_1004x669.jpg","datePublished":"2021-04-26T10:43:37+00:00","author":{"@id":"https:\/\/www.noticiasradioreflejos.com.ar\/2021\/#\/schema\/person\/ad82545263dcc5ec0996818884fd5fb1"},"breadcrumb":{"@id":"https:\/\/www.noticiasradioreflejos.com.ar\/2021\/los-bomberos-voluntarios-de-la-boca-cumplen-50-mil-dias-ininterrumpidos-de-servicio-solidario\/#breadcrumb"},"inLanguage":"es","potentialAction":[{"@type":"ReadAction","target":["https:\/\/www.noticiasradioreflejos.com.ar\/2021\/los-bomberos-voluntarios-de-la-boca-cumplen-50-mil-dias-ininterrumpidos-de-servicio-solidario\/"]}]},{"@type":"ImageObject","inLanguage":"es","@id":"https:\/\/www.noticiasradioreflejos.com.ar\/2021\/los-bomberos-voluntarios-de-la-boca-cumplen-50-mil-dias-ininterrumpidos-de-servicio-solidario\/#primaryimage","url":"https:\/\/www.telam.com.ar\/advf\/imagenes\/2021\/04\/6084658ea172c_1004x669.jpg","contentUrl":"https:\/\/www.telam.com.ar\/advf\/imagenes\/2021\/04\/6084658ea172c_1004x669.jpg"},{"@type":"BreadcrumbList","@id":"https:\/\/www.noticiasradioreflejos.com.ar\/2021\/los-bomberos-voluntarios-de-la-boca-cumplen-50-mil-dias-ininterrumpidos-de-servicio-solidario\/#breadcrumb","itemListElement":[{"@type":"ListItem","position":1,"name":"Portada","item":"https:\/\/www.noticiasradioreflejos.com.ar\/2021\/"},{"@type":"ListItem","position":2,"name":"Los Bomberos Voluntarios de La Boca cumplen 50 mil d\u00edas ininterrumpidos de servicio solidario"}]},{"@type":"WebSite","@id":"https:\/\/www.noticiasradioreflejos.com.ar\/2021\/#website","url":"https:\/\/www.noticiasradioreflejos.com.ar\/2021\/","name":"Noticias Radio Reflejos","description":"Las noticias de mi comarca","potentialAction":[{"@type":"SearchAction","target":{"@type":"EntryPoint","urlTemplate":"https:\/\/www.noticiasradioreflejos.com.ar\/2021\/?s={search_term_string}"},"query-input":{"@type":"PropertyValueSpecification","valueRequired":true,"valueName":"search_term_string"}}],"inLanguage":"es"},{"@type":"Person","@id":"https:\/\/www.noticiasradioreflejos.com.ar\/2021\/#\/schema\/person\/ad82545263dcc5ec0996818884fd5fb1","name":"Arnaldo Botto","image":{"@type":"ImageObject","inLanguage":"es","@id":"https:\/\/www.noticiasradioreflejos.com.ar\/2021\/#\/schema\/person\/image\/","url":"https:\/\/secure.gravatar.com\/avatar\/55cb5e37c1efa326397366e6974cb338056df65cb50e7d64d1cf314e87504837?s=96&d=mm&r=g","contentUrl":"https:\/\/secure.gravatar.com\/avatar\/55cb5e37c1efa326397366e6974cb338056df65cb50e7d64d1cf314e87504837?s=96&d=mm&r=g","caption":"Arnaldo Botto"},"url":"https:\/\/www.noticiasradioreflejos.com.ar\/2021\/author\/arnaldo\/"}]}},"_links":{"self":[{"href":"https:\/\/www.noticiasradioreflejos.com.ar\/2021\/wp-json\/wp\/v2\/posts\/55883","targetHints":{"allow":["GET"]}}],"collection":[{"href":"https:\/\/www.noticiasradioreflejos.com.ar\/2021\/wp-json\/wp\/v2\/posts"}],"about":[{"href":"https:\/\/www.noticiasradioreflejos.com.ar\/2021\/wp-json\/wp\/v2\/types\/post"}],"author":[{"embeddable":true,"href":"https:\/\/www.noticiasradioreflejos.com.ar\/2021\/wp-json\/wp\/v2\/users\/3"}],"replies":[{"embeddable":true,"href":"https:\/\/www.noticiasradioreflejos.com.ar\/2021\/wp-json\/wp\/v2\/comments?post=55883"}],"version-history":[{"count":0,"href":"https:\/\/www.noticiasradioreflejos.com.ar\/2021\/wp-json\/wp\/v2\/posts\/55883\/revisions"}],"wp:attachment":[{"href":"https:\/\/www.noticiasradioreflejos.com.ar\/2021\/wp-json\/wp\/v2\/media?parent=55883"}],"wp:term":[{"taxonomy":"category","embeddable":true,"href":"https:\/\/www.noticiasradioreflejos.com.ar\/2021\/wp-json\/wp\/v2\/categories?post=55883"},{"taxonomy":"post_tag","embeddable":true,"href":"https:\/\/www.noticiasradioreflejos.com.ar\/2021\/wp-json\/wp\/v2\/tags?post=55883"}],"curies":[{"name":"wp","href":"https:\/\/api.w.org\/{rel}","templated":true}]}}