{"id":55878,"date":"2021-04-26T07:30:58","date_gmt":"2021-04-26T10:30:58","guid":{"rendered":"http:\/\/www.noticiasradioreflejos.com.ar\/noticias\/?p=55878"},"modified":"2021-04-26T07:30:58","modified_gmt":"2021-04-26T10:30:58","slug":"consejo-del-salario-la-cgt-reclamara-un-aumento-de-entre-el-35-y-el-40-por-ciento","status":"publish","type":"post","link":"https:\/\/www.noticiasradioreflejos.com.ar\/2021\/consejo-del-salario-la-cgt-reclamara-un-aumento-de-entre-el-35-y-el-40-por-ciento\/","title":{"rendered":"Consejo del salario: la CGT reclamar\u00e1 un aumento de entre el 35 y el 40 por ciento"},"content":{"rendered":"<p>En el encuentro programado para este martes la central obrera pedir\u00e1 tambi\u00e9n que el pago se haga en dos tramos y que haya una revisi\u00f3n en octubre. En tanto que la CTA de Hugo Yasky pide la misma cifra pero en una cuota, y le CTA Aut\u00f3noma un salario m\u00ednimo que se acerca a la canasta b\u00e1sica.<!--more--><\/p>\n<div class=\"main-content-block\">\n<div class=\"main-box clearfix\">\n<div class=\"wrapper-main-section clearfix\">\n<div class=\"wrapper-editable-content\">\n<div class=\"editable-content clearfix\">\n<div id=\"image\" class=\"image\">\n<p><img decoding=\"async\" title=\"Una de las \u00faltimas reuniones que se realiz\u00f3 mediante una vieoconferencia. \" src=\"https:\/\/www.telam.com.ar\/advf\/imagenes\/2020\/10\/5f87850e0b2df_1004x565.jpg\" alt=\"Una de las \u00faltimas reuniones que se realiz\u00f3 mediante una vieoconferencia. \" \/><\/p>\n<div class=\"epigrafe\">Una de las \u00faltimas reuniones que se realiz\u00f3 mediante una vieoconferencia.<\/div>\n<\/div>\n<p>La CGT reclamar\u00e1 el martes un<strong>\u00a0aumento del salario m\u00ednimo de entre el 35% y 40%<\/strong>, el pago en no m\u00e1s de dos tramos y una revisi\u00f3n en octubre, aseguraron fuentes de la central obrera, en tanto desde la CTA de los Trabajadores que encabeza Hugo Yasky sostuvieron que aceptar\u00eda esa mejora pero en una sola cuota mientras que la CTA Aut\u00f3noma (CTAA), de Ricardo Peidro y Hugo Godoy, exigir\u00e1 un valor que se aproxime al de la canasta b\u00e1sica alimentaria.<\/p>\n<div class=\"auth\">La propuesta de la CGT<\/div>\n<p>Las fuentes del consejo directivo cegetista detallaron a T\u00e9lam que la CGT solicitar\u00e1 el martes, en la reuni\u00f3n del consejo del salario, un\u00a0<strong>incremento de entre el 35% y 40% y su pago en no m\u00e1s de dos tramos,<\/strong>\u00a0aunque aseguraron que \u00abla posibilidad m\u00e1s cercana es que finalmente se convenga un ingreso algunos puntos por debajo\u00bb.<\/p>\n<div id=\"image\" class=\"image\">\n<p><img decoding=\"async\" title=\"LA CGT habla de que la inflaci\u00f3n &quot;pulveriz\u00f3&quot; los ingresos de los trabajadores. \" src=\"https:\/\/www.telam.com.ar\/advf\/imagenes\/2019\/08\/5d69a9e15de22_1004x564.jpg\" alt=\"LA CGT habla de que la inflaci\u00f3n &quot;pulveriz\u00f3&quot; los ingresos de los trabajadores. \" \/><\/p>\n<div class=\"epigrafe\">LA CGT habla de que la inflaci\u00f3n \u00abpulveriz\u00f3\u00bb los ingresos de los trabajadores.<\/div>\n<\/div>\n<p>Los voceros de la central obrera, que lideran H\u00e9ctor Daer (Sanidad) y Carlos Acu\u00f1a (estaciones de servicio), advirtieron a esta agencia que\u00a0<strong>el proceso inflacionario \u00abpulveriz\u00f3\u00bb el ingreso m\u00ednimo\u00a0<\/strong>y que su actual valor de 21.600 pesos est\u00e1 retrasado, por lo que \u00abes necesario actualizarlo en no menos de un 35\/40% y en no m\u00e1s de dos tramos\u00bb.<\/p>\n<p>\u00abLas presiones empresarias se opondr\u00e1n a ese monto: las c\u00e1maras (empresarias) siempre lloran y procuran reducir los justos reclamos de los trabajadores\u00bb, evaluaron los voceros.<\/p>\n<p>Y sobre ese escenario plantearon: \u00abSe impone un n\u00famero que dignifique el (salario) m\u00ednimo ante el proceso inflacionario, al igual que los valores de las prestaciones por desempleo, por lo que la CGT demandar\u00e1 ese porcentaje. Pero lo m\u00e1s probable es que las presiones empresarias y la realidad econ\u00f3mica obliguen a reducir finalmente algunos puntos de la demanda\u00bb.<\/p>\n<p>Para la CGT, es \u00abfundamental y vital\u00bb que el incremento del m\u00ednimo sea acompa\u00f1ado por una nueva convocatoria del Ministerio de Trabajo a rediscutir los valores \u00abno m\u00e1s all\u00e1 de octubre\u00bb.<\/p>\n<div class=\"auth\">La CTA quiere una sola cuota<\/div>\n<p>En tanto, desde la CTA de los Trabajadores aseguraron a T\u00e9lam que esa central aceptar\u00eda una mejora de entre 35% y 40% si finalmente se conviene en torno a esas cifras en la mesa de discusi\u00f3n tripartita, pero\u00a0<strong>adelantaron que en paralelo se exigir\u00e1 que el nuevo monto se abone en un solo tramo.<\/strong><\/p>\n<p>\u00abEl problema es que no se trata s\u00f3lo del valor del nuevo (salario) m\u00ednimo, vital y m\u00f3vil y de las prestaciones m\u00ednimas y m\u00e1ximas por desempleo, sino que el acuerdo por un nuevo ingreso elemental contempla tambi\u00e9n al resto de las asignaciones\u00bb, explic\u00f3 el propio Yasky.<\/p>\n<div id=\"image\" class=\"image\">\n<p><img decoding=\"async\" title=\"La CTA de los Trabajadores delibera el lunes sobre la propuesta que llevar\u00e1 al Consejo del Salario. \" src=\"https:\/\/www.telam.com.ar\/advf\/imagenes\/2020\/06\/5edf912eb9e50_1004x565.jpg\" alt=\"La CTA de los Trabajadores delibera el lunes sobre la propuesta que llevar\u00e1 al Consejo del Salario. \" \/><\/p>\n<div class=\"epigrafe\">La CTA de los Trabajadores delibera el lunes sobre la propuesta que llevar\u00e1 al Consejo del Salario.<\/div>\n<\/div>\n<p>De todas formas, en la CTA de los Trabajadores confirmaron a T\u00e9lam que el lunes, a partir de las 14, se reunir\u00e1 la conducci\u00f3n nacional para deliberar esas cuestiones y definir los detalles de la propuesta que llevar\u00e1n al Consejo del Salario convocado para el martes por la cartera laboral.<\/p>\n<p>\u00abLa CTA adoptar\u00e1 definitivamente el lunes un criterio que resuma las evaluaciones que realizaron los gremios adheridos para trasladar al Consejo del Salario un reclamo acorde con la actual realidad y situaci\u00f3n, luego de haber considerado los diversos estudios de su Centro de Investigaci\u00f3n y Formaci\u00f3n (Cifra)\u00bb, puntualiz\u00f3 a T\u00e9lam el secretario general y tambi\u00e9n diputado nacional del Frente de Todos.<\/p>\n<div class=\"auth\">La CTA aut\u00f3noma y un nuevo salario m\u00ednimo<\/div>\n<p>Por otro lado,\u00a0<strong>desde la CTA Aut\u00f3noma subrayaron que el nuevo monto del salario m\u00ednimo, vital y m\u00f3vil debe aproximarse al valor de la canasta b\u00e1sica alimentaria<\/strong>, definici\u00f3n que comunic\u00f3 a esta agencia el secretario general Ricardo Peidro, quien adem\u00e1s es secretario adjunto del gremio de visitadores m\u00e9dicos.<\/p>\n<div id=\"image\" class=\"image\">\n<p><img decoding=\"async\" title=\"La CTA Aut\u00f3noma pide un incremento del salario m\u00ednimo para equipararlo con la canasta b\u00e1sica. \" src=\"https:\/\/www.telam.com.ar\/advf\/imagenes\/2019\/12\/5df568c608365_1004x565.jpg\" alt=\"La CTA Aut\u00f3noma pide un incremento del salario m\u00ednimo para equipararlo con la canasta b\u00e1sica. \" \/><\/p>\n<div class=\"epigrafe\">La CTA Aut\u00f3noma pide un incremento del salario m\u00ednimo para equipararlo con la canasta b\u00e1sica.<\/div>\n<\/div>\n<p>Peidro, sobre este punto, remarc\u00f3 que ante la desactualizaci\u00f3n del salario y la suba de los precios\u00a0<a href=\"https:\/\/www.telam.com.ar\/notas\/202104\/551998-la-cta-autonoma-pidio-que-el-consejo-del-salario-alcance-a-todos-los-trabajadores.html\" target=\"_blank\" rel=\"noopener\">la CTAA aprob\u00f3 \u00abun plan de reactivaci\u00f3n del ingreso que toma como base la canasta elaborada por la Comisi\u00f3n Interna del Instituto Nacional de Estad\u00edsticas y Censos (Indec)\u00bb.<\/a><\/p>\n<p>\u00ab<strong>Otra alternativa es elaborar una estrategia de incremento progresivo y por arriba del proceso inflacionario\u00a0<\/strong>para ubicar a ese ingreso en un valor adecuado a fin de que pueda satisfacer las necesidades b\u00e1sicas contempladas en la ley\u00bb, apunt\u00f3 Peidro en di\u00e1logo con T\u00e9lam.<\/p>\n<p>El gremialista, quien encabeza la CTA Aut\u00f3noma junto con Hugo Godoy (ATE Nacional) y Claudia Baigorria (Conadu hist\u00f3rica), detall\u00f3 que el martes, en la reuni\u00f3n tripartita, plantear\u00e1n que el Consejo del Salario cumpla con \u00absu obligaci\u00f3n de calcular el monto de la canasta b\u00e1sica, porque ese es el salario necesario para enfrentar las necesidades de alimentaci\u00f3n adecuada, vivienda digna, educaci\u00f3n, vestuario, atenci\u00f3n sanitaria, transporte, esparcimiento y previsi\u00f3n\u00bb.<\/p>\n<p>\u00abEs hora de que el Consejo (del salario) debata y acuerde la necesidad de que ning\u00fan jubilado y pensionado perciba un ingreso inferior al 82% m\u00f3vil del ingreso m\u00ednimo\u00bb, a\u00f1adi\u00f3 Peidro, tras lo cual argument\u00f3 que \u00abel monto de las asignaciones familiares tiene que ser una proporci\u00f3n de ese m\u00ednimo y no estar sujeto a la voluntad pol\u00edtica circunstancial\u00bb.<\/p>\n<blockquote><p>\u00abEs hora de que el Consejo (del salario) debata y acuerde la necesidad de que ning\u00fan jubilado y pensionado perciba un ingreso inferior al 82% m\u00f3vil del ingreso m\u00ednimo\u00bb.<\/p>\n<div class=\"sign\">RICARDO PEIDRO<\/div>\n<\/blockquote>\n<p>El titular de la CTAA se\u00f1al\u00f3, tambi\u00e9n, que es imprescindible eliminar o actualizar de modo sustancial \u00abel tope salarial que excluye a los trabajadores de ingresos medios del sistema de las asignaciones familiares\u00bb y adem\u00e1s pidi\u00f3 que comiencen a funcionar \u00ablas Comisiones de Trabajo del Consejo\u00bb.<\/p>\n<div class=\"auth\">La reuni\u00f3n<\/div>\n<p>La r<strong>euni\u00f3n del martes pr\u00f3ximo, que fue convocada por el Ministerio de Trabajo, constituir\u00e1 la sesi\u00f3n plenaria ordinaria del Consejo Nacional del Empleo, la Productividad y el Salario M\u00ednimo, Vital y M\u00f3vil<\/strong>, \u00f3rgano tripartito en el que se discuten regularmente los incrementos del salario m\u00ednimo y otras cuestiones del \u00e1mbito laboral.<\/p>\n<p>El \u00faltimo encuentro de ese cuerpo tripartito, m\u00e1s conocido como Consejo del Salario, se realiz\u00f3 el 14 de octubre de 2020: en aquella oportunidad se estableci\u00f3 un salario m\u00ednimo de 21.600 pesos.<\/p>\n<p>Por la situaci\u00f3n de la pandemia, la plenaria ordinaria del Consejo arrancar\u00e1 el martes a las 15 de forma virtual, seg\u00fan convoc\u00f3 el ministro de Trabajo, Claudio Moroni, mientras que a las 16:30 se iniciar\u00e1 la segunda reuni\u00f3n, en la que se procurar\u00e1 consensuar -o en su defecto laudar\u00e1 la cartera laboral- el nuevo m\u00ednimo, vital y m\u00f3vil.<\/p>\n<p>El 14 de octubre de 2020 se reuni\u00f3 por \u00faltima vez el Consejo, ocasi\u00f3n en la cual se acord\u00f3 -con la disidencia de la CTA Aut\u00f3noma- un salario m\u00ednimo de 21.600 pesos desde marzo y en tres tramos, lo que represent\u00f3 entonces un incremento de ese ingreso del 28%, que fue abonado un 12% en octubre, un 10% en diciembre y un 6% en marzo de 2020.<\/p>\n<p>Durante la gesti\u00f3n de Cambiemos, en los a\u00f1os 2017, 2018 y 2019, el valor del salario m\u00ednimo hab\u00eda sido fijado de forma unilateral por laudo ministerial ante las desavenencias de sindicalistas y empresarios, mientras que en octubre de 2020 la CGT, la CTA de los Trabajadores y el sector empresario consensuaron el nuevo monto y lograron 31 votos positivos, con la oposici\u00f3n de la CTAA.<\/p>\n<p>El Consejo del Salario fue institucionalizado por el decreto 2725\/91 (que reglament\u00f3 la ley 24.013\/91, de Empleo y protecci\u00f3n del trabajo), por cuyo medio se configur\u00f3 la organizaci\u00f3n interna y operativa del \u00e1mbito tripartito de discusi\u00f3n.<\/p>\n<p>M\u00e1s recientemente, el decreto 91 del 20 de enero de 2020 design\u00f3 al ministro Moroni como presidente del Consejo, por lo que el titular de la cartera laboral, de acuerdo al reglamento del organismo, tiene la atribuci\u00f3n de fijar el orden del d\u00eda de las sesiones plenarias ordinarias y extraordinarias convocadas de oficio.<\/p>\n<\/div>\n<p><span style=\"color: #0000ff;\"><strong>Por Adolfo Rocasalbas para TELAM<\/strong><\/span><\/p>\n<\/div>\n<\/div>\n<\/div>\n<\/div>\n","protected":false},"excerpt":{"rendered":"<p>En el encuentro programado para este martes la central obrera pedir\u00e1 tambi\u00e9n que el pago se haga en dos tramos y que haya una revisi\u00f3n en octubre. En tanto que la CTA de Hugo Yasky pide la misma cifra pero en una cuota, y le CTA Aut\u00f3noma un salario m\u00ednimo que se acerca a la [&hellip;]<\/p>\n","protected":false},"author":3,"featured_media":0,"comment_status":"closed","ping_status":"open","sticky":false,"template":"","format":"standard","meta":{"footnotes":""},"categories":[36,24,26],"tags":[],"class_list":["post-55878","post","type-post","status-publish","format-standard","hentry","category-economia","category-politica","category-sociedad"],"yoast_head":"<!-- This site is optimized with the Yoast SEO plugin v25.9 - https:\/\/yoast.com\/wordpress\/plugins\/seo\/ -->\n<title>Consejo del salario: la CGT reclamar\u00e1 un aumento de entre el 35 y el 40 por ciento - Noticias Radio Reflejos<\/title>\n<meta name=\"robots\" content=\"index, follow, max-snippet:-1, max-image-preview:large, max-video-preview:-1\" \/>\n<link rel=\"canonical\" href=\"https:\/\/www.noticiasradioreflejos.com.ar\/2021\/consejo-del-salario-la-cgt-reclamara-un-aumento-de-entre-el-35-y-el-40-por-ciento\/\" \/>\n<meta property=\"og:locale\" content=\"es_ES\" \/>\n<meta property=\"og:type\" content=\"article\" \/>\n<meta property=\"og:title\" content=\"Consejo del salario: la CGT reclamar\u00e1 un aumento de entre el 35 y el 40 por ciento - Noticias Radio Reflejos\" \/>\n<meta property=\"og:description\" content=\"En el encuentro programado para este martes la central obrera pedir\u00e1 tambi\u00e9n que el pago se haga en dos tramos y que haya una revisi\u00f3n en octubre. En tanto que la CTA de Hugo Yasky pide la misma cifra pero en una cuota, y le CTA Aut\u00f3noma un salario m\u00ednimo que se acerca a la [&hellip;]\" \/>\n<meta property=\"og:url\" content=\"https:\/\/www.noticiasradioreflejos.com.ar\/2021\/consejo-del-salario-la-cgt-reclamara-un-aumento-de-entre-el-35-y-el-40-por-ciento\/\" \/>\n<meta property=\"og:site_name\" content=\"Noticias Radio Reflejos\" \/>\n<meta property=\"article:published_time\" content=\"2021-04-26T10:30:58+00:00\" \/>\n<meta property=\"og:image\" content=\"https:\/\/www.telam.com.ar\/advf\/imagenes\/2020\/10\/5f87850e0b2df_1004x565.jpg\" \/>\n<meta name=\"author\" content=\"Arnaldo Botto\" \/>\n<meta name=\"twitter:card\" content=\"summary_large_image\" \/>\n<script type=\"application\/ld+json\" class=\"yoast-schema-graph\">{\"@context\":\"https:\/\/schema.org\",\"@graph\":[{\"@type\":\"WebPage\",\"@id\":\"https:\/\/www.noticiasradioreflejos.com.ar\/2021\/consejo-del-salario-la-cgt-reclamara-un-aumento-de-entre-el-35-y-el-40-por-ciento\/\",\"url\":\"https:\/\/www.noticiasradioreflejos.com.ar\/2021\/consejo-del-salario-la-cgt-reclamara-un-aumento-de-entre-el-35-y-el-40-por-ciento\/\",\"name\":\"Consejo del salario: la CGT reclamar\u00e1 un aumento de entre el 35 y el 40 por ciento - Noticias Radio Reflejos\",\"isPartOf\":{\"@id\":\"https:\/\/www.noticiasradioreflejos.com.ar\/2021\/#website\"},\"primaryImageOfPage\":{\"@id\":\"https:\/\/www.noticiasradioreflejos.com.ar\/2021\/consejo-del-salario-la-cgt-reclamara-un-aumento-de-entre-el-35-y-el-40-por-ciento\/#primaryimage\"},\"image\":{\"@id\":\"https:\/\/www.noticiasradioreflejos.com.ar\/2021\/consejo-del-salario-la-cgt-reclamara-un-aumento-de-entre-el-35-y-el-40-por-ciento\/#primaryimage\"},\"thumbnailUrl\":\"https:\/\/www.telam.com.ar\/advf\/imagenes\/2020\/10\/5f87850e0b2df_1004x565.jpg\",\"datePublished\":\"2021-04-26T10:30:58+00:00\",\"author\":{\"@id\":\"https:\/\/www.noticiasradioreflejos.com.ar\/2021\/#\/schema\/person\/ad82545263dcc5ec0996818884fd5fb1\"},\"breadcrumb\":{\"@id\":\"https:\/\/www.noticiasradioreflejos.com.ar\/2021\/consejo-del-salario-la-cgt-reclamara-un-aumento-de-entre-el-35-y-el-40-por-ciento\/#breadcrumb\"},\"inLanguage\":\"es\",\"potentialAction\":[{\"@type\":\"ReadAction\",\"target\":[\"https:\/\/www.noticiasradioreflejos.com.ar\/2021\/consejo-del-salario-la-cgt-reclamara-un-aumento-de-entre-el-35-y-el-40-por-ciento\/\"]}]},{\"@type\":\"ImageObject\",\"inLanguage\":\"es\",\"@id\":\"https:\/\/www.noticiasradioreflejos.com.ar\/2021\/consejo-del-salario-la-cgt-reclamara-un-aumento-de-entre-el-35-y-el-40-por-ciento\/#primaryimage\",\"url\":\"https:\/\/www.telam.com.ar\/advf\/imagenes\/2020\/10\/5f87850e0b2df_1004x565.jpg\",\"contentUrl\":\"https:\/\/www.telam.com.ar\/advf\/imagenes\/2020\/10\/5f87850e0b2df_1004x565.jpg\"},{\"@type\":\"BreadcrumbList\",\"@id\":\"https:\/\/www.noticiasradioreflejos.com.ar\/2021\/consejo-del-salario-la-cgt-reclamara-un-aumento-de-entre-el-35-y-el-40-por-ciento\/#breadcrumb\",\"itemListElement\":[{\"@type\":\"ListItem\",\"position\":1,\"name\":\"Portada\",\"item\":\"https:\/\/www.noticiasradioreflejos.com.ar\/2021\/\"},{\"@type\":\"ListItem\",\"position\":2,\"name\":\"Consejo del salario: la CGT reclamar\u00e1 un aumento de entre el 35 y el 40 por ciento\"}]},{\"@type\":\"WebSite\",\"@id\":\"https:\/\/www.noticiasradioreflejos.com.ar\/2021\/#website\",\"url\":\"https:\/\/www.noticiasradioreflejos.com.ar\/2021\/\",\"name\":\"Noticias Radio Reflejos\",\"description\":\"Las noticias de mi comarca\",\"potentialAction\":[{\"@type\":\"SearchAction\",\"target\":{\"@type\":\"EntryPoint\",\"urlTemplate\":\"https:\/\/www.noticiasradioreflejos.com.ar\/2021\/?s={search_term_string}\"},\"query-input\":{\"@type\":\"PropertyValueSpecification\",\"valueRequired\":true,\"valueName\":\"search_term_string\"}}],\"inLanguage\":\"es\"},{\"@type\":\"Person\",\"@id\":\"https:\/\/www.noticiasradioreflejos.com.ar\/2021\/#\/schema\/person\/ad82545263dcc5ec0996818884fd5fb1\",\"name\":\"Arnaldo Botto\",\"image\":{\"@type\":\"ImageObject\",\"inLanguage\":\"es\",\"@id\":\"https:\/\/www.noticiasradioreflejos.com.ar\/2021\/#\/schema\/person\/image\/\",\"url\":\"https:\/\/secure.gravatar.com\/avatar\/55cb5e37c1efa326397366e6974cb338056df65cb50e7d64d1cf314e87504837?s=96&d=mm&r=g\",\"contentUrl\":\"https:\/\/secure.gravatar.com\/avatar\/55cb5e37c1efa326397366e6974cb338056df65cb50e7d64d1cf314e87504837?s=96&d=mm&r=g\",\"caption\":\"Arnaldo Botto\"},\"url\":\"https:\/\/www.noticiasradioreflejos.com.ar\/2021\/author\/arnaldo\/\"}]}<\/script>\n<!-- \/ Yoast SEO plugin. -->","yoast_head_json":{"title":"Consejo del salario: la CGT reclamar\u00e1 un aumento de entre el 35 y el 40 por ciento - Noticias Radio Reflejos","robots":{"index":"index","follow":"follow","max-snippet":"max-snippet:-1","max-image-preview":"max-image-preview:large","max-video-preview":"max-video-preview:-1"},"canonical":"https:\/\/www.noticiasradioreflejos.com.ar\/2021\/consejo-del-salario-la-cgt-reclamara-un-aumento-de-entre-el-35-y-el-40-por-ciento\/","og_locale":"es_ES","og_type":"article","og_title":"Consejo del salario: la CGT reclamar\u00e1 un aumento de entre el 35 y el 40 por ciento - Noticias Radio Reflejos","og_description":"En el encuentro programado para este martes la central obrera pedir\u00e1 tambi\u00e9n que el pago se haga en dos tramos y que haya una revisi\u00f3n en octubre. En tanto que la CTA de Hugo Yasky pide la misma cifra pero en una cuota, y le CTA Aut\u00f3noma un salario m\u00ednimo que se acerca a la [&hellip;]","og_url":"https:\/\/www.noticiasradioreflejos.com.ar\/2021\/consejo-del-salario-la-cgt-reclamara-un-aumento-de-entre-el-35-y-el-40-por-ciento\/","og_site_name":"Noticias Radio Reflejos","article_published_time":"2021-04-26T10:30:58+00:00","og_image":[{"url":"https:\/\/www.telam.com.ar\/advf\/imagenes\/2020\/10\/5f87850e0b2df_1004x565.jpg","type":"","width":"","height":""}],"author":"Arnaldo Botto","twitter_card":"summary_large_image","schema":{"@context":"https:\/\/schema.org","@graph":[{"@type":"WebPage","@id":"https:\/\/www.noticiasradioreflejos.com.ar\/2021\/consejo-del-salario-la-cgt-reclamara-un-aumento-de-entre-el-35-y-el-40-por-ciento\/","url":"https:\/\/www.noticiasradioreflejos.com.ar\/2021\/consejo-del-salario-la-cgt-reclamara-un-aumento-de-entre-el-35-y-el-40-por-ciento\/","name":"Consejo del salario: la CGT reclamar\u00e1 un aumento de entre el 35 y el 40 por ciento - Noticias Radio Reflejos","isPartOf":{"@id":"https:\/\/www.noticiasradioreflejos.com.ar\/2021\/#website"},"primaryImageOfPage":{"@id":"https:\/\/www.noticiasradioreflejos.com.ar\/2021\/consejo-del-salario-la-cgt-reclamara-un-aumento-de-entre-el-35-y-el-40-por-ciento\/#primaryimage"},"image":{"@id":"https:\/\/www.noticiasradioreflejos.com.ar\/2021\/consejo-del-salario-la-cgt-reclamara-un-aumento-de-entre-el-35-y-el-40-por-ciento\/#primaryimage"},"thumbnailUrl":"https:\/\/www.telam.com.ar\/advf\/imagenes\/2020\/10\/5f87850e0b2df_1004x565.jpg","datePublished":"2021-04-26T10:30:58+00:00","author":{"@id":"https:\/\/www.noticiasradioreflejos.com.ar\/2021\/#\/schema\/person\/ad82545263dcc5ec0996818884fd5fb1"},"breadcrumb":{"@id":"https:\/\/www.noticiasradioreflejos.com.ar\/2021\/consejo-del-salario-la-cgt-reclamara-un-aumento-de-entre-el-35-y-el-40-por-ciento\/#breadcrumb"},"inLanguage":"es","potentialAction":[{"@type":"ReadAction","target":["https:\/\/www.noticiasradioreflejos.com.ar\/2021\/consejo-del-salario-la-cgt-reclamara-un-aumento-de-entre-el-35-y-el-40-por-ciento\/"]}]},{"@type":"ImageObject","inLanguage":"es","@id":"https:\/\/www.noticiasradioreflejos.com.ar\/2021\/consejo-del-salario-la-cgt-reclamara-un-aumento-de-entre-el-35-y-el-40-por-ciento\/#primaryimage","url":"https:\/\/www.telam.com.ar\/advf\/imagenes\/2020\/10\/5f87850e0b2df_1004x565.jpg","contentUrl":"https:\/\/www.telam.com.ar\/advf\/imagenes\/2020\/10\/5f87850e0b2df_1004x565.jpg"},{"@type":"BreadcrumbList","@id":"https:\/\/www.noticiasradioreflejos.com.ar\/2021\/consejo-del-salario-la-cgt-reclamara-un-aumento-de-entre-el-35-y-el-40-por-ciento\/#breadcrumb","itemListElement":[{"@type":"ListItem","position":1,"name":"Portada","item":"https:\/\/www.noticiasradioreflejos.com.ar\/2021\/"},{"@type":"ListItem","position":2,"name":"Consejo del salario: la CGT reclamar\u00e1 un aumento de entre el 35 y el 40 por ciento"}]},{"@type":"WebSite","@id":"https:\/\/www.noticiasradioreflejos.com.ar\/2021\/#website","url":"https:\/\/www.noticiasradioreflejos.com.ar\/2021\/","name":"Noticias Radio Reflejos","description":"Las noticias de mi comarca","potentialAction":[{"@type":"SearchAction","target":{"@type":"EntryPoint","urlTemplate":"https:\/\/www.noticiasradioreflejos.com.ar\/2021\/?s={search_term_string}"},"query-input":{"@type":"PropertyValueSpecification","valueRequired":true,"valueName":"search_term_string"}}],"inLanguage":"es"},{"@type":"Person","@id":"https:\/\/www.noticiasradioreflejos.com.ar\/2021\/#\/schema\/person\/ad82545263dcc5ec0996818884fd5fb1","name":"Arnaldo Botto","image":{"@type":"ImageObject","inLanguage":"es","@id":"https:\/\/www.noticiasradioreflejos.com.ar\/2021\/#\/schema\/person\/image\/","url":"https:\/\/secure.gravatar.com\/avatar\/55cb5e37c1efa326397366e6974cb338056df65cb50e7d64d1cf314e87504837?s=96&d=mm&r=g","contentUrl":"https:\/\/secure.gravatar.com\/avatar\/55cb5e37c1efa326397366e6974cb338056df65cb50e7d64d1cf314e87504837?s=96&d=mm&r=g","caption":"Arnaldo Botto"},"url":"https:\/\/www.noticiasradioreflejos.com.ar\/2021\/author\/arnaldo\/"}]}},"_links":{"self":[{"href":"https:\/\/www.noticiasradioreflejos.com.ar\/2021\/wp-json\/wp\/v2\/posts\/55878","targetHints":{"allow":["GET"]}}],"collection":[{"href":"https:\/\/www.noticiasradioreflejos.com.ar\/2021\/wp-json\/wp\/v2\/posts"}],"about":[{"href":"https:\/\/www.noticiasradioreflejos.com.ar\/2021\/wp-json\/wp\/v2\/types\/post"}],"author":[{"embeddable":true,"href":"https:\/\/www.noticiasradioreflejos.com.ar\/2021\/wp-json\/wp\/v2\/users\/3"}],"replies":[{"embeddable":true,"href":"https:\/\/www.noticiasradioreflejos.com.ar\/2021\/wp-json\/wp\/v2\/comments?post=55878"}],"version-history":[{"count":0,"href":"https:\/\/www.noticiasradioreflejos.com.ar\/2021\/wp-json\/wp\/v2\/posts\/55878\/revisions"}],"wp:attachment":[{"href":"https:\/\/www.noticiasradioreflejos.com.ar\/2021\/wp-json\/wp\/v2\/media?parent=55878"}],"wp:term":[{"taxonomy":"category","embeddable":true,"href":"https:\/\/www.noticiasradioreflejos.com.ar\/2021\/wp-json\/wp\/v2\/categories?post=55878"},{"taxonomy":"post_tag","embeddable":true,"href":"https:\/\/www.noticiasradioreflejos.com.ar\/2021\/wp-json\/wp\/v2\/tags?post=55878"}],"curies":[{"name":"wp","href":"https:\/\/api.w.org\/{rel}","templated":true}]}}