{"id":55864,"date":"2021-04-24T10:49:09","date_gmt":"2021-04-24T13:49:09","guid":{"rendered":"http:\/\/www.noticiasradioreflejos.com.ar\/noticias\/?p=55864"},"modified":"2021-04-24T10:49:09","modified_gmt":"2021-04-24T13:49:09","slug":"anses-confirmo-el-pago-del-refuerzo-de-auh-de-15-000-pesos-para-caba","status":"publish","type":"post","link":"https:\/\/www.noticiasradioreflejos.com.ar\/2021\/anses-confirmo-el-pago-del-refuerzo-de-auh-de-15-000-pesos-para-caba\/","title":{"rendered":"ANSES confirm\u00f3 el pago del refuerzo de AUH de 15.000 pesos para CABA"},"content":{"rendered":"<p style=\"font-weight: 400;\">La directora ejecutiva de la ANSES,\u00a0Fernanda Raverta, recibi\u00f3 en la sede central del organismo previsional a referentes legislativos del Frente de Todos (FdT) de la Ciudad Aut\u00f3noma de Buenos Aires (CABA) para confirmar el pago del refuerzo de la AUH de 15.000 pesos en la Ciudad. Fueron parte de este encuentro el senador nacional,\u00a0Mariano Recalde, y las diputadas nacionales\u00a0Gisela Marziotta\u00a0y\u00a0Paula Penacca.<!--more--><\/p>\n<p style=\"font-weight: 400;\">All\u00ed,\u00a0Raverta\u00a0ratific\u00f3 que m\u00e1s all\u00e1 de la postura del jefe de Gobierno,\u00a0Horacio Rodr\u00edguez Larreta, de no acatar el decreto presidencial y el fallo de la Justicia Federal, la ANSES depositar\u00e1 desde el lunes el refuerzo para las y los titulares de la Asignaci\u00f3n Universal por Hijo (AUH), Asignaci\u00f3n por Embarazo y Asignaciones Familiares para monotributistas A y B.<\/p>\n<p style=\"font-weight: 400;\">Durante el encuentro,\u00a0Recalde\u00a0sostuvo: \u201c<em>Vinimos a acompa\u00f1ar a Fernanda Raverta, que desde la ANSES est\u00e1 implementando el decreto del Presidente: otorgar un refuerzo especial para los beneficiarios de las asignaciones. Se trata de una ayuda enorme, un esfuerzo presupuestario, para asistir los efectos econ\u00f3micos que genera la pandemia. Estas pol\u00edticas p\u00fablicas contrastan enormemente con la actitud de Rodr\u00edguez Larreta, que no dispuso ni un IFE, ni un ATP, ni una ayuda, ni un bono, ni para el personal de salud ni para los que m\u00e1s lo necesitan. Al contrario, recort\u00f3 y ajust\u00f3 el presupuesto de ayuda escolar y de los comedores populares, que est\u00e1n con m\u00e1s gente que nunca<\/em>\u201d.<\/p>\n<p style=\"font-weight: 400;\">Por su parte,\u00a0Raverta\u00a0expres\u00f3: \u201c<em>Venimos trabajando por un organismo con gesti\u00f3n federal, asistiendo a millones de argentinos a lo largo y a lo ancho del pa\u00eds. Tomamos la decisi\u00f3n pol\u00edtica de acompa\u00f1ar a los que menos tienen y a los que m\u00e1s lo necesitan. Cuando asumi\u00f3 el Presidente Alberto Fern\u00e1ndez dijo\u00a0<\/em>&#8216;<em>empezar por los \u00faltimos para llegar a todos<\/em>&#8216;\u201d. Y agreg\u00f3: \u201c<em>Desde que arranc\u00f3 esta pandemia con las medidas de cuidado sanitario, propusimos pol\u00edticas de asistencia y de sost\u00e9n de los ingresos. Sabemos que estamos en un momento muy complicado en la Argentina, cuando arranc\u00f3 nuestro Gobierno los niveles de pobreza y de indigencia eran alt\u00edsimos y obviamente la pandemia profundiz\u00f3 el grado de complejidad en relaci\u00f3n a las familias que menos tienen<\/em>\u201d.<\/p>\n<p style=\"font-weight: 400;\">Tambi\u00e9n estuvo presente el legislador porte\u00f1o\u00a0Leandro Santoro\u00a0quien manifest\u00f3: \u201c<em>La directora ejecutiva de la ANSES nos cont\u00f3 cu\u00e1les son los instrumentos de asistencia econ\u00f3mica y financiera que tiene el organismo para la gente de la Ciudad de Buenos Aires. En el contexto de esta pandemia cuidar el ingreso y fomentar el consumo ayudan a sostener la producci\u00f3n, y la verdad es que se pone mucho dinero desde el Gobierno Nacional para garantizar que las porte\u00f1as y los porte\u00f1os le peleen a la pandemia con m\u00e1s herramientas<\/em>\u201d.<\/p>\n<p style=\"font-weight: 400;\">Adem\u00e1s, participaron del encuentro los legisladores de la Ciudad de Buenos Aires:\u00a0Javier Andrade,\u00a0Claudio Ferre\u00f1o\u00a0y\u00a0Mar\u00eda Rosa Mui\u00f1os.<\/p>\n<p style=\"font-weight: 400;\">Refuerzo para 97.000 familias porte\u00f1as<\/p>\n<p style=\"font-weight: 400;\">En CABA recibir\u00e1n el refuerzo 97.000 familias. De las cuales, 79.000 perciben AUH; 1200 reciben la Asignaci\u00f3n por Embarazo y 17.000 son monotributistas A y B que cobran Asignaciones Familiares. La inversi\u00f3n total por parte del organismo ser\u00e1 de 1460 millones de pesos.<\/p>\n<p style=\"font-weight: 400;\">La suma de 15.000 pesos se acreditar\u00e1 de forma autom\u00e1tica en la cuenta en la que perciben la asignaci\u00f3n sin realizar ning\u00fan tr\u00e1mite adicional y seg\u00fan terminaci\u00f3n de documento. Este lunes 26 de abril comienzan los finalizados en 0.<\/p>\n<p><iframe loading=\"lazy\" title=\"YouTube video player\" src=\"https:\/\/www.youtube.com\/embed\/8ONHb2RdwF8\" width=\"560\" height=\"315\" frameborder=\"0\" allowfullscreen=\"allowfullscreen\"><\/iframe><\/p>\n<p style=\"font-weight: 400;\"><a href=\"http:\/\/www.anses.gob.ar\/\" data-saferedirecturl=\"https:\/\/www.google.com\/url?q=http:\/\/www.anses.gob.ar&amp;source=gmail&amp;ust=1619356251235000&amp;usg=AFQjCNGb0J5cY1lzp_2fIgjqWf4llDHABA\">www.anses.gob.ar<\/a><\/p>\n","protected":false},"excerpt":{"rendered":"<p>La directora ejecutiva de la ANSES,\u00a0Fernanda Raverta, recibi\u00f3 en la sede central del organismo previsional a referentes legislativos del Frente de Todos (FdT) de la Ciudad Aut\u00f3noma de Buenos Aires (CABA) para confirmar el pago del refuerzo de la AUH de 15.000 pesos en la Ciudad. Fueron parte de este encuentro el senador nacional,\u00a0Mariano Recalde, [&hellip;]<\/p>\n","protected":false},"author":3,"featured_media":0,"comment_status":"closed","ping_status":"open","sticky":false,"template":"","format":"standard","meta":{"footnotes":""},"categories":[36,24],"tags":[],"class_list":["post-55864","post","type-post","status-publish","format-standard","hentry","category-economia","category-politica"],"yoast_head":"<!-- This site is optimized with the Yoast SEO plugin v25.9 - https:\/\/yoast.com\/wordpress\/plugins\/seo\/ -->\n<title>ANSES confirm\u00f3 el pago del refuerzo de AUH de 15.000 pesos para CABA - Noticias Radio Reflejos<\/title>\n<meta name=\"robots\" content=\"index, follow, max-snippet:-1, max-image-preview:large, max-video-preview:-1\" \/>\n<link rel=\"canonical\" href=\"https:\/\/www.noticiasradioreflejos.com.ar\/2021\/anses-confirmo-el-pago-del-refuerzo-de-auh-de-15-000-pesos-para-caba\/\" \/>\n<meta property=\"og:locale\" content=\"es_ES\" \/>\n<meta property=\"og:type\" content=\"article\" \/>\n<meta property=\"og:title\" content=\"ANSES confirm\u00f3 el pago del refuerzo de AUH de 15.000 pesos para CABA - Noticias Radio Reflejos\" \/>\n<meta property=\"og:description\" content=\"La directora ejecutiva de la ANSES,\u00a0Fernanda Raverta, recibi\u00f3 en la sede central del organismo previsional a referentes legislativos del Frente de Todos (FdT) de la Ciudad Aut\u00f3noma de Buenos Aires (CABA) para confirmar el pago del refuerzo de la AUH de 15.000 pesos en la Ciudad. Fueron parte de este encuentro el senador nacional,\u00a0Mariano Recalde, [&hellip;]\" \/>\n<meta property=\"og:url\" content=\"https:\/\/www.noticiasradioreflejos.com.ar\/2021\/anses-confirmo-el-pago-del-refuerzo-de-auh-de-15-000-pesos-para-caba\/\" \/>\n<meta property=\"og:site_name\" content=\"Noticias Radio Reflejos\" \/>\n<meta property=\"article:published_time\" content=\"2021-04-24T13:49:09+00:00\" \/>\n<meta property=\"og:image\" content=\"https:\/\/www.noticiasradioreflejos.com.ar\/2021\/wp-content\/uploads\/2021\/07\/logosol300x200.png\" \/>\n\t<meta property=\"og:image:width\" content=\"300\" \/>\n\t<meta property=\"og:image:height\" content=\"200\" \/>\n\t<meta property=\"og:image:type\" content=\"image\/png\" \/>\n<meta name=\"author\" content=\"Arnaldo Botto\" \/>\n<meta name=\"twitter:card\" content=\"summary_large_image\" \/>\n<script type=\"application\/ld+json\" class=\"yoast-schema-graph\">{\"@context\":\"https:\/\/schema.org\",\"@graph\":[{\"@type\":\"WebPage\",\"@id\":\"https:\/\/www.noticiasradioreflejos.com.ar\/2021\/anses-confirmo-el-pago-del-refuerzo-de-auh-de-15-000-pesos-para-caba\/\",\"url\":\"https:\/\/www.noticiasradioreflejos.com.ar\/2021\/anses-confirmo-el-pago-del-refuerzo-de-auh-de-15-000-pesos-para-caba\/\",\"name\":\"ANSES confirm\u00f3 el pago del refuerzo de AUH de 15.000 pesos para CABA - Noticias Radio Reflejos\",\"isPartOf\":{\"@id\":\"https:\/\/www.noticiasradioreflejos.com.ar\/2021\/#website\"},\"datePublished\":\"2021-04-24T13:49:09+00:00\",\"author\":{\"@id\":\"https:\/\/www.noticiasradioreflejos.com.ar\/2021\/#\/schema\/person\/ad82545263dcc5ec0996818884fd5fb1\"},\"breadcrumb\":{\"@id\":\"https:\/\/www.noticiasradioreflejos.com.ar\/2021\/anses-confirmo-el-pago-del-refuerzo-de-auh-de-15-000-pesos-para-caba\/#breadcrumb\"},\"inLanguage\":\"es\",\"potentialAction\":[{\"@type\":\"ReadAction\",\"target\":[\"https:\/\/www.noticiasradioreflejos.com.ar\/2021\/anses-confirmo-el-pago-del-refuerzo-de-auh-de-15-000-pesos-para-caba\/\"]}]},{\"@type\":\"BreadcrumbList\",\"@id\":\"https:\/\/www.noticiasradioreflejos.com.ar\/2021\/anses-confirmo-el-pago-del-refuerzo-de-auh-de-15-000-pesos-para-caba\/#breadcrumb\",\"itemListElement\":[{\"@type\":\"ListItem\",\"position\":1,\"name\":\"Portada\",\"item\":\"https:\/\/www.noticiasradioreflejos.com.ar\/2021\/\"},{\"@type\":\"ListItem\",\"position\":2,\"name\":\"ANSES confirm\u00f3 el pago del refuerzo de AUH de 15.000 pesos para CABA\"}]},{\"@type\":\"WebSite\",\"@id\":\"https:\/\/www.noticiasradioreflejos.com.ar\/2021\/#website\",\"url\":\"https:\/\/www.noticiasradioreflejos.com.ar\/2021\/\",\"name\":\"Noticias Radio Reflejos\",\"description\":\"Las noticias de mi comarca\",\"potentialAction\":[{\"@type\":\"SearchAction\",\"target\":{\"@type\":\"EntryPoint\",\"urlTemplate\":\"https:\/\/www.noticiasradioreflejos.com.ar\/2021\/?s={search_term_string}\"},\"query-input\":{\"@type\":\"PropertyValueSpecification\",\"valueRequired\":true,\"valueName\":\"search_term_string\"}}],\"inLanguage\":\"es\"},{\"@type\":\"Person\",\"@id\":\"https:\/\/www.noticiasradioreflejos.com.ar\/2021\/#\/schema\/person\/ad82545263dcc5ec0996818884fd5fb1\",\"name\":\"Arnaldo Botto\",\"image\":{\"@type\":\"ImageObject\",\"inLanguage\":\"es\",\"@id\":\"https:\/\/www.noticiasradioreflejos.com.ar\/2021\/#\/schema\/person\/image\/\",\"url\":\"https:\/\/secure.gravatar.com\/avatar\/55cb5e37c1efa326397366e6974cb338056df65cb50e7d64d1cf314e87504837?s=96&d=mm&r=g\",\"contentUrl\":\"https:\/\/secure.gravatar.com\/avatar\/55cb5e37c1efa326397366e6974cb338056df65cb50e7d64d1cf314e87504837?s=96&d=mm&r=g\",\"caption\":\"Arnaldo Botto\"},\"url\":\"https:\/\/www.noticiasradioreflejos.com.ar\/2021\/author\/arnaldo\/\"}]}<\/script>\n<!-- \/ Yoast SEO plugin. -->","yoast_head_json":{"title":"ANSES confirm\u00f3 el pago del refuerzo de AUH de 15.000 pesos para CABA - Noticias Radio Reflejos","robots":{"index":"index","follow":"follow","max-snippet":"max-snippet:-1","max-image-preview":"max-image-preview:large","max-video-preview":"max-video-preview:-1"},"canonical":"https:\/\/www.noticiasradioreflejos.com.ar\/2021\/anses-confirmo-el-pago-del-refuerzo-de-auh-de-15-000-pesos-para-caba\/","og_locale":"es_ES","og_type":"article","og_title":"ANSES confirm\u00f3 el pago del refuerzo de AUH de 15.000 pesos para CABA - Noticias Radio Reflejos","og_description":"La directora ejecutiva de la ANSES,\u00a0Fernanda Raverta, recibi\u00f3 en la sede central del organismo previsional a referentes legislativos del Frente de Todos (FdT) de la Ciudad Aut\u00f3noma de Buenos Aires (CABA) para confirmar el pago del refuerzo de la AUH de 15.000 pesos en la Ciudad. Fueron parte de este encuentro el senador nacional,\u00a0Mariano Recalde, [&hellip;]","og_url":"https:\/\/www.noticiasradioreflejos.com.ar\/2021\/anses-confirmo-el-pago-del-refuerzo-de-auh-de-15-000-pesos-para-caba\/","og_site_name":"Noticias Radio Reflejos","article_published_time":"2021-04-24T13:49:09+00:00","og_image":[{"width":300,"height":200,"url":"https:\/\/www.noticiasradioreflejos.com.ar\/2021\/wp-content\/uploads\/2021\/07\/logosol300x200.png","type":"image\/png"}],"author":"Arnaldo Botto","twitter_card":"summary_large_image","schema":{"@context":"https:\/\/schema.org","@graph":[{"@type":"WebPage","@id":"https:\/\/www.noticiasradioreflejos.com.ar\/2021\/anses-confirmo-el-pago-del-refuerzo-de-auh-de-15-000-pesos-para-caba\/","url":"https:\/\/www.noticiasradioreflejos.com.ar\/2021\/anses-confirmo-el-pago-del-refuerzo-de-auh-de-15-000-pesos-para-caba\/","name":"ANSES confirm\u00f3 el pago del refuerzo de AUH de 15.000 pesos para CABA - Noticias Radio Reflejos","isPartOf":{"@id":"https:\/\/www.noticiasradioreflejos.com.ar\/2021\/#website"},"datePublished":"2021-04-24T13:49:09+00:00","author":{"@id":"https:\/\/www.noticiasradioreflejos.com.ar\/2021\/#\/schema\/person\/ad82545263dcc5ec0996818884fd5fb1"},"breadcrumb":{"@id":"https:\/\/www.noticiasradioreflejos.com.ar\/2021\/anses-confirmo-el-pago-del-refuerzo-de-auh-de-15-000-pesos-para-caba\/#breadcrumb"},"inLanguage":"es","potentialAction":[{"@type":"ReadAction","target":["https:\/\/www.noticiasradioreflejos.com.ar\/2021\/anses-confirmo-el-pago-del-refuerzo-de-auh-de-15-000-pesos-para-caba\/"]}]},{"@type":"BreadcrumbList","@id":"https:\/\/www.noticiasradioreflejos.com.ar\/2021\/anses-confirmo-el-pago-del-refuerzo-de-auh-de-15-000-pesos-para-caba\/#breadcrumb","itemListElement":[{"@type":"ListItem","position":1,"name":"Portada","item":"https:\/\/www.noticiasradioreflejos.com.ar\/2021\/"},{"@type":"ListItem","position":2,"name":"ANSES confirm\u00f3 el pago del refuerzo de AUH de 15.000 pesos para CABA"}]},{"@type":"WebSite","@id":"https:\/\/www.noticiasradioreflejos.com.ar\/2021\/#website","url":"https:\/\/www.noticiasradioreflejos.com.ar\/2021\/","name":"Noticias Radio Reflejos","description":"Las noticias de mi comarca","potentialAction":[{"@type":"SearchAction","target":{"@type":"EntryPoint","urlTemplate":"https:\/\/www.noticiasradioreflejos.com.ar\/2021\/?s={search_term_string}"},"query-input":{"@type":"PropertyValueSpecification","valueRequired":true,"valueName":"search_term_string"}}],"inLanguage":"es"},{"@type":"Person","@id":"https:\/\/www.noticiasradioreflejos.com.ar\/2021\/#\/schema\/person\/ad82545263dcc5ec0996818884fd5fb1","name":"Arnaldo Botto","image":{"@type":"ImageObject","inLanguage":"es","@id":"https:\/\/www.noticiasradioreflejos.com.ar\/2021\/#\/schema\/person\/image\/","url":"https:\/\/secure.gravatar.com\/avatar\/55cb5e37c1efa326397366e6974cb338056df65cb50e7d64d1cf314e87504837?s=96&d=mm&r=g","contentUrl":"https:\/\/secure.gravatar.com\/avatar\/55cb5e37c1efa326397366e6974cb338056df65cb50e7d64d1cf314e87504837?s=96&d=mm&r=g","caption":"Arnaldo Botto"},"url":"https:\/\/www.noticiasradioreflejos.com.ar\/2021\/author\/arnaldo\/"}]}},"_links":{"self":[{"href":"https:\/\/www.noticiasradioreflejos.com.ar\/2021\/wp-json\/wp\/v2\/posts\/55864","targetHints":{"allow":["GET"]}}],"collection":[{"href":"https:\/\/www.noticiasradioreflejos.com.ar\/2021\/wp-json\/wp\/v2\/posts"}],"about":[{"href":"https:\/\/www.noticiasradioreflejos.com.ar\/2021\/wp-json\/wp\/v2\/types\/post"}],"author":[{"embeddable":true,"href":"https:\/\/www.noticiasradioreflejos.com.ar\/2021\/wp-json\/wp\/v2\/users\/3"}],"replies":[{"embeddable":true,"href":"https:\/\/www.noticiasradioreflejos.com.ar\/2021\/wp-json\/wp\/v2\/comments?post=55864"}],"version-history":[{"count":0,"href":"https:\/\/www.noticiasradioreflejos.com.ar\/2021\/wp-json\/wp\/v2\/posts\/55864\/revisions"}],"wp:attachment":[{"href":"https:\/\/www.noticiasradioreflejos.com.ar\/2021\/wp-json\/wp\/v2\/media?parent=55864"}],"wp:term":[{"taxonomy":"category","embeddable":true,"href":"https:\/\/www.noticiasradioreflejos.com.ar\/2021\/wp-json\/wp\/v2\/categories?post=55864"},{"taxonomy":"post_tag","embeddable":true,"href":"https:\/\/www.noticiasradioreflejos.com.ar\/2021\/wp-json\/wp\/v2\/tags?post=55864"}],"curies":[{"name":"wp","href":"https:\/\/api.w.org\/{rel}","templated":true}]}}