{"id":55853,"date":"2021-04-23T20:17:51","date_gmt":"2021-04-23T23:17:51","guid":{"rendered":"http:\/\/www.noticiasradioreflejos.com.ar\/noticias\/?p=55853"},"modified":"2021-04-23T20:17:51","modified_gmt":"2021-04-23T23:17:51","slug":"tercera-mision-tripulada-al-espacio-de-una-empresa-privada","status":"publish","type":"post","link":"https:\/\/www.noticiasradioreflejos.com.ar\/2021\/tercera-mision-tripulada-al-espacio-de-una-empresa-privada\/","title":{"rendered":"Tercera misi\u00f3n tripulada al espacio de una empresa privada"},"content":{"rendered":"<ol>\n<ol>\n<li style=\"text-align: center;\">Durante a\u00f1os el acceso al espacio estuvo a cargo de grandes agencias espaciales gubernamentales como la NASA (USA) y Roscosmos (Rusia), pero desde hace unos a\u00f1os entraron en escena inversores privados como Elon Musk y Jeff Bezos quienes cambiaron las reglas del juego por completo.<\/li>\n<\/ol>\n<\/ol>\n<p><!--more--><\/p>\n<ol>\n<li>Esto es as\u00ed a tal punto que en el d\u00eda de hoy la misma NASA contrat\u00f3 un lanzamiento tripulado\u00a0de la nave espacial Crew Dragon propiedad de SpaceX (Elon Musk).<\/li>\n<\/ol>\n<p><!--more--><\/p>\n<p><!--more--><\/p>\n<p><!--more--><\/p>\n<p><!--more--><\/p>\n<p><center><br \/>\n<iframe loading=\"lazy\" title=\"YouTube video player\" src=\"https:\/\/www.youtube.com\/embed\/lW07SN3YoLI\" width=\"600\" height=\"354\" frameborder=\"0\" allowfullscreen=\"allowfullscreen\"><\/iframe><\/center>Este es el tercer lanzamiento que la NASA contrata con SpaceX ya que la agencia espacial estadounidense carece en la actualidad (aunque parezca incre\u00edble) de una nave capaz de llegar al espacio, luego que retir\u00f3 de servicio a los transbordadores espaciales en 2011.<\/p>\n<p>La nave espacial Crew Dragon llamada Endeavour, con cuatro personas a bordo, tiene como destino a la Estaci\u00f3n Espacial Internacional, donde se espera llegue en el d\u00eda de ma\u00f1ana s\u00e1bado.<\/p>\n<p>Uno de los conceptos m\u00e1s revolucionaros de la tecnolog\u00eda de SpaceX es la reutilizaci\u00f3n. A diferencia de las viejas misiones Apolo de la NASA donde el cohete Saturno 5 se perd\u00eda en el espacio (o en el mar) y la c\u00e1psula espacial s\u00f3lo serv\u00eda para un viaje, el cohete de SpaceX llamado Falcon 9 aterriza sano y salvo en una barcaza flotante sobre el Oc\u00e9ano Atl\u00e1ntico luego de dejar a la c\u00e1psula espacial\u00a0Crew Dragon en el espacio. Y la reutilizaci\u00f3n no termina ah\u00ed, la misma c\u00e1psula espacial luego de retornar a la tierra, pasa por una revisi\u00f3n y\u00a0est\u00e1 lista nuevamente para volver al espacio.<\/p>\n<p><img decoding=\"async\" class=\"aligncenter\" src=\"https:\/\/img.microsiervos.com\/images2021\/SpaceXCrew2Tripulacion.jpg\" width=\"70%\" \/><\/p>\n<p style=\"text-align: center;\">Tripulaci\u00f3n de la c\u00e1psula Crew Dragon\u00a0Endeavour<\/p>\n<p style=\"text-align: left;\">Sin dudas el 2021 es un a\u00f1o mucha actividad en el espacio. Marte esta siendo visitado por 3 nuevas naves espaciales no tripuladas, el primer helic\u00f3ptero marciano Ingenuity ya vol\u00f3 dos veces, mientras se prepara el retorno del hombre a la luna bajo el programa Artemisa.<\/p>\n<p style=\"text-align: left;\">Por Ulises Nicolini<\/p>\n","protected":false},"excerpt":{"rendered":"<p>Durante a\u00f1os el acceso al espacio estuvo a cargo de grandes agencias espaciales gubernamentales como la NASA (USA) y Roscosmos (Rusia), pero desde hace unos a\u00f1os entraron en escena inversores privados como Elon Musk y Jeff Bezos quienes cambiaron las reglas del juego por completo.<\/p>\n","protected":false},"author":3,"featured_media":0,"comment_status":"closed","ping_status":"open","sticky":false,"template":"","format":"standard","meta":{"footnotes":""},"categories":[46],"tags":[],"class_list":["post-55853","post","type-post","status-publish","format-standard","hentry","category-ciencia-y-tecnologia"],"yoast_head":"<!-- This site is optimized with the Yoast SEO plugin v25.9 - https:\/\/yoast.com\/wordpress\/plugins\/seo\/ -->\n<title>Tercera misi\u00f3n tripulada al espacio de una empresa privada - Noticias Radio Reflejos<\/title>\n<meta name=\"robots\" content=\"index, follow, max-snippet:-1, max-image-preview:large, max-video-preview:-1\" \/>\n<link rel=\"canonical\" href=\"https:\/\/www.noticiasradioreflejos.com.ar\/2021\/tercera-mision-tripulada-al-espacio-de-una-empresa-privada\/\" \/>\n<meta property=\"og:locale\" content=\"es_ES\" \/>\n<meta property=\"og:type\" content=\"article\" \/>\n<meta property=\"og:title\" content=\"Tercera misi\u00f3n tripulada al espacio de una empresa privada - Noticias Radio Reflejos\" \/>\n<meta property=\"og:description\" content=\"Durante a\u00f1os el acceso al espacio estuvo a cargo de grandes agencias espaciales gubernamentales como la NASA (USA) y Roscosmos (Rusia), pero desde hace unos a\u00f1os entraron en escena inversores privados como Elon Musk y Jeff Bezos quienes cambiaron las reglas del juego por completo.\" \/>\n<meta property=\"og:url\" content=\"https:\/\/www.noticiasradioreflejos.com.ar\/2021\/tercera-mision-tripulada-al-espacio-de-una-empresa-privada\/\" \/>\n<meta property=\"og:site_name\" content=\"Noticias Radio Reflejos\" \/>\n<meta property=\"article:published_time\" content=\"2021-04-23T23:17:51+00:00\" \/>\n<meta property=\"og:image\" content=\"https:\/\/img.microsiervos.com\/images2021\/SpaceXCrew2Tripulacion.jpg\" \/>\n<meta name=\"author\" content=\"Arnaldo Botto\" \/>\n<meta name=\"twitter:card\" content=\"summary_large_image\" \/>\n<script type=\"application\/ld+json\" class=\"yoast-schema-graph\">{\"@context\":\"https:\/\/schema.org\",\"@graph\":[{\"@type\":\"WebPage\",\"@id\":\"https:\/\/www.noticiasradioreflejos.com.ar\/2021\/tercera-mision-tripulada-al-espacio-de-una-empresa-privada\/\",\"url\":\"https:\/\/www.noticiasradioreflejos.com.ar\/2021\/tercera-mision-tripulada-al-espacio-de-una-empresa-privada\/\",\"name\":\"Tercera misi\u00f3n tripulada al espacio de una empresa privada - Noticias Radio Reflejos\",\"isPartOf\":{\"@id\":\"https:\/\/www.noticiasradioreflejos.com.ar\/2021\/#website\"},\"primaryImageOfPage\":{\"@id\":\"https:\/\/www.noticiasradioreflejos.com.ar\/2021\/tercera-mision-tripulada-al-espacio-de-una-empresa-privada\/#primaryimage\"},\"image\":{\"@id\":\"https:\/\/www.noticiasradioreflejos.com.ar\/2021\/tercera-mision-tripulada-al-espacio-de-una-empresa-privada\/#primaryimage\"},\"thumbnailUrl\":\"https:\/\/img.microsiervos.com\/images2021\/SpaceXCrew2Tripulacion.jpg\",\"datePublished\":\"2021-04-23T23:17:51+00:00\",\"author\":{\"@id\":\"https:\/\/www.noticiasradioreflejos.com.ar\/2021\/#\/schema\/person\/ad82545263dcc5ec0996818884fd5fb1\"},\"breadcrumb\":{\"@id\":\"https:\/\/www.noticiasradioreflejos.com.ar\/2021\/tercera-mision-tripulada-al-espacio-de-una-empresa-privada\/#breadcrumb\"},\"inLanguage\":\"es\",\"potentialAction\":[{\"@type\":\"ReadAction\",\"target\":[\"https:\/\/www.noticiasradioreflejos.com.ar\/2021\/tercera-mision-tripulada-al-espacio-de-una-empresa-privada\/\"]}]},{\"@type\":\"ImageObject\",\"inLanguage\":\"es\",\"@id\":\"https:\/\/www.noticiasradioreflejos.com.ar\/2021\/tercera-mision-tripulada-al-espacio-de-una-empresa-privada\/#primaryimage\",\"url\":\"https:\/\/img.microsiervos.com\/images2021\/SpaceXCrew2Tripulacion.jpg\",\"contentUrl\":\"https:\/\/img.microsiervos.com\/images2021\/SpaceXCrew2Tripulacion.jpg\"},{\"@type\":\"BreadcrumbList\",\"@id\":\"https:\/\/www.noticiasradioreflejos.com.ar\/2021\/tercera-mision-tripulada-al-espacio-de-una-empresa-privada\/#breadcrumb\",\"itemListElement\":[{\"@type\":\"ListItem\",\"position\":1,\"name\":\"Portada\",\"item\":\"https:\/\/www.noticiasradioreflejos.com.ar\/2021\/\"},{\"@type\":\"ListItem\",\"position\":2,\"name\":\"Tercera misi\u00f3n tripulada al espacio de una empresa privada\"}]},{\"@type\":\"WebSite\",\"@id\":\"https:\/\/www.noticiasradioreflejos.com.ar\/2021\/#website\",\"url\":\"https:\/\/www.noticiasradioreflejos.com.ar\/2021\/\",\"name\":\"Noticias Radio Reflejos\",\"description\":\"Las noticias de mi comarca\",\"potentialAction\":[{\"@type\":\"SearchAction\",\"target\":{\"@type\":\"EntryPoint\",\"urlTemplate\":\"https:\/\/www.noticiasradioreflejos.com.ar\/2021\/?s={search_term_string}\"},\"query-input\":{\"@type\":\"PropertyValueSpecification\",\"valueRequired\":true,\"valueName\":\"search_term_string\"}}],\"inLanguage\":\"es\"},{\"@type\":\"Person\",\"@id\":\"https:\/\/www.noticiasradioreflejos.com.ar\/2021\/#\/schema\/person\/ad82545263dcc5ec0996818884fd5fb1\",\"name\":\"Arnaldo Botto\",\"image\":{\"@type\":\"ImageObject\",\"inLanguage\":\"es\",\"@id\":\"https:\/\/www.noticiasradioreflejos.com.ar\/2021\/#\/schema\/person\/image\/\",\"url\":\"https:\/\/secure.gravatar.com\/avatar\/55cb5e37c1efa326397366e6974cb338056df65cb50e7d64d1cf314e87504837?s=96&d=mm&r=g\",\"contentUrl\":\"https:\/\/secure.gravatar.com\/avatar\/55cb5e37c1efa326397366e6974cb338056df65cb50e7d64d1cf314e87504837?s=96&d=mm&r=g\",\"caption\":\"Arnaldo Botto\"},\"url\":\"https:\/\/www.noticiasradioreflejos.com.ar\/2021\/author\/arnaldo\/\"}]}<\/script>\n<!-- \/ Yoast SEO plugin. -->","yoast_head_json":{"title":"Tercera misi\u00f3n tripulada al espacio de una empresa privada - Noticias Radio Reflejos","robots":{"index":"index","follow":"follow","max-snippet":"max-snippet:-1","max-image-preview":"max-image-preview:large","max-video-preview":"max-video-preview:-1"},"canonical":"https:\/\/www.noticiasradioreflejos.com.ar\/2021\/tercera-mision-tripulada-al-espacio-de-una-empresa-privada\/","og_locale":"es_ES","og_type":"article","og_title":"Tercera misi\u00f3n tripulada al espacio de una empresa privada - Noticias Radio Reflejos","og_description":"Durante a\u00f1os el acceso al espacio estuvo a cargo de grandes agencias espaciales gubernamentales como la NASA (USA) y Roscosmos (Rusia), pero desde hace unos a\u00f1os entraron en escena inversores privados como Elon Musk y Jeff Bezos quienes cambiaron las reglas del juego por completo.","og_url":"https:\/\/www.noticiasradioreflejos.com.ar\/2021\/tercera-mision-tripulada-al-espacio-de-una-empresa-privada\/","og_site_name":"Noticias Radio Reflejos","article_published_time":"2021-04-23T23:17:51+00:00","og_image":[{"url":"https:\/\/img.microsiervos.com\/images2021\/SpaceXCrew2Tripulacion.jpg","type":"","width":"","height":""}],"author":"Arnaldo Botto","twitter_card":"summary_large_image","schema":{"@context":"https:\/\/schema.org","@graph":[{"@type":"WebPage","@id":"https:\/\/www.noticiasradioreflejos.com.ar\/2021\/tercera-mision-tripulada-al-espacio-de-una-empresa-privada\/","url":"https:\/\/www.noticiasradioreflejos.com.ar\/2021\/tercera-mision-tripulada-al-espacio-de-una-empresa-privada\/","name":"Tercera misi\u00f3n tripulada al espacio de una empresa privada - Noticias Radio Reflejos","isPartOf":{"@id":"https:\/\/www.noticiasradioreflejos.com.ar\/2021\/#website"},"primaryImageOfPage":{"@id":"https:\/\/www.noticiasradioreflejos.com.ar\/2021\/tercera-mision-tripulada-al-espacio-de-una-empresa-privada\/#primaryimage"},"image":{"@id":"https:\/\/www.noticiasradioreflejos.com.ar\/2021\/tercera-mision-tripulada-al-espacio-de-una-empresa-privada\/#primaryimage"},"thumbnailUrl":"https:\/\/img.microsiervos.com\/images2021\/SpaceXCrew2Tripulacion.jpg","datePublished":"2021-04-23T23:17:51+00:00","author":{"@id":"https:\/\/www.noticiasradioreflejos.com.ar\/2021\/#\/schema\/person\/ad82545263dcc5ec0996818884fd5fb1"},"breadcrumb":{"@id":"https:\/\/www.noticiasradioreflejos.com.ar\/2021\/tercera-mision-tripulada-al-espacio-de-una-empresa-privada\/#breadcrumb"},"inLanguage":"es","potentialAction":[{"@type":"ReadAction","target":["https:\/\/www.noticiasradioreflejos.com.ar\/2021\/tercera-mision-tripulada-al-espacio-de-una-empresa-privada\/"]}]},{"@type":"ImageObject","inLanguage":"es","@id":"https:\/\/www.noticiasradioreflejos.com.ar\/2021\/tercera-mision-tripulada-al-espacio-de-una-empresa-privada\/#primaryimage","url":"https:\/\/img.microsiervos.com\/images2021\/SpaceXCrew2Tripulacion.jpg","contentUrl":"https:\/\/img.microsiervos.com\/images2021\/SpaceXCrew2Tripulacion.jpg"},{"@type":"BreadcrumbList","@id":"https:\/\/www.noticiasradioreflejos.com.ar\/2021\/tercera-mision-tripulada-al-espacio-de-una-empresa-privada\/#breadcrumb","itemListElement":[{"@type":"ListItem","position":1,"name":"Portada","item":"https:\/\/www.noticiasradioreflejos.com.ar\/2021\/"},{"@type":"ListItem","position":2,"name":"Tercera misi\u00f3n tripulada al espacio de una empresa privada"}]},{"@type":"WebSite","@id":"https:\/\/www.noticiasradioreflejos.com.ar\/2021\/#website","url":"https:\/\/www.noticiasradioreflejos.com.ar\/2021\/","name":"Noticias Radio Reflejos","description":"Las noticias de mi comarca","potentialAction":[{"@type":"SearchAction","target":{"@type":"EntryPoint","urlTemplate":"https:\/\/www.noticiasradioreflejos.com.ar\/2021\/?s={search_term_string}"},"query-input":{"@type":"PropertyValueSpecification","valueRequired":true,"valueName":"search_term_string"}}],"inLanguage":"es"},{"@type":"Person","@id":"https:\/\/www.noticiasradioreflejos.com.ar\/2021\/#\/schema\/person\/ad82545263dcc5ec0996818884fd5fb1","name":"Arnaldo Botto","image":{"@type":"ImageObject","inLanguage":"es","@id":"https:\/\/www.noticiasradioreflejos.com.ar\/2021\/#\/schema\/person\/image\/","url":"https:\/\/secure.gravatar.com\/avatar\/55cb5e37c1efa326397366e6974cb338056df65cb50e7d64d1cf314e87504837?s=96&d=mm&r=g","contentUrl":"https:\/\/secure.gravatar.com\/avatar\/55cb5e37c1efa326397366e6974cb338056df65cb50e7d64d1cf314e87504837?s=96&d=mm&r=g","caption":"Arnaldo Botto"},"url":"https:\/\/www.noticiasradioreflejos.com.ar\/2021\/author\/arnaldo\/"}]}},"_links":{"self":[{"href":"https:\/\/www.noticiasradioreflejos.com.ar\/2021\/wp-json\/wp\/v2\/posts\/55853","targetHints":{"allow":["GET"]}}],"collection":[{"href":"https:\/\/www.noticiasradioreflejos.com.ar\/2021\/wp-json\/wp\/v2\/posts"}],"about":[{"href":"https:\/\/www.noticiasradioreflejos.com.ar\/2021\/wp-json\/wp\/v2\/types\/post"}],"author":[{"embeddable":true,"href":"https:\/\/www.noticiasradioreflejos.com.ar\/2021\/wp-json\/wp\/v2\/users\/3"}],"replies":[{"embeddable":true,"href":"https:\/\/www.noticiasradioreflejos.com.ar\/2021\/wp-json\/wp\/v2\/comments?post=55853"}],"version-history":[{"count":0,"href":"https:\/\/www.noticiasradioreflejos.com.ar\/2021\/wp-json\/wp\/v2\/posts\/55853\/revisions"}],"wp:attachment":[{"href":"https:\/\/www.noticiasradioreflejos.com.ar\/2021\/wp-json\/wp\/v2\/media?parent=55853"}],"wp:term":[{"taxonomy":"category","embeddable":true,"href":"https:\/\/www.noticiasradioreflejos.com.ar\/2021\/wp-json\/wp\/v2\/categories?post=55853"},{"taxonomy":"post_tag","embeddable":true,"href":"https:\/\/www.noticiasradioreflejos.com.ar\/2021\/wp-json\/wp\/v2\/tags?post=55853"}],"curies":[{"name":"wp","href":"https:\/\/api.w.org\/{rel}","templated":true}]}}