{"id":55811,"date":"2021-04-22T21:45:44","date_gmt":"2021-04-23T00:45:44","guid":{"rendered":"http:\/\/www.noticiasradioreflejos.com.ar\/noticias\/?p=55811"},"modified":"2021-04-22T21:45:44","modified_gmt":"2021-04-23T00:45:44","slug":"15o-infocoa-pecho-amarillo","status":"publish","type":"post","link":"https:\/\/www.noticiasradioreflejos.com.ar\/2021\/15o-infocoa-pecho-amarillo\/","title":{"rendered":"15\u00ba INFOCOA &#8211; Pecho Amarillo"},"content":{"rendered":"<p>Nuevamente del COA Gaucho Serrano de Villa Ventana, les acercamos informaci\u00f3n para ir aprendiendo juntos sobre las particularidades de cada una de nuestras aves. Por ello, agradecemos a la FM 103.7 Radio Reflejos de Sierra de la Ventana por permitirnos estar en el aire junto a la comunidad. Pasemos a nuestra especie de hoy.<\/p>\n<p><!--more--><\/p>\n<p>La observaci\u00f3n de aves es una actividad apasionante y otorga momentos atrapantes. Imaginate disfrutando el paisaje&#8230; en alg\u00fan cruce de camino rural con alguno de nuestros arroyos: agua cristalina cantando, pastos verdes, cortaderas ofreciendo sus flores a la brisa y, si escuch\u00e1s una bullanguera comparsa acerc\u00e1ndose, ver\u00e1s que se aproxima y aterriza cerca tuyo una bandada de unos 30 p\u00e1jaros; sin duda, estar\u00e1s disfrutando la belleza de los <strong>Pechos Amarillos<\/strong>.<\/p>\n<p>El <strong>Pecho Amarillo<\/strong>, tambi\u00e9n llamado Drag\u00f3n, pertenece a la <strong><em>familia Icteridae<\/em><\/strong> y su nombre cient\u00edfico es <strong><em>Pseudoleistes virescens<\/em><\/strong>. Su tama\u00f1o es de unos 21 cm\u00a0 y no presenta dimorfismo sexual, es decir no existen diferencias entre sexos.<\/p>\n<p><a title=\"WhatsApp Image 2021-04-21 at 16.35.28\" href=\"http:\/\/live.staticflickr.com\/65535\/51133108814_daa93353ac_s.jpg\" rel=\"\"><img loading=\"lazy\" decoding=\"async\" class=\"alignleft\" style=\"float: left;\" title=\"WhatsApp Image 2021-04-21 at 16.35.28\" src=\"http:\/\/live.staticflickr.com\/65535\/51133108814_daa93353ac_w.jpg\" alt=\"WhatsApp Image 2021-04-21 at 16.35.28\" width=\"400\" height=\"288\" \/><\/a><\/p>\n<p><a title=\"WhatsApp Image 2021-04-21 at 16.35.28 (1)\" href=\"http:\/\/live.staticflickr.com\/65535\/51133098634_3a2e902265_s.jpg\" rel=\"\"><img loading=\"lazy\" decoding=\"async\" class=\"alignleft\" style=\"float: left;\" title=\"WhatsApp Image 2021-04-21 at 16.35.28 (1)\" src=\"http:\/\/live.staticflickr.com\/65535\/51133098634_3a2e902265_w.jpg\" alt=\"WhatsApp Image 2021-04-21 at 16.35.28 (1)\" width=\"400\" height=\"286\" \/><\/a><\/p>\n<p>&nbsp;<\/p>\n<p>&nbsp;<\/p>\n<p>&nbsp;<\/p>\n<p>&nbsp;<\/p>\n<p>&nbsp;<\/p>\n<p>&nbsp;<\/p>\n<p>&nbsp;<\/p>\n<p>&nbsp;<\/p>\n<p>En su parte superior de cabeza a cola, es color pardo oscuro con coloraciones verdosas, lo mismo que el cuello y la mayor parte de las alas. Contrasta con esto su intenso amarillo ventral presente tambi\u00e9n\u00a0 bajo las alas y los hombros lo que solamente se aprecia en vuelo.<\/p>\n<p><a title=\"WhatsApp Image 2021-04-21 at 16.35.29\" href=\"http:\/\/live.staticflickr.com\/65535\/51131647957_f97871abe0_s.jpg\" rel=\"\"><img loading=\"lazy\" decoding=\"async\" class=\"alignleft\" style=\"float: left;\" title=\"WhatsApp Image 2021-04-21 at 16.35.29\" src=\"http:\/\/live.staticflickr.com\/65535\/51131647957_f97871abe0_w.jpg\" alt=\"WhatsApp Image 2021-04-21 at 16.35.29\" width=\"400\" height=\"287\" \/><\/a><a title=\"WhatsApp Image 2021-04-21 at 16.35.29 (1)\" href=\"http:\/\/live.staticflickr.com\/65535\/51133434350_7066c3c994_s.jpg\" rel=\"\"><img loading=\"lazy\" decoding=\"async\" class=\"alignright\" style=\"float: right;\" title=\"WhatsApp Image 2021-04-21 at 16.35.29 (1)\" src=\"http:\/\/live.staticflickr.com\/65535\/51133434350_7066c3c994_w.jpg\" alt=\"WhatsApp Image 2021-04-21 at 16.35.29 (1)\" width=\"400\" height=\"286\" \/><\/a><\/p>\n<p>&nbsp;<\/p>\n<p>&nbsp;<\/p>\n<p>&nbsp;<\/p>\n<p>El pico es largo, c\u00f3nico y de color negro e igualmente negras sus patas. Sus ojos peque\u00f1os presentan el iris marr\u00f3n.<\/p>\n<p><a title=\"WhatsApp Image 2021-04-21 at 16.35.30\" href=\"http:\/\/live.staticflickr.com\/65535\/51133098689_86b5bfd94c_s.jpg\" rel=\"\"><img loading=\"lazy\" decoding=\"async\" class=\"aligncenter\" title=\"WhatsApp Image 2021-04-21 at 16.35.30\" src=\"http:\/\/live.staticflickr.com\/65535\/51133098689_86b5bfd94c_z.jpg\" alt=\"WhatsApp Image 2021-04-21 at 16.35.30\" width=\"640\" height=\"456\" \/><\/a><\/p>\n<p>Suele volar importantes distancias en bandadas a las que pueden sumarse\u00a0 otras especies de su familia. Su vuelo es bajo durante el cual alterna repetidos aleteos con cortos planeos.<\/p>\n<p>Su ambiente es el de los arbustos, juncos, pajonales y cortaderas, especialmente en lugares cercanos a cursos de agua o humedales. Es tambi\u00e9n frecuente en banquinas de rutas y caminos rurales.<\/p>\n<p><a title=\"WhatsApp Image 2021-04-21 at 16.35.30 (1)\" href=\"http:\/\/live.staticflickr.com\/65535\/51132533328_ff9691a300_s.jpg\" rel=\"\"><img loading=\"lazy\" decoding=\"async\" class=\"alignleft\" style=\"float: left;\" title=\"WhatsApp Image 2021-04-21 at 16.35.30 (1)\" src=\"http:\/\/live.staticflickr.com\/65535\/51132533328_ff9691a300_w.jpg\" alt=\"WhatsApp Image 2021-04-21 at 16.35.30 (1)\" width=\"400\" height=\"287\" \/><\/a><a title=\"WhatsApp Image 2021-04-21 at 16.35.30 (2)\" href=\"http:\/\/live.staticflickr.com\/65535\/51133434435_5d25b5f713_s.jpg\" rel=\"\"><img loading=\"lazy\" decoding=\"async\" class=\"alignright\" style=\"float: right;\" title=\"WhatsApp Image 2021-04-21 at 16.35.30 (2)\" src=\"http:\/\/live.staticflickr.com\/65535\/51133434435_5d25b5f713_w.jpg\" alt=\"WhatsApp Image 2021-04-21 at 16.35.30 (2)\" width=\"400\" height=\"287\" \/><\/a><\/p>\n<p>&nbsp;<\/p>\n<p>&nbsp;<\/p>\n<p>&nbsp;<\/p>\n<p>&nbsp;<\/p>\n<p>&nbsp;<\/p>\n<p>&nbsp;<\/p>\n<p>&nbsp;<\/p>\n<p>&nbsp;<\/p>\n<p>En cuanto a la alimentaci\u00f3n, son omn\u00edvoros pero -por sobre todo- prefieren los insectos, larvas, lombrices y en menor porcentaje granos. Se alimentan en el suelo o cerca de \u00e9l siempre colectiva y ruidosamente, mientras en la parte alta de la vegetaci\u00f3n alg\u00fan individuo act\u00faa de centinela que \u00a0-en caso de detectar peligro- \u00a0emite la voz de alarma que se transforma en chillido coral mientras abandonan el lugar.<\/p>\n<p><a title=\"WhatsApp Image 2021-04-21 at 16.35.31\" href=\"http:\/\/live.staticflickr.com\/65535\/51132321811_c0a98537fb_s.jpg\" rel=\"\"><img loading=\"lazy\" decoding=\"async\" class=\"aligncenter\" title=\"WhatsApp Image 2021-04-21 at 16.35.31\" src=\"http:\/\/live.staticflickr.com\/65535\/51132321811_c0a98537fb_z.jpg\" alt=\"WhatsApp Image 2021-04-21 at 16.35.31\" width=\"640\" height=\"459\" \/><\/a><\/p>\n<p>Tito Narosky y Dar\u00edo Yzurieta, en su gu\u00eda de Aves de Argentina y Uruguay, tienen registrados y publicados estos sonidos del Pecho Amarillo.<\/p>\n<p><iframe loading=\"lazy\" src=\"https:\/\/w.soundcloud.com\/player\/?url=https%3A\/\/api.soundcloud.com\/tracks\/1034996779&amp;color=%23ff5500&amp;auto_play=false&amp;hide_related=false&amp;show_comments=true&amp;show_user=true&amp;show_reposts=false&amp;show_teaser=true\" width=\"100%\" height=\"166\" frameborder=\"no\" scrolling=\"no\"><\/iframe><\/p>\n<div style=\"font-size: 10px; color: #cccccc; line-break: anywhere; word-break: normal; overflow: hidden; white-space: nowrap; text-overflow: ellipsis; font-family: Interstate,Lucida Grande,Lucida Sans Unicode,Lucida Sans,Garuda,Verdana,Tahoma,sans-serif; font-weight: 100;\"><a style=\"color: #cccccc; text-decoration: none;\" title=\"fmreflejos 103.7\" href=\"https:\/\/soundcloud.com\/fmreflejos-103-7\" target=\"_blank\" rel=\"noopener\">fmreflejos 103.7<\/a> \u00b7 <a style=\"color: #cccccc; text-decoration: none;\" title=\"9 AUDIO Pecho Amarillo\" href=\"https:\/\/soundcloud.com\/fmreflejos-103-7\/9-audio-pecho-amarillo\" target=\"_blank\" rel=\"noopener\">9 AUDIO Pecho Amarillo<\/a><\/div>\n<p>La reproducci\u00f3n es a partir de agosto y com\u00fanmente se re\u00fanen en colonias, anidando en la vegetaci\u00f3n arbustiva o herb\u00e1cea. El Pecho Amarillo -como varias otras especies-\u00a0 es de \u00abpastizal\u00bb, que es un ecosistema natural que debemos preservar y cuidar para evitar su extinci\u00f3n. No todas las aves anidan en \u00e1rboles&#8230; muchas aves y otras especies animales tambi\u00e9n desarrollan su vida en el ecosistema de pastizal.<\/p>\n<p><a title=\"WhatsApp Image 2021-04-21 at 16.35.32\" href=\"http:\/\/live.staticflickr.com\/65535\/51131648172_573f866519_s.jpg\" rel=\"\"><img loading=\"lazy\" decoding=\"async\" class=\"aligncenter\" title=\"WhatsApp Image 2021-04-21 at 16.35.32\" src=\"http:\/\/live.staticflickr.com\/65535\/51131648172_573f866519_z.jpg\" alt=\"WhatsApp Image 2021-04-21 at 16.35.32\" width=\"640\" height=\"456\" \/><\/a><\/p>\n<p>Hacen el nido en forma de taza con fibras vegetales y fortifican su estructura con barro, ponen 3 \u00f3 4 huevos blancos con manchitas color casta\u00f1o que son incubados por las hembras. Ya nacidos, los pichones son alimentados tanto por la pareja como por otros miembros de la bandada, hasta que est\u00e1n en condiciones de iniciar el vuelo. Cabe comentar que -como tantas otras especies- \u00a0los nidos son parasitados por el <strong>Tordo Renegrido (<em>Molothrus bonariensis)<\/em><\/strong><em>.<\/em><\/p>\n<p>Es una especie abundante en nuestra serran\u00eda, su zona de distribuci\u00f3n abarca principalmente las provincias de Buenos Aires, E de La Pampa, E de San Luis, C\u00f3rdoba, Santa Fe, Entre R\u00edos, Corrientes, Uruguay y SE de Brasil.<\/p>\n<p>Este atractivo amigo es f\u00e1cil de ver, es confiado ante nuestra presencia lo que lo hace ideal para iniciarse en la fotograf\u00eda de aves. \u00bfNos acompa\u00f1\u00e1s? Sumate a nuestra bandada para juntos disfrutar las aves en su entorno natural, en libertad.\u00a0 Pod\u00e9s comunicarte con nosotros por estas 3 v\u00edas:<\/p>\n<p><a title=\"Datos COA\" href=\"http:\/\/live.staticflickr.com\/65535\/51071853497_f0071a5330_s.jpg\" rel=\"\"><img loading=\"lazy\" decoding=\"async\" class=\"aligncenter\" title=\"Datos COA\" src=\"http:\/\/live.staticflickr.com\/65535\/51071853497_f0071a5330_w.jpg\" alt=\"Datos COA\" width=\"400\" height=\"300\" \/><\/a><\/p>\n<p>El texto narrativo es de Gaby&amp;Pedro y las hermosas fotos son de <strong>Pedro Daniel Cabrera<\/strong>, actual coordinador del COA Gaucho Serrano de Villa Ventana.<\/p>\n<p><iframe loading=\"lazy\" title=\"YouTube video player\" src=\"https:\/\/www.youtube.com\/embed\/MIXnaRun85g\" width=\"560\" height=\"315\" frameborder=\"0\" allowfullscreen=\"allowfullscreen\"><\/iframe><\/p>\n","protected":false},"excerpt":{"rendered":"<p>Nuevamente del COA Gaucho Serrano de Villa Ventana, les acercamos informaci\u00f3n para ir aprendiendo juntos sobre las particularidades de cada una de nuestras aves. Por ello, agradecemos a la FM 103.7 Radio Reflejos de Sierra de la Ventana por permitirnos estar en el aire junto a la comunidad. Pasemos a nuestra especie de hoy.<\/p>\n","protected":false},"author":3,"featured_media":0,"comment_status":"closed","ping_status":"open","sticky":false,"template":"","format":"standard","meta":{"footnotes":""},"categories":[35,26],"tags":[],"class_list":["post-55811","post","type-post","status-publish","format-standard","hentry","category-cultura","category-sociedad"],"yoast_head":"<!-- This site is optimized with the Yoast SEO plugin v25.9 - https:\/\/yoast.com\/wordpress\/plugins\/seo\/ -->\n<title>15\u00ba INFOCOA - Pecho Amarillo - Noticias Radio Reflejos<\/title>\n<meta name=\"robots\" content=\"index, follow, max-snippet:-1, max-image-preview:large, max-video-preview:-1\" \/>\n<link rel=\"canonical\" href=\"https:\/\/www.noticiasradioreflejos.com.ar\/2021\/15o-infocoa-pecho-amarillo\/\" \/>\n<meta property=\"og:locale\" content=\"es_ES\" \/>\n<meta property=\"og:type\" content=\"article\" \/>\n<meta property=\"og:title\" content=\"15\u00ba INFOCOA - Pecho Amarillo - Noticias Radio Reflejos\" \/>\n<meta property=\"og:description\" content=\"Nuevamente del COA Gaucho Serrano de Villa Ventana, les acercamos informaci\u00f3n para ir aprendiendo juntos sobre las particularidades de cada una de nuestras aves. Por ello, agradecemos a la FM 103.7 Radio Reflejos de Sierra de la Ventana por permitirnos estar en el aire junto a la comunidad. Pasemos a nuestra especie de hoy.\" \/>\n<meta property=\"og:url\" content=\"https:\/\/www.noticiasradioreflejos.com.ar\/2021\/15o-infocoa-pecho-amarillo\/\" \/>\n<meta property=\"og:site_name\" content=\"Noticias Radio Reflejos\" \/>\n<meta property=\"article:published_time\" content=\"2021-04-23T00:45:44+00:00\" \/>\n<meta property=\"og:image\" content=\"http:\/\/live.staticflickr.com\/65535\/51133108814_daa93353ac_w.jpg\" \/>\n<meta name=\"author\" content=\"Arnaldo Botto\" \/>\n<meta name=\"twitter:card\" content=\"summary_large_image\" \/>\n<script type=\"application\/ld+json\" class=\"yoast-schema-graph\">{\"@context\":\"https:\/\/schema.org\",\"@graph\":[{\"@type\":\"WebPage\",\"@id\":\"https:\/\/www.noticiasradioreflejos.com.ar\/2021\/15o-infocoa-pecho-amarillo\/\",\"url\":\"https:\/\/www.noticiasradioreflejos.com.ar\/2021\/15o-infocoa-pecho-amarillo\/\",\"name\":\"15\u00ba INFOCOA - Pecho Amarillo - Noticias Radio Reflejos\",\"isPartOf\":{\"@id\":\"https:\/\/www.noticiasradioreflejos.com.ar\/2021\/#website\"},\"primaryImageOfPage\":{\"@id\":\"https:\/\/www.noticiasradioreflejos.com.ar\/2021\/15o-infocoa-pecho-amarillo\/#primaryimage\"},\"image\":{\"@id\":\"https:\/\/www.noticiasradioreflejos.com.ar\/2021\/15o-infocoa-pecho-amarillo\/#primaryimage\"},\"thumbnailUrl\":\"http:\/\/live.staticflickr.com\/65535\/51133108814_daa93353ac_w.jpg\",\"datePublished\":\"2021-04-23T00:45:44+00:00\",\"author\":{\"@id\":\"https:\/\/www.noticiasradioreflejos.com.ar\/2021\/#\/schema\/person\/ad82545263dcc5ec0996818884fd5fb1\"},\"breadcrumb\":{\"@id\":\"https:\/\/www.noticiasradioreflejos.com.ar\/2021\/15o-infocoa-pecho-amarillo\/#breadcrumb\"},\"inLanguage\":\"es\",\"potentialAction\":[{\"@type\":\"ReadAction\",\"target\":[\"https:\/\/www.noticiasradioreflejos.com.ar\/2021\/15o-infocoa-pecho-amarillo\/\"]}]},{\"@type\":\"ImageObject\",\"inLanguage\":\"es\",\"@id\":\"https:\/\/www.noticiasradioreflejos.com.ar\/2021\/15o-infocoa-pecho-amarillo\/#primaryimage\",\"url\":\"http:\/\/live.staticflickr.com\/65535\/51133108814_daa93353ac_w.jpg\",\"contentUrl\":\"http:\/\/live.staticflickr.com\/65535\/51133108814_daa93353ac_w.jpg\"},{\"@type\":\"BreadcrumbList\",\"@id\":\"https:\/\/www.noticiasradioreflejos.com.ar\/2021\/15o-infocoa-pecho-amarillo\/#breadcrumb\",\"itemListElement\":[{\"@type\":\"ListItem\",\"position\":1,\"name\":\"Portada\",\"item\":\"https:\/\/www.noticiasradioreflejos.com.ar\/2021\/\"},{\"@type\":\"ListItem\",\"position\":2,\"name\":\"15\u00ba INFOCOA &#8211; Pecho Amarillo\"}]},{\"@type\":\"WebSite\",\"@id\":\"https:\/\/www.noticiasradioreflejos.com.ar\/2021\/#website\",\"url\":\"https:\/\/www.noticiasradioreflejos.com.ar\/2021\/\",\"name\":\"Noticias Radio Reflejos\",\"description\":\"Las noticias de mi comarca\",\"potentialAction\":[{\"@type\":\"SearchAction\",\"target\":{\"@type\":\"EntryPoint\",\"urlTemplate\":\"https:\/\/www.noticiasradioreflejos.com.ar\/2021\/?s={search_term_string}\"},\"query-input\":{\"@type\":\"PropertyValueSpecification\",\"valueRequired\":true,\"valueName\":\"search_term_string\"}}],\"inLanguage\":\"es\"},{\"@type\":\"Person\",\"@id\":\"https:\/\/www.noticiasradioreflejos.com.ar\/2021\/#\/schema\/person\/ad82545263dcc5ec0996818884fd5fb1\",\"name\":\"Arnaldo Botto\",\"image\":{\"@type\":\"ImageObject\",\"inLanguage\":\"es\",\"@id\":\"https:\/\/www.noticiasradioreflejos.com.ar\/2021\/#\/schema\/person\/image\/\",\"url\":\"https:\/\/secure.gravatar.com\/avatar\/55cb5e37c1efa326397366e6974cb338056df65cb50e7d64d1cf314e87504837?s=96&d=mm&r=g\",\"contentUrl\":\"https:\/\/secure.gravatar.com\/avatar\/55cb5e37c1efa326397366e6974cb338056df65cb50e7d64d1cf314e87504837?s=96&d=mm&r=g\",\"caption\":\"Arnaldo Botto\"},\"url\":\"https:\/\/www.noticiasradioreflejos.com.ar\/2021\/author\/arnaldo\/\"}]}<\/script>\n<!-- \/ Yoast SEO plugin. -->","yoast_head_json":{"title":"15\u00ba INFOCOA - Pecho Amarillo - Noticias Radio Reflejos","robots":{"index":"index","follow":"follow","max-snippet":"max-snippet:-1","max-image-preview":"max-image-preview:large","max-video-preview":"max-video-preview:-1"},"canonical":"https:\/\/www.noticiasradioreflejos.com.ar\/2021\/15o-infocoa-pecho-amarillo\/","og_locale":"es_ES","og_type":"article","og_title":"15\u00ba INFOCOA - Pecho Amarillo - Noticias Radio Reflejos","og_description":"Nuevamente del COA Gaucho Serrano de Villa Ventana, les acercamos informaci\u00f3n para ir aprendiendo juntos sobre las particularidades de cada una de nuestras aves. Por ello, agradecemos a la FM 103.7 Radio Reflejos de Sierra de la Ventana por permitirnos estar en el aire junto a la comunidad. Pasemos a nuestra especie de hoy.","og_url":"https:\/\/www.noticiasradioreflejos.com.ar\/2021\/15o-infocoa-pecho-amarillo\/","og_site_name":"Noticias Radio Reflejos","article_published_time":"2021-04-23T00:45:44+00:00","og_image":[{"url":"http:\/\/live.staticflickr.com\/65535\/51133108814_daa93353ac_w.jpg","type":"","width":"","height":""}],"author":"Arnaldo Botto","twitter_card":"summary_large_image","schema":{"@context":"https:\/\/schema.org","@graph":[{"@type":"WebPage","@id":"https:\/\/www.noticiasradioreflejos.com.ar\/2021\/15o-infocoa-pecho-amarillo\/","url":"https:\/\/www.noticiasradioreflejos.com.ar\/2021\/15o-infocoa-pecho-amarillo\/","name":"15\u00ba INFOCOA - Pecho Amarillo - Noticias Radio Reflejos","isPartOf":{"@id":"https:\/\/www.noticiasradioreflejos.com.ar\/2021\/#website"},"primaryImageOfPage":{"@id":"https:\/\/www.noticiasradioreflejos.com.ar\/2021\/15o-infocoa-pecho-amarillo\/#primaryimage"},"image":{"@id":"https:\/\/www.noticiasradioreflejos.com.ar\/2021\/15o-infocoa-pecho-amarillo\/#primaryimage"},"thumbnailUrl":"http:\/\/live.staticflickr.com\/65535\/51133108814_daa93353ac_w.jpg","datePublished":"2021-04-23T00:45:44+00:00","author":{"@id":"https:\/\/www.noticiasradioreflejos.com.ar\/2021\/#\/schema\/person\/ad82545263dcc5ec0996818884fd5fb1"},"breadcrumb":{"@id":"https:\/\/www.noticiasradioreflejos.com.ar\/2021\/15o-infocoa-pecho-amarillo\/#breadcrumb"},"inLanguage":"es","potentialAction":[{"@type":"ReadAction","target":["https:\/\/www.noticiasradioreflejos.com.ar\/2021\/15o-infocoa-pecho-amarillo\/"]}]},{"@type":"ImageObject","inLanguage":"es","@id":"https:\/\/www.noticiasradioreflejos.com.ar\/2021\/15o-infocoa-pecho-amarillo\/#primaryimage","url":"http:\/\/live.staticflickr.com\/65535\/51133108814_daa93353ac_w.jpg","contentUrl":"http:\/\/live.staticflickr.com\/65535\/51133108814_daa93353ac_w.jpg"},{"@type":"BreadcrumbList","@id":"https:\/\/www.noticiasradioreflejos.com.ar\/2021\/15o-infocoa-pecho-amarillo\/#breadcrumb","itemListElement":[{"@type":"ListItem","position":1,"name":"Portada","item":"https:\/\/www.noticiasradioreflejos.com.ar\/2021\/"},{"@type":"ListItem","position":2,"name":"15\u00ba INFOCOA &#8211; Pecho Amarillo"}]},{"@type":"WebSite","@id":"https:\/\/www.noticiasradioreflejos.com.ar\/2021\/#website","url":"https:\/\/www.noticiasradioreflejos.com.ar\/2021\/","name":"Noticias Radio Reflejos","description":"Las noticias de mi comarca","potentialAction":[{"@type":"SearchAction","target":{"@type":"EntryPoint","urlTemplate":"https:\/\/www.noticiasradioreflejos.com.ar\/2021\/?s={search_term_string}"},"query-input":{"@type":"PropertyValueSpecification","valueRequired":true,"valueName":"search_term_string"}}],"inLanguage":"es"},{"@type":"Person","@id":"https:\/\/www.noticiasradioreflejos.com.ar\/2021\/#\/schema\/person\/ad82545263dcc5ec0996818884fd5fb1","name":"Arnaldo Botto","image":{"@type":"ImageObject","inLanguage":"es","@id":"https:\/\/www.noticiasradioreflejos.com.ar\/2021\/#\/schema\/person\/image\/","url":"https:\/\/secure.gravatar.com\/avatar\/55cb5e37c1efa326397366e6974cb338056df65cb50e7d64d1cf314e87504837?s=96&d=mm&r=g","contentUrl":"https:\/\/secure.gravatar.com\/avatar\/55cb5e37c1efa326397366e6974cb338056df65cb50e7d64d1cf314e87504837?s=96&d=mm&r=g","caption":"Arnaldo Botto"},"url":"https:\/\/www.noticiasradioreflejos.com.ar\/2021\/author\/arnaldo\/"}]}},"_links":{"self":[{"href":"https:\/\/www.noticiasradioreflejos.com.ar\/2021\/wp-json\/wp\/v2\/posts\/55811","targetHints":{"allow":["GET"]}}],"collection":[{"href":"https:\/\/www.noticiasradioreflejos.com.ar\/2021\/wp-json\/wp\/v2\/posts"}],"about":[{"href":"https:\/\/www.noticiasradioreflejos.com.ar\/2021\/wp-json\/wp\/v2\/types\/post"}],"author":[{"embeddable":true,"href":"https:\/\/www.noticiasradioreflejos.com.ar\/2021\/wp-json\/wp\/v2\/users\/3"}],"replies":[{"embeddable":true,"href":"https:\/\/www.noticiasradioreflejos.com.ar\/2021\/wp-json\/wp\/v2\/comments?post=55811"}],"version-history":[{"count":0,"href":"https:\/\/www.noticiasradioreflejos.com.ar\/2021\/wp-json\/wp\/v2\/posts\/55811\/revisions"}],"wp:attachment":[{"href":"https:\/\/www.noticiasradioreflejos.com.ar\/2021\/wp-json\/wp\/v2\/media?parent=55811"}],"wp:term":[{"taxonomy":"category","embeddable":true,"href":"https:\/\/www.noticiasradioreflejos.com.ar\/2021\/wp-json\/wp\/v2\/categories?post=55811"},{"taxonomy":"post_tag","embeddable":true,"href":"https:\/\/www.noticiasradioreflejos.com.ar\/2021\/wp-json\/wp\/v2\/tags?post=55811"}],"curies":[{"name":"wp","href":"https:\/\/api.w.org\/{rel}","templated":true}]}}