{"id":55808,"date":"2021-04-22T18:53:06","date_gmt":"2021-04-22T21:53:06","guid":{"rendered":"http:\/\/www.noticiasradioreflejos.com.ar\/noticias\/?p=55808"},"modified":"2021-04-22T18:53:06","modified_gmt":"2021-04-22T21:53:06","slug":"el-periodista-hernan-castillo-se-quebro-al-aire-al-hablar-de-la-muerte-de-su-padre-por-covid-19-la-impotencia-por-no-encontrar-cama-fue-desesperante","status":"publish","type":"post","link":"https:\/\/www.noticiasradioreflejos.com.ar\/2021\/el-periodista-hernan-castillo-se-quebro-al-aire-al-hablar-de-la-muerte-de-su-padre-por-covid-19-la-impotencia-por-no-encontrar-cama-fue-desesperante\/","title":{"rendered":"El periodista Hern\u00e1n Castillo se quebr\u00f3 al aire al hablar de la muerte de su padre por COVID-19: \u201cLa impotencia por no encontrar cama fue desesperante\u201d"},"content":{"rendered":"<header>\n<div class=\"article-header \">\n<p class=\"article-headline\">El conductor y director period\u00edstico de la se\u00f1al TNT Sports dio detalles sobre su experiencia acompa\u00f1ando a Santiago, su pap\u00e1: \u201cLas camas est\u00e1n colapsadas, las ambulancias no dan abasto\u201d<\/p>\n<div class=\"grid\"><\/div>\n<\/div>\n<\/header>\n<p><!--more--><\/p>\n<article class=\"article | col widescreen-8 desktop-8 tablet-12 width_full\">\n<div class=\"nd-body-article\">\n<p class=\"paragraph\">\u201cBueno, emmmm. Ya empiezo mal\u201d. El periodista\u00a0<b>Hern\u00e1n Castillo<\/b>\u00a0intent\u00f3 empezar su programa de TV \u201c<i>Halcones y Palomas<\/i>\u201d, por\u00a0<i>TNT Sports<\/i>, con una rese\u00f1a de lo que hab\u00eda tenido que padecer en las \u00faltimas horas, pero su voz se quebr\u00f3 con las primeras palabras.\u00a0<b>Este mi\u00e9rcoles,\u00a0<\/b><a href=\"https:\/\/www.infobae.com\/teleshow\/2021\/04\/21\/murio-de-coronavirus-el-padre-de-hernan-castillo-el-periodista-habia-hecho-un-desesperado-pedido-por-la-falta-de-camas\/\" target=\"_blank\" rel=\"noopener\"><b>Santiago, su pap\u00e1, muri\u00f3 de coronavirus<\/b><\/a><b>. luego de pasar por un verdadero calvario para conseguir una cama de hospital<\/b>\u00a0por la tensi\u00f3n que sufre el sistema sanitario ante la pandemia. el propio conductor hab\u00eda ido contando el minuto a minuto a trav\u00e9s de sus redes sociales.<\/p>\n<p class=\"paragraph\">\u201cVoy a decir algo cortito, cortito&#8230; Mucha gente me escribi\u00f3, y me dijo de mi pap\u00e1 y dem\u00e1s. Yo lo que digo es que mi pap\u00e1 no muri\u00f3 de COVID, muri\u00f3 porque ten\u00eda muchas cosas antes; el COVID lo aceler\u00f3.\u00a0<b>Lo que s\u00ed les digo es que hay cuidarse mucho, mucho<\/b>. Nosotros ac\u00e1 estamos con los acr\u00edlicos, los barbijos, todos los protocolos.\u00a0<b>La situaci\u00f3n, de verdad, lo que te dicen los m\u00e9dicos; por lo menos los 10 m\u00e9dicos que me encontr\u00e9 y c\u00f3mo no creer si yo lo vi, es desesperante, est\u00e1n las camas colapsadas, no hay, las ambulancias no dan abasto<\/b>, por eso hay que cuidarse\u201d, prolog\u00f3 su discurso.<\/p>\n<p class=\"paragraph\">\u201cS\u00ed hay que venir a trabajar, todos trabajamos, el pa\u00eds necesita moverse, nosotros necesitamos movernos. Las empresas que son privadas, en un momento, dicen, \u2018si no trabaja nadie, \u00bfqu\u00e9 hacemos?\u2019. Bueno, la maquinaria tiene que moverse, tenemos que laburar, hay que estar. Despu\u00e9s, hay que cuidarse mucho, salir lo menos posible, lo indispensable, tratar de cuidarnos, porque la situaci\u00f3n es desesperante.\u00a0<b>La impotencia, la situaci\u00f3n de no encontrar cama para mi viejo fue terrible. Despu\u00e9s fue que lo cuidaran y ver qu\u00e9 pasaba. Pero no encontrar cama es desesperante<\/b>. Y no hay, por eso les digo que nos cuidemos mucho, sigamos adelante, es una pandemia, pasa en el mundo. Habl\u00e9 con gente en Alemania, Espa\u00f1a, Italia, mi hermana vive en Per\u00fa, mi cu\u00f1ado en Colombia, esto est\u00e1 igual en todos lados. Y tenemos que cuidarnos mucho, mucho mucho\u201d, concluy\u00f3 quien adem\u00e1s es director period\u00edstico de la se\u00f1al.<\/p>\n<p class=\"paragraph\">\u201cMi vieja est\u00e1 bien por suerte, de a poquito recuper\u00e1ndose\u201d, agreg\u00f3. Hab\u00eda sido el propio Castillo el encargado de difundir la dolorosa noticia de la muerte de Coco, tal como llamaban cari\u00f1osamente a su padre. \u201c<b>Falleci\u00f3 mi pap\u00e1. El covid es muy fuerte, una pandemia, no es joda<\/b>. Les agradezco a todos los que me dieron una mano, a los que me mensajearon y rezaron. Muchas gracias al personal m\u00e9dico y administrativo del Policl\u00ednico Lomas por su esfuerzo incre\u00edble.\u00a0<b>Cu\u00eddense mucho\u201d<\/b>, escribi\u00f3 ayer en su cuenta de Twitter.<\/p>\n<p class=\"paragraph\">Tras el diagn\u00f3stico positivo de su mam\u00e1 y su pap\u00e1, comenzaron a cursar el cuadro en sus hogares. En su relato, cont\u00f3 que en principio la situaci\u00f3n de su madre era \u201ccasi normal\u201d y que por ese entonces pod\u00eda cuidar a su padre en su hogar. Sin embargo, cuando lleg\u00f3 un m\u00e9dico de PAMI en ambulancia le aconsej\u00f3 al periodista que, ante la falta de camas en los centros m\u00e9dicos, consiguiera ox\u00edgeno y que se quedara all\u00ed.\u00a0<b>\u201cSi me lo llevo se me muere ac\u00e1 adentro porque no me dejan meterlo en ning\u00fan lado\u201d<\/b>, fueron las crudas palabras del profesional a Castillo. \u201cMe lo dec\u00eda con la voz entrecortada\u201d, destac\u00f3 el periodista y aprovech\u00f3 para enviar un mensaje de concientizaci\u00f3n a sus casi 200 mil seguidores: \u201cCu\u00eddense\u201d.<\/p>\n<p class=\"paragraph\">M\u00e1s tarde, hab\u00eda confirmado que consigui\u00f3 una cama en el Policl\u00ednico Lomas, en Lomas de Zamora en donde su padre pudo estar controlado por los m\u00e9dico. \u201cFue despu\u00e9s de muchas horas y\u00a0<b>cada historia que me contaron en los hospitales a los que fuimos a buscar lugar es tremenda\u201d<\/b>, hizo la salvedad entonces.<\/p>\n<\/div>\n<\/article>\n","protected":false},"excerpt":{"rendered":"<p>El conductor y director period\u00edstico de la se\u00f1al TNT Sports dio detalles sobre su experiencia acompa\u00f1ando a Santiago, su pap\u00e1: \u201cLas camas est\u00e1n colapsadas, las ambulancias no dan abasto\u201d<\/p>\n","protected":false},"author":3,"featured_media":0,"comment_status":"closed","ping_status":"open","sticky":false,"template":"","format":"standard","meta":{"footnotes":""},"categories":[27,30,26],"tags":[],"class_list":["post-55808","post","type-post","status-publish","format-standard","hentry","category-deportes","category-salud","category-sociedad"],"yoast_head":"<!-- This site is optimized with the Yoast SEO plugin v25.9 - https:\/\/yoast.com\/wordpress\/plugins\/seo\/ -->\n<title>El periodista Hern\u00e1n Castillo se quebr\u00f3 al aire al hablar de la muerte de su padre por COVID-19: \u201cLa impotencia por no encontrar cama fue desesperante\u201d - Noticias Radio Reflejos<\/title>\n<meta name=\"robots\" content=\"index, follow, max-snippet:-1, max-image-preview:large, max-video-preview:-1\" \/>\n<link rel=\"canonical\" href=\"https:\/\/www.noticiasradioreflejos.com.ar\/2021\/el-periodista-hernan-castillo-se-quebro-al-aire-al-hablar-de-la-muerte-de-su-padre-por-covid-19-la-impotencia-por-no-encontrar-cama-fue-desesperante\/\" \/>\n<meta property=\"og:locale\" content=\"es_ES\" \/>\n<meta property=\"og:type\" content=\"article\" \/>\n<meta property=\"og:title\" content=\"El periodista Hern\u00e1n Castillo se quebr\u00f3 al aire al hablar de la muerte de su padre por COVID-19: \u201cLa impotencia por no encontrar cama fue desesperante\u201d - Noticias Radio Reflejos\" \/>\n<meta property=\"og:description\" content=\"El conductor y director period\u00edstico de la se\u00f1al TNT Sports dio detalles sobre su experiencia acompa\u00f1ando a Santiago, su pap\u00e1: \u201cLas camas est\u00e1n colapsadas, las ambulancias no dan abasto\u201d\" \/>\n<meta property=\"og:url\" content=\"https:\/\/www.noticiasradioreflejos.com.ar\/2021\/el-periodista-hernan-castillo-se-quebro-al-aire-al-hablar-de-la-muerte-de-su-padre-por-covid-19-la-impotencia-por-no-encontrar-cama-fue-desesperante\/\" \/>\n<meta property=\"og:site_name\" content=\"Noticias Radio Reflejos\" \/>\n<meta property=\"article:published_time\" content=\"2021-04-22T21:53:06+00:00\" \/>\n<meta property=\"og:image\" content=\"https:\/\/www.noticiasradioreflejos.com.ar\/2021\/wp-content\/uploads\/2021\/07\/logosol300x200.png\" \/>\n\t<meta property=\"og:image:width\" content=\"300\" \/>\n\t<meta property=\"og:image:height\" content=\"200\" \/>\n\t<meta property=\"og:image:type\" content=\"image\/png\" \/>\n<meta name=\"author\" content=\"Arnaldo Botto\" \/>\n<meta name=\"twitter:card\" content=\"summary_large_image\" \/>\n<script type=\"application\/ld+json\" class=\"yoast-schema-graph\">{\"@context\":\"https:\/\/schema.org\",\"@graph\":[{\"@type\":\"WebPage\",\"@id\":\"https:\/\/www.noticiasradioreflejos.com.ar\/2021\/el-periodista-hernan-castillo-se-quebro-al-aire-al-hablar-de-la-muerte-de-su-padre-por-covid-19-la-impotencia-por-no-encontrar-cama-fue-desesperante\/\",\"url\":\"https:\/\/www.noticiasradioreflejos.com.ar\/2021\/el-periodista-hernan-castillo-se-quebro-al-aire-al-hablar-de-la-muerte-de-su-padre-por-covid-19-la-impotencia-por-no-encontrar-cama-fue-desesperante\/\",\"name\":\"El periodista Hern\u00e1n Castillo se quebr\u00f3 al aire al hablar de la muerte de su padre por COVID-19: \u201cLa impotencia por no encontrar cama fue desesperante\u201d - Noticias Radio Reflejos\",\"isPartOf\":{\"@id\":\"https:\/\/www.noticiasradioreflejos.com.ar\/2021\/#website\"},\"datePublished\":\"2021-04-22T21:53:06+00:00\",\"author\":{\"@id\":\"https:\/\/www.noticiasradioreflejos.com.ar\/2021\/#\/schema\/person\/ad82545263dcc5ec0996818884fd5fb1\"},\"breadcrumb\":{\"@id\":\"https:\/\/www.noticiasradioreflejos.com.ar\/2021\/el-periodista-hernan-castillo-se-quebro-al-aire-al-hablar-de-la-muerte-de-su-padre-por-covid-19-la-impotencia-por-no-encontrar-cama-fue-desesperante\/#breadcrumb\"},\"inLanguage\":\"es\",\"potentialAction\":[{\"@type\":\"ReadAction\",\"target\":[\"https:\/\/www.noticiasradioreflejos.com.ar\/2021\/el-periodista-hernan-castillo-se-quebro-al-aire-al-hablar-de-la-muerte-de-su-padre-por-covid-19-la-impotencia-por-no-encontrar-cama-fue-desesperante\/\"]}]},{\"@type\":\"BreadcrumbList\",\"@id\":\"https:\/\/www.noticiasradioreflejos.com.ar\/2021\/el-periodista-hernan-castillo-se-quebro-al-aire-al-hablar-de-la-muerte-de-su-padre-por-covid-19-la-impotencia-por-no-encontrar-cama-fue-desesperante\/#breadcrumb\",\"itemListElement\":[{\"@type\":\"ListItem\",\"position\":1,\"name\":\"Portada\",\"item\":\"https:\/\/www.noticiasradioreflejos.com.ar\/2021\/\"},{\"@type\":\"ListItem\",\"position\":2,\"name\":\"El periodista Hern\u00e1n Castillo se quebr\u00f3 al aire al hablar de la muerte de su padre por COVID-19: \u201cLa impotencia por no encontrar cama fue desesperante\u201d\"}]},{\"@type\":\"WebSite\",\"@id\":\"https:\/\/www.noticiasradioreflejos.com.ar\/2021\/#website\",\"url\":\"https:\/\/www.noticiasradioreflejos.com.ar\/2021\/\",\"name\":\"Noticias Radio Reflejos\",\"description\":\"Las noticias de mi comarca\",\"potentialAction\":[{\"@type\":\"SearchAction\",\"target\":{\"@type\":\"EntryPoint\",\"urlTemplate\":\"https:\/\/www.noticiasradioreflejos.com.ar\/2021\/?s={search_term_string}\"},\"query-input\":{\"@type\":\"PropertyValueSpecification\",\"valueRequired\":true,\"valueName\":\"search_term_string\"}}],\"inLanguage\":\"es\"},{\"@type\":\"Person\",\"@id\":\"https:\/\/www.noticiasradioreflejos.com.ar\/2021\/#\/schema\/person\/ad82545263dcc5ec0996818884fd5fb1\",\"name\":\"Arnaldo Botto\",\"image\":{\"@type\":\"ImageObject\",\"inLanguage\":\"es\",\"@id\":\"https:\/\/www.noticiasradioreflejos.com.ar\/2021\/#\/schema\/person\/image\/\",\"url\":\"https:\/\/secure.gravatar.com\/avatar\/55cb5e37c1efa326397366e6974cb338056df65cb50e7d64d1cf314e87504837?s=96&d=mm&r=g\",\"contentUrl\":\"https:\/\/secure.gravatar.com\/avatar\/55cb5e37c1efa326397366e6974cb338056df65cb50e7d64d1cf314e87504837?s=96&d=mm&r=g\",\"caption\":\"Arnaldo Botto\"},\"url\":\"https:\/\/www.noticiasradioreflejos.com.ar\/2021\/author\/arnaldo\/\"}]}<\/script>\n<!-- \/ Yoast SEO plugin. -->","yoast_head_json":{"title":"El periodista Hern\u00e1n Castillo se quebr\u00f3 al aire al hablar de la muerte de su padre por COVID-19: \u201cLa impotencia por no encontrar cama fue desesperante\u201d - Noticias Radio Reflejos","robots":{"index":"index","follow":"follow","max-snippet":"max-snippet:-1","max-image-preview":"max-image-preview:large","max-video-preview":"max-video-preview:-1"},"canonical":"https:\/\/www.noticiasradioreflejos.com.ar\/2021\/el-periodista-hernan-castillo-se-quebro-al-aire-al-hablar-de-la-muerte-de-su-padre-por-covid-19-la-impotencia-por-no-encontrar-cama-fue-desesperante\/","og_locale":"es_ES","og_type":"article","og_title":"El periodista Hern\u00e1n Castillo se quebr\u00f3 al aire al hablar de la muerte de su padre por COVID-19: \u201cLa impotencia por no encontrar cama fue desesperante\u201d - Noticias Radio Reflejos","og_description":"El conductor y director period\u00edstico de la se\u00f1al TNT Sports dio detalles sobre su experiencia acompa\u00f1ando a Santiago, su pap\u00e1: \u201cLas camas est\u00e1n colapsadas, las ambulancias no dan abasto\u201d","og_url":"https:\/\/www.noticiasradioreflejos.com.ar\/2021\/el-periodista-hernan-castillo-se-quebro-al-aire-al-hablar-de-la-muerte-de-su-padre-por-covid-19-la-impotencia-por-no-encontrar-cama-fue-desesperante\/","og_site_name":"Noticias Radio Reflejos","article_published_time":"2021-04-22T21:53:06+00:00","og_image":[{"width":300,"height":200,"url":"https:\/\/www.noticiasradioreflejos.com.ar\/2021\/wp-content\/uploads\/2021\/07\/logosol300x200.png","type":"image\/png"}],"author":"Arnaldo Botto","twitter_card":"summary_large_image","schema":{"@context":"https:\/\/schema.org","@graph":[{"@type":"WebPage","@id":"https:\/\/www.noticiasradioreflejos.com.ar\/2021\/el-periodista-hernan-castillo-se-quebro-al-aire-al-hablar-de-la-muerte-de-su-padre-por-covid-19-la-impotencia-por-no-encontrar-cama-fue-desesperante\/","url":"https:\/\/www.noticiasradioreflejos.com.ar\/2021\/el-periodista-hernan-castillo-se-quebro-al-aire-al-hablar-de-la-muerte-de-su-padre-por-covid-19-la-impotencia-por-no-encontrar-cama-fue-desesperante\/","name":"El periodista Hern\u00e1n Castillo se quebr\u00f3 al aire al hablar de la muerte de su padre por COVID-19: \u201cLa impotencia por no encontrar cama fue desesperante\u201d - Noticias Radio Reflejos","isPartOf":{"@id":"https:\/\/www.noticiasradioreflejos.com.ar\/2021\/#website"},"datePublished":"2021-04-22T21:53:06+00:00","author":{"@id":"https:\/\/www.noticiasradioreflejos.com.ar\/2021\/#\/schema\/person\/ad82545263dcc5ec0996818884fd5fb1"},"breadcrumb":{"@id":"https:\/\/www.noticiasradioreflejos.com.ar\/2021\/el-periodista-hernan-castillo-se-quebro-al-aire-al-hablar-de-la-muerte-de-su-padre-por-covid-19-la-impotencia-por-no-encontrar-cama-fue-desesperante\/#breadcrumb"},"inLanguage":"es","potentialAction":[{"@type":"ReadAction","target":["https:\/\/www.noticiasradioreflejos.com.ar\/2021\/el-periodista-hernan-castillo-se-quebro-al-aire-al-hablar-de-la-muerte-de-su-padre-por-covid-19-la-impotencia-por-no-encontrar-cama-fue-desesperante\/"]}]},{"@type":"BreadcrumbList","@id":"https:\/\/www.noticiasradioreflejos.com.ar\/2021\/el-periodista-hernan-castillo-se-quebro-al-aire-al-hablar-de-la-muerte-de-su-padre-por-covid-19-la-impotencia-por-no-encontrar-cama-fue-desesperante\/#breadcrumb","itemListElement":[{"@type":"ListItem","position":1,"name":"Portada","item":"https:\/\/www.noticiasradioreflejos.com.ar\/2021\/"},{"@type":"ListItem","position":2,"name":"El periodista Hern\u00e1n Castillo se quebr\u00f3 al aire al hablar de la muerte de su padre por COVID-19: \u201cLa impotencia por no encontrar cama fue desesperante\u201d"}]},{"@type":"WebSite","@id":"https:\/\/www.noticiasradioreflejos.com.ar\/2021\/#website","url":"https:\/\/www.noticiasradioreflejos.com.ar\/2021\/","name":"Noticias Radio Reflejos","description":"Las noticias de mi comarca","potentialAction":[{"@type":"SearchAction","target":{"@type":"EntryPoint","urlTemplate":"https:\/\/www.noticiasradioreflejos.com.ar\/2021\/?s={search_term_string}"},"query-input":{"@type":"PropertyValueSpecification","valueRequired":true,"valueName":"search_term_string"}}],"inLanguage":"es"},{"@type":"Person","@id":"https:\/\/www.noticiasradioreflejos.com.ar\/2021\/#\/schema\/person\/ad82545263dcc5ec0996818884fd5fb1","name":"Arnaldo Botto","image":{"@type":"ImageObject","inLanguage":"es","@id":"https:\/\/www.noticiasradioreflejos.com.ar\/2021\/#\/schema\/person\/image\/","url":"https:\/\/secure.gravatar.com\/avatar\/55cb5e37c1efa326397366e6974cb338056df65cb50e7d64d1cf314e87504837?s=96&d=mm&r=g","contentUrl":"https:\/\/secure.gravatar.com\/avatar\/55cb5e37c1efa326397366e6974cb338056df65cb50e7d64d1cf314e87504837?s=96&d=mm&r=g","caption":"Arnaldo Botto"},"url":"https:\/\/www.noticiasradioreflejos.com.ar\/2021\/author\/arnaldo\/"}]}},"_links":{"self":[{"href":"https:\/\/www.noticiasradioreflejos.com.ar\/2021\/wp-json\/wp\/v2\/posts\/55808","targetHints":{"allow":["GET"]}}],"collection":[{"href":"https:\/\/www.noticiasradioreflejos.com.ar\/2021\/wp-json\/wp\/v2\/posts"}],"about":[{"href":"https:\/\/www.noticiasradioreflejos.com.ar\/2021\/wp-json\/wp\/v2\/types\/post"}],"author":[{"embeddable":true,"href":"https:\/\/www.noticiasradioreflejos.com.ar\/2021\/wp-json\/wp\/v2\/users\/3"}],"replies":[{"embeddable":true,"href":"https:\/\/www.noticiasradioreflejos.com.ar\/2021\/wp-json\/wp\/v2\/comments?post=55808"}],"version-history":[{"count":0,"href":"https:\/\/www.noticiasradioreflejos.com.ar\/2021\/wp-json\/wp\/v2\/posts\/55808\/revisions"}],"wp:attachment":[{"href":"https:\/\/www.noticiasradioreflejos.com.ar\/2021\/wp-json\/wp\/v2\/media?parent=55808"}],"wp:term":[{"taxonomy":"category","embeddable":true,"href":"https:\/\/www.noticiasradioreflejos.com.ar\/2021\/wp-json\/wp\/v2\/categories?post=55808"},{"taxonomy":"post_tag","embeddable":true,"href":"https:\/\/www.noticiasradioreflejos.com.ar\/2021\/wp-json\/wp\/v2\/tags?post=55808"}],"curies":[{"name":"wp","href":"https:\/\/api.w.org\/{rel}","templated":true}]}}