{"id":55805,"date":"2021-04-22T18:46:53","date_gmt":"2021-04-22T21:46:53","guid":{"rendered":"http:\/\/www.noticiasradioreflejos.com.ar\/noticias\/?p=55805"},"modified":"2021-04-22T18:46:53","modified_gmt":"2021-04-22T21:46:53","slug":"juntos-por-el-cambio-acepto-la-propuesta-del-gobierno-para-postergar-un-mes-las-paso-y-las-elecciones-generales","status":"publish","type":"post","link":"https:\/\/www.noticiasradioreflejos.com.ar\/2021\/juntos-por-el-cambio-acepto-la-propuesta-del-gobierno-para-postergar-un-mes-las-paso-y-las-elecciones-generales\/","title":{"rendered":"Juntos por el Cambio acept\u00f3 la propuesta del Gobierno para postergar un mes las PASO y las elecciones generales"},"content":{"rendered":"<p>Con el oficialismo amenazando con que ten\u00eda los votos necesarios para suspenderlas y en medio de un creciente incremento de los casos de COVID-19, el bloque opositor acept\u00f3 prorrogar el calendario electoral. Pidi\u00f3 incluir una cl\u00e1usula que asegure que las primarias se llevar\u00e1n cabo<!--more--><br \/>\nLos tiempos se aceleraron. El incremento de los casos de contagios de COVID-19 y la certeza de que el oficialismo no necesitaba de sus votos para poder modificar el calendario electoral fueron razones suficientes para que el interbloque de<mark class=\"hl_yellow\"><b>\u00a0Juntos por el Cambio decidiera apoyar el pedido del Gobierno y acompa\u00f1ar un aplazamiento de las PASO y de las elecciones de medio t\u00e9rmino.<\/b><\/mark><\/p>\n<p class=\"paragraph\">La noticia tom\u00f3 a muchos de sorpresa porque en una primera instancia la mesa del interbloque de la C\u00e1mara de Diputados conformada por el radical\u00a0<b>Mario Negri, Cristian Ritondo (PRO) y Juan Manuel L\u00f3pez (CC-ARI)<\/b>\u00a0hab\u00edan definido no hacer ning\u00fan movimiento hasta que la Corte Suprema se expidiera en la discusi\u00f3n sobre la presencialidad que mantienen la Ciudad de Buenos Aires y la Naci\u00f3n.<\/p>\n<p class=\"paragraph\">Sin embargo, la realidad se volvi\u00f3 din\u00e1mica y los legisladores hicieron saber que acompa\u00f1ar\u00e1n el pedido que les hab\u00eda hecho llegar el ministro del Interior,<b>\u00a0Eduardo \u201cWado\u201d de Pedro,\u00a0<\/b>el presidente de la C\u00e1mara de Diputados,\u00a0<b>Sergio Massa, y<\/b>\u00a0el presidente del bloque oficialista,<b>\u00a0M\u00e1ximo Kirchner,\u00a0<\/b>cuyo \u00fanico prop\u00f3sito es el de retrasar un mes el cronograma electoral para la realizaci\u00f3n de\u00a0<mark class=\"hl_yellow\"><b>la elecci\u00f3n PASO el 12 septiembre y la elecci\u00f3n general el 14 de noviembre,\u00a0<\/b><\/mark>entendiendo que dicho aplazamiento contribuir\u00e1 a la organizaci\u00f3n del proceso electoral en pandemia.<\/p>\n<div class=\"visual__image image_container\"><img loading=\"lazy\" decoding=\"async\" src=\"https:\/\/www.infobae.com\/new-resizer\/Fwb6rwpbcmaGP--O6x1kM-BRuGg=\/420x236\/filters:format(jpg):quality(85)\/cloudfront-us-east-1.images.arcpublishing.com\/infobae\/MD4ERQIAC5GTFINMWWKHQXV5ZU.jpg\" sizes=\"auto, (min-width: 800px) 50vw, 90vw\" srcset=\"https:\/\/www.infobae.com\/new-resizer\/Fwb6rwpbcmaGP--O6x1kM-BRuGg=\/420x236\/filters:format(jpg):quality(85)\/cloudfront-us-east-1.images.arcpublishing.com\/infobae\/MD4ERQIAC5GTFINMWWKHQXV5ZU.jpg 420w,https:\/\/www.infobae.com\/new-resizer\/eobl85ST1pPVnb3ezQmaaRiic78=\/768x432\/filters:format(jpg):quality(85)\/cloudfront-us-east-1.images.arcpublishing.com\/infobae\/MD4ERQIAC5GTFINMWWKHQXV5ZU.jpg 768w,https:\/\/www.infobae.com\/new-resizer\/g45a9oN2qaz_b3T7HKpm71ktOOc=\/992x558\/filters:format(jpg):quality(85)\/cloudfront-us-east-1.images.arcpublishing.com\/infobae\/MD4ERQIAC5GTFINMWWKHQXV5ZU.jpg 992w,https:\/\/www.infobae.com\/new-resizer\/KHwqVhsdJnd3AGJSKSPfmsA4Ua8=\/1200x675\/filters:format(jpg):quality(85)\/cloudfront-us-east-1.images.arcpublishing.com\/infobae\/MD4ERQIAC5GTFINMWWKHQXV5ZU.jpg 1200w\" alt=\"&quot;Wado&quot; de Pedro, ministro del Interior\" width=\"1920\" height=\"1080\" \/>\u00abWado\u00bb de Pedro, ministro del Interior<\/div>\n<p class=\"paragraph\">\u201cDesde JxC reafirmamos nuestro inter\u00e9s en contribuir a la mejor gesti\u00f3n de la pandemia y, a la vez, respetar las normas electorales vigentes con la garant\u00eda de las elecciones primarias que hoy consagra la ley. Es por ello que\u00a0<mark class=\"hl_yellow\"><b>acompa\u00f1aremos el corrimiento del cronograma y, adem\u00e1s, solicitamos al oficialismo la inclusi\u00f3n de una cl\u00e1usula que reasegure el compromiso del Gobierno Nacional con el respeto de la legislaci\u00f3n electoral vigente\u201d,<\/b><\/mark>\u00a0explicaron mediante un comunicado.<\/p>\n<p class=\"paragraph\">La cl\u00e1usula a la que hacen referencia, y que quieren que est\u00e9 en el proyecto a sancionarse en el Congreso Nacional, se\u00f1ala que\u00a0<b>\u201cla presente ley no podr\u00e1 ser modificada ni derogada durante el a\u00f1o calendario en curso en tanto regula un derecho subjetivo de los partidos pol\u00edticos,\u00a0<\/b>instituciones fundamentales del sistema democr\u00e1tico, a elegir sus candidatos a los cargos electivos previstos en la Constituci\u00f3n Nacional\u201d.<\/p>\n<p class=\"paragraph\">La noticia tambi\u00e9n debe haber molestado a muchos legisladores del bloque de Juntos por el Cambio que se mostraban contrarios a una medida de este tipo asegurando que no hab\u00eda relaci\u00f3n entre las elecciones, la pandemia y los contagios y que\u00a0<b>esto s\u00f3lo serv\u00eda para que el oficialismo llegara mejor a las urnas.<\/b><\/p>\n<p class=\"paragraph\">Adem\u00e1s, en los \u00faltimos d\u00edas tambi\u00e9n muchos legisladores de los considerados \u201cduros\u201d del bloque opositor hab\u00edan se\u00f1alado que negociar en el momento de mayor tensi\u00f3n con el oficialismo\u00a0<b>era un fuerte signo de debilidad.<\/b><\/p>\n<div class=\"visual__image image_container\"><img loading=\"lazy\" decoding=\"async\" src=\"https:\/\/www.infobae.com\/new-resizer\/B6GiflHe84rvSJnO5S7SGqZG9cU=\/420x236\/filters:format(jpg):quality(85)\/cloudfront-us-east-1.images.arcpublishing.com\/infobae\/AWDQCDXG4RDHJB2RZQRXHAHR34.jpg\" sizes=\"auto, (min-width: 800px) 50vw, 90vw\" srcset=\"https:\/\/www.infobae.com\/new-resizer\/B6GiflHe84rvSJnO5S7SGqZG9cU=\/420x236\/filters:format(jpg):quality(85)\/cloudfront-us-east-1.images.arcpublishing.com\/infobae\/AWDQCDXG4RDHJB2RZQRXHAHR34.jpg 420w,https:\/\/www.infobae.com\/new-resizer\/ZqJQ_fCsagaxXBmdgkcAPW-lKfw=\/768x432\/filters:format(jpg):quality(85)\/cloudfront-us-east-1.images.arcpublishing.com\/infobae\/AWDQCDXG4RDHJB2RZQRXHAHR34.jpg 768w,https:\/\/www.infobae.com\/new-resizer\/SkMe0AfmdZfBz6RxL-L3z5FmHAk=\/992x558\/filters:format(jpg):quality(85)\/cloudfront-us-east-1.images.arcpublishing.com\/infobae\/AWDQCDXG4RDHJB2RZQRXHAHR34.jpg 992w,https:\/\/www.infobae.com\/new-resizer\/dQBQtWN9w2UAdrcPLZSh5wGFfL8=\/1200x675\/filters:format(jpg):quality(85)\/cloudfront-us-east-1.images.arcpublishing.com\/infobae\/AWDQCDXG4RDHJB2RZQRXHAHR34.jpg 1200w\" alt=\"Sergio Massa tambi\u00e9n encabez\u00f3 las negociaciones (Maximiliano Luna)\" width=\"1847\" height=\"1039\" \/>Sergio Massa tambi\u00e9n encabez\u00f3 las negociaciones (Maximiliano Luna)<\/div>\n<p class=\"paragraph\">Sin embargo, y como explic\u00f3 un conocedor del movimiento interno del interbloque, esos legisladores \u201cduros\u201d parec\u00eda que hab\u00edan perdido de vista que\u00a0<b>el Frente de Todos hab\u00eda sumado a varios de los otros bloques de la oposici\u00f3n y que eso les hab\u00eda bajado el precio a los votos de Juntos por el Cambio<\/b>. \u201cSi quieren, no s\u00f3lo que tienen la capacidad de posponer las elecciones sino que hasta tienen los votos para que este a\u00f1o no se realicen las PASO. No lo hacen porque M\u00e1ximo Kirchner lo fren\u00f3\u201d, explic\u00f3.<\/p>\n<p class=\"paragraph\">La l\u00ednea del jefe del bloque de diputados del Frente de Todos era la de Alberto Fern\u00e1ndez, quien hab\u00eda dado la orden de lograr el mayor consenso posible en la medida.<\/p>\n<p class=\"paragraph\">En el comunicado que sali\u00f3 de Juntos por el Cambio los legisladores se\u00f1alan: \u201cSiempre sostuvimos que las reglas de juego y su previsibilidad deben contar con amplios consensos y son sagradas para la democracia\u201d. Adem\u00e1s, volvieron a pedir por algo que el ministro del Interior ya les hab\u00eda adelantado que no iban a aceptar:<b>\u00a0boleta \u00fanica y el voto adelantado para argentinos en el exterior.<\/b><\/p>\n<div class=\"grid\">\n<div class=\"byline | col widescreen-8 desktop-8 tablet-12 nd-article-byline display_flex isText width_full\">\n<div class=\"author_image\"><img loading=\"lazy\" decoding=\"async\" src=\"https:\/\/s3.amazonaws.com\/arc-authors\/infobae\/2a73d324-d57f-474f-ba9b-7de0a6cbe4ef.png\" alt=\"autor\" width=\"60\" height=\"60\" \/><\/div>\n<div class=\"byline-text-wrapper\">\n<div class=\"authors | color_black display_inline\">Por\u00a0<a class=\"author | bold\" href=\"https:\/\/www.infobae.com\/autor\/david-cayon\">David Cay\u00f3n<\/a>\u00a0<span style=\"color: #ff6600;\"><strong>para INFOBAE<\/strong><\/span><\/div>\n<div class=\"datetime | display_inline byline_datetime\">22 de Abril de 2021<\/div>\n<\/div>\n<\/div>\n<\/div>\n","protected":false},"excerpt":{"rendered":"<p>Con el oficialismo amenazando con que ten\u00eda los votos necesarios para suspenderlas y en medio de un creciente incremento de los casos de COVID-19, el bloque opositor acept\u00f3 prorrogar el calendario electoral. Pidi\u00f3 incluir una cl\u00e1usula que asegure que las primarias se llevar\u00e1n cabo<\/p>\n","protected":false},"author":3,"featured_media":0,"comment_status":"closed","ping_status":"open","sticky":false,"template":"","format":"standard","meta":{"footnotes":""},"categories":[25],"tags":[],"class_list":["post-55805","post","type-post","status-publish","format-standard","hentry","category-uncategorized"],"yoast_head":"<!-- This site is optimized with the Yoast SEO plugin v25.9 - https:\/\/yoast.com\/wordpress\/plugins\/seo\/ -->\n<title>Juntos por el Cambio acept\u00f3 la propuesta del Gobierno para postergar un mes las PASO y las elecciones generales - Noticias Radio Reflejos<\/title>\n<meta name=\"robots\" content=\"index, follow, max-snippet:-1, max-image-preview:large, max-video-preview:-1\" \/>\n<link rel=\"canonical\" href=\"https:\/\/www.noticiasradioreflejos.com.ar\/2021\/juntos-por-el-cambio-acepto-la-propuesta-del-gobierno-para-postergar-un-mes-las-paso-y-las-elecciones-generales\/\" \/>\n<meta property=\"og:locale\" content=\"es_ES\" \/>\n<meta property=\"og:type\" content=\"article\" \/>\n<meta property=\"og:title\" content=\"Juntos por el Cambio acept\u00f3 la propuesta del Gobierno para postergar un mes las PASO y las elecciones generales - Noticias Radio Reflejos\" \/>\n<meta property=\"og:description\" content=\"Con el oficialismo amenazando con que ten\u00eda los votos necesarios para suspenderlas y en medio de un creciente incremento de los casos de COVID-19, el bloque opositor acept\u00f3 prorrogar el calendario electoral. Pidi\u00f3 incluir una cl\u00e1usula que asegure que las primarias se llevar\u00e1n cabo\" \/>\n<meta property=\"og:url\" content=\"https:\/\/www.noticiasradioreflejos.com.ar\/2021\/juntos-por-el-cambio-acepto-la-propuesta-del-gobierno-para-postergar-un-mes-las-paso-y-las-elecciones-generales\/\" \/>\n<meta property=\"og:site_name\" content=\"Noticias Radio Reflejos\" \/>\n<meta property=\"article:published_time\" content=\"2021-04-22T21:46:53+00:00\" \/>\n<meta property=\"og:image\" content=\"https:\/\/www.infobae.com\/new-resizer\/Fwb6rwpbcmaGP--O6x1kM-BRuGg=\/420x236\/filters:format(jpg):quality(85)\/cloudfront-us-east-1.images.arcpublishing.com\/infobae\/MD4ERQIAC5GTFINMWWKHQXV5ZU.jpg\" \/>\n<meta name=\"author\" content=\"Arnaldo Botto\" \/>\n<meta name=\"twitter:card\" content=\"summary_large_image\" \/>\n<script type=\"application\/ld+json\" class=\"yoast-schema-graph\">{\"@context\":\"https:\/\/schema.org\",\"@graph\":[{\"@type\":\"WebPage\",\"@id\":\"https:\/\/www.noticiasradioreflejos.com.ar\/2021\/juntos-por-el-cambio-acepto-la-propuesta-del-gobierno-para-postergar-un-mes-las-paso-y-las-elecciones-generales\/\",\"url\":\"https:\/\/www.noticiasradioreflejos.com.ar\/2021\/juntos-por-el-cambio-acepto-la-propuesta-del-gobierno-para-postergar-un-mes-las-paso-y-las-elecciones-generales\/\",\"name\":\"Juntos por el Cambio acept\u00f3 la propuesta del Gobierno para postergar un mes las PASO y las elecciones generales - Noticias Radio Reflejos\",\"isPartOf\":{\"@id\":\"https:\/\/www.noticiasradioreflejos.com.ar\/2021\/#website\"},\"primaryImageOfPage\":{\"@id\":\"https:\/\/www.noticiasradioreflejos.com.ar\/2021\/juntos-por-el-cambio-acepto-la-propuesta-del-gobierno-para-postergar-un-mes-las-paso-y-las-elecciones-generales\/#primaryimage\"},\"image\":{\"@id\":\"https:\/\/www.noticiasradioreflejos.com.ar\/2021\/juntos-por-el-cambio-acepto-la-propuesta-del-gobierno-para-postergar-un-mes-las-paso-y-las-elecciones-generales\/#primaryimage\"},\"thumbnailUrl\":\"https:\/\/www.infobae.com\/new-resizer\/Fwb6rwpbcmaGP--O6x1kM-BRuGg=\/420x236\/filters:format(jpg):quality(85)\/cloudfront-us-east-1.images.arcpublishing.com\/infobae\/MD4ERQIAC5GTFINMWWKHQXV5ZU.jpg\",\"datePublished\":\"2021-04-22T21:46:53+00:00\",\"author\":{\"@id\":\"https:\/\/www.noticiasradioreflejos.com.ar\/2021\/#\/schema\/person\/ad82545263dcc5ec0996818884fd5fb1\"},\"breadcrumb\":{\"@id\":\"https:\/\/www.noticiasradioreflejos.com.ar\/2021\/juntos-por-el-cambio-acepto-la-propuesta-del-gobierno-para-postergar-un-mes-las-paso-y-las-elecciones-generales\/#breadcrumb\"},\"inLanguage\":\"es\",\"potentialAction\":[{\"@type\":\"ReadAction\",\"target\":[\"https:\/\/www.noticiasradioreflejos.com.ar\/2021\/juntos-por-el-cambio-acepto-la-propuesta-del-gobierno-para-postergar-un-mes-las-paso-y-las-elecciones-generales\/\"]}]},{\"@type\":\"ImageObject\",\"inLanguage\":\"es\",\"@id\":\"https:\/\/www.noticiasradioreflejos.com.ar\/2021\/juntos-por-el-cambio-acepto-la-propuesta-del-gobierno-para-postergar-un-mes-las-paso-y-las-elecciones-generales\/#primaryimage\",\"url\":\"https:\/\/www.infobae.com\/new-resizer\/Fwb6rwpbcmaGP--O6x1kM-BRuGg=\/420x236\/filters:format(jpg):quality(85)\/cloudfront-us-east-1.images.arcpublishing.com\/infobae\/MD4ERQIAC5GTFINMWWKHQXV5ZU.jpg\",\"contentUrl\":\"https:\/\/www.infobae.com\/new-resizer\/Fwb6rwpbcmaGP--O6x1kM-BRuGg=\/420x236\/filters:format(jpg):quality(85)\/cloudfront-us-east-1.images.arcpublishing.com\/infobae\/MD4ERQIAC5GTFINMWWKHQXV5ZU.jpg\"},{\"@type\":\"BreadcrumbList\",\"@id\":\"https:\/\/www.noticiasradioreflejos.com.ar\/2021\/juntos-por-el-cambio-acepto-la-propuesta-del-gobierno-para-postergar-un-mes-las-paso-y-las-elecciones-generales\/#breadcrumb\",\"itemListElement\":[{\"@type\":\"ListItem\",\"position\":1,\"name\":\"Portada\",\"item\":\"https:\/\/www.noticiasradioreflejos.com.ar\/2021\/\"},{\"@type\":\"ListItem\",\"position\":2,\"name\":\"Juntos por el Cambio acept\u00f3 la propuesta del Gobierno para postergar un mes las PASO y las elecciones generales\"}]},{\"@type\":\"WebSite\",\"@id\":\"https:\/\/www.noticiasradioreflejos.com.ar\/2021\/#website\",\"url\":\"https:\/\/www.noticiasradioreflejos.com.ar\/2021\/\",\"name\":\"Noticias Radio Reflejos\",\"description\":\"Las noticias de mi comarca\",\"potentialAction\":[{\"@type\":\"SearchAction\",\"target\":{\"@type\":\"EntryPoint\",\"urlTemplate\":\"https:\/\/www.noticiasradioreflejos.com.ar\/2021\/?s={search_term_string}\"},\"query-input\":{\"@type\":\"PropertyValueSpecification\",\"valueRequired\":true,\"valueName\":\"search_term_string\"}}],\"inLanguage\":\"es\"},{\"@type\":\"Person\",\"@id\":\"https:\/\/www.noticiasradioreflejos.com.ar\/2021\/#\/schema\/person\/ad82545263dcc5ec0996818884fd5fb1\",\"name\":\"Arnaldo Botto\",\"image\":{\"@type\":\"ImageObject\",\"inLanguage\":\"es\",\"@id\":\"https:\/\/www.noticiasradioreflejos.com.ar\/2021\/#\/schema\/person\/image\/\",\"url\":\"https:\/\/secure.gravatar.com\/avatar\/55cb5e37c1efa326397366e6974cb338056df65cb50e7d64d1cf314e87504837?s=96&d=mm&r=g\",\"contentUrl\":\"https:\/\/secure.gravatar.com\/avatar\/55cb5e37c1efa326397366e6974cb338056df65cb50e7d64d1cf314e87504837?s=96&d=mm&r=g\",\"caption\":\"Arnaldo Botto\"},\"url\":\"https:\/\/www.noticiasradioreflejos.com.ar\/2021\/author\/arnaldo\/\"}]}<\/script>\n<!-- \/ Yoast SEO plugin. -->","yoast_head_json":{"title":"Juntos por el Cambio acept\u00f3 la propuesta del Gobierno para postergar un mes las PASO y las elecciones generales - Noticias Radio Reflejos","robots":{"index":"index","follow":"follow","max-snippet":"max-snippet:-1","max-image-preview":"max-image-preview:large","max-video-preview":"max-video-preview:-1"},"canonical":"https:\/\/www.noticiasradioreflejos.com.ar\/2021\/juntos-por-el-cambio-acepto-la-propuesta-del-gobierno-para-postergar-un-mes-las-paso-y-las-elecciones-generales\/","og_locale":"es_ES","og_type":"article","og_title":"Juntos por el Cambio acept\u00f3 la propuesta del Gobierno para postergar un mes las PASO y las elecciones generales - Noticias Radio Reflejos","og_description":"Con el oficialismo amenazando con que ten\u00eda los votos necesarios para suspenderlas y en medio de un creciente incremento de los casos de COVID-19, el bloque opositor acept\u00f3 prorrogar el calendario electoral. Pidi\u00f3 incluir una cl\u00e1usula que asegure que las primarias se llevar\u00e1n cabo","og_url":"https:\/\/www.noticiasradioreflejos.com.ar\/2021\/juntos-por-el-cambio-acepto-la-propuesta-del-gobierno-para-postergar-un-mes-las-paso-y-las-elecciones-generales\/","og_site_name":"Noticias Radio Reflejos","article_published_time":"2021-04-22T21:46:53+00:00","og_image":[{"url":"https:\/\/www.infobae.com\/new-resizer\/Fwb6rwpbcmaGP--O6x1kM-BRuGg=\/420x236\/filters:format(jpg):quality(85)\/cloudfront-us-east-1.images.arcpublishing.com\/infobae\/MD4ERQIAC5GTFINMWWKHQXV5ZU.jpg","type":"","width":"","height":""}],"author":"Arnaldo Botto","twitter_card":"summary_large_image","schema":{"@context":"https:\/\/schema.org","@graph":[{"@type":"WebPage","@id":"https:\/\/www.noticiasradioreflejos.com.ar\/2021\/juntos-por-el-cambio-acepto-la-propuesta-del-gobierno-para-postergar-un-mes-las-paso-y-las-elecciones-generales\/","url":"https:\/\/www.noticiasradioreflejos.com.ar\/2021\/juntos-por-el-cambio-acepto-la-propuesta-del-gobierno-para-postergar-un-mes-las-paso-y-las-elecciones-generales\/","name":"Juntos por el Cambio acept\u00f3 la propuesta del Gobierno para postergar un mes las PASO y las elecciones generales - Noticias Radio Reflejos","isPartOf":{"@id":"https:\/\/www.noticiasradioreflejos.com.ar\/2021\/#website"},"primaryImageOfPage":{"@id":"https:\/\/www.noticiasradioreflejos.com.ar\/2021\/juntos-por-el-cambio-acepto-la-propuesta-del-gobierno-para-postergar-un-mes-las-paso-y-las-elecciones-generales\/#primaryimage"},"image":{"@id":"https:\/\/www.noticiasradioreflejos.com.ar\/2021\/juntos-por-el-cambio-acepto-la-propuesta-del-gobierno-para-postergar-un-mes-las-paso-y-las-elecciones-generales\/#primaryimage"},"thumbnailUrl":"https:\/\/www.infobae.com\/new-resizer\/Fwb6rwpbcmaGP--O6x1kM-BRuGg=\/420x236\/filters:format(jpg):quality(85)\/cloudfront-us-east-1.images.arcpublishing.com\/infobae\/MD4ERQIAC5GTFINMWWKHQXV5ZU.jpg","datePublished":"2021-04-22T21:46:53+00:00","author":{"@id":"https:\/\/www.noticiasradioreflejos.com.ar\/2021\/#\/schema\/person\/ad82545263dcc5ec0996818884fd5fb1"},"breadcrumb":{"@id":"https:\/\/www.noticiasradioreflejos.com.ar\/2021\/juntos-por-el-cambio-acepto-la-propuesta-del-gobierno-para-postergar-un-mes-las-paso-y-las-elecciones-generales\/#breadcrumb"},"inLanguage":"es","potentialAction":[{"@type":"ReadAction","target":["https:\/\/www.noticiasradioreflejos.com.ar\/2021\/juntos-por-el-cambio-acepto-la-propuesta-del-gobierno-para-postergar-un-mes-las-paso-y-las-elecciones-generales\/"]}]},{"@type":"ImageObject","inLanguage":"es","@id":"https:\/\/www.noticiasradioreflejos.com.ar\/2021\/juntos-por-el-cambio-acepto-la-propuesta-del-gobierno-para-postergar-un-mes-las-paso-y-las-elecciones-generales\/#primaryimage","url":"https:\/\/www.infobae.com\/new-resizer\/Fwb6rwpbcmaGP--O6x1kM-BRuGg=\/420x236\/filters:format(jpg):quality(85)\/cloudfront-us-east-1.images.arcpublishing.com\/infobae\/MD4ERQIAC5GTFINMWWKHQXV5ZU.jpg","contentUrl":"https:\/\/www.infobae.com\/new-resizer\/Fwb6rwpbcmaGP--O6x1kM-BRuGg=\/420x236\/filters:format(jpg):quality(85)\/cloudfront-us-east-1.images.arcpublishing.com\/infobae\/MD4ERQIAC5GTFINMWWKHQXV5ZU.jpg"},{"@type":"BreadcrumbList","@id":"https:\/\/www.noticiasradioreflejos.com.ar\/2021\/juntos-por-el-cambio-acepto-la-propuesta-del-gobierno-para-postergar-un-mes-las-paso-y-las-elecciones-generales\/#breadcrumb","itemListElement":[{"@type":"ListItem","position":1,"name":"Portada","item":"https:\/\/www.noticiasradioreflejos.com.ar\/2021\/"},{"@type":"ListItem","position":2,"name":"Juntos por el Cambio acept\u00f3 la propuesta del Gobierno para postergar un mes las PASO y las elecciones generales"}]},{"@type":"WebSite","@id":"https:\/\/www.noticiasradioreflejos.com.ar\/2021\/#website","url":"https:\/\/www.noticiasradioreflejos.com.ar\/2021\/","name":"Noticias Radio Reflejos","description":"Las noticias de mi comarca","potentialAction":[{"@type":"SearchAction","target":{"@type":"EntryPoint","urlTemplate":"https:\/\/www.noticiasradioreflejos.com.ar\/2021\/?s={search_term_string}"},"query-input":{"@type":"PropertyValueSpecification","valueRequired":true,"valueName":"search_term_string"}}],"inLanguage":"es"},{"@type":"Person","@id":"https:\/\/www.noticiasradioreflejos.com.ar\/2021\/#\/schema\/person\/ad82545263dcc5ec0996818884fd5fb1","name":"Arnaldo Botto","image":{"@type":"ImageObject","inLanguage":"es","@id":"https:\/\/www.noticiasradioreflejos.com.ar\/2021\/#\/schema\/person\/image\/","url":"https:\/\/secure.gravatar.com\/avatar\/55cb5e37c1efa326397366e6974cb338056df65cb50e7d64d1cf314e87504837?s=96&d=mm&r=g","contentUrl":"https:\/\/secure.gravatar.com\/avatar\/55cb5e37c1efa326397366e6974cb338056df65cb50e7d64d1cf314e87504837?s=96&d=mm&r=g","caption":"Arnaldo Botto"},"url":"https:\/\/www.noticiasradioreflejos.com.ar\/2021\/author\/arnaldo\/"}]}},"_links":{"self":[{"href":"https:\/\/www.noticiasradioreflejos.com.ar\/2021\/wp-json\/wp\/v2\/posts\/55805","targetHints":{"allow":["GET"]}}],"collection":[{"href":"https:\/\/www.noticiasradioreflejos.com.ar\/2021\/wp-json\/wp\/v2\/posts"}],"about":[{"href":"https:\/\/www.noticiasradioreflejos.com.ar\/2021\/wp-json\/wp\/v2\/types\/post"}],"author":[{"embeddable":true,"href":"https:\/\/www.noticiasradioreflejos.com.ar\/2021\/wp-json\/wp\/v2\/users\/3"}],"replies":[{"embeddable":true,"href":"https:\/\/www.noticiasradioreflejos.com.ar\/2021\/wp-json\/wp\/v2\/comments?post=55805"}],"version-history":[{"count":0,"href":"https:\/\/www.noticiasradioreflejos.com.ar\/2021\/wp-json\/wp\/v2\/posts\/55805\/revisions"}],"wp:attachment":[{"href":"https:\/\/www.noticiasradioreflejos.com.ar\/2021\/wp-json\/wp\/v2\/media?parent=55805"}],"wp:term":[{"taxonomy":"category","embeddable":true,"href":"https:\/\/www.noticiasradioreflejos.com.ar\/2021\/wp-json\/wp\/v2\/categories?post=55805"},{"taxonomy":"post_tag","embeddable":true,"href":"https:\/\/www.noticiasradioreflejos.com.ar\/2021\/wp-json\/wp\/v2\/tags?post=55805"}],"curies":[{"name":"wp","href":"https:\/\/api.w.org\/{rel}","templated":true}]}}