{"id":55802,"date":"2021-04-22T18:42:15","date_gmt":"2021-04-22T21:42:15","guid":{"rendered":"http:\/\/www.noticiasradioreflejos.com.ar\/noticias\/?p=55802"},"modified":"2021-04-22T18:42:15","modified_gmt":"2021-04-22T21:42:15","slug":"funcionarios-bonaerenses-advierten-sobre-un-inminente-colapso-sanitario","status":"publish","type":"post","link":"https:\/\/www.noticiasradioreflejos.com.ar\/2021\/funcionarios-bonaerenses-advierten-sobre-un-inminente-colapso-sanitario\/","title":{"rendered":"Funcionarios bonaerenses advierten sobre un inminente \u00abcolapso sanitario\u00bb"},"content":{"rendered":"<p>En el \u00c1rea Metropolitana de Buenos Aires existe una\u00a0ocupaci\u00f3n de camas de terapia intensiva del 75,61%, mientras que en el interior de la provincia el porcentual es de 52,48%.<!--more--><\/p>\n<div id=\"image\" class=\"image\">\n<p><img decoding=\"async\" title=\"En el conurbano bonaerense est\u00e1n en uso 2.341 de las 3.096 camas de cuidados intensivos disponibles.\" src=\"https:\/\/www.telam.com.ar\/advf\/imagenes\/2021\/04\/607ec23418565_1004x565.jpg\" alt=\"En el conurbano bonaerense est\u00e1n en uso 2.341 de las 3.096 camas de cuidados intensivos disponibles.\" \/><\/p>\n<div class=\"epigrafe\">En el conurbano bonaerense est\u00e1n en uso 2.341 de las 3.096 camas de cuidados intensivos disponibles.<\/div>\n<\/div>\n<p>Funcionarios del Gobierno bonaerense volvieron a advertir acerca del inminente colapso sanitario si no se logran bajar los contagios de coronavirus en la provincia de Buenos Aires y resaltaron que, sobre todo en el AMBA, la situaci\u00f3n \u00abes muy complicada\u00bb.<\/p>\n<p>De acuerdo a la informaci\u00f3n oficial, existe una\u00a0<strong>ocupaci\u00f3n de camas de terapia intensiva del 75,61% en el \u00c1rea Metropolitana de Buenos Aires<\/strong>\u00a0(AMBA), mientras que en el interior el n\u00famero es de 52,48%.<\/p>\n<p>En el conurbano bonaerense est\u00e1n en uso 2.341 de las 3.096 camas de cuidados intensivos disponibles y en el resto de la provincia est\u00e1n ocupadas 688 de las 1.311 totales.<\/p>\n<p>Al respecto,\u00a0<strong>el viceministro de Salud bonaerense, Nicol\u00e1s Kreplak<\/strong>, afirm\u00f3 este jueves que \u00abel sistema de salud est\u00e1 saturado y estamos muy pr\u00f3ximos al colapso\u00bb y plante\u00f3 la necesidad de \u00abdisminuir la cantidad de contagios de la forma que sea\u00bb porque, caso contrario, la capacidad de atenci\u00f3n se ver\u00e1 resentida.<\/p>\n<p>En declaraciones a radio Nacional, el funcionario remarc\u00f3 que las medidas de restricci\u00f3n dispuestas por el presidente Alberto Fern\u00e1ndez y el gobernador Axel Kicillof \u00abfueron para cortar con la suba vertiginosa\u00bb de casos que se registra actualmente en un escenario de segunda ola de coronavirus.<\/p>\n<p>\u00abHay una enorme tensi\u00f3n en el sistema de salud, que est\u00e1 saturado y estamos muy pr\u00f3ximos a una situaci\u00f3n de colapso\u00bb, enfatiz\u00f3 Kreplak y plante\u00f3 que \u00abcualquier actividad que genere circulaci\u00f3n, aumenta el riesgo de contagio\u00bb.<\/p>\n<p>En ese marco, asegur\u00f3 ser optimista en cuanto a que la poblaci\u00f3n \u00abrespeta\u00bb las disposiciones, pero subray\u00f3:\u00a0<strong>\u00abNo alcanza con no seguir aumentando. Los casos deben bajar\u00bb<\/strong>.<\/p>\n<blockquote class=\"twitter-tweet\" data-width=\"500\" data-dnt=\"true\">\n<p lang=\"es\" dir=\"ltr\">Las camas se est\u00e1n llenando de pacientes m\u00e1s j\u00f3venes con cuadros muy graves, y a diario el personal de salud da pelea para que a nadie le falte la atenci\u00f3n que necesita.<\/p>\n<p>El trabajo del cuerpo m\u00e9dico es inmenso. Cuid\u00e9monos para cuidarlos a ellos tambi\u00e9n. <a href=\"https:\/\/t.co\/zb2xkONGoA\">pic.twitter.com\/zb2xkONGoA<\/a><\/p>\n<p>&mdash; Axel Kicillof (@Kicillofok) <a href=\"https:\/\/twitter.com\/Kicillofok\/status\/1384643042888470532?ref_src=twsrc%5Etfw\">April 20, 2021<\/a><\/p><\/blockquote>\n<p><script async src=\"https:\/\/platform.twitter.com\/widgets.js\" charset=\"utf-8\"><\/script><\/p>\n<div class=\"twitter-tweet twitter-tweet-rendered\"><\/div>\n<p>En la misma l\u00ednea se manifest\u00f3 el mi\u00e9rcoles\u00a0<strong>el gobernador Axel Kicillof,<\/strong>\u00a0quien luego de mantener una reuni\u00f3n con representantes de la medicina prepaga y obras sociales asegur\u00f3 que \u00absi siguen los contagios de coronavirus, no hay sistema de salud que aguante\u00bb.<\/p>\n<p>Los casos de Covid-19 en la provincia de Buenos Aires ascendieron a 1.200.721 tras confirmarse 12.884 nuevos contagios en las \u00faltimas 24 horas, mientras que\u00a0<strong>los fallecimientos totalizan 30.625<\/strong>\u00a0desde el inicio de la pandemia en el pa\u00eds, en marzo de 2020.<\/p>\n<p>En igual sinton\u00eda se pronunci\u00f3 el Director Provincial de Hospitales de Buenos Aires, Juan Riera, quien consider\u00f3 que \u00abser\u00eda muy importante que la Ciudad (de Buenos Aires) siguiera las indicaciones de la Naci\u00f3n\u00bb para minimizar los contagios de coronavirus porque la situaci\u00f3n actual del AMBA \u00abes muy complicada\u00bb.<\/p>\n<p>Riera plante\u00f3 que \u00abestamos muy muy complicados. Si esta cantidad de casos se mantiene vamos a tener dificultades serias\u00bb.<\/p>\n<p><strong>Los funcionarios de la administraci\u00f3n bonaerense insisten en que deben adoptarse medidas conjuntamente con la Ciudad de Buenos Aires debido a que el AMBA constituye una \u00fanica unidad geogr\u00e1fica y sanitaria.<\/strong><\/p>\n<p>En el entorno de Kicillof plantean que se debe reducir la circulaci\u00f3n de personas para detener los contagios de Covid-19 y que el sistema no se sature mientras se avanza con la campa\u00f1a de vacunaci\u00f3n.<\/p>\n<p>En ese sentido, celebraron que con el arribo de nuevas dosis, la semana pr\u00f3xima se completar\u00e1 la inmunizaci\u00f3n de los sectores denominados \u00abde riesgo\u00bb.<\/p>\n<blockquote class=\"twitter-tweet\" data-width=\"500\" data-dnt=\"true\">\n<p lang=\"es\" dir=\"ltr\">Informe diario de la situaci\u00f3n del <a href=\"https:\/\/twitter.com\/hashtag\/Coronavirus?src=hash&amp;ref_src=twsrc%5Etfw\">#Coronavirus<\/a> en la Provincia al d\u00eda 22 de abril.<\/p>\n<p>M\u00e1s informaci\u00f3n ac\u00e1\ud83d\udc47<a href=\"https:\/\/t.co\/H2OB7OfLtk\">https:\/\/t.co\/H2OB7OfLtk<\/a> <a href=\"https:\/\/t.co\/6wXcKz9Z5l\">pic.twitter.com\/6wXcKz9Z5l<\/a><\/p>\n<p>&mdash; Gobierno PBA (@BAProvincia) <a href=\"https:\/\/twitter.com\/BAProvincia\/status\/1385194155278835715?ref_src=twsrc%5Etfw\">April 22, 2021<\/a><\/p><\/blockquote>\n<p><script async src=\"https:\/\/platform.twitter.com\/widgets.js\" charset=\"utf-8\"><\/script><\/p>\n<p>La cartera sanitaria precis\u00f3 que<strong>\u00a0el total de vacunas aplicadas hasta el momento en territorio bonaerense llega a 2.596.762\u00a0<\/strong>(2.327.628 con la primera dosis y 269.134 con la segunda) y ya son 6.198.695 los ciudadanos que se anotaron para inmunizarse a contra la Covid-19.<\/p>\n<p>Paralelamente,<strong>\u00a0la ministra de Gobierno bonaerense, Teresa Garc\u00eda<\/strong>, asegur\u00f3 este jueves que con las restricciones adoptadas para frenar los contagios de coronavirus\u00a0<strong>\u00abno se est\u00e1 discutiendo pol\u00edtica educativa, sino sanitaria\u00bb<\/strong>\u00a0y asever\u00f3 que la situaci\u00f3n actual \u00abes m\u00e1s que alarmante\u00bb.<\/p>\n<p>De esa manera, se refiri\u00f3 a la pol\u00e9mica generada a partir de la decisi\u00f3n del jefe de Gobierno porte\u00f1o, Horacio Rodr\u00edguez Larreta, de no acatar el fallo que le orden\u00f3 suspender las clases presenciales ante la segunda ola de Covid-19.<\/p>\n<p>En declaraciones a las radios Nacional y La Red, Garc\u00eda cont\u00f3 que en territorio bonaerense se analiza la evoluci\u00f3n de los contagios dos veces por d\u00eda y anticip\u00f3 que para el lunes pr\u00f3ximo habr\u00e1 un panorama m\u00e1s definido sobre el resultado de las medidas restrictivas.<\/p>\n<p>\u00abAnalizaremos entre el fin de semana y el lunes el impacto de las medidas que hemos tomado.\u00a0<strong>Si se comprueba que la gente se cuid\u00f3, que no hubo fiestas clandestinas, que se logr\u00f3 frenar la curva y comienzan a bajar los casos, se puede ir pensando en retomar las clases presenciales<\/strong>\u00ab, plante\u00f3.<\/p>\n<p>Sostuvo que \u00abcreer que estamos en medio de una discusi\u00f3n de pol\u00edtica educativa es un error\u00bb y subray\u00f3 que, adem\u00e1s, \u00abno es que se han suspendido las clases, sino que<strong>\u00a0lo que se ha suspendido es la presencialidad en 35 municipios del AMBA y cuatro del interior<\/strong>\u00ab.<\/p>\n<blockquote class=\"twitter-tweet\" data-width=\"500\" data-dnt=\"true\">\n<p lang=\"es\" dir=\"ltr\">Ya est\u00e1n las nuevas camas en el Hospital Bocalandro de <a href=\"https:\/\/twitter.com\/hashtag\/TresDeFebrero?src=hash&amp;ref_src=twsrc%5Etfw\">#TresDeFebrero<\/a>. Esta ampliaci\u00f3n de 250 camas es a lo largo y a lo ancho de <a href=\"https:\/\/twitter.com\/BAProvincia?ref_src=twsrc%5Etfw\">@BAProvincia<\/a> y el incremento alcanza el 275%. Cuando comenz\u00f3 la pandemia ten\u00edamos 883 camas en el sector p\u00fablico que se completaron en Julio pasado. <a href=\"https:\/\/t.co\/kAxiVLLavk\">pic.twitter.com\/kAxiVLLavk<\/a><\/p>\n<p>&mdash; Nicol\u00e1s Kreplak (@nkreplak) <a href=\"https:\/\/twitter.com\/nkreplak\/status\/1384862610026209284?ref_src=twsrc%5Etfw\">April 21, 2021<\/a><\/p><\/blockquote>\n<p><script async src=\"https:\/\/platform.twitter.com\/widgets.js\" charset=\"utf-8\"><\/script><\/p>\n<h3 class=\"auth\"><em><strong>Clases presenciales<\/strong><\/em><\/h3>\n<p>Este jueves, el Poder Ejecutivo provincial oficializ\u00f3 la\u00a0<strong>suspensi\u00f3n de clases presenciales por 15 d\u00edas<\/strong>, desde el lunes pr\u00f3ximo, en los municipios de Bol\u00edvar, Castelli, Z\u00e1rate y algunas localidades de General Villegas, con el objetivo de reducir la circulaci\u00f3n y bajar los contagios.<\/p>\n<p>La medida fue dispuesta a trav\u00e9s de la resoluci\u00f3n conjunta 61 del jefe de Gabinete, Carlos Bianco, y la directora general de Cultura y Educaci\u00f3n, Agustina Vila, publicada en el Bolet\u00edn Oficial del distrito.<\/p>\n<p>Se trata de municipios que pasaron a Fase 2, al igual que los 35 distritos del AMBA, por registrarse all\u00ed un crecimiento exponencial de contagios de Covid-19.<\/p>\n<p>As\u00ed, Garc\u00eda remarc\u00f3 que\u00a0<strong>\u00abhay clases presenciales en m\u00e1s de 90 municipios\u00bb<\/strong>.<\/p>\n","protected":false},"excerpt":{"rendered":"<p>En el \u00c1rea Metropolitana de Buenos Aires existe una\u00a0ocupaci\u00f3n de camas de terapia intensiva del 75,61%, mientras que en el interior de la provincia el porcentual es de 52,48%.<\/p>\n","protected":false},"author":3,"featured_media":0,"comment_status":"closed","ping_status":"open","sticky":false,"template":"","format":"standard","meta":{"footnotes":""},"categories":[24,30],"tags":[],"class_list":["post-55802","post","type-post","status-publish","format-standard","hentry","category-politica","category-salud"],"yoast_head":"<!-- This site is optimized with the Yoast SEO plugin v25.9 - https:\/\/yoast.com\/wordpress\/plugins\/seo\/ -->\n<title>Funcionarios bonaerenses advierten sobre un inminente &quot;colapso sanitario&quot; - Noticias Radio Reflejos<\/title>\n<meta name=\"robots\" content=\"index, follow, max-snippet:-1, max-image-preview:large, max-video-preview:-1\" \/>\n<link rel=\"canonical\" href=\"https:\/\/www.noticiasradioreflejos.com.ar\/2021\/funcionarios-bonaerenses-advierten-sobre-un-inminente-colapso-sanitario\/\" \/>\n<meta property=\"og:locale\" content=\"es_ES\" \/>\n<meta property=\"og:type\" content=\"article\" \/>\n<meta property=\"og:title\" content=\"Funcionarios bonaerenses advierten sobre un inminente &quot;colapso sanitario&quot; - Noticias Radio Reflejos\" \/>\n<meta property=\"og:description\" content=\"En el \u00c1rea Metropolitana de Buenos Aires existe una\u00a0ocupaci\u00f3n de camas de terapia intensiva del 75,61%, mientras que en el interior de la provincia el porcentual es de 52,48%.\" \/>\n<meta property=\"og:url\" content=\"https:\/\/www.noticiasradioreflejos.com.ar\/2021\/funcionarios-bonaerenses-advierten-sobre-un-inminente-colapso-sanitario\/\" \/>\n<meta property=\"og:site_name\" content=\"Noticias Radio Reflejos\" \/>\n<meta property=\"article:published_time\" content=\"2021-04-22T21:42:15+00:00\" \/>\n<meta property=\"og:image\" content=\"https:\/\/www.telam.com.ar\/advf\/imagenes\/2021\/04\/607ec23418565_1004x565.jpg\" \/>\n<meta name=\"author\" content=\"Arnaldo Botto\" \/>\n<meta name=\"twitter:card\" content=\"summary_large_image\" \/>\n<script type=\"application\/ld+json\" class=\"yoast-schema-graph\">{\"@context\":\"https:\/\/schema.org\",\"@graph\":[{\"@type\":\"WebPage\",\"@id\":\"https:\/\/www.noticiasradioreflejos.com.ar\/2021\/funcionarios-bonaerenses-advierten-sobre-un-inminente-colapso-sanitario\/\",\"url\":\"https:\/\/www.noticiasradioreflejos.com.ar\/2021\/funcionarios-bonaerenses-advierten-sobre-un-inminente-colapso-sanitario\/\",\"name\":\"Funcionarios bonaerenses advierten sobre un inminente \\\"colapso sanitario\\\" - Noticias Radio Reflejos\",\"isPartOf\":{\"@id\":\"https:\/\/www.noticiasradioreflejos.com.ar\/2021\/#website\"},\"primaryImageOfPage\":{\"@id\":\"https:\/\/www.noticiasradioreflejos.com.ar\/2021\/funcionarios-bonaerenses-advierten-sobre-un-inminente-colapso-sanitario\/#primaryimage\"},\"image\":{\"@id\":\"https:\/\/www.noticiasradioreflejos.com.ar\/2021\/funcionarios-bonaerenses-advierten-sobre-un-inminente-colapso-sanitario\/#primaryimage\"},\"thumbnailUrl\":\"https:\/\/www.telam.com.ar\/advf\/imagenes\/2021\/04\/607ec23418565_1004x565.jpg\",\"datePublished\":\"2021-04-22T21:42:15+00:00\",\"author\":{\"@id\":\"https:\/\/www.noticiasradioreflejos.com.ar\/2021\/#\/schema\/person\/ad82545263dcc5ec0996818884fd5fb1\"},\"breadcrumb\":{\"@id\":\"https:\/\/www.noticiasradioreflejos.com.ar\/2021\/funcionarios-bonaerenses-advierten-sobre-un-inminente-colapso-sanitario\/#breadcrumb\"},\"inLanguage\":\"es\",\"potentialAction\":[{\"@type\":\"ReadAction\",\"target\":[\"https:\/\/www.noticiasradioreflejos.com.ar\/2021\/funcionarios-bonaerenses-advierten-sobre-un-inminente-colapso-sanitario\/\"]}]},{\"@type\":\"ImageObject\",\"inLanguage\":\"es\",\"@id\":\"https:\/\/www.noticiasradioreflejos.com.ar\/2021\/funcionarios-bonaerenses-advierten-sobre-un-inminente-colapso-sanitario\/#primaryimage\",\"url\":\"https:\/\/www.telam.com.ar\/advf\/imagenes\/2021\/04\/607ec23418565_1004x565.jpg\",\"contentUrl\":\"https:\/\/www.telam.com.ar\/advf\/imagenes\/2021\/04\/607ec23418565_1004x565.jpg\"},{\"@type\":\"BreadcrumbList\",\"@id\":\"https:\/\/www.noticiasradioreflejos.com.ar\/2021\/funcionarios-bonaerenses-advierten-sobre-un-inminente-colapso-sanitario\/#breadcrumb\",\"itemListElement\":[{\"@type\":\"ListItem\",\"position\":1,\"name\":\"Portada\",\"item\":\"https:\/\/www.noticiasradioreflejos.com.ar\/2021\/\"},{\"@type\":\"ListItem\",\"position\":2,\"name\":\"Funcionarios bonaerenses advierten sobre un inminente \u00abcolapso sanitario\u00bb\"}]},{\"@type\":\"WebSite\",\"@id\":\"https:\/\/www.noticiasradioreflejos.com.ar\/2021\/#website\",\"url\":\"https:\/\/www.noticiasradioreflejos.com.ar\/2021\/\",\"name\":\"Noticias Radio Reflejos\",\"description\":\"Las noticias de mi comarca\",\"potentialAction\":[{\"@type\":\"SearchAction\",\"target\":{\"@type\":\"EntryPoint\",\"urlTemplate\":\"https:\/\/www.noticiasradioreflejos.com.ar\/2021\/?s={search_term_string}\"},\"query-input\":{\"@type\":\"PropertyValueSpecification\",\"valueRequired\":true,\"valueName\":\"search_term_string\"}}],\"inLanguage\":\"es\"},{\"@type\":\"Person\",\"@id\":\"https:\/\/www.noticiasradioreflejos.com.ar\/2021\/#\/schema\/person\/ad82545263dcc5ec0996818884fd5fb1\",\"name\":\"Arnaldo Botto\",\"image\":{\"@type\":\"ImageObject\",\"inLanguage\":\"es\",\"@id\":\"https:\/\/www.noticiasradioreflejos.com.ar\/2021\/#\/schema\/person\/image\/\",\"url\":\"https:\/\/secure.gravatar.com\/avatar\/55cb5e37c1efa326397366e6974cb338056df65cb50e7d64d1cf314e87504837?s=96&d=mm&r=g\",\"contentUrl\":\"https:\/\/secure.gravatar.com\/avatar\/55cb5e37c1efa326397366e6974cb338056df65cb50e7d64d1cf314e87504837?s=96&d=mm&r=g\",\"caption\":\"Arnaldo Botto\"},\"url\":\"https:\/\/www.noticiasradioreflejos.com.ar\/2021\/author\/arnaldo\/\"}]}<\/script>\n<!-- \/ Yoast SEO plugin. -->","yoast_head_json":{"title":"Funcionarios bonaerenses advierten sobre un inminente \"colapso sanitario\" - Noticias Radio Reflejos","robots":{"index":"index","follow":"follow","max-snippet":"max-snippet:-1","max-image-preview":"max-image-preview:large","max-video-preview":"max-video-preview:-1"},"canonical":"https:\/\/www.noticiasradioreflejos.com.ar\/2021\/funcionarios-bonaerenses-advierten-sobre-un-inminente-colapso-sanitario\/","og_locale":"es_ES","og_type":"article","og_title":"Funcionarios bonaerenses advierten sobre un inminente \"colapso sanitario\" - Noticias Radio Reflejos","og_description":"En el \u00c1rea Metropolitana de Buenos Aires existe una\u00a0ocupaci\u00f3n de camas de terapia intensiva del 75,61%, mientras que en el interior de la provincia el porcentual es de 52,48%.","og_url":"https:\/\/www.noticiasradioreflejos.com.ar\/2021\/funcionarios-bonaerenses-advierten-sobre-un-inminente-colapso-sanitario\/","og_site_name":"Noticias Radio Reflejos","article_published_time":"2021-04-22T21:42:15+00:00","og_image":[{"url":"https:\/\/www.telam.com.ar\/advf\/imagenes\/2021\/04\/607ec23418565_1004x565.jpg","type":"","width":"","height":""}],"author":"Arnaldo Botto","twitter_card":"summary_large_image","schema":{"@context":"https:\/\/schema.org","@graph":[{"@type":"WebPage","@id":"https:\/\/www.noticiasradioreflejos.com.ar\/2021\/funcionarios-bonaerenses-advierten-sobre-un-inminente-colapso-sanitario\/","url":"https:\/\/www.noticiasradioreflejos.com.ar\/2021\/funcionarios-bonaerenses-advierten-sobre-un-inminente-colapso-sanitario\/","name":"Funcionarios bonaerenses advierten sobre un inminente \"colapso sanitario\" - Noticias Radio Reflejos","isPartOf":{"@id":"https:\/\/www.noticiasradioreflejos.com.ar\/2021\/#website"},"primaryImageOfPage":{"@id":"https:\/\/www.noticiasradioreflejos.com.ar\/2021\/funcionarios-bonaerenses-advierten-sobre-un-inminente-colapso-sanitario\/#primaryimage"},"image":{"@id":"https:\/\/www.noticiasradioreflejos.com.ar\/2021\/funcionarios-bonaerenses-advierten-sobre-un-inminente-colapso-sanitario\/#primaryimage"},"thumbnailUrl":"https:\/\/www.telam.com.ar\/advf\/imagenes\/2021\/04\/607ec23418565_1004x565.jpg","datePublished":"2021-04-22T21:42:15+00:00","author":{"@id":"https:\/\/www.noticiasradioreflejos.com.ar\/2021\/#\/schema\/person\/ad82545263dcc5ec0996818884fd5fb1"},"breadcrumb":{"@id":"https:\/\/www.noticiasradioreflejos.com.ar\/2021\/funcionarios-bonaerenses-advierten-sobre-un-inminente-colapso-sanitario\/#breadcrumb"},"inLanguage":"es","potentialAction":[{"@type":"ReadAction","target":["https:\/\/www.noticiasradioreflejos.com.ar\/2021\/funcionarios-bonaerenses-advierten-sobre-un-inminente-colapso-sanitario\/"]}]},{"@type":"ImageObject","inLanguage":"es","@id":"https:\/\/www.noticiasradioreflejos.com.ar\/2021\/funcionarios-bonaerenses-advierten-sobre-un-inminente-colapso-sanitario\/#primaryimage","url":"https:\/\/www.telam.com.ar\/advf\/imagenes\/2021\/04\/607ec23418565_1004x565.jpg","contentUrl":"https:\/\/www.telam.com.ar\/advf\/imagenes\/2021\/04\/607ec23418565_1004x565.jpg"},{"@type":"BreadcrumbList","@id":"https:\/\/www.noticiasradioreflejos.com.ar\/2021\/funcionarios-bonaerenses-advierten-sobre-un-inminente-colapso-sanitario\/#breadcrumb","itemListElement":[{"@type":"ListItem","position":1,"name":"Portada","item":"https:\/\/www.noticiasradioreflejos.com.ar\/2021\/"},{"@type":"ListItem","position":2,"name":"Funcionarios bonaerenses advierten sobre un inminente \u00abcolapso sanitario\u00bb"}]},{"@type":"WebSite","@id":"https:\/\/www.noticiasradioreflejos.com.ar\/2021\/#website","url":"https:\/\/www.noticiasradioreflejos.com.ar\/2021\/","name":"Noticias Radio Reflejos","description":"Las noticias de mi comarca","potentialAction":[{"@type":"SearchAction","target":{"@type":"EntryPoint","urlTemplate":"https:\/\/www.noticiasradioreflejos.com.ar\/2021\/?s={search_term_string}"},"query-input":{"@type":"PropertyValueSpecification","valueRequired":true,"valueName":"search_term_string"}}],"inLanguage":"es"},{"@type":"Person","@id":"https:\/\/www.noticiasradioreflejos.com.ar\/2021\/#\/schema\/person\/ad82545263dcc5ec0996818884fd5fb1","name":"Arnaldo Botto","image":{"@type":"ImageObject","inLanguage":"es","@id":"https:\/\/www.noticiasradioreflejos.com.ar\/2021\/#\/schema\/person\/image\/","url":"https:\/\/secure.gravatar.com\/avatar\/55cb5e37c1efa326397366e6974cb338056df65cb50e7d64d1cf314e87504837?s=96&d=mm&r=g","contentUrl":"https:\/\/secure.gravatar.com\/avatar\/55cb5e37c1efa326397366e6974cb338056df65cb50e7d64d1cf314e87504837?s=96&d=mm&r=g","caption":"Arnaldo Botto"},"url":"https:\/\/www.noticiasradioreflejos.com.ar\/2021\/author\/arnaldo\/"}]}},"_links":{"self":[{"href":"https:\/\/www.noticiasradioreflejos.com.ar\/2021\/wp-json\/wp\/v2\/posts\/55802","targetHints":{"allow":["GET"]}}],"collection":[{"href":"https:\/\/www.noticiasradioreflejos.com.ar\/2021\/wp-json\/wp\/v2\/posts"}],"about":[{"href":"https:\/\/www.noticiasradioreflejos.com.ar\/2021\/wp-json\/wp\/v2\/types\/post"}],"author":[{"embeddable":true,"href":"https:\/\/www.noticiasradioreflejos.com.ar\/2021\/wp-json\/wp\/v2\/users\/3"}],"replies":[{"embeddable":true,"href":"https:\/\/www.noticiasradioreflejos.com.ar\/2021\/wp-json\/wp\/v2\/comments?post=55802"}],"version-history":[{"count":0,"href":"https:\/\/www.noticiasradioreflejos.com.ar\/2021\/wp-json\/wp\/v2\/posts\/55802\/revisions"}],"wp:attachment":[{"href":"https:\/\/www.noticiasradioreflejos.com.ar\/2021\/wp-json\/wp\/v2\/media?parent=55802"}],"wp:term":[{"taxonomy":"category","embeddable":true,"href":"https:\/\/www.noticiasradioreflejos.com.ar\/2021\/wp-json\/wp\/v2\/categories?post=55802"},{"taxonomy":"post_tag","embeddable":true,"href":"https:\/\/www.noticiasradioreflejos.com.ar\/2021\/wp-json\/wp\/v2\/tags?post=55802"}],"curies":[{"name":"wp","href":"https:\/\/api.w.org\/{rel}","templated":true}]}}