{"id":55798,"date":"2021-04-22T18:03:50","date_gmt":"2021-04-22T21:03:50","guid":{"rendered":"http:\/\/www.noticiasradioreflejos.com.ar\/noticias\/?p=55798"},"modified":"2021-04-22T18:03:50","modified_gmt":"2021-04-22T21:03:50","slug":"coronavirus-en-argentina-confirmaron-537-muertes-en-las-ultimas-24-horas-el-numero-mas-alto-desde-que-comenzo-la-pandemia","status":"publish","type":"post","link":"https:\/\/www.noticiasradioreflejos.com.ar\/2021\/coronavirus-en-argentina-confirmaron-537-muertes-en-las-ultimas-24-horas-el-numero-mas-alto-desde-que-comenzo-la-pandemia\/","title":{"rendered":"Coronavirus en Argentina: confirmaron 537 muertes en las \u00faltimas 24 horas, el n\u00famero m\u00e1s alto desde que comenz\u00f3 la pandemia"},"content":{"rendered":"<p>La cifra m\u00e1s alta de fallecidos hab\u00eda sido 515 el 9 de octubre del a\u00f1o pasado. Adem\u00e1s, el Ministerio de Salud inform\u00f3 27.216 nuevos contagios<!--more--><\/p>\n<header>\n<div class=\"article-header \">\u00a0<a title=\"casos covid\" href=\"http:\/\/live.staticflickr.com\/65535\/51132092876_a0a6f30e0d_s.jpg\" rel=\"\"><img loading=\"lazy\" decoding=\"async\" class=\"aligncenter\" title=\"casos covid\" src=\"http:\/\/live.staticflickr.com\/65535\/51132092876_4355a51d75_o.jpg\" alt=\"casos covid\" width=\"702\" height=\"426\" \/><\/a><\/div>\n<\/header>\n<article class=\"article | col widescreen-8 desktop-8 tablet-12 width_full\">\n<div class=\"nd-body-article\">\n<div class=\"margin_1 align_items_center width_full\"><\/div>\n<p class=\"paragraph\">El Ministerio de Salud de la Naci\u00f3n inform\u00f3 este jueves 22 de abril que, en las \u00faltimas 24 horas,\u00a0<b>se registraron 537 muertes y 27.216 nuevos contagios de coronavirus.<\/b>\u00a0Con estos n\u00fameros, el total de infectados desde que comenz\u00f3 la pandemia asciende a 2.796.768 y las v\u00edctimas fatales son 60.620.<\/p>\n<p class=\"paragraph\"><mark class=\"hl_yellow\"><b>La cifra de fallecidos registrados en las \u00faltimas 24 horas es la m\u00e1s alta para una jornada desde que comenz\u00f3 la pandemia.<\/b><\/mark>\u00a0El r\u00e9cord anterior hab\u00eda sido el 9 de octubre del a\u00f1o pasado, cuando se informaron 515 muertes.<\/p>\n<p class=\"paragraph\">Es importante aclarar que\u00a0<b>el 1 de octubre de 2020, el Ministerio de Salud de la Naci\u00f3n inform\u00f3 3.352 muertes.<\/b>\u00a0Sin embargo, 3.199 correspond\u00edan a los datos que la provincia de Buenos Aires dio a conocer cuando modificaron la metodolog\u00eda de carga.<\/p>\n<p class=\"paragraph\"><mark class=\"hl_yellow\"><b>En las \u00faltimas 24 horas fueron realizados 99.323 testeo<\/b><b>s,\u00a0<\/b><b>con un 27,4% de positividad.<\/b><\/mark><b>\u00a0<\/b>Desde el inicio del brote, se llevaron a cabo 10.521.258 pruebas diagn\u00f3sticas para esta enfermedad.\u00a0<b>A la fecha, se registran 286.355 casos positivos activos en todo el pa\u00eds y 2.449.793 recuperados.<\/b><\/p>\n<div class=\"margin_1 align_items_center width_full\">\n<div class=\"flourish-embed flourish-chart\" data-src=\"visualisation\/1739991\">\n<p><iframe loading=\"lazy\" title=\"Interactive or visual content\" src=\"https:\/\/flo.uri.sh\/visualisation\/1739991\/embed?auto=1\" width=\"300\" height=\"150\" frameborder=\"0\" scrolling=\"no\" sandbox=\"allow-same-origin allow-forms allow-scripts allow-downloads allow-popups allow-popups-to-escape-sandbox allow-top-navigation-by-user-activation\"><\/iframe><\/p>\n<div class=\"flourish-credit\"><a href=\"https:\/\/public.flourish.studio\/visualisation\/1739991\/?utm_source=showcase&amp;utm_campaign=visualisation\/1739991\" target=\"_top\" rel=\"noopener\"><img decoding=\"async\" src=\"https:\/\/public.flourish.studio\/resources\/bosh.svg\" alt=\"Flourish logo\" \/>A Flourish chart<\/a><\/div>\n<\/div>\n<\/div>\n<p class=\"paragraph\"><mark class=\"hl_yellow\"><b>Del total de muertes, 322 son hombres<\/b><\/mark>\u00a0(192 de la provincia de Buenos Aires, 32 de la ciudad de Buenos Aires, seis de Chaco, 12 de Corrientes, 10 de C\u00f3rdoba, cinco de Entre R\u00edos, uno de Formosa, cuatro de Jujuy, cuatro de La Pampa, uno de La Rioja, 11 de Mendoza, dos de Misiones, seis de Neuqu\u00e9n, tres de R\u00edo Negro, uno de Salta, dos de San Luis, tres de Santa Cruz, 23 de Santa Fe y cuatro de Tucum\u00e1n) y<mark class=\"hl_yellow\"><b>\u00a0212 son mujeres<\/b><\/mark>\u00a0(132 de la provincia de Buenos Aires, 25 de la ciudad de Buenos Aires, cuatro de Corrientes, ocho de C\u00f3rdoba, una de Entre R\u00edos, una de Formosa, dos de Jujuy, dos de La Pampa, ocho de Mendoza, dos de Misiones, dos de Neuqu\u00e9n, dos de R\u00edo Negro, una de Salta, dos de San Juan, una de San Luis, 14 de Santa Fe, una de Santiago del Estero y dos de Tucum\u00e1n).<\/p>\n<p class=\"paragraph\">Tres personas (una de la provincia de Buenos Aires, una de la ciudad de Buenos Aires y una de Entre R\u00edos) fueron registradas sin datos de sexo.<\/p>\n<div class=\"margin_1 align_items_center width_full\">\n<div class=\"flourish-embed flourish-chart\" data-src=\"visualisation\/1608435\">\n<p><iframe loading=\"lazy\" title=\"Interactive or visual content\" src=\"https:\/\/flo.uri.sh\/visualisation\/1608435\/embed?auto=1\" width=\"300\" height=\"150\" frameborder=\"0\" scrolling=\"no\" sandbox=\"allow-same-origin allow-forms allow-scripts allow-downloads allow-popups allow-popups-to-escape-sandbox allow-top-navigation-by-user-activation\"><\/iframe><\/p>\n<div class=\"flourish-credit\"><a href=\"https:\/\/public.flourish.studio\/visualisation\/1608435\/?utm_source=showcase&amp;utm_campaign=visualisation\/1608435\" target=\"_top\" rel=\"noopener\"><img decoding=\"async\" src=\"https:\/\/public.flourish.studio\/resources\/bosh.svg\" alt=\"Flourish logo\" \/>A Flourish chart<\/a><\/div>\n<\/div>\n<\/div>\n<p class=\"paragraph\">De los 27.216, 12.949 de la provincia de Buenos Aires, 3.560 de la ciudad de Buenos Aires, 203 de Catamarca, 183 de Chaco, 227 de Chubut, 337 de Corrientes, 1.805 de C\u00f3rdoba, 640 de Entre R\u00edos, 127 de Formosa, 105 de Jujuy, 260 de La Pampa, 73 de La Rioja, 1.036 de Mendoza, 168 de Misiones, 231 de Neuqu\u00e9n, 316 de R\u00edo Negro, 262 de Salta, 347 de San Juan, 783 de San Luis, 197 de Santa Cruz, 2.059 de Santa Fe, 297 de Santiago del Estero, 136 de Tierra del Fuego y 915 de Tucum\u00e1n.<\/p>\n<p class=\"paragraph\">Seg\u00fan indica el parte epidemiol\u00f3gico,\u00a0<b>en Argentina hay 4.791 personas con coronavirus internadas en terapia intensiva.<\/b>\u00a0El porcentaje de ocupaci\u00f3n de camas a nivel nacional es del 65,6% y en el \u00c1rea Metropolitana de Buenos Aires (AMBA) del 75,3%.<\/p>\n<p class=\"paragraph\">El ministro de Salud de la ciudad de Buenos Aires,\u00a0<b>Fern\u00e1n Quir\u00f3s<\/b>, reconoci\u00f3 la saturaci\u00f3n del sistema sanitario de la Ciudad, al revelar que\u00a0<mark class=\"hl_yellow\"><b>el nivel de ocupaci\u00f3n de camas en las unidades de terapia intensiva (UTI) en los sanatorios y cl\u00ednicas privadas \u201cest\u00e1 por arriba del 95%\u201d<\/b><\/mark><b>,<\/b>\u00a0mientras en los hospitales p\u00fablicos ese indicador clave lleg\u00f3 al 71.7% el mi\u00e9rcoles.<\/p>\n<div class=\"margin_1 align_items_center width_full\">\n<div class=\"flourish-embed flourish-map\" data-src=\"visualisation\/1608973\">\n<p><iframe loading=\"lazy\" title=\"Interactive or visual content\" src=\"https:\/\/flo.uri.sh\/visualisation\/1608973\/embed?auto=1\" width=\"300\" height=\"150\" frameborder=\"0\" scrolling=\"no\" sandbox=\"allow-same-origin allow-forms allow-scripts allow-downloads allow-popups allow-popups-to-escape-sandbox allow-top-navigation-by-user-activation\"><\/iframe><\/p>\n<div class=\"flourish-credit\"><a href=\"https:\/\/flourish.studio\/visualisations\/maps\/?utm_source=showcase&amp;utm_campaign=visualisation\/1608973\" target=\"_top\" rel=\"noopener\"><img decoding=\"async\" src=\"https:\/\/public.flourish.studio\/resources\/bosh.svg\" alt=\"Flourish logo\" \/>A Flourish map<\/a><\/div>\n<\/div>\n<\/div>\n<p class=\"paragraph\">De esta manera, la ocupaci\u00f3n de camas con pacientes COVID graves\u00a0<b>super\u00f3 el r\u00e9cord registrado el pasado 13 de agosto<\/b>\u00a0con el 69% (312) de 450 camas disponibles en la Ciudad de Buenos Aires.<\/p>\n<p class=\"paragraph\"><b>Infobae<\/b>\u00a0constat\u00f3 que\u00a0<a href=\"https:\/\/www.infobae.com\/politica\/2021\/04\/22\/llegaran-a-la-argentina-un-millon-de-vacunas-sinopharm-y-se-le-aplicaran-a-quienes-ya-tengan-la-primera-dosis\/\" target=\"_blank\" rel=\"noopener\">en los pr\u00f3ximos d\u00edas saldr\u00e1n tres vuelos rumbo a Beijing<\/a>, la capital de la Rep\u00fablica Popular China, para traer un mill\u00f3n de dosis de la vacuna Sinopharm, fabricada en el pa\u00eds asi\u00e1tico. El gobierno nacional, por recomendaci\u00f3n del ministerio de Salud, determin\u00f3 que<b>\u00a0<\/b><mark class=\"hl_yellow\"><b>todas estas vacunas se destinar\u00e1n a la aplicaci\u00f3n de la segunda dosis a quienes recibieron la primera aplicaci\u00f3n, entre ellos 500.000 docentes de todo el pa\u00eds.<\/b><\/mark><\/p>\n<p class=\"paragraph\">El primer avi\u00f3n de Aerol\u00edneas Argentinas despegar\u00e1\u00a0<b>ma\u00f1ana viernes por la madrugada y podr\u00e1 cargar 384.000 dosis. Al d\u00eda siguiente, tambi\u00e9n a la madrugada, partir\u00e1 otro vuelo de la l\u00ednea de bandera que depositar\u00e1 en sus bodegas otras 371.200.<\/b><\/p>\n<div class=\"margin_1 align_items_center width_full\">\n<div class=\"flourish-embed flourish-table\" data-src=\"visualisation\/1648105\">\n<p><iframe loading=\"lazy\" title=\"Interactive or visual content\" src=\"https:\/\/flo.uri.sh\/visualisation\/1648105\/embed?auto=1\" width=\"300\" height=\"150\" frameborder=\"0\" scrolling=\"no\" sandbox=\"allow-same-origin allow-forms allow-scripts allow-downloads allow-popups allow-popups-to-escape-sandbox allow-top-navigation-by-user-activation\"><\/iframe><\/p>\n<div class=\"flourish-credit\"><a href=\"https:\/\/public.flourish.studio\/visualisation\/1648105\/?utm_source=showcase&amp;utm_campaign=visualisation\/1648105\" target=\"_top\" rel=\"noopener\"><img decoding=\"async\" src=\"https:\/\/public.flourish.studio\/resources\/bosh.svg\" alt=\"Flourish logo\" \/>A Flourish data visualization<\/a><\/div>\n<\/div>\n<\/div>\n<p class=\"paragraph\"><b>Para completar este mill\u00f3n -y para acelerar la log\u00edstica- se tuvo que recurrir a una aeronave de la empresa de aviaci\u00f3n alemana, Lufthansa, que trasladar\u00e1 a las 244.800 que restan<\/b>.<b>\u00a0<\/b>Antes de que finalice este mes podr\u00eda completarse la compra total de los 4 millones de Sinopharm que adquiri\u00f3 Argentina. Desde a\u00fan no confirmaron la disponibilidad.<\/p>\n<p>&nbsp;<\/p>\n<\/div>\n<\/article>\n","protected":false},"excerpt":{"rendered":"<p>La cifra m\u00e1s alta de fallecidos hab\u00eda sido 515 el 9 de octubre del a\u00f1o pasado. Adem\u00e1s, el Ministerio de Salud inform\u00f3 27.216 nuevos contagios<\/p>\n","protected":false},"author":3,"featured_media":0,"comment_status":"closed","ping_status":"open","sticky":false,"template":"","format":"standard","meta":{"footnotes":""},"categories":[30],"tags":[],"class_list":["post-55798","post","type-post","status-publish","format-standard","hentry","category-salud"],"yoast_head":"<!-- This site is optimized with the Yoast SEO plugin v25.9 - https:\/\/yoast.com\/wordpress\/plugins\/seo\/ -->\n<title>Coronavirus en Argentina: confirmaron 537 muertes en las \u00faltimas 24 horas, el n\u00famero m\u00e1s alto desde que comenz\u00f3 la pandemia - Noticias Radio Reflejos<\/title>\n<meta name=\"robots\" content=\"index, follow, max-snippet:-1, max-image-preview:large, max-video-preview:-1\" \/>\n<link rel=\"canonical\" href=\"https:\/\/www.noticiasradioreflejos.com.ar\/2021\/coronavirus-en-argentina-confirmaron-537-muertes-en-las-ultimas-24-horas-el-numero-mas-alto-desde-que-comenzo-la-pandemia\/\" \/>\n<meta property=\"og:locale\" content=\"es_ES\" \/>\n<meta property=\"og:type\" content=\"article\" \/>\n<meta property=\"og:title\" content=\"Coronavirus en Argentina: confirmaron 537 muertes en las \u00faltimas 24 horas, el n\u00famero m\u00e1s alto desde que comenz\u00f3 la pandemia - Noticias Radio Reflejos\" \/>\n<meta property=\"og:description\" content=\"La cifra m\u00e1s alta de fallecidos hab\u00eda sido 515 el 9 de octubre del a\u00f1o pasado. Adem\u00e1s, el Ministerio de Salud inform\u00f3 27.216 nuevos contagios\" \/>\n<meta property=\"og:url\" content=\"https:\/\/www.noticiasradioreflejos.com.ar\/2021\/coronavirus-en-argentina-confirmaron-537-muertes-en-las-ultimas-24-horas-el-numero-mas-alto-desde-que-comenzo-la-pandemia\/\" \/>\n<meta property=\"og:site_name\" content=\"Noticias Radio Reflejos\" \/>\n<meta property=\"article:published_time\" content=\"2021-04-22T21:03:50+00:00\" \/>\n<meta property=\"og:image\" content=\"http:\/\/live.staticflickr.com\/65535\/51132092876_4355a51d75_o.jpg\" \/>\n<meta name=\"author\" content=\"Arnaldo Botto\" \/>\n<meta name=\"twitter:card\" content=\"summary_large_image\" \/>\n<script type=\"application\/ld+json\" class=\"yoast-schema-graph\">{\"@context\":\"https:\/\/schema.org\",\"@graph\":[{\"@type\":\"WebPage\",\"@id\":\"https:\/\/www.noticiasradioreflejos.com.ar\/2021\/coronavirus-en-argentina-confirmaron-537-muertes-en-las-ultimas-24-horas-el-numero-mas-alto-desde-que-comenzo-la-pandemia\/\",\"url\":\"https:\/\/www.noticiasradioreflejos.com.ar\/2021\/coronavirus-en-argentina-confirmaron-537-muertes-en-las-ultimas-24-horas-el-numero-mas-alto-desde-que-comenzo-la-pandemia\/\",\"name\":\"Coronavirus en Argentina: confirmaron 537 muertes en las \u00faltimas 24 horas, el n\u00famero m\u00e1s alto desde que comenz\u00f3 la pandemia - Noticias Radio Reflejos\",\"isPartOf\":{\"@id\":\"https:\/\/www.noticiasradioreflejos.com.ar\/2021\/#website\"},\"primaryImageOfPage\":{\"@id\":\"https:\/\/www.noticiasradioreflejos.com.ar\/2021\/coronavirus-en-argentina-confirmaron-537-muertes-en-las-ultimas-24-horas-el-numero-mas-alto-desde-que-comenzo-la-pandemia\/#primaryimage\"},\"image\":{\"@id\":\"https:\/\/www.noticiasradioreflejos.com.ar\/2021\/coronavirus-en-argentina-confirmaron-537-muertes-en-las-ultimas-24-horas-el-numero-mas-alto-desde-que-comenzo-la-pandemia\/#primaryimage\"},\"thumbnailUrl\":\"http:\/\/live.staticflickr.com\/65535\/51132092876_4355a51d75_o.jpg\",\"datePublished\":\"2021-04-22T21:03:50+00:00\",\"author\":{\"@id\":\"https:\/\/www.noticiasradioreflejos.com.ar\/2021\/#\/schema\/person\/ad82545263dcc5ec0996818884fd5fb1\"},\"breadcrumb\":{\"@id\":\"https:\/\/www.noticiasradioreflejos.com.ar\/2021\/coronavirus-en-argentina-confirmaron-537-muertes-en-las-ultimas-24-horas-el-numero-mas-alto-desde-que-comenzo-la-pandemia\/#breadcrumb\"},\"inLanguage\":\"es\",\"potentialAction\":[{\"@type\":\"ReadAction\",\"target\":[\"https:\/\/www.noticiasradioreflejos.com.ar\/2021\/coronavirus-en-argentina-confirmaron-537-muertes-en-las-ultimas-24-horas-el-numero-mas-alto-desde-que-comenzo-la-pandemia\/\"]}]},{\"@type\":\"ImageObject\",\"inLanguage\":\"es\",\"@id\":\"https:\/\/www.noticiasradioreflejos.com.ar\/2021\/coronavirus-en-argentina-confirmaron-537-muertes-en-las-ultimas-24-horas-el-numero-mas-alto-desde-que-comenzo-la-pandemia\/#primaryimage\",\"url\":\"http:\/\/live.staticflickr.com\/65535\/51132092876_4355a51d75_o.jpg\",\"contentUrl\":\"http:\/\/live.staticflickr.com\/65535\/51132092876_4355a51d75_o.jpg\"},{\"@type\":\"BreadcrumbList\",\"@id\":\"https:\/\/www.noticiasradioreflejos.com.ar\/2021\/coronavirus-en-argentina-confirmaron-537-muertes-en-las-ultimas-24-horas-el-numero-mas-alto-desde-que-comenzo-la-pandemia\/#breadcrumb\",\"itemListElement\":[{\"@type\":\"ListItem\",\"position\":1,\"name\":\"Portada\",\"item\":\"https:\/\/www.noticiasradioreflejos.com.ar\/2021\/\"},{\"@type\":\"ListItem\",\"position\":2,\"name\":\"Coronavirus en Argentina: confirmaron 537 muertes en las \u00faltimas 24 horas, el n\u00famero m\u00e1s alto desde que comenz\u00f3 la pandemia\"}]},{\"@type\":\"WebSite\",\"@id\":\"https:\/\/www.noticiasradioreflejos.com.ar\/2021\/#website\",\"url\":\"https:\/\/www.noticiasradioreflejos.com.ar\/2021\/\",\"name\":\"Noticias Radio Reflejos\",\"description\":\"Las noticias de mi comarca\",\"potentialAction\":[{\"@type\":\"SearchAction\",\"target\":{\"@type\":\"EntryPoint\",\"urlTemplate\":\"https:\/\/www.noticiasradioreflejos.com.ar\/2021\/?s={search_term_string}\"},\"query-input\":{\"@type\":\"PropertyValueSpecification\",\"valueRequired\":true,\"valueName\":\"search_term_string\"}}],\"inLanguage\":\"es\"},{\"@type\":\"Person\",\"@id\":\"https:\/\/www.noticiasradioreflejos.com.ar\/2021\/#\/schema\/person\/ad82545263dcc5ec0996818884fd5fb1\",\"name\":\"Arnaldo Botto\",\"image\":{\"@type\":\"ImageObject\",\"inLanguage\":\"es\",\"@id\":\"https:\/\/www.noticiasradioreflejos.com.ar\/2021\/#\/schema\/person\/image\/\",\"url\":\"https:\/\/secure.gravatar.com\/avatar\/55cb5e37c1efa326397366e6974cb338056df65cb50e7d64d1cf314e87504837?s=96&d=mm&r=g\",\"contentUrl\":\"https:\/\/secure.gravatar.com\/avatar\/55cb5e37c1efa326397366e6974cb338056df65cb50e7d64d1cf314e87504837?s=96&d=mm&r=g\",\"caption\":\"Arnaldo Botto\"},\"url\":\"https:\/\/www.noticiasradioreflejos.com.ar\/2021\/author\/arnaldo\/\"}]}<\/script>\n<!-- \/ Yoast SEO plugin. -->","yoast_head_json":{"title":"Coronavirus en Argentina: confirmaron 537 muertes en las \u00faltimas 24 horas, el n\u00famero m\u00e1s alto desde que comenz\u00f3 la pandemia - Noticias Radio Reflejos","robots":{"index":"index","follow":"follow","max-snippet":"max-snippet:-1","max-image-preview":"max-image-preview:large","max-video-preview":"max-video-preview:-1"},"canonical":"https:\/\/www.noticiasradioreflejos.com.ar\/2021\/coronavirus-en-argentina-confirmaron-537-muertes-en-las-ultimas-24-horas-el-numero-mas-alto-desde-que-comenzo-la-pandemia\/","og_locale":"es_ES","og_type":"article","og_title":"Coronavirus en Argentina: confirmaron 537 muertes en las \u00faltimas 24 horas, el n\u00famero m\u00e1s alto desde que comenz\u00f3 la pandemia - Noticias Radio Reflejos","og_description":"La cifra m\u00e1s alta de fallecidos hab\u00eda sido 515 el 9 de octubre del a\u00f1o pasado. Adem\u00e1s, el Ministerio de Salud inform\u00f3 27.216 nuevos contagios","og_url":"https:\/\/www.noticiasradioreflejos.com.ar\/2021\/coronavirus-en-argentina-confirmaron-537-muertes-en-las-ultimas-24-horas-el-numero-mas-alto-desde-que-comenzo-la-pandemia\/","og_site_name":"Noticias Radio Reflejos","article_published_time":"2021-04-22T21:03:50+00:00","og_image":[{"url":"http:\/\/live.staticflickr.com\/65535\/51132092876_4355a51d75_o.jpg","type":"","width":"","height":""}],"author":"Arnaldo Botto","twitter_card":"summary_large_image","schema":{"@context":"https:\/\/schema.org","@graph":[{"@type":"WebPage","@id":"https:\/\/www.noticiasradioreflejos.com.ar\/2021\/coronavirus-en-argentina-confirmaron-537-muertes-en-las-ultimas-24-horas-el-numero-mas-alto-desde-que-comenzo-la-pandemia\/","url":"https:\/\/www.noticiasradioreflejos.com.ar\/2021\/coronavirus-en-argentina-confirmaron-537-muertes-en-las-ultimas-24-horas-el-numero-mas-alto-desde-que-comenzo-la-pandemia\/","name":"Coronavirus en Argentina: confirmaron 537 muertes en las \u00faltimas 24 horas, el n\u00famero m\u00e1s alto desde que comenz\u00f3 la pandemia - Noticias Radio Reflejos","isPartOf":{"@id":"https:\/\/www.noticiasradioreflejos.com.ar\/2021\/#website"},"primaryImageOfPage":{"@id":"https:\/\/www.noticiasradioreflejos.com.ar\/2021\/coronavirus-en-argentina-confirmaron-537-muertes-en-las-ultimas-24-horas-el-numero-mas-alto-desde-que-comenzo-la-pandemia\/#primaryimage"},"image":{"@id":"https:\/\/www.noticiasradioreflejos.com.ar\/2021\/coronavirus-en-argentina-confirmaron-537-muertes-en-las-ultimas-24-horas-el-numero-mas-alto-desde-que-comenzo-la-pandemia\/#primaryimage"},"thumbnailUrl":"http:\/\/live.staticflickr.com\/65535\/51132092876_4355a51d75_o.jpg","datePublished":"2021-04-22T21:03:50+00:00","author":{"@id":"https:\/\/www.noticiasradioreflejos.com.ar\/2021\/#\/schema\/person\/ad82545263dcc5ec0996818884fd5fb1"},"breadcrumb":{"@id":"https:\/\/www.noticiasradioreflejos.com.ar\/2021\/coronavirus-en-argentina-confirmaron-537-muertes-en-las-ultimas-24-horas-el-numero-mas-alto-desde-que-comenzo-la-pandemia\/#breadcrumb"},"inLanguage":"es","potentialAction":[{"@type":"ReadAction","target":["https:\/\/www.noticiasradioreflejos.com.ar\/2021\/coronavirus-en-argentina-confirmaron-537-muertes-en-las-ultimas-24-horas-el-numero-mas-alto-desde-que-comenzo-la-pandemia\/"]}]},{"@type":"ImageObject","inLanguage":"es","@id":"https:\/\/www.noticiasradioreflejos.com.ar\/2021\/coronavirus-en-argentina-confirmaron-537-muertes-en-las-ultimas-24-horas-el-numero-mas-alto-desde-que-comenzo-la-pandemia\/#primaryimage","url":"http:\/\/live.staticflickr.com\/65535\/51132092876_4355a51d75_o.jpg","contentUrl":"http:\/\/live.staticflickr.com\/65535\/51132092876_4355a51d75_o.jpg"},{"@type":"BreadcrumbList","@id":"https:\/\/www.noticiasradioreflejos.com.ar\/2021\/coronavirus-en-argentina-confirmaron-537-muertes-en-las-ultimas-24-horas-el-numero-mas-alto-desde-que-comenzo-la-pandemia\/#breadcrumb","itemListElement":[{"@type":"ListItem","position":1,"name":"Portada","item":"https:\/\/www.noticiasradioreflejos.com.ar\/2021\/"},{"@type":"ListItem","position":2,"name":"Coronavirus en Argentina: confirmaron 537 muertes en las \u00faltimas 24 horas, el n\u00famero m\u00e1s alto desde que comenz\u00f3 la pandemia"}]},{"@type":"WebSite","@id":"https:\/\/www.noticiasradioreflejos.com.ar\/2021\/#website","url":"https:\/\/www.noticiasradioreflejos.com.ar\/2021\/","name":"Noticias Radio Reflejos","description":"Las noticias de mi comarca","potentialAction":[{"@type":"SearchAction","target":{"@type":"EntryPoint","urlTemplate":"https:\/\/www.noticiasradioreflejos.com.ar\/2021\/?s={search_term_string}"},"query-input":{"@type":"PropertyValueSpecification","valueRequired":true,"valueName":"search_term_string"}}],"inLanguage":"es"},{"@type":"Person","@id":"https:\/\/www.noticiasradioreflejos.com.ar\/2021\/#\/schema\/person\/ad82545263dcc5ec0996818884fd5fb1","name":"Arnaldo Botto","image":{"@type":"ImageObject","inLanguage":"es","@id":"https:\/\/www.noticiasradioreflejos.com.ar\/2021\/#\/schema\/person\/image\/","url":"https:\/\/secure.gravatar.com\/avatar\/55cb5e37c1efa326397366e6974cb338056df65cb50e7d64d1cf314e87504837?s=96&d=mm&r=g","contentUrl":"https:\/\/secure.gravatar.com\/avatar\/55cb5e37c1efa326397366e6974cb338056df65cb50e7d64d1cf314e87504837?s=96&d=mm&r=g","caption":"Arnaldo Botto"},"url":"https:\/\/www.noticiasradioreflejos.com.ar\/2021\/author\/arnaldo\/"}]}},"_links":{"self":[{"href":"https:\/\/www.noticiasradioreflejos.com.ar\/2021\/wp-json\/wp\/v2\/posts\/55798","targetHints":{"allow":["GET"]}}],"collection":[{"href":"https:\/\/www.noticiasradioreflejos.com.ar\/2021\/wp-json\/wp\/v2\/posts"}],"about":[{"href":"https:\/\/www.noticiasradioreflejos.com.ar\/2021\/wp-json\/wp\/v2\/types\/post"}],"author":[{"embeddable":true,"href":"https:\/\/www.noticiasradioreflejos.com.ar\/2021\/wp-json\/wp\/v2\/users\/3"}],"replies":[{"embeddable":true,"href":"https:\/\/www.noticiasradioreflejos.com.ar\/2021\/wp-json\/wp\/v2\/comments?post=55798"}],"version-history":[{"count":0,"href":"https:\/\/www.noticiasradioreflejos.com.ar\/2021\/wp-json\/wp\/v2\/posts\/55798\/revisions"}],"wp:attachment":[{"href":"https:\/\/www.noticiasradioreflejos.com.ar\/2021\/wp-json\/wp\/v2\/media?parent=55798"}],"wp:term":[{"taxonomy":"category","embeddable":true,"href":"https:\/\/www.noticiasradioreflejos.com.ar\/2021\/wp-json\/wp\/v2\/categories?post=55798"},{"taxonomy":"post_tag","embeddable":true,"href":"https:\/\/www.noticiasradioreflejos.com.ar\/2021\/wp-json\/wp\/v2\/tags?post=55798"}],"curies":[{"name":"wp","href":"https:\/\/api.w.org\/{rel}","templated":true}]}}