{"id":55796,"date":"2021-04-22T18:30:19","date_gmt":"2021-04-22T21:30:19","guid":{"rendered":"http:\/\/www.noticiasradioreflejos.com.ar\/noticias\/?p=55796"},"modified":"2021-04-22T18:30:19","modified_gmt":"2021-04-22T21:30:19","slug":"dia-de-la-tierra-la-idea-es-justamente-en-este-dia-tomar-conciencia-y-al-menos-parar-un-poquito-estar-en-concordancia-con-el-lugar-en-el-que-vivimos","status":"publish","type":"post","link":"https:\/\/www.noticiasradioreflejos.com.ar\/2021\/dia-de-la-tierra-la-idea-es-justamente-en-este-dia-tomar-conciencia-y-al-menos-parar-un-poquito-estar-en-concordancia-con-el-lugar-en-el-que-vivimos\/","title":{"rendered":"D\u00eda de la Tierra: \u00abLa idea es, justamente en este d\u00eda, tomar conciencia y, al menos, parar un poquito;  estar en concordancia con el lugar en el que vivimos\u00bb"},"content":{"rendered":"<p><strong>Marcela Giaconia,<\/strong> de la Agrupaci\u00f3n Ventania, utiliza la radio para convocar a quienes quieran participar de una actividad colectiva para celebrar el D\u00eda de la Tierra y tomar conciencia. En esta nota, nos cuenta los detalles de la propuesta.<!--more--><\/p>\n<p>Desde la Agrupaci\u00f3n Ventania proponen una actividad de limpieza colectiva para conmemorar el D\u00eda de la Tierra. La idea es concentrarse a las 14hs frente a la plazoleta de Mel\u00edn. \u00abDepende de la cantidad de gente que participe, vamos a salir a limpiar el pueblo, tanto en Sierra de la Ventana como en Villa Arcadia. Hemos notado que hay muchos lugares sucios, con bolsas, con botellas&#8230;\u00bb explic\u00f3 Marcela.<\/p>\n<p>La idea es salir de a dos colectores, reparti\u00e9ndose las calles entre los presentes. \u00abCon barbijo, bolsas de consorcio, guantes, alcohol en gel y todas las protecciones que tengamos que llevar\u00bb aclar\u00f3.<\/p>\n<p>Marcela mencion\u00f3 que cuentan con dos veh\u00edculos para ir cargando las bolsas a medida que se vayan llenando.<\/p>\n<p>\u00abLa idea es, justamente en este d\u00eda, tomar conciencia y, al menos, parar un poquito y realizar esta actividad como una idea de lo que es estar en concordancia con el lugar en el que vivimos\u00bb transmiti\u00f3.<\/p>\n<p>Nota completa a continuaci\u00f3n:<br \/>\n<iframe loading=\"lazy\" src=\"https:\/\/w.soundcloud.com\/player\/?url=https%3A\/\/api.soundcloud.com\/tracks\/1034605723&amp;color=%23ff5500&amp;auto_play=false&amp;hide_related=false&amp;show_comments=true&amp;show_user=true&amp;show_reposts=false&amp;show_teaser=true&amp;visual=true\" width=\"100%\" height=\"300\" frameborder=\"no\" scrolling=\"no\"><\/iframe><\/p>\n<div style=\"font-size: 10px; color: #cccccc; line-break: anywhere; word-break: normal; overflow: hidden; white-space: nowrap; text-overflow: ellipsis; font-family: Interstate,Lucida Grande,Lucida Sans Unicode,Lucida Sans,Garuda,Verdana,Tahoma,sans-serif; font-weight: 100;\"><a style=\"color: #cccccc; text-decoration: none;\" title=\"fmreflejos 103.7\" href=\"https:\/\/soundcloud.com\/fmreflejos-103-7\" target=\"_blank\" rel=\"noopener\">fmreflejos 103.7<\/a> \u00b7 <a style=\"color: #cccccc; text-decoration: none;\" title=\"Nota Marcela Giaconia\" href=\"https:\/\/soundcloud.com\/fmreflejos-103-7\/nota-marcela-giaconia\" target=\"_blank\" rel=\"noopener\">Nota Marcela Giaconia<\/a><\/div>\n","protected":false},"excerpt":{"rendered":"<p>Marcela Giaconia, de la Agrupaci\u00f3n Ventania, utiliza la radio para convocar a quienes quieran participar de una actividad colectiva para celebrar el D\u00eda de la Tierra y tomar conciencia. En esta nota, nos cuenta los detalles de la propuesta.<\/p>\n","protected":false},"author":3,"featured_media":28550,"comment_status":"closed","ping_status":"open","sticky":false,"template":"","format":"standard","meta":{"footnotes":""},"categories":[26],"tags":[],"class_list":["post-55796","post","type-post","status-publish","format-standard","has-post-thumbnail","hentry","category-sociedad"],"yoast_head":"<!-- This site is optimized with the Yoast SEO plugin v25.9 - https:\/\/yoast.com\/wordpress\/plugins\/seo\/ -->\n<title>D\u00eda de la Tierra: &quot;La idea es, justamente en este d\u00eda, tomar conciencia y, al menos, parar un poquito; estar en concordancia con el lugar en el que vivimos&quot; - Noticias Radio Reflejos<\/title>\n<meta name=\"robots\" content=\"index, follow, max-snippet:-1, max-image-preview:large, max-video-preview:-1\" \/>\n<link rel=\"canonical\" href=\"https:\/\/www.noticiasradioreflejos.com.ar\/2021\/dia-de-la-tierra-la-idea-es-justamente-en-este-dia-tomar-conciencia-y-al-menos-parar-un-poquito-estar-en-concordancia-con-el-lugar-en-el-que-vivimos\/\" \/>\n<meta property=\"og:locale\" content=\"es_ES\" \/>\n<meta property=\"og:type\" content=\"article\" \/>\n<meta property=\"og:title\" content=\"D\u00eda de la Tierra: &quot;La idea es, justamente en este d\u00eda, tomar conciencia y, al menos, parar un poquito; estar en concordancia con el lugar en el que vivimos&quot; - Noticias Radio Reflejos\" \/>\n<meta property=\"og:description\" content=\"Marcela Giaconia, de la Agrupaci\u00f3n Ventania, utiliza la radio para convocar a quienes quieran participar de una actividad colectiva para celebrar el D\u00eda de la Tierra y tomar conciencia. En esta nota, nos cuenta los detalles de la propuesta.\" \/>\n<meta property=\"og:url\" content=\"https:\/\/www.noticiasradioreflejos.com.ar\/2021\/dia-de-la-tierra-la-idea-es-justamente-en-este-dia-tomar-conciencia-y-al-menos-parar-un-poquito-estar-en-concordancia-con-el-lugar-en-el-que-vivimos\/\" \/>\n<meta property=\"og:site_name\" content=\"Noticias Radio Reflejos\" \/>\n<meta property=\"article:published_time\" content=\"2021-04-22T21:30:19+00:00\" \/>\n<meta property=\"og:image\" content=\"https:\/\/www.noticiasradioreflejos.com.ar\/2021\/wp-content\/uploads\/2019\/01\/area-si.jpg\" \/>\n\t<meta property=\"og:image:width\" content=\"700\" \/>\n\t<meta property=\"og:image:height\" content=\"412\" \/>\n\t<meta property=\"og:image:type\" content=\"image\/jpeg\" \/>\n<meta name=\"author\" content=\"Arnaldo Botto\" \/>\n<meta name=\"twitter:card\" content=\"summary_large_image\" \/>\n<script type=\"application\/ld+json\" class=\"yoast-schema-graph\">{\"@context\":\"https:\/\/schema.org\",\"@graph\":[{\"@type\":\"WebPage\",\"@id\":\"https:\/\/www.noticiasradioreflejos.com.ar\/2021\/dia-de-la-tierra-la-idea-es-justamente-en-este-dia-tomar-conciencia-y-al-menos-parar-un-poquito-estar-en-concordancia-con-el-lugar-en-el-que-vivimos\/\",\"url\":\"https:\/\/www.noticiasradioreflejos.com.ar\/2021\/dia-de-la-tierra-la-idea-es-justamente-en-este-dia-tomar-conciencia-y-al-menos-parar-un-poquito-estar-en-concordancia-con-el-lugar-en-el-que-vivimos\/\",\"name\":\"D\u00eda de la Tierra: \\\"La idea es, justamente en este d\u00eda, tomar conciencia y, al menos, parar un poquito; estar en concordancia con el lugar en el que vivimos\\\" - Noticias Radio Reflejos\",\"isPartOf\":{\"@id\":\"https:\/\/www.noticiasradioreflejos.com.ar\/2021\/#website\"},\"primaryImageOfPage\":{\"@id\":\"https:\/\/www.noticiasradioreflejos.com.ar\/2021\/dia-de-la-tierra-la-idea-es-justamente-en-este-dia-tomar-conciencia-y-al-menos-parar-un-poquito-estar-en-concordancia-con-el-lugar-en-el-que-vivimos\/#primaryimage\"},\"image\":{\"@id\":\"https:\/\/www.noticiasradioreflejos.com.ar\/2021\/dia-de-la-tierra-la-idea-es-justamente-en-este-dia-tomar-conciencia-y-al-menos-parar-un-poquito-estar-en-concordancia-con-el-lugar-en-el-que-vivimos\/#primaryimage\"},\"thumbnailUrl\":\"https:\/\/www.noticiasradioreflejos.com.ar\/2021\/wp-content\/uploads\/2019\/01\/area-si.jpg\",\"datePublished\":\"2021-04-22T21:30:19+00:00\",\"author\":{\"@id\":\"https:\/\/www.noticiasradioreflejos.com.ar\/2021\/#\/schema\/person\/ad82545263dcc5ec0996818884fd5fb1\"},\"breadcrumb\":{\"@id\":\"https:\/\/www.noticiasradioreflejos.com.ar\/2021\/dia-de-la-tierra-la-idea-es-justamente-en-este-dia-tomar-conciencia-y-al-menos-parar-un-poquito-estar-en-concordancia-con-el-lugar-en-el-que-vivimos\/#breadcrumb\"},\"inLanguage\":\"es\",\"potentialAction\":[{\"@type\":\"ReadAction\",\"target\":[\"https:\/\/www.noticiasradioreflejos.com.ar\/2021\/dia-de-la-tierra-la-idea-es-justamente-en-este-dia-tomar-conciencia-y-al-menos-parar-un-poquito-estar-en-concordancia-con-el-lugar-en-el-que-vivimos\/\"]}]},{\"@type\":\"ImageObject\",\"inLanguage\":\"es\",\"@id\":\"https:\/\/www.noticiasradioreflejos.com.ar\/2021\/dia-de-la-tierra-la-idea-es-justamente-en-este-dia-tomar-conciencia-y-al-menos-parar-un-poquito-estar-en-concordancia-con-el-lugar-en-el-que-vivimos\/#primaryimage\",\"url\":\"https:\/\/www.noticiasradioreflejos.com.ar\/2021\/wp-content\/uploads\/2019\/01\/area-si.jpg\",\"contentUrl\":\"https:\/\/www.noticiasradioreflejos.com.ar\/2021\/wp-content\/uploads\/2019\/01\/area-si.jpg\",\"width\":700,\"height\":412},{\"@type\":\"BreadcrumbList\",\"@id\":\"https:\/\/www.noticiasradioreflejos.com.ar\/2021\/dia-de-la-tierra-la-idea-es-justamente-en-este-dia-tomar-conciencia-y-al-menos-parar-un-poquito-estar-en-concordancia-con-el-lugar-en-el-que-vivimos\/#breadcrumb\",\"itemListElement\":[{\"@type\":\"ListItem\",\"position\":1,\"name\":\"Portada\",\"item\":\"https:\/\/www.noticiasradioreflejos.com.ar\/2021\/\"},{\"@type\":\"ListItem\",\"position\":2,\"name\":\"D\u00eda de la Tierra: \u00abLa idea es, justamente en este d\u00eda, tomar conciencia y, al menos, parar un poquito; estar en concordancia con el lugar en el que vivimos\u00bb\"}]},{\"@type\":\"WebSite\",\"@id\":\"https:\/\/www.noticiasradioreflejos.com.ar\/2021\/#website\",\"url\":\"https:\/\/www.noticiasradioreflejos.com.ar\/2021\/\",\"name\":\"Noticias Radio Reflejos\",\"description\":\"Las noticias de mi comarca\",\"potentialAction\":[{\"@type\":\"SearchAction\",\"target\":{\"@type\":\"EntryPoint\",\"urlTemplate\":\"https:\/\/www.noticiasradioreflejos.com.ar\/2021\/?s={search_term_string}\"},\"query-input\":{\"@type\":\"PropertyValueSpecification\",\"valueRequired\":true,\"valueName\":\"search_term_string\"}}],\"inLanguage\":\"es\"},{\"@type\":\"Person\",\"@id\":\"https:\/\/www.noticiasradioreflejos.com.ar\/2021\/#\/schema\/person\/ad82545263dcc5ec0996818884fd5fb1\",\"name\":\"Arnaldo Botto\",\"image\":{\"@type\":\"ImageObject\",\"inLanguage\":\"es\",\"@id\":\"https:\/\/www.noticiasradioreflejos.com.ar\/2021\/#\/schema\/person\/image\/\",\"url\":\"https:\/\/secure.gravatar.com\/avatar\/55cb5e37c1efa326397366e6974cb338056df65cb50e7d64d1cf314e87504837?s=96&d=mm&r=g\",\"contentUrl\":\"https:\/\/secure.gravatar.com\/avatar\/55cb5e37c1efa326397366e6974cb338056df65cb50e7d64d1cf314e87504837?s=96&d=mm&r=g\",\"caption\":\"Arnaldo Botto\"},\"url\":\"https:\/\/www.noticiasradioreflejos.com.ar\/2021\/author\/arnaldo\/\"}]}<\/script>\n<!-- \/ Yoast SEO plugin. -->","yoast_head_json":{"title":"D\u00eda de la Tierra: \"La idea es, justamente en este d\u00eda, tomar conciencia y, al menos, parar un poquito; estar en concordancia con el lugar en el que vivimos\" - Noticias Radio Reflejos","robots":{"index":"index","follow":"follow","max-snippet":"max-snippet:-1","max-image-preview":"max-image-preview:large","max-video-preview":"max-video-preview:-1"},"canonical":"https:\/\/www.noticiasradioreflejos.com.ar\/2021\/dia-de-la-tierra-la-idea-es-justamente-en-este-dia-tomar-conciencia-y-al-menos-parar-un-poquito-estar-en-concordancia-con-el-lugar-en-el-que-vivimos\/","og_locale":"es_ES","og_type":"article","og_title":"D\u00eda de la Tierra: \"La idea es, justamente en este d\u00eda, tomar conciencia y, al menos, parar un poquito; estar en concordancia con el lugar en el que vivimos\" - Noticias Radio Reflejos","og_description":"Marcela Giaconia, de la Agrupaci\u00f3n Ventania, utiliza la radio para convocar a quienes quieran participar de una actividad colectiva para celebrar el D\u00eda de la Tierra y tomar conciencia. En esta nota, nos cuenta los detalles de la propuesta.","og_url":"https:\/\/www.noticiasradioreflejos.com.ar\/2021\/dia-de-la-tierra-la-idea-es-justamente-en-este-dia-tomar-conciencia-y-al-menos-parar-un-poquito-estar-en-concordancia-con-el-lugar-en-el-que-vivimos\/","og_site_name":"Noticias Radio Reflejos","article_published_time":"2021-04-22T21:30:19+00:00","og_image":[{"width":700,"height":412,"url":"https:\/\/www.noticiasradioreflejos.com.ar\/2021\/wp-content\/uploads\/2019\/01\/area-si.jpg","type":"image\/jpeg"}],"author":"Arnaldo Botto","twitter_card":"summary_large_image","schema":{"@context":"https:\/\/schema.org","@graph":[{"@type":"WebPage","@id":"https:\/\/www.noticiasradioreflejos.com.ar\/2021\/dia-de-la-tierra-la-idea-es-justamente-en-este-dia-tomar-conciencia-y-al-menos-parar-un-poquito-estar-en-concordancia-con-el-lugar-en-el-que-vivimos\/","url":"https:\/\/www.noticiasradioreflejos.com.ar\/2021\/dia-de-la-tierra-la-idea-es-justamente-en-este-dia-tomar-conciencia-y-al-menos-parar-un-poquito-estar-en-concordancia-con-el-lugar-en-el-que-vivimos\/","name":"D\u00eda de la Tierra: \"La idea es, justamente en este d\u00eda, tomar conciencia y, al menos, parar un poquito; estar en concordancia con el lugar en el que vivimos\" - Noticias Radio Reflejos","isPartOf":{"@id":"https:\/\/www.noticiasradioreflejos.com.ar\/2021\/#website"},"primaryImageOfPage":{"@id":"https:\/\/www.noticiasradioreflejos.com.ar\/2021\/dia-de-la-tierra-la-idea-es-justamente-en-este-dia-tomar-conciencia-y-al-menos-parar-un-poquito-estar-en-concordancia-con-el-lugar-en-el-que-vivimos\/#primaryimage"},"image":{"@id":"https:\/\/www.noticiasradioreflejos.com.ar\/2021\/dia-de-la-tierra-la-idea-es-justamente-en-este-dia-tomar-conciencia-y-al-menos-parar-un-poquito-estar-en-concordancia-con-el-lugar-en-el-que-vivimos\/#primaryimage"},"thumbnailUrl":"https:\/\/www.noticiasradioreflejos.com.ar\/2021\/wp-content\/uploads\/2019\/01\/area-si.jpg","datePublished":"2021-04-22T21:30:19+00:00","author":{"@id":"https:\/\/www.noticiasradioreflejos.com.ar\/2021\/#\/schema\/person\/ad82545263dcc5ec0996818884fd5fb1"},"breadcrumb":{"@id":"https:\/\/www.noticiasradioreflejos.com.ar\/2021\/dia-de-la-tierra-la-idea-es-justamente-en-este-dia-tomar-conciencia-y-al-menos-parar-un-poquito-estar-en-concordancia-con-el-lugar-en-el-que-vivimos\/#breadcrumb"},"inLanguage":"es","potentialAction":[{"@type":"ReadAction","target":["https:\/\/www.noticiasradioreflejos.com.ar\/2021\/dia-de-la-tierra-la-idea-es-justamente-en-este-dia-tomar-conciencia-y-al-menos-parar-un-poquito-estar-en-concordancia-con-el-lugar-en-el-que-vivimos\/"]}]},{"@type":"ImageObject","inLanguage":"es","@id":"https:\/\/www.noticiasradioreflejos.com.ar\/2021\/dia-de-la-tierra-la-idea-es-justamente-en-este-dia-tomar-conciencia-y-al-menos-parar-un-poquito-estar-en-concordancia-con-el-lugar-en-el-que-vivimos\/#primaryimage","url":"https:\/\/www.noticiasradioreflejos.com.ar\/2021\/wp-content\/uploads\/2019\/01\/area-si.jpg","contentUrl":"https:\/\/www.noticiasradioreflejos.com.ar\/2021\/wp-content\/uploads\/2019\/01\/area-si.jpg","width":700,"height":412},{"@type":"BreadcrumbList","@id":"https:\/\/www.noticiasradioreflejos.com.ar\/2021\/dia-de-la-tierra-la-idea-es-justamente-en-este-dia-tomar-conciencia-y-al-menos-parar-un-poquito-estar-en-concordancia-con-el-lugar-en-el-que-vivimos\/#breadcrumb","itemListElement":[{"@type":"ListItem","position":1,"name":"Portada","item":"https:\/\/www.noticiasradioreflejos.com.ar\/2021\/"},{"@type":"ListItem","position":2,"name":"D\u00eda de la Tierra: \u00abLa idea es, justamente en este d\u00eda, tomar conciencia y, al menos, parar un poquito; estar en concordancia con el lugar en el que vivimos\u00bb"}]},{"@type":"WebSite","@id":"https:\/\/www.noticiasradioreflejos.com.ar\/2021\/#website","url":"https:\/\/www.noticiasradioreflejos.com.ar\/2021\/","name":"Noticias Radio Reflejos","description":"Las noticias de mi comarca","potentialAction":[{"@type":"SearchAction","target":{"@type":"EntryPoint","urlTemplate":"https:\/\/www.noticiasradioreflejos.com.ar\/2021\/?s={search_term_string}"},"query-input":{"@type":"PropertyValueSpecification","valueRequired":true,"valueName":"search_term_string"}}],"inLanguage":"es"},{"@type":"Person","@id":"https:\/\/www.noticiasradioreflejos.com.ar\/2021\/#\/schema\/person\/ad82545263dcc5ec0996818884fd5fb1","name":"Arnaldo Botto","image":{"@type":"ImageObject","inLanguage":"es","@id":"https:\/\/www.noticiasradioreflejos.com.ar\/2021\/#\/schema\/person\/image\/","url":"https:\/\/secure.gravatar.com\/avatar\/55cb5e37c1efa326397366e6974cb338056df65cb50e7d64d1cf314e87504837?s=96&d=mm&r=g","contentUrl":"https:\/\/secure.gravatar.com\/avatar\/55cb5e37c1efa326397366e6974cb338056df65cb50e7d64d1cf314e87504837?s=96&d=mm&r=g","caption":"Arnaldo Botto"},"url":"https:\/\/www.noticiasradioreflejos.com.ar\/2021\/author\/arnaldo\/"}]}},"_links":{"self":[{"href":"https:\/\/www.noticiasradioreflejos.com.ar\/2021\/wp-json\/wp\/v2\/posts\/55796","targetHints":{"allow":["GET"]}}],"collection":[{"href":"https:\/\/www.noticiasradioreflejos.com.ar\/2021\/wp-json\/wp\/v2\/posts"}],"about":[{"href":"https:\/\/www.noticiasradioreflejos.com.ar\/2021\/wp-json\/wp\/v2\/types\/post"}],"author":[{"embeddable":true,"href":"https:\/\/www.noticiasradioreflejos.com.ar\/2021\/wp-json\/wp\/v2\/users\/3"}],"replies":[{"embeddable":true,"href":"https:\/\/www.noticiasradioreflejos.com.ar\/2021\/wp-json\/wp\/v2\/comments?post=55796"}],"version-history":[{"count":0,"href":"https:\/\/www.noticiasradioreflejos.com.ar\/2021\/wp-json\/wp\/v2\/posts\/55796\/revisions"}],"wp:featuredmedia":[{"embeddable":true,"href":"https:\/\/www.noticiasradioreflejos.com.ar\/2021\/wp-json\/wp\/v2\/media\/28550"}],"wp:attachment":[{"href":"https:\/\/www.noticiasradioreflejos.com.ar\/2021\/wp-json\/wp\/v2\/media?parent=55796"}],"wp:term":[{"taxonomy":"category","embeddable":true,"href":"https:\/\/www.noticiasradioreflejos.com.ar\/2021\/wp-json\/wp\/v2\/categories?post=55796"},{"taxonomy":"post_tag","embeddable":true,"href":"https:\/\/www.noticiasradioreflejos.com.ar\/2021\/wp-json\/wp\/v2\/tags?post=55796"}],"curies":[{"name":"wp","href":"https:\/\/api.w.org\/{rel}","templated":true}]}}