{"id":55782,"date":"2021-04-22T14:00:35","date_gmt":"2021-04-22T17:00:35","guid":{"rendered":"http:\/\/www.noticiasradioreflejos.com.ar\/noticias\/?p=55782"},"modified":"2021-04-22T14:00:35","modified_gmt":"2021-04-22T17:00:35","slug":"hospital-de-tornquist-las-camas-de-terapia-han-sido-ocupadas-en-su-totalidad-dr-diego-herrera","status":"publish","type":"post","link":"https:\/\/www.noticiasradioreflejos.com.ar\/2021\/hospital-de-tornquist-las-camas-de-terapia-han-sido-ocupadas-en-su-totalidad-dr-diego-herrera\/","title":{"rendered":"Hospital de Tornquist: \u201cLas camas de terapia han sido ocupadas en su totalidad\u201d &#8211; Dr. Diego Herrera"},"content":{"rendered":"<p>Con nuevas medidas, se buscar\u00e1 ampliar las salas de internaci\u00f3n y se proceder\u00eda a la suspensi\u00f3n de cirug\u00edas programadas. Nota con Diego Herrera.<!--more--><\/p>\n<p><strong>Diego Herrera, Cardi\u00f3logo y Director del Hospital Municipal,<\/strong>\u00a0brind\u00f3 detalles a este medio sobre la situaci\u00f3n actual del nosocomio respecto a la ocupaci\u00f3n de camas.<\/p>\n<p>\u201cLas camas de terapia han sido ocupadas en su totalidad\u201d, alert\u00f3 Herrera, afirmando que el \u201csector Covid se encuentra colmado\u201d, por lo que se tomar\u00e1n nuevas medidas dentro de la instituci\u00f3n.<\/p>\n<p>\u201cRotaremos la circulaci\u00f3n interna de los pacientes y trabajadores, a la vez que ampliaremos las salas de internaci\u00f3n para llegar a dar respuesta a la demanda\u201d, expres\u00f3. Las modificaciones apuntan a elaborar estrategias para prevenir una saturaci\u00f3n total dentro del sistema y as\u00ed evitar cerrar otras especialidades.<\/p>\n<p>Se proceder\u00e1 a la suspensi\u00f3n de cirug\u00edas programadas, y se esperar\u00e1 un m\u00e1ximo de 48 Hs para evaluar la evoluci\u00f3n de los contagios. La compleja situaci\u00f3n se agrava conforme ascienden diariamente los n\u00fameros de casos positivos en el Distrito: \u201cEsperamos bajar la cantidad de pacientes internados\u201d, indic\u00f3.<\/p>\n<p>\u201cNo estamos lejos de que el Hospital se a\u00edsle \u00fanicamente para casos Covid. Esperemos que no ocurra porque hay otro tipo de patolog\u00edas agudas que requieren de asistencia. Por lo pronto readaptaremos el Hospital a la situaci\u00f3n epidemiol\u00f3gica\u201d.<\/p>\n<p>Lo cierto es que las camas de terapia intensiva se encuentran ocupadas, observando el descenso de la franja etaria de la poblaci\u00f3n que requiere asistencia ante el agravamiento del cuadro causado por el virus<\/p>\n<p>\u201cEsta \u00faltima semana hubo un incremento abrupto de contagios y las autoridades provinciales y municipales evaluar\u00e1n si corresponde o no un retroceso de fase\u201d, sostuvo.<\/p>\n<p>En cuanto a la vacunaci\u00f3n se refiere, el Hospital Municipal no se encuentra aplicando dosis ya que \u201cRegi\u00f3n Sanitaria se maneja con el vacunatorio del Centro de Jubilados, que es donde se inocula a la poblaci\u00f3n\u201d.<\/p>\n<p>Las autoridades siguen pidiendo conciencia, colaboraci\u00f3n la implementaci\u00f3n de los cuidados individuales ya que \u201chemos visto que las reuniones sociales son el foco de contagios\u201d.<\/p>\n<p>\u201cNo sabemos qu\u00e9 tipo de cepa circula en Tornquist, pero s\u00ed sabemos que afecta a personas j\u00f3venes. Por eso es esencial continuar con los cuidados de higiene y correcto uso del barbijo\u201d, concluy\u00f3.<\/p>\n<p><iframe loading=\"lazy\" src=\"https:\/\/w.soundcloud.com\/player\/?url=https%3A\/\/api.soundcloud.com\/tracks\/1034713978&amp;color=%23ff5500&amp;auto_play=false&amp;hide_related=false&amp;show_comments=true&amp;show_user=true&amp;show_reposts=false&amp;show_teaser=true\" width=\"100%\" height=\"166\" frameborder=\"no\" scrolling=\"no\"><\/iframe><\/p>\n<div style=\"font-size: 10px; color: #cccccc; line-break: anywhere; word-break: normal; overflow: hidden; white-space: nowrap; text-overflow: ellipsis; font-family: Interstate,Lucida Grande,Lucida Sans Unicode,Lucida Sans,Garuda,Verdana,Tahoma,sans-serif; font-weight: 100;\"><a style=\"color: #cccccc; text-decoration: none;\" title=\"fmreflejos 103.7\" href=\"https:\/\/soundcloud.com\/fmreflejos-103-7\" target=\"_blank\" rel=\"noopener\">fmreflejos 103.7<\/a> \u00b7 <a style=\"color: #cccccc; text-decoration: none;\" title=\"Nota - Daniel - Herrera.mp3 Original\" href=\"https:\/\/soundcloud.com\/fmreflejos-103-7\/nota-daniel-herreramp3-original\" target=\"_blank\" rel=\"noopener\">Nota &#8211; Daniel &#8211; Herrera.mp3 Original<\/a><\/div>\n","protected":false},"excerpt":{"rendered":"<p>Con nuevas medidas, se buscar\u00e1 ampliar las salas de internaci\u00f3n y se proceder\u00eda a la suspensi\u00f3n de cirug\u00edas programadas. Nota con Diego Herrera.<\/p>\n","protected":false},"author":3,"featured_media":0,"comment_status":"closed","ping_status":"open","sticky":false,"template":"","format":"standard","meta":{"footnotes":""},"categories":[28,30],"tags":[],"class_list":["post-55782","post","type-post","status-publish","format-standard","hentry","category-municipales","category-salud"],"yoast_head":"<!-- This site is optimized with the Yoast SEO plugin v25.9 - https:\/\/yoast.com\/wordpress\/plugins\/seo\/ -->\n<title>Hospital de Tornquist: \u201cLas camas de terapia han sido ocupadas en su totalidad\u201d - Dr. Diego Herrera - Noticias Radio Reflejos<\/title>\n<meta name=\"robots\" content=\"index, follow, max-snippet:-1, max-image-preview:large, max-video-preview:-1\" \/>\n<link rel=\"canonical\" href=\"https:\/\/www.noticiasradioreflejos.com.ar\/2021\/hospital-de-tornquist-las-camas-de-terapia-han-sido-ocupadas-en-su-totalidad-dr-diego-herrera\/\" \/>\n<meta property=\"og:locale\" content=\"es_ES\" \/>\n<meta property=\"og:type\" content=\"article\" \/>\n<meta property=\"og:title\" content=\"Hospital de Tornquist: \u201cLas camas de terapia han sido ocupadas en su totalidad\u201d - Dr. Diego Herrera - Noticias Radio Reflejos\" \/>\n<meta property=\"og:description\" content=\"Con nuevas medidas, se buscar\u00e1 ampliar las salas de internaci\u00f3n y se proceder\u00eda a la suspensi\u00f3n de cirug\u00edas programadas. Nota con Diego Herrera.\" \/>\n<meta property=\"og:url\" content=\"https:\/\/www.noticiasradioreflejos.com.ar\/2021\/hospital-de-tornquist-las-camas-de-terapia-han-sido-ocupadas-en-su-totalidad-dr-diego-herrera\/\" \/>\n<meta property=\"og:site_name\" content=\"Noticias Radio Reflejos\" \/>\n<meta property=\"article:published_time\" content=\"2021-04-22T17:00:35+00:00\" \/>\n<meta property=\"og:image\" content=\"https:\/\/www.noticiasradioreflejos.com.ar\/2021\/wp-content\/uploads\/2021\/07\/logosol300x200.png\" \/>\n\t<meta property=\"og:image:width\" content=\"300\" \/>\n\t<meta property=\"og:image:height\" content=\"200\" \/>\n\t<meta property=\"og:image:type\" content=\"image\/png\" \/>\n<meta name=\"author\" content=\"Arnaldo Botto\" \/>\n<meta name=\"twitter:card\" content=\"summary_large_image\" \/>\n<script type=\"application\/ld+json\" class=\"yoast-schema-graph\">{\"@context\":\"https:\/\/schema.org\",\"@graph\":[{\"@type\":\"WebPage\",\"@id\":\"https:\/\/www.noticiasradioreflejos.com.ar\/2021\/hospital-de-tornquist-las-camas-de-terapia-han-sido-ocupadas-en-su-totalidad-dr-diego-herrera\/\",\"url\":\"https:\/\/www.noticiasradioreflejos.com.ar\/2021\/hospital-de-tornquist-las-camas-de-terapia-han-sido-ocupadas-en-su-totalidad-dr-diego-herrera\/\",\"name\":\"Hospital de Tornquist: \u201cLas camas de terapia han sido ocupadas en su totalidad\u201d - Dr. Diego Herrera - Noticias Radio Reflejos\",\"isPartOf\":{\"@id\":\"https:\/\/www.noticiasradioreflejos.com.ar\/2021\/#website\"},\"datePublished\":\"2021-04-22T17:00:35+00:00\",\"author\":{\"@id\":\"https:\/\/www.noticiasradioreflejos.com.ar\/2021\/#\/schema\/person\/ad82545263dcc5ec0996818884fd5fb1\"},\"breadcrumb\":{\"@id\":\"https:\/\/www.noticiasradioreflejos.com.ar\/2021\/hospital-de-tornquist-las-camas-de-terapia-han-sido-ocupadas-en-su-totalidad-dr-diego-herrera\/#breadcrumb\"},\"inLanguage\":\"es\",\"potentialAction\":[{\"@type\":\"ReadAction\",\"target\":[\"https:\/\/www.noticiasradioreflejos.com.ar\/2021\/hospital-de-tornquist-las-camas-de-terapia-han-sido-ocupadas-en-su-totalidad-dr-diego-herrera\/\"]}]},{\"@type\":\"BreadcrumbList\",\"@id\":\"https:\/\/www.noticiasradioreflejos.com.ar\/2021\/hospital-de-tornquist-las-camas-de-terapia-han-sido-ocupadas-en-su-totalidad-dr-diego-herrera\/#breadcrumb\",\"itemListElement\":[{\"@type\":\"ListItem\",\"position\":1,\"name\":\"Portada\",\"item\":\"https:\/\/www.noticiasradioreflejos.com.ar\/2021\/\"},{\"@type\":\"ListItem\",\"position\":2,\"name\":\"Hospital de Tornquist: \u201cLas camas de terapia han sido ocupadas en su totalidad\u201d &#8211; Dr. Diego Herrera\"}]},{\"@type\":\"WebSite\",\"@id\":\"https:\/\/www.noticiasradioreflejos.com.ar\/2021\/#website\",\"url\":\"https:\/\/www.noticiasradioreflejos.com.ar\/2021\/\",\"name\":\"Noticias Radio Reflejos\",\"description\":\"Las noticias de mi comarca\",\"potentialAction\":[{\"@type\":\"SearchAction\",\"target\":{\"@type\":\"EntryPoint\",\"urlTemplate\":\"https:\/\/www.noticiasradioreflejos.com.ar\/2021\/?s={search_term_string}\"},\"query-input\":{\"@type\":\"PropertyValueSpecification\",\"valueRequired\":true,\"valueName\":\"search_term_string\"}}],\"inLanguage\":\"es\"},{\"@type\":\"Person\",\"@id\":\"https:\/\/www.noticiasradioreflejos.com.ar\/2021\/#\/schema\/person\/ad82545263dcc5ec0996818884fd5fb1\",\"name\":\"Arnaldo Botto\",\"image\":{\"@type\":\"ImageObject\",\"inLanguage\":\"es\",\"@id\":\"https:\/\/www.noticiasradioreflejos.com.ar\/2021\/#\/schema\/person\/image\/\",\"url\":\"https:\/\/secure.gravatar.com\/avatar\/55cb5e37c1efa326397366e6974cb338056df65cb50e7d64d1cf314e87504837?s=96&d=mm&r=g\",\"contentUrl\":\"https:\/\/secure.gravatar.com\/avatar\/55cb5e37c1efa326397366e6974cb338056df65cb50e7d64d1cf314e87504837?s=96&d=mm&r=g\",\"caption\":\"Arnaldo Botto\"},\"url\":\"https:\/\/www.noticiasradioreflejos.com.ar\/2021\/author\/arnaldo\/\"}]}<\/script>\n<!-- \/ Yoast SEO plugin. -->","yoast_head_json":{"title":"Hospital de Tornquist: \u201cLas camas de terapia han sido ocupadas en su totalidad\u201d - Dr. Diego Herrera - Noticias Radio Reflejos","robots":{"index":"index","follow":"follow","max-snippet":"max-snippet:-1","max-image-preview":"max-image-preview:large","max-video-preview":"max-video-preview:-1"},"canonical":"https:\/\/www.noticiasradioreflejos.com.ar\/2021\/hospital-de-tornquist-las-camas-de-terapia-han-sido-ocupadas-en-su-totalidad-dr-diego-herrera\/","og_locale":"es_ES","og_type":"article","og_title":"Hospital de Tornquist: \u201cLas camas de terapia han sido ocupadas en su totalidad\u201d - Dr. Diego Herrera - Noticias Radio Reflejos","og_description":"Con nuevas medidas, se buscar\u00e1 ampliar las salas de internaci\u00f3n y se proceder\u00eda a la suspensi\u00f3n de cirug\u00edas programadas. Nota con Diego Herrera.","og_url":"https:\/\/www.noticiasradioreflejos.com.ar\/2021\/hospital-de-tornquist-las-camas-de-terapia-han-sido-ocupadas-en-su-totalidad-dr-diego-herrera\/","og_site_name":"Noticias Radio Reflejos","article_published_time":"2021-04-22T17:00:35+00:00","og_image":[{"width":300,"height":200,"url":"https:\/\/www.noticiasradioreflejos.com.ar\/2021\/wp-content\/uploads\/2021\/07\/logosol300x200.png","type":"image\/png"}],"author":"Arnaldo Botto","twitter_card":"summary_large_image","schema":{"@context":"https:\/\/schema.org","@graph":[{"@type":"WebPage","@id":"https:\/\/www.noticiasradioreflejos.com.ar\/2021\/hospital-de-tornquist-las-camas-de-terapia-han-sido-ocupadas-en-su-totalidad-dr-diego-herrera\/","url":"https:\/\/www.noticiasradioreflejos.com.ar\/2021\/hospital-de-tornquist-las-camas-de-terapia-han-sido-ocupadas-en-su-totalidad-dr-diego-herrera\/","name":"Hospital de Tornquist: \u201cLas camas de terapia han sido ocupadas en su totalidad\u201d - Dr. Diego Herrera - Noticias Radio Reflejos","isPartOf":{"@id":"https:\/\/www.noticiasradioreflejos.com.ar\/2021\/#website"},"datePublished":"2021-04-22T17:00:35+00:00","author":{"@id":"https:\/\/www.noticiasradioreflejos.com.ar\/2021\/#\/schema\/person\/ad82545263dcc5ec0996818884fd5fb1"},"breadcrumb":{"@id":"https:\/\/www.noticiasradioreflejos.com.ar\/2021\/hospital-de-tornquist-las-camas-de-terapia-han-sido-ocupadas-en-su-totalidad-dr-diego-herrera\/#breadcrumb"},"inLanguage":"es","potentialAction":[{"@type":"ReadAction","target":["https:\/\/www.noticiasradioreflejos.com.ar\/2021\/hospital-de-tornquist-las-camas-de-terapia-han-sido-ocupadas-en-su-totalidad-dr-diego-herrera\/"]}]},{"@type":"BreadcrumbList","@id":"https:\/\/www.noticiasradioreflejos.com.ar\/2021\/hospital-de-tornquist-las-camas-de-terapia-han-sido-ocupadas-en-su-totalidad-dr-diego-herrera\/#breadcrumb","itemListElement":[{"@type":"ListItem","position":1,"name":"Portada","item":"https:\/\/www.noticiasradioreflejos.com.ar\/2021\/"},{"@type":"ListItem","position":2,"name":"Hospital de Tornquist: \u201cLas camas de terapia han sido ocupadas en su totalidad\u201d &#8211; Dr. Diego Herrera"}]},{"@type":"WebSite","@id":"https:\/\/www.noticiasradioreflejos.com.ar\/2021\/#website","url":"https:\/\/www.noticiasradioreflejos.com.ar\/2021\/","name":"Noticias Radio Reflejos","description":"Las noticias de mi comarca","potentialAction":[{"@type":"SearchAction","target":{"@type":"EntryPoint","urlTemplate":"https:\/\/www.noticiasradioreflejos.com.ar\/2021\/?s={search_term_string}"},"query-input":{"@type":"PropertyValueSpecification","valueRequired":true,"valueName":"search_term_string"}}],"inLanguage":"es"},{"@type":"Person","@id":"https:\/\/www.noticiasradioreflejos.com.ar\/2021\/#\/schema\/person\/ad82545263dcc5ec0996818884fd5fb1","name":"Arnaldo Botto","image":{"@type":"ImageObject","inLanguage":"es","@id":"https:\/\/www.noticiasradioreflejos.com.ar\/2021\/#\/schema\/person\/image\/","url":"https:\/\/secure.gravatar.com\/avatar\/55cb5e37c1efa326397366e6974cb338056df65cb50e7d64d1cf314e87504837?s=96&d=mm&r=g","contentUrl":"https:\/\/secure.gravatar.com\/avatar\/55cb5e37c1efa326397366e6974cb338056df65cb50e7d64d1cf314e87504837?s=96&d=mm&r=g","caption":"Arnaldo Botto"},"url":"https:\/\/www.noticiasradioreflejos.com.ar\/2021\/author\/arnaldo\/"}]}},"_links":{"self":[{"href":"https:\/\/www.noticiasradioreflejos.com.ar\/2021\/wp-json\/wp\/v2\/posts\/55782","targetHints":{"allow":["GET"]}}],"collection":[{"href":"https:\/\/www.noticiasradioreflejos.com.ar\/2021\/wp-json\/wp\/v2\/posts"}],"about":[{"href":"https:\/\/www.noticiasradioreflejos.com.ar\/2021\/wp-json\/wp\/v2\/types\/post"}],"author":[{"embeddable":true,"href":"https:\/\/www.noticiasradioreflejos.com.ar\/2021\/wp-json\/wp\/v2\/users\/3"}],"replies":[{"embeddable":true,"href":"https:\/\/www.noticiasradioreflejos.com.ar\/2021\/wp-json\/wp\/v2\/comments?post=55782"}],"version-history":[{"count":0,"href":"https:\/\/www.noticiasradioreflejos.com.ar\/2021\/wp-json\/wp\/v2\/posts\/55782\/revisions"}],"wp:attachment":[{"href":"https:\/\/www.noticiasradioreflejos.com.ar\/2021\/wp-json\/wp\/v2\/media?parent=55782"}],"wp:term":[{"taxonomy":"category","embeddable":true,"href":"https:\/\/www.noticiasradioreflejos.com.ar\/2021\/wp-json\/wp\/v2\/categories?post=55782"},{"taxonomy":"post_tag","embeddable":true,"href":"https:\/\/www.noticiasradioreflejos.com.ar\/2021\/wp-json\/wp\/v2\/tags?post=55782"}],"curies":[{"name":"wp","href":"https:\/\/api.w.org\/{rel}","templated":true}]}}