{"id":55775,"date":"2021-04-22T12:12:25","date_gmt":"2021-04-22T15:12:25","guid":{"rendered":"http:\/\/www.noticiasradioreflejos.com.ar\/noticias\/?p=55775"},"modified":"2021-04-22T12:12:25","modified_gmt":"2021-04-22T15:12:25","slug":"22-de-abril-dia-mundial-de-la-tierra","status":"publish","type":"post","link":"https:\/\/www.noticiasradioreflejos.com.ar\/2021\/22-de-abril-dia-mundial-de-la-tierra\/","title":{"rendered":"22 de abril: D\u00eda Mundial de la Tierra"},"content":{"rendered":"<p>Este jueves, como cada 22 de abril, se celebra el D\u00eda Mundial de la Tierra, una fecha que busca para tomar conciencia de los problemas medioambientales y la contaminaci\u00f3n, y llamar la atenci\u00f3n sobre las amenazas del cambio clim\u00e1tico.\u00a0<!--more--><\/p>\n<p>Entre los principales problemas ambientales, se destacan la\u00a0superpoblaci\u00f3n, la creciente contaminaci\u00f3n, la p\u00e9rdida de biodiversidad, entre otras, como as\u00ed tambi\u00e9n, las cada vez m\u00e1s graves consecuencias que esto genera en las\u00a0diversas formas de vida del planeta.<\/p>\n<p>La Direcci\u00f3n de Medio Ambiente de Tornquist Municipio adhiere y ratifica los desaf\u00edos propuestos para cuidar a la \u2018Madre Tierra\u2019, asegurando adem\u00e1s que la recuperaci\u00f3n de la pandemia de COVID-19 ofrece una oportunidad de que el mundo emprenda un camino m\u00e1s limpio, ecol\u00f3gico y sostenible.<\/p>\n<p>Algunas de las acciones que permiten colaborar con el cuidado de la tierra son la separaci\u00f3n de residuos entre org\u00e1nicos y reciclables, y la realizaci\u00f3n de compost, para lo cual el municipio ofrece una gu\u00eda de compostaje, que se solicita al mail <a href=\"mailto:ambientetornquist@gmail.com\">ambientetornquist@gmail.com<\/a> o al 4941075 int 104.<\/p>\n<p>\u201cNo somos los amos de esta tierra. Somos sus hijos\u201d.<\/p>\n<p>&nbsp;<\/p>\n<p><a title=\"Dia Mundial de la Tierra\" href=\"http:\/\/live.staticflickr.com\/65535\/51132595535_7c4b373d29_s.jpg\" rel=\"\"><img loading=\"lazy\" decoding=\"async\" class=\"aligncenter\" title=\"Dia Mundial de la Tierra\" src=\"http:\/\/live.staticflickr.com\/65535\/51132595535_7c4b373d29_z.jpg\" alt=\"Dia Mundial de la Tierra\" width=\"640\" height=\"640\" \/><\/a><\/p>\n<p>&nbsp;<\/p>\n","protected":false},"excerpt":{"rendered":"<p>Este jueves, como cada 22 de abril, se celebra el D\u00eda Mundial de la Tierra, una fecha que busca para tomar conciencia de los problemas medioambientales y la contaminaci\u00f3n, y llamar la atenci\u00f3n sobre las amenazas del cambio clim\u00e1tico.\u00a0<\/p>\n","protected":false},"author":3,"featured_media":0,"comment_status":"closed","ping_status":"open","sticky":false,"template":"","format":"standard","meta":{"footnotes":""},"categories":[28,26],"tags":[],"class_list":["post-55775","post","type-post","status-publish","format-standard","hentry","category-municipales","category-sociedad"],"yoast_head":"<!-- This site is optimized with the Yoast SEO plugin v25.9 - https:\/\/yoast.com\/wordpress\/plugins\/seo\/ -->\n<title>22 de abril: D\u00eda Mundial de la Tierra - Noticias Radio Reflejos<\/title>\n<meta name=\"robots\" content=\"index, follow, max-snippet:-1, max-image-preview:large, max-video-preview:-1\" \/>\n<link rel=\"canonical\" href=\"https:\/\/www.noticiasradioreflejos.com.ar\/2021\/22-de-abril-dia-mundial-de-la-tierra\/\" \/>\n<meta property=\"og:locale\" content=\"es_ES\" \/>\n<meta property=\"og:type\" content=\"article\" \/>\n<meta property=\"og:title\" content=\"22 de abril: D\u00eda Mundial de la Tierra - Noticias Radio Reflejos\" \/>\n<meta property=\"og:description\" content=\"Este jueves, como cada 22 de abril, se celebra el D\u00eda Mundial de la Tierra, una fecha que busca para tomar conciencia de los problemas medioambientales y la contaminaci\u00f3n, y llamar la atenci\u00f3n sobre las amenazas del cambio clim\u00e1tico.\u00a0\" \/>\n<meta property=\"og:url\" content=\"https:\/\/www.noticiasradioreflejos.com.ar\/2021\/22-de-abril-dia-mundial-de-la-tierra\/\" \/>\n<meta property=\"og:site_name\" content=\"Noticias Radio Reflejos\" \/>\n<meta property=\"article:published_time\" content=\"2021-04-22T15:12:25+00:00\" \/>\n<meta property=\"og:image\" content=\"http:\/\/live.staticflickr.com\/65535\/51132595535_7c4b373d29_z.jpg\" \/>\n<meta name=\"author\" content=\"Arnaldo Botto\" \/>\n<meta name=\"twitter:card\" content=\"summary_large_image\" \/>\n<script type=\"application\/ld+json\" class=\"yoast-schema-graph\">{\"@context\":\"https:\/\/schema.org\",\"@graph\":[{\"@type\":\"WebPage\",\"@id\":\"https:\/\/www.noticiasradioreflejos.com.ar\/2021\/22-de-abril-dia-mundial-de-la-tierra\/\",\"url\":\"https:\/\/www.noticiasradioreflejos.com.ar\/2021\/22-de-abril-dia-mundial-de-la-tierra\/\",\"name\":\"22 de abril: D\u00eda Mundial de la Tierra - Noticias Radio Reflejos\",\"isPartOf\":{\"@id\":\"https:\/\/www.noticiasradioreflejos.com.ar\/2021\/#website\"},\"primaryImageOfPage\":{\"@id\":\"https:\/\/www.noticiasradioreflejos.com.ar\/2021\/22-de-abril-dia-mundial-de-la-tierra\/#primaryimage\"},\"image\":{\"@id\":\"https:\/\/www.noticiasradioreflejos.com.ar\/2021\/22-de-abril-dia-mundial-de-la-tierra\/#primaryimage\"},\"thumbnailUrl\":\"http:\/\/live.staticflickr.com\/65535\/51132595535_7c4b373d29_z.jpg\",\"datePublished\":\"2021-04-22T15:12:25+00:00\",\"author\":{\"@id\":\"https:\/\/www.noticiasradioreflejos.com.ar\/2021\/#\/schema\/person\/ad82545263dcc5ec0996818884fd5fb1\"},\"breadcrumb\":{\"@id\":\"https:\/\/www.noticiasradioreflejos.com.ar\/2021\/22-de-abril-dia-mundial-de-la-tierra\/#breadcrumb\"},\"inLanguage\":\"es\",\"potentialAction\":[{\"@type\":\"ReadAction\",\"target\":[\"https:\/\/www.noticiasradioreflejos.com.ar\/2021\/22-de-abril-dia-mundial-de-la-tierra\/\"]}]},{\"@type\":\"ImageObject\",\"inLanguage\":\"es\",\"@id\":\"https:\/\/www.noticiasradioreflejos.com.ar\/2021\/22-de-abril-dia-mundial-de-la-tierra\/#primaryimage\",\"url\":\"http:\/\/live.staticflickr.com\/65535\/51132595535_7c4b373d29_z.jpg\",\"contentUrl\":\"http:\/\/live.staticflickr.com\/65535\/51132595535_7c4b373d29_z.jpg\"},{\"@type\":\"BreadcrumbList\",\"@id\":\"https:\/\/www.noticiasradioreflejos.com.ar\/2021\/22-de-abril-dia-mundial-de-la-tierra\/#breadcrumb\",\"itemListElement\":[{\"@type\":\"ListItem\",\"position\":1,\"name\":\"Portada\",\"item\":\"https:\/\/www.noticiasradioreflejos.com.ar\/2021\/\"},{\"@type\":\"ListItem\",\"position\":2,\"name\":\"22 de abril: D\u00eda Mundial de la Tierra\"}]},{\"@type\":\"WebSite\",\"@id\":\"https:\/\/www.noticiasradioreflejos.com.ar\/2021\/#website\",\"url\":\"https:\/\/www.noticiasradioreflejos.com.ar\/2021\/\",\"name\":\"Noticias Radio Reflejos\",\"description\":\"Las noticias de mi comarca\",\"potentialAction\":[{\"@type\":\"SearchAction\",\"target\":{\"@type\":\"EntryPoint\",\"urlTemplate\":\"https:\/\/www.noticiasradioreflejos.com.ar\/2021\/?s={search_term_string}\"},\"query-input\":{\"@type\":\"PropertyValueSpecification\",\"valueRequired\":true,\"valueName\":\"search_term_string\"}}],\"inLanguage\":\"es\"},{\"@type\":\"Person\",\"@id\":\"https:\/\/www.noticiasradioreflejos.com.ar\/2021\/#\/schema\/person\/ad82545263dcc5ec0996818884fd5fb1\",\"name\":\"Arnaldo Botto\",\"image\":{\"@type\":\"ImageObject\",\"inLanguage\":\"es\",\"@id\":\"https:\/\/www.noticiasradioreflejos.com.ar\/2021\/#\/schema\/person\/image\/\",\"url\":\"https:\/\/secure.gravatar.com\/avatar\/55cb5e37c1efa326397366e6974cb338056df65cb50e7d64d1cf314e87504837?s=96&d=mm&r=g\",\"contentUrl\":\"https:\/\/secure.gravatar.com\/avatar\/55cb5e37c1efa326397366e6974cb338056df65cb50e7d64d1cf314e87504837?s=96&d=mm&r=g\",\"caption\":\"Arnaldo Botto\"},\"url\":\"https:\/\/www.noticiasradioreflejos.com.ar\/2021\/author\/arnaldo\/\"}]}<\/script>\n<!-- \/ Yoast SEO plugin. -->","yoast_head_json":{"title":"22 de abril: D\u00eda Mundial de la Tierra - Noticias Radio Reflejos","robots":{"index":"index","follow":"follow","max-snippet":"max-snippet:-1","max-image-preview":"max-image-preview:large","max-video-preview":"max-video-preview:-1"},"canonical":"https:\/\/www.noticiasradioreflejos.com.ar\/2021\/22-de-abril-dia-mundial-de-la-tierra\/","og_locale":"es_ES","og_type":"article","og_title":"22 de abril: D\u00eda Mundial de la Tierra - Noticias Radio Reflejos","og_description":"Este jueves, como cada 22 de abril, se celebra el D\u00eda Mundial de la Tierra, una fecha que busca para tomar conciencia de los problemas medioambientales y la contaminaci\u00f3n, y llamar la atenci\u00f3n sobre las amenazas del cambio clim\u00e1tico.\u00a0","og_url":"https:\/\/www.noticiasradioreflejos.com.ar\/2021\/22-de-abril-dia-mundial-de-la-tierra\/","og_site_name":"Noticias Radio Reflejos","article_published_time":"2021-04-22T15:12:25+00:00","og_image":[{"url":"http:\/\/live.staticflickr.com\/65535\/51132595535_7c4b373d29_z.jpg","type":"","width":"","height":""}],"author":"Arnaldo Botto","twitter_card":"summary_large_image","schema":{"@context":"https:\/\/schema.org","@graph":[{"@type":"WebPage","@id":"https:\/\/www.noticiasradioreflejos.com.ar\/2021\/22-de-abril-dia-mundial-de-la-tierra\/","url":"https:\/\/www.noticiasradioreflejos.com.ar\/2021\/22-de-abril-dia-mundial-de-la-tierra\/","name":"22 de abril: D\u00eda Mundial de la Tierra - Noticias Radio Reflejos","isPartOf":{"@id":"https:\/\/www.noticiasradioreflejos.com.ar\/2021\/#website"},"primaryImageOfPage":{"@id":"https:\/\/www.noticiasradioreflejos.com.ar\/2021\/22-de-abril-dia-mundial-de-la-tierra\/#primaryimage"},"image":{"@id":"https:\/\/www.noticiasradioreflejos.com.ar\/2021\/22-de-abril-dia-mundial-de-la-tierra\/#primaryimage"},"thumbnailUrl":"http:\/\/live.staticflickr.com\/65535\/51132595535_7c4b373d29_z.jpg","datePublished":"2021-04-22T15:12:25+00:00","author":{"@id":"https:\/\/www.noticiasradioreflejos.com.ar\/2021\/#\/schema\/person\/ad82545263dcc5ec0996818884fd5fb1"},"breadcrumb":{"@id":"https:\/\/www.noticiasradioreflejos.com.ar\/2021\/22-de-abril-dia-mundial-de-la-tierra\/#breadcrumb"},"inLanguage":"es","potentialAction":[{"@type":"ReadAction","target":["https:\/\/www.noticiasradioreflejos.com.ar\/2021\/22-de-abril-dia-mundial-de-la-tierra\/"]}]},{"@type":"ImageObject","inLanguage":"es","@id":"https:\/\/www.noticiasradioreflejos.com.ar\/2021\/22-de-abril-dia-mundial-de-la-tierra\/#primaryimage","url":"http:\/\/live.staticflickr.com\/65535\/51132595535_7c4b373d29_z.jpg","contentUrl":"http:\/\/live.staticflickr.com\/65535\/51132595535_7c4b373d29_z.jpg"},{"@type":"BreadcrumbList","@id":"https:\/\/www.noticiasradioreflejos.com.ar\/2021\/22-de-abril-dia-mundial-de-la-tierra\/#breadcrumb","itemListElement":[{"@type":"ListItem","position":1,"name":"Portada","item":"https:\/\/www.noticiasradioreflejos.com.ar\/2021\/"},{"@type":"ListItem","position":2,"name":"22 de abril: D\u00eda Mundial de la Tierra"}]},{"@type":"WebSite","@id":"https:\/\/www.noticiasradioreflejos.com.ar\/2021\/#website","url":"https:\/\/www.noticiasradioreflejos.com.ar\/2021\/","name":"Noticias Radio Reflejos","description":"Las noticias de mi comarca","potentialAction":[{"@type":"SearchAction","target":{"@type":"EntryPoint","urlTemplate":"https:\/\/www.noticiasradioreflejos.com.ar\/2021\/?s={search_term_string}"},"query-input":{"@type":"PropertyValueSpecification","valueRequired":true,"valueName":"search_term_string"}}],"inLanguage":"es"},{"@type":"Person","@id":"https:\/\/www.noticiasradioreflejos.com.ar\/2021\/#\/schema\/person\/ad82545263dcc5ec0996818884fd5fb1","name":"Arnaldo Botto","image":{"@type":"ImageObject","inLanguage":"es","@id":"https:\/\/www.noticiasradioreflejos.com.ar\/2021\/#\/schema\/person\/image\/","url":"https:\/\/secure.gravatar.com\/avatar\/55cb5e37c1efa326397366e6974cb338056df65cb50e7d64d1cf314e87504837?s=96&d=mm&r=g","contentUrl":"https:\/\/secure.gravatar.com\/avatar\/55cb5e37c1efa326397366e6974cb338056df65cb50e7d64d1cf314e87504837?s=96&d=mm&r=g","caption":"Arnaldo Botto"},"url":"https:\/\/www.noticiasradioreflejos.com.ar\/2021\/author\/arnaldo\/"}]}},"_links":{"self":[{"href":"https:\/\/www.noticiasradioreflejos.com.ar\/2021\/wp-json\/wp\/v2\/posts\/55775","targetHints":{"allow":["GET"]}}],"collection":[{"href":"https:\/\/www.noticiasradioreflejos.com.ar\/2021\/wp-json\/wp\/v2\/posts"}],"about":[{"href":"https:\/\/www.noticiasradioreflejos.com.ar\/2021\/wp-json\/wp\/v2\/types\/post"}],"author":[{"embeddable":true,"href":"https:\/\/www.noticiasradioreflejos.com.ar\/2021\/wp-json\/wp\/v2\/users\/3"}],"replies":[{"embeddable":true,"href":"https:\/\/www.noticiasradioreflejos.com.ar\/2021\/wp-json\/wp\/v2\/comments?post=55775"}],"version-history":[{"count":0,"href":"https:\/\/www.noticiasradioreflejos.com.ar\/2021\/wp-json\/wp\/v2\/posts\/55775\/revisions"}],"wp:attachment":[{"href":"https:\/\/www.noticiasradioreflejos.com.ar\/2021\/wp-json\/wp\/v2\/media?parent=55775"}],"wp:term":[{"taxonomy":"category","embeddable":true,"href":"https:\/\/www.noticiasradioreflejos.com.ar\/2021\/wp-json\/wp\/v2\/categories?post=55775"},{"taxonomy":"post_tag","embeddable":true,"href":"https:\/\/www.noticiasradioreflejos.com.ar\/2021\/wp-json\/wp\/v2\/tags?post=55775"}],"curies":[{"name":"wp","href":"https:\/\/api.w.org\/{rel}","templated":true}]}}