{"id":55772,"date":"2021-04-22T12:07:41","date_gmt":"2021-04-22T15:07:41","guid":{"rendered":"http:\/\/www.noticiasradioreflejos.com.ar\/noticias\/?p=55772"},"modified":"2021-04-22T12:07:41","modified_gmt":"2021-04-22T15:07:41","slug":"alarma-el-hospital-garrahan-tiene-una-ocupacion-del-100-en-las-salas-de-ninos-con-coronavirus","status":"publish","type":"post","link":"https:\/\/www.noticiasradioreflejos.com.ar\/2021\/alarma-el-hospital-garrahan-tiene-una-ocupacion-del-100-en-las-salas-de-ninos-con-coronavirus\/","title":{"rendered":"Alarma: el Hospital Garrahan tiene una ocupaci\u00f3n del 100% en las salas de ni\u00f1os con coronavirus"},"content":{"rendered":"<p>Las\u00a0<strong>salas destinadas a pacientes con\u00a0<span class=\"nanospell-typo\">coronavirus<\/span>\u00a0<\/strong>del Hospital\u00a0<span class=\"nanospell-typo\">Garrahan<\/span>\u00a0de la Ciudad de Buenos Aires tienen una\u00a0<strong>ocupaci\u00f3n del 100 por ciento<\/strong>, mientras que tres ni\u00f1os permanecen internados en terapia intensiva, un n\u00famero \u00abmayor al del a\u00f1o pasado\u00bb, seg\u00fan asegur\u00f3 la directora de Epidemiolog\u00eda del centro de salud infantil.<!--more--><\/p>\n<p><strong>\u00abLas salas\u00a0<span class=\"nanospell-typo\">Covid<\/span>\u00a0est\u00e1n al 100 por ciento\u00bb<\/strong>, dijo esta ma\u00f1ana Rosa\u00a0<span class=\"nanospell-typo\">Bologna<\/span>\u00a0Jefa de Epidemiolog\u00eda del Hospital\u00a0<span class=\"nanospell-typo\">Garrahan<\/span>, quien detall\u00f3 que \u00abtres pacientes est\u00e1n en cuidados intensivos, eso es mayor del n\u00famero que ten\u00edamos habitualmente el a\u00f1o pasado\u00bb ya que representan el 80 por ciento de las camas destinadas a pacientes con\u00a0<span class=\"nanospell-typo\">Covid<\/span>.<\/p>\n<p><span class=\"nanospell-typo\">Bologna<\/span>\u00a0agreg\u00f3 que incluso hay\u00a0<strong>\u00ab<span class=\"nanospell-typo\">lactantes<\/span>\u00a0peque\u00f1os que est\u00e1n con la infecci\u00f3n\u00bb<\/strong>\u00a0y que el Hospital lleva atendidos unos mil ni\u00f1os con\u00a0<span class=\"nanospell-typo\">coronavirus<\/span>\u00a0desde que comenz\u00f3 la pandemia, de los cuales el 47 por ciento tiene una enfermedad de base, un porcentaje que hoy se eleva al 80 por ciento en los casos de los pacientes internados.<\/p>\n<p>Distintos especialistas vienen dando cuenta de c\u00f3mo la segunda ola de\u00a0<span class=\"nanospell-typo\">coronavirus<\/span>\u00a0est\u00e1 afectando a ni\u00f1os y adolescentes y advierten sobre la ocupaci\u00f3n de camas en los hospitales porte\u00f1os.<\/p>\n<div id=\"embed_video_473786\" class=\"video-js vjs-default-skin vjs-paused vjs-controls-enabled vjs-workinghover vjs-fluid embed_video_473786-dimensions vjs-watermark vjs-user-inactive\" data-setup=\"{}\">\n<p><video id=\"embed_video_473786_html5_api\" class=\"vjs-tech\" src=\"https:\/\/www.diario26.com\/media\/video\/2021\/04\/22\/473786.mp4\" width=\"300\" height=\"150\" data-setup=\"{}\"><\/video><\/p>\n<\/div>\n<p>\u00abEl 80 por ciento de los pacientes tiene un enfermedad de base y\u00a0<strong>hay un 20 por ciento que no<\/strong>, que son ni\u00f1os sin antecedentes son ni\u00f1os sanos\u00bb, explic\u00f3 hoy\u00a0<span class=\"nanospell-typo\">Bologna<\/span>\u00a0durante una conferencia de prensa en las puertas del Hospital.<\/p>\n<p>All\u00ed se refiri\u00f3 al lugar\u00a0<strong>donde se producen los contagios<\/strong>\u00a0y se\u00f1al\u00f3 que los pacientes de entre 10 y 19 a\u00f1os, se suele producir en \u00aben reuniones sociales, en la escuela, son los que mas circulan\u00bb. En cambio, agreg\u00f3, est\u00e1 \u00abel grupo de 6 a 9 a\u00f1os en el que la escuela s\u00ed podr\u00eda ser el lugar de transmisi\u00f3n\u00bb, aunque aclar\u00f3 que \u00abno est\u00e1 espec\u00edficamente documentado\u00bb.<\/p>\n","protected":false},"excerpt":{"rendered":"<p>Las\u00a0salas destinadas a pacientes con\u00a0coronavirus\u00a0del Hospital\u00a0Garrahan\u00a0de la Ciudad de Buenos Aires tienen una\u00a0ocupaci\u00f3n del 100 por ciento, mientras que tres ni\u00f1os permanecen internados en terapia intensiva, un n\u00famero \u00abmayor al del a\u00f1o pasado\u00bb, seg\u00fan asegur\u00f3 la directora de Epidemiolog\u00eda del centro de salud infantil.<\/p>\n","protected":false},"author":3,"featured_media":0,"comment_status":"closed","ping_status":"open","sticky":false,"template":"","format":"standard","meta":{"footnotes":""},"categories":[30],"tags":[],"class_list":["post-55772","post","type-post","status-publish","format-standard","hentry","category-salud"],"yoast_head":"<!-- This site is optimized with the Yoast SEO plugin v25.9 - https:\/\/yoast.com\/wordpress\/plugins\/seo\/ -->\n<title>Alarma: el Hospital Garrahan tiene una ocupaci\u00f3n del 100% en las salas de ni\u00f1os con coronavirus - Noticias Radio Reflejos<\/title>\n<meta name=\"robots\" content=\"index, follow, max-snippet:-1, max-image-preview:large, max-video-preview:-1\" \/>\n<link rel=\"canonical\" href=\"https:\/\/www.noticiasradioreflejos.com.ar\/2021\/alarma-el-hospital-garrahan-tiene-una-ocupacion-del-100-en-las-salas-de-ninos-con-coronavirus\/\" \/>\n<meta property=\"og:locale\" content=\"es_ES\" \/>\n<meta property=\"og:type\" content=\"article\" \/>\n<meta property=\"og:title\" content=\"Alarma: el Hospital Garrahan tiene una ocupaci\u00f3n del 100% en las salas de ni\u00f1os con coronavirus - Noticias Radio Reflejos\" \/>\n<meta property=\"og:description\" content=\"Las\u00a0salas destinadas a pacientes con\u00a0coronavirus\u00a0del Hospital\u00a0Garrahan\u00a0de la Ciudad de Buenos Aires tienen una\u00a0ocupaci\u00f3n del 100 por ciento, mientras que tres ni\u00f1os permanecen internados en terapia intensiva, un n\u00famero \u00abmayor al del a\u00f1o pasado\u00bb, seg\u00fan asegur\u00f3 la directora de Epidemiolog\u00eda del centro de salud infantil.\" \/>\n<meta property=\"og:url\" content=\"https:\/\/www.noticiasradioreflejos.com.ar\/2021\/alarma-el-hospital-garrahan-tiene-una-ocupacion-del-100-en-las-salas-de-ninos-con-coronavirus\/\" \/>\n<meta property=\"og:site_name\" content=\"Noticias Radio Reflejos\" \/>\n<meta property=\"article:published_time\" content=\"2021-04-22T15:07:41+00:00\" \/>\n<meta property=\"og:image\" content=\"https:\/\/www.noticiasradioreflejos.com.ar\/2021\/wp-content\/uploads\/2021\/07\/logosol300x200.png\" \/>\n\t<meta property=\"og:image:width\" content=\"300\" \/>\n\t<meta property=\"og:image:height\" content=\"200\" \/>\n\t<meta property=\"og:image:type\" content=\"image\/png\" \/>\n<meta name=\"author\" content=\"Arnaldo Botto\" \/>\n<meta name=\"twitter:card\" content=\"summary_large_image\" \/>\n<script type=\"application\/ld+json\" class=\"yoast-schema-graph\">{\"@context\":\"https:\/\/schema.org\",\"@graph\":[{\"@type\":\"WebPage\",\"@id\":\"https:\/\/www.noticiasradioreflejos.com.ar\/2021\/alarma-el-hospital-garrahan-tiene-una-ocupacion-del-100-en-las-salas-de-ninos-con-coronavirus\/\",\"url\":\"https:\/\/www.noticiasradioreflejos.com.ar\/2021\/alarma-el-hospital-garrahan-tiene-una-ocupacion-del-100-en-las-salas-de-ninos-con-coronavirus\/\",\"name\":\"Alarma: el Hospital Garrahan tiene una ocupaci\u00f3n del 100% en las salas de ni\u00f1os con coronavirus - Noticias Radio Reflejos\",\"isPartOf\":{\"@id\":\"https:\/\/www.noticiasradioreflejos.com.ar\/2021\/#website\"},\"datePublished\":\"2021-04-22T15:07:41+00:00\",\"author\":{\"@id\":\"https:\/\/www.noticiasradioreflejos.com.ar\/2021\/#\/schema\/person\/ad82545263dcc5ec0996818884fd5fb1\"},\"breadcrumb\":{\"@id\":\"https:\/\/www.noticiasradioreflejos.com.ar\/2021\/alarma-el-hospital-garrahan-tiene-una-ocupacion-del-100-en-las-salas-de-ninos-con-coronavirus\/#breadcrumb\"},\"inLanguage\":\"es\",\"potentialAction\":[{\"@type\":\"ReadAction\",\"target\":[\"https:\/\/www.noticiasradioreflejos.com.ar\/2021\/alarma-el-hospital-garrahan-tiene-una-ocupacion-del-100-en-las-salas-de-ninos-con-coronavirus\/\"]}]},{\"@type\":\"BreadcrumbList\",\"@id\":\"https:\/\/www.noticiasradioreflejos.com.ar\/2021\/alarma-el-hospital-garrahan-tiene-una-ocupacion-del-100-en-las-salas-de-ninos-con-coronavirus\/#breadcrumb\",\"itemListElement\":[{\"@type\":\"ListItem\",\"position\":1,\"name\":\"Portada\",\"item\":\"https:\/\/www.noticiasradioreflejos.com.ar\/2021\/\"},{\"@type\":\"ListItem\",\"position\":2,\"name\":\"Alarma: el Hospital Garrahan tiene una ocupaci\u00f3n del 100% en las salas de ni\u00f1os con coronavirus\"}]},{\"@type\":\"WebSite\",\"@id\":\"https:\/\/www.noticiasradioreflejos.com.ar\/2021\/#website\",\"url\":\"https:\/\/www.noticiasradioreflejos.com.ar\/2021\/\",\"name\":\"Noticias Radio Reflejos\",\"description\":\"Las noticias de mi comarca\",\"potentialAction\":[{\"@type\":\"SearchAction\",\"target\":{\"@type\":\"EntryPoint\",\"urlTemplate\":\"https:\/\/www.noticiasradioreflejos.com.ar\/2021\/?s={search_term_string}\"},\"query-input\":{\"@type\":\"PropertyValueSpecification\",\"valueRequired\":true,\"valueName\":\"search_term_string\"}}],\"inLanguage\":\"es\"},{\"@type\":\"Person\",\"@id\":\"https:\/\/www.noticiasradioreflejos.com.ar\/2021\/#\/schema\/person\/ad82545263dcc5ec0996818884fd5fb1\",\"name\":\"Arnaldo Botto\",\"image\":{\"@type\":\"ImageObject\",\"inLanguage\":\"es\",\"@id\":\"https:\/\/www.noticiasradioreflejos.com.ar\/2021\/#\/schema\/person\/image\/\",\"url\":\"https:\/\/secure.gravatar.com\/avatar\/55cb5e37c1efa326397366e6974cb338056df65cb50e7d64d1cf314e87504837?s=96&d=mm&r=g\",\"contentUrl\":\"https:\/\/secure.gravatar.com\/avatar\/55cb5e37c1efa326397366e6974cb338056df65cb50e7d64d1cf314e87504837?s=96&d=mm&r=g\",\"caption\":\"Arnaldo Botto\"},\"url\":\"https:\/\/www.noticiasradioreflejos.com.ar\/2021\/author\/arnaldo\/\"}]}<\/script>\n<!-- \/ Yoast SEO plugin. -->","yoast_head_json":{"title":"Alarma: el Hospital Garrahan tiene una ocupaci\u00f3n del 100% en las salas de ni\u00f1os con coronavirus - Noticias Radio Reflejos","robots":{"index":"index","follow":"follow","max-snippet":"max-snippet:-1","max-image-preview":"max-image-preview:large","max-video-preview":"max-video-preview:-1"},"canonical":"https:\/\/www.noticiasradioreflejos.com.ar\/2021\/alarma-el-hospital-garrahan-tiene-una-ocupacion-del-100-en-las-salas-de-ninos-con-coronavirus\/","og_locale":"es_ES","og_type":"article","og_title":"Alarma: el Hospital Garrahan tiene una ocupaci\u00f3n del 100% en las salas de ni\u00f1os con coronavirus - Noticias Radio Reflejos","og_description":"Las\u00a0salas destinadas a pacientes con\u00a0coronavirus\u00a0del Hospital\u00a0Garrahan\u00a0de la Ciudad de Buenos Aires tienen una\u00a0ocupaci\u00f3n del 100 por ciento, mientras que tres ni\u00f1os permanecen internados en terapia intensiva, un n\u00famero \u00abmayor al del a\u00f1o pasado\u00bb, seg\u00fan asegur\u00f3 la directora de Epidemiolog\u00eda del centro de salud infantil.","og_url":"https:\/\/www.noticiasradioreflejos.com.ar\/2021\/alarma-el-hospital-garrahan-tiene-una-ocupacion-del-100-en-las-salas-de-ninos-con-coronavirus\/","og_site_name":"Noticias Radio Reflejos","article_published_time":"2021-04-22T15:07:41+00:00","og_image":[{"width":300,"height":200,"url":"https:\/\/www.noticiasradioreflejos.com.ar\/2021\/wp-content\/uploads\/2021\/07\/logosol300x200.png","type":"image\/png"}],"author":"Arnaldo Botto","twitter_card":"summary_large_image","schema":{"@context":"https:\/\/schema.org","@graph":[{"@type":"WebPage","@id":"https:\/\/www.noticiasradioreflejos.com.ar\/2021\/alarma-el-hospital-garrahan-tiene-una-ocupacion-del-100-en-las-salas-de-ninos-con-coronavirus\/","url":"https:\/\/www.noticiasradioreflejos.com.ar\/2021\/alarma-el-hospital-garrahan-tiene-una-ocupacion-del-100-en-las-salas-de-ninos-con-coronavirus\/","name":"Alarma: el Hospital Garrahan tiene una ocupaci\u00f3n del 100% en las salas de ni\u00f1os con coronavirus - Noticias Radio Reflejos","isPartOf":{"@id":"https:\/\/www.noticiasradioreflejos.com.ar\/2021\/#website"},"datePublished":"2021-04-22T15:07:41+00:00","author":{"@id":"https:\/\/www.noticiasradioreflejos.com.ar\/2021\/#\/schema\/person\/ad82545263dcc5ec0996818884fd5fb1"},"breadcrumb":{"@id":"https:\/\/www.noticiasradioreflejos.com.ar\/2021\/alarma-el-hospital-garrahan-tiene-una-ocupacion-del-100-en-las-salas-de-ninos-con-coronavirus\/#breadcrumb"},"inLanguage":"es","potentialAction":[{"@type":"ReadAction","target":["https:\/\/www.noticiasradioreflejos.com.ar\/2021\/alarma-el-hospital-garrahan-tiene-una-ocupacion-del-100-en-las-salas-de-ninos-con-coronavirus\/"]}]},{"@type":"BreadcrumbList","@id":"https:\/\/www.noticiasradioreflejos.com.ar\/2021\/alarma-el-hospital-garrahan-tiene-una-ocupacion-del-100-en-las-salas-de-ninos-con-coronavirus\/#breadcrumb","itemListElement":[{"@type":"ListItem","position":1,"name":"Portada","item":"https:\/\/www.noticiasradioreflejos.com.ar\/2021\/"},{"@type":"ListItem","position":2,"name":"Alarma: el Hospital Garrahan tiene una ocupaci\u00f3n del 100% en las salas de ni\u00f1os con coronavirus"}]},{"@type":"WebSite","@id":"https:\/\/www.noticiasradioreflejos.com.ar\/2021\/#website","url":"https:\/\/www.noticiasradioreflejos.com.ar\/2021\/","name":"Noticias Radio Reflejos","description":"Las noticias de mi comarca","potentialAction":[{"@type":"SearchAction","target":{"@type":"EntryPoint","urlTemplate":"https:\/\/www.noticiasradioreflejos.com.ar\/2021\/?s={search_term_string}"},"query-input":{"@type":"PropertyValueSpecification","valueRequired":true,"valueName":"search_term_string"}}],"inLanguage":"es"},{"@type":"Person","@id":"https:\/\/www.noticiasradioreflejos.com.ar\/2021\/#\/schema\/person\/ad82545263dcc5ec0996818884fd5fb1","name":"Arnaldo Botto","image":{"@type":"ImageObject","inLanguage":"es","@id":"https:\/\/www.noticiasradioreflejos.com.ar\/2021\/#\/schema\/person\/image\/","url":"https:\/\/secure.gravatar.com\/avatar\/55cb5e37c1efa326397366e6974cb338056df65cb50e7d64d1cf314e87504837?s=96&d=mm&r=g","contentUrl":"https:\/\/secure.gravatar.com\/avatar\/55cb5e37c1efa326397366e6974cb338056df65cb50e7d64d1cf314e87504837?s=96&d=mm&r=g","caption":"Arnaldo Botto"},"url":"https:\/\/www.noticiasradioreflejos.com.ar\/2021\/author\/arnaldo\/"}]}},"_links":{"self":[{"href":"https:\/\/www.noticiasradioreflejos.com.ar\/2021\/wp-json\/wp\/v2\/posts\/55772","targetHints":{"allow":["GET"]}}],"collection":[{"href":"https:\/\/www.noticiasradioreflejos.com.ar\/2021\/wp-json\/wp\/v2\/posts"}],"about":[{"href":"https:\/\/www.noticiasradioreflejos.com.ar\/2021\/wp-json\/wp\/v2\/types\/post"}],"author":[{"embeddable":true,"href":"https:\/\/www.noticiasradioreflejos.com.ar\/2021\/wp-json\/wp\/v2\/users\/3"}],"replies":[{"embeddable":true,"href":"https:\/\/www.noticiasradioreflejos.com.ar\/2021\/wp-json\/wp\/v2\/comments?post=55772"}],"version-history":[{"count":0,"href":"https:\/\/www.noticiasradioreflejos.com.ar\/2021\/wp-json\/wp\/v2\/posts\/55772\/revisions"}],"wp:attachment":[{"href":"https:\/\/www.noticiasradioreflejos.com.ar\/2021\/wp-json\/wp\/v2\/media?parent=55772"}],"wp:term":[{"taxonomy":"category","embeddable":true,"href":"https:\/\/www.noticiasradioreflejos.com.ar\/2021\/wp-json\/wp\/v2\/categories?post=55772"},{"taxonomy":"post_tag","embeddable":true,"href":"https:\/\/www.noticiasradioreflejos.com.ar\/2021\/wp-json\/wp\/v2\/tags?post=55772"}],"curies":[{"name":"wp","href":"https:\/\/api.w.org\/{rel}","templated":true}]}}