{"id":55748,"date":"2021-04-22T08:18:49","date_gmt":"2021-04-22T11:18:49","guid":{"rendered":"http:\/\/www.noticiasradioreflejos.com.ar\/noticias\/?p=55748"},"modified":"2021-04-22T08:18:49","modified_gmt":"2021-04-22T11:18:49","slug":"dia-de-la-tierra-una-celebracion-entre-la-diplomacia-ambiental-y-la-pandemia","status":"publish","type":"post","link":"https:\/\/www.noticiasradioreflejos.com.ar\/2021\/dia-de-la-tierra-una-celebracion-entre-la-diplomacia-ambiental-y-la-pandemia\/","title":{"rendered":"D\u00eda de la Tierra, una celebraci\u00f3n entre la diplomacia ambiental y la pandemia"},"content":{"rendered":"<p>Incendios que se multiplican, millones de especies en peligro de extinci\u00f3n, miles de hect\u00e1reas que siguen siendo deforestadas y un virus al que no podemos vencer no parecen razones para festejar. Sin embargo, la sociedad civil, la ciencia y algunos compromisos pol\u00edticos pueden revertir la crisis clim\u00e1tica que padecemos<!--more--><\/p>\n<div class=\"byline | col widescreen-8 desktop-8 tablet-12 nd-article-byline display_flex isText width_full\"><\/div>\n<div class=\"nd_buttons_container width_full display_flex\"><\/div>\n<article class=\"article | col widescreen-8 desktop-8 tablet-12 width_full\">\n<div class=\"nd-body-article\">\n<div class=\"visual__image image_container\"><img loading=\"lazy\" decoding=\"async\" src=\"https:\/\/www.infobae.com\/new-resizer\/-69zMBVJWPq1ppx40sjF1-cs5GY=\/420x236\/filters:format(jpg):quality(85)\/cloudfront-us-east-1.images.arcpublishing.com\/infobae\/KELMMJTWHFH5RMX4NKNCST4RPE.jpg\" sizes=\"auto, (min-width: 800px) 50vw, 90vw\" srcset=\"https:\/\/www.infobae.com\/new-resizer\/-69zMBVJWPq1ppx40sjF1-cs5GY=\/420x236\/filters:format(jpg):quality(85)\/cloudfront-us-east-1.images.arcpublishing.com\/infobae\/KELMMJTWHFH5RMX4NKNCST4RPE.jpg 420w,https:\/\/www.infobae.com\/new-resizer\/PL5UwjyKbUGMhTkW3GvluPjcZjQ=\/768x432\/filters:format(jpg):quality(85)\/cloudfront-us-east-1.images.arcpublishing.com\/infobae\/KELMMJTWHFH5RMX4NKNCST4RPE.jpg 768w,https:\/\/www.infobae.com\/new-resizer\/10Tu6Tlpqrc1K8mQF0_MpU0U2hw=\/992x558\/filters:format(jpg):quality(85)\/cloudfront-us-east-1.images.arcpublishing.com\/infobae\/KELMMJTWHFH5RMX4NKNCST4RPE.jpg 992w,https:\/\/www.infobae.com\/new-resizer\/GrPHR1Jfk4lsiPPcPqust8QKUVo=\/1200x675\/filters:format(jpg):quality(85)\/cloudfront-us-east-1.images.arcpublishing.com\/infobae\/KELMMJTWHFH5RMX4NKNCST4RPE.jpg 1200w\" alt=\"La deforestaci\u00f3n de la selva amaz\u00f3nica responde por el 40 % de las emisiones de gases de Brasil y subraya la preocupaci\u00f3n que existe en el mundo por el aumento de la tala de \u00e1rboles y los incendios en esa regi\u00f3n (EFE)\" width=\"1920\" height=\"1080\" \/>La deforestaci\u00f3n de la selva amaz\u00f3nica responde por el 40 % de las emisiones de gases de Brasil y subraya la preocupaci\u00f3n que existe en el mundo por el aumento de la tala de \u00e1rboles y los incendios en esa regi\u00f3n (EFE)<\/div>\n<p class=\"paragraph\">Apenas el\u00a0<b>3 % de las tierras del planeta est\u00e1n intactas,<\/b>\u00a0pr\u00edstinas, sin intervenci\u00f3n humana. Casi\u00a0<b>un mill\u00f3n de especies est\u00e1n en peligro de extinci\u00f3n.<\/b>\u00a0Si buscamos n\u00fameros en la Argentina, durante 2020, a\u00f1o en que comenz\u00f3 la pandemia,\u00a0<b>se perdieron 115.000 hect\u00e1reas de bosque nativo<\/b>, el equivalente a la emisi\u00f3n de gases contaminantes que producen 4 millones y medio de veh\u00edculos en circulaci\u00f3n durante un a\u00f1o. Tambi\u00e9n hubo fuegos: no s\u00f3lo el a\u00f1o pasado<b>\u00a0las 24 provincias del pa\u00eds registraron focos \u00edgneos<\/b>, sino que hace poco m\u00e1s de un mes, la voracidad de las llamas quem\u00f3 una parte de la cordillera y dej\u00f3 tres muertos.<\/p>\n<p class=\"paragraph\">Con estas cifras se celebra hoy el<b>\u00a0D\u00eda de la Tierra,<\/b>\u00a0una efem\u00e9ride que naci\u00f3 hace 50 a\u00f1os como un movimiento ciudadano para impulsar acciones que beneficien al planeta y establecer un di\u00e1logo de largo aliento sobre los da\u00f1os causados al ambiente, as\u00ed como la importancia de preservar el ecosistema.<\/p>\n<div class=\"visual__image image_container\"><img loading=\"lazy\" decoding=\"async\" src=\"https:\/\/www.infobae.com\/new-resizer\/2lgNFs8Fkad2fZaxIaWXaEM3JpU=\/420x236\/filters:format(jpg):quality(85)\/cloudfront-us-east-1.images.arcpublishing.com\/infobae\/IA4TOP22TZBZPME56CPO5AOAPQ.jpg\" sizes=\"auto, (min-width: 800px) 50vw, 90vw\" srcset=\"https:\/\/www.infobae.com\/new-resizer\/2lgNFs8Fkad2fZaxIaWXaEM3JpU=\/420x236\/filters:format(jpg):quality(85)\/cloudfront-us-east-1.images.arcpublishing.com\/infobae\/IA4TOP22TZBZPME56CPO5AOAPQ.jpg 420w,https:\/\/www.infobae.com\/new-resizer\/OFlPTRI2wDYFhLVYVmeKqWrXbb8=\/768x432\/filters:format(jpg):quality(85)\/cloudfront-us-east-1.images.arcpublishing.com\/infobae\/IA4TOP22TZBZPME56CPO5AOAPQ.jpg 768w,https:\/\/www.infobae.com\/new-resizer\/rmQ7ic4Tjn3M5KmU2-KkuqQfuG4=\/992x558\/filters:format(jpg):quality(85)\/cloudfront-us-east-1.images.arcpublishing.com\/infobae\/IA4TOP22TZBZPME56CPO5AOAPQ.jpg 992w,https:\/\/www.infobae.com\/new-resizer\/K4P9Klibr6vedi69UgsuFW2_h2U=\/1200x675\/filters:format(jpg):quality(85)\/cloudfront-us-east-1.images.arcpublishing.com\/infobae\/IA4TOP22TZBZPME56CPO5AOAPQ.jpg 1200w\" alt=\"Vista de un incendio forestal, el 13 de abril de 2021, en el poblado de Tepoztl\u00e1n, en el estado de Morelos, M\u00e9xico (EFE)\" width=\"1920\" height=\"1080\" \/>Vista de un incendio forestal, el 13 de abril de 2021, en el poblado de Tepoztl\u00e1n, en el estado de Morelos, M\u00e9xico (EFE)<\/div>\n<p class=\"paragraph\">En un a\u00f1o de parate de actividades por la circulaci\u00f3n de un virus que a\u00fan no podemos dominar,\u00a0<b>no fren\u00f3 la generaci\u00f3n de emisiones de gases de efecto invernadero<\/b>, esos que provocan el calentamiento global, y marcaron un nuevo r\u00e9cord hist\u00f3rico:\u00a0<b>la atm\u00f3sfera registr\u00f3 417 partes por mill\u00f3n de CO2.\u00a0<\/b>Con este nivel de gases en la atm\u00f3sfera, el mundo marcha a una suba, promedio, de 3\u00b0C para fin de siglo, el doble que el objetivo del Acuerdo de Par\u00eds.<\/p>\n<p class=\"paragraph\"><b>\u00bfHay alguna buena noticia?<\/b>\u00a0Si. Con los Estados Unidos volviendo a hablar de crisis clim\u00e1tica, las promesas de China de bajar sus niveles de contaminaci\u00f3n que afectan a todos el planeta y las metas cada vez m\u00e1s ambiciosas del Reino Unido, Francia y Alemania hay esperanza.<\/p>\n<div class=\"visual__image image_container\"><img loading=\"lazy\" decoding=\"async\" src=\"https:\/\/www.infobae.com\/new-resizer\/rd9-DJmSWyh6IrbuXpdAosboSk0=\/420x236\/filters:format(jpg):quality(85)\/cloudfront-us-east-1.images.arcpublishing.com\/infobae\/3F32HTFFTJDVVPFHMHYOXACHAM.jpg\" sizes=\"auto, (min-width: 800px) 50vw, 90vw\" srcset=\"https:\/\/www.infobae.com\/new-resizer\/rd9-DJmSWyh6IrbuXpdAosboSk0=\/420x236\/filters:format(jpg):quality(85)\/cloudfront-us-east-1.images.arcpublishing.com\/infobae\/3F32HTFFTJDVVPFHMHYOXACHAM.jpg 420w,https:\/\/www.infobae.com\/new-resizer\/jCwiq2Gc-QialgJZXsR5gpN9XHE=\/768x432\/filters:format(jpg):quality(85)\/cloudfront-us-east-1.images.arcpublishing.com\/infobae\/3F32HTFFTJDVVPFHMHYOXACHAM.jpg 768w,https:\/\/www.infobae.com\/new-resizer\/TnV4l3zTNfEZ9fVmXBM4V0uVd-U=\/992x558\/filters:format(jpg):quality(85)\/cloudfront-us-east-1.images.arcpublishing.com\/infobae\/3F32HTFFTJDVVPFHMHYOXACHAM.jpg 992w,https:\/\/www.infobae.com\/new-resizer\/mgOR7TmPvwLWd7DXpcaGyFwL1Fc=\/1200x675\/filters:format(jpg):quality(85)\/cloudfront-us-east-1.images.arcpublishing.com\/infobae\/3F32HTFFTJDVVPFHMHYOXACHAM.jpg 1200w\" alt=\"Fotograf\u00eda que muestra la contaminaci\u00f3n en el lago Uru Uru en Oruro, Bolivia (EFE)\" width=\"1920\" height=\"1080\" \/>Fotograf\u00eda que muestra la contaminaci\u00f3n en el lago Uru Uru en Oruro, Bolivia (EFE)<\/div>\n<p class=\"paragraph\">\u201cEste D\u00eda de la Tierra nos encuentra atravesando\u00a0<b>una crisis planetaria sin precedentes marcada por una pandemia de origen zoon\u00f3tico, muy vinculada a la agresi\u00f3n que estamos generando en el planeta.\u00a0<\/b>A ello se suma la grave crisis ambiental y clim\u00e1tica que lejos de desaparecer parece agravarse cada vez m\u00e1s, as\u00ed lo demuestran los incendios, la enorme p\u00e9rdida de biodiversidad y extinci\u00f3n de especies, los graves procesos de contaminaci\u00f3n y las cientos de asesinatos de personas defensoras del ambiente y de los territorios\u201d, explica\u00a0<b>Andr\u00e9s N\u00e1poli<\/b>, director ejecutivo de la Fundaci\u00f3n Ambiente y Recursos Naturales (Farn).<\/p>\n<p class=\"paragraph\">Y agrega: \u201cSin embargo, en este D\u00eda de la Tierra suceder\u00e1n dos hechos que pueden resultar significativos:\u00a0<b>la entrada en vigencia del Acuerdo de Escaz\u00fa\u00a0<\/b>[acuerdo que protege los derechos de los defensores ambientales]\u00a0<b>y la reuni\u00f3n de presidentes por el cambio clim\u00e1tico.<\/b>\u00a0Dos hechos que, en la medida en que puedan establecerse pol\u00edticas, acciones, cooperaci\u00f3n entre los pa\u00edses y un mayor compromiso pueden marcar un cambio de tendencia\u201d.<\/p>\n<div class=\"visual__image image_container\"><img loading=\"lazy\" decoding=\"async\" src=\"https:\/\/www.infobae.com\/new-resizer\/9hbG5aNXuFWobuFp-ZBXlfOcJhE=\/420x280\/filters:format(jpg):quality(85)\/cloudfront-us-east-1.images.arcpublishing.com\/infobae\/R3RCZBCKABEULEI6UGONLFZAIE.jpg\" sizes=\"auto, (min-width: 800px) 50vw, 90vw\" srcset=\"https:\/\/www.infobae.com\/new-resizer\/9hbG5aNXuFWobuFp-ZBXlfOcJhE=\/420x280\/filters:format(jpg):quality(85)\/cloudfront-us-east-1.images.arcpublishing.com\/infobae\/R3RCZBCKABEULEI6UGONLFZAIE.jpg 420w,https:\/\/www.infobae.com\/new-resizer\/p47afkLCecvbrgfLBaWP1PTuYMQ=\/768x512\/filters:format(jpg):quality(85)\/cloudfront-us-east-1.images.arcpublishing.com\/infobae\/R3RCZBCKABEULEI6UGONLFZAIE.jpg 768w,https:\/\/www.infobae.com\/new-resizer\/rlYjglKlpF3qXUOh5_0e1_ophiI=\/992x661\/filters:format(jpg):quality(85)\/cloudfront-us-east-1.images.arcpublishing.com\/infobae\/R3RCZBCKABEULEI6UGONLFZAIE.jpg 992w,https:\/\/www.infobae.com\/new-resizer\/6rejWNynINz5bWkXJdfjObNBCi4=\/1200x800\/filters:format(jpg):quality(85)\/cloudfront-us-east-1.images.arcpublishing.com\/infobae\/R3RCZBCKABEULEI6UGONLFZAIE.jpg 1200w\" alt=\"Joe Biden, presidente de los Estados Unidos, encabeza la Cumbre de L\u00edderes por el Clima (EFE\/EPA) \" width=\"2095\" height=\"1397\" \/>Joe Biden, presidente de los Estados Unidos, encabeza la Cumbre de L\u00edderes por el Clima (EFE\/EPA)<\/div>\n<p class=\"paragraph\">N\u00e1poli se refiere a la<b>\u00a0Cumbre de L\u00edderes por el Clima\u00a0<\/b>que se extender\u00e1 hasta ma\u00f1ana, encabezada por el presidente de los Estados Unidos,\u00a0<b>Joe Biden<\/b>; en la que tambi\u00e9n estar\u00e1n otros l\u00edderes planetarios como el presidente chino,\u00a0<b>Xi Jinping<\/b>; el brasile\u00f1o,\u00a0<b>Jair Bolsonaro<\/b>; el argentino,\u00a0<b>Alberto Fern\u00e1ndez<\/b>\u00a0y el chileno,\u00a0<b>Sebasti\u00e1n Pi\u00f1era<\/b>, entre otros. Tambi\u00e9n participar\u00e1 el\u00a0<b>Papa Francisco<\/b>\u00a0de manera virtual.<\/p>\n<p class=\"paragraph\">Para\u00a0<b>In\u00e9s Camilloni<\/b>, cient\u00edfica del Conicet experta en Cambio Clim\u00e1tico es fundamental apelar a la ciencia, las soluciones urgentes y la solidaridad: \u201cSon los tres elementos imprescindibles para sentar las bases de las acciones necesarias frente al clim\u00e1tico. La ciencia y la innovaci\u00f3n son esenciales para generar el conocimiento y los instrumentos necesarios para\u00a0<b>descarbonizar la econom\u00eda<\/b>\u00a0y para contribuir con el dise\u00f1o de estrategias de adaptaci\u00f3n a un clima cada vez m\u00e1s amenazante y menos predecible.\u00a0<b>El cambio clim\u00e1tico est\u00e1 y estar\u00e1 presente por muchas d\u00e9cadas m\u00e1s con diferente nivel de peligrosidad<\/b>\u00a0de acuerdo con la ambici\u00f3n de las pol\u00edticas clim\u00e1ticas que se implementen y a la efectividad en las transformaciones de estilos de vida necesarios. E<b>l \u00e9xito en los esfuerzos para erradicar la pobreza, reducir las asimetr\u00edas y construir una sociedad resiliente e inclusiva depende de nuestro uso actual y futuro de los recursos y de los principios de solidaridad\u00a0<\/b>y justicia que gu\u00eden las acciones de mitigaci\u00f3n y adaptaci\u00f3n al cambio clim\u00e1tico.\u201d<\/p>\n<p class=\"paragraph\"><b>Un planeta, una salud<\/b><\/p>\n<p class=\"paragraph\">Seg\u00fan el PNUMA, (Programa de las Naciones Unidas para el Medio Ambiente)\u00a0<b>cada cuatro meses una nueva enfermedad infecciosa emerge en los humanos y de \u00e9stas el 75% proviene de animales<\/b>. \u201cEsto demuestra las estrechas relaciones entre la salud humana, animal y ambiental.\u201d, explica el organismo.<\/p>\n<div class=\"visual__image image_container\"><img loading=\"lazy\" decoding=\"async\" src=\"https:\/\/www.infobae.com\/new-resizer\/MzomJfOiLekkNbdEJCxOrNSQ2EI=\/420x236\/filters:format(jpg):quality(85)\/cloudfront-us-east-1.images.arcpublishing.com\/infobae\/6CQFW74BDVFVLF5DYGW6FZRQAA.jpg\" sizes=\"auto, (min-width: 800px) 50vw, 90vw\" srcset=\"https:\/\/www.infobae.com\/new-resizer\/MzomJfOiLekkNbdEJCxOrNSQ2EI=\/420x236\/filters:format(jpg):quality(85)\/cloudfront-us-east-1.images.arcpublishing.com\/infobae\/6CQFW74BDVFVLF5DYGW6FZRQAA.jpg 420w,https:\/\/www.infobae.com\/new-resizer\/aKYpCmqJts4SICO_Z-LnBky9P14=\/768x432\/filters:format(jpg):quality(85)\/cloudfront-us-east-1.images.arcpublishing.com\/infobae\/6CQFW74BDVFVLF5DYGW6FZRQAA.jpg 768w,https:\/\/www.infobae.com\/new-resizer\/xQlwwi9aYTl1QzCDCfZy0fibOEc=\/992x558\/filters:format(jpg):quality(85)\/cloudfront-us-east-1.images.arcpublishing.com\/infobae\/6CQFW74BDVFVLF5DYGW6FZRQAA.jpg 992w,https:\/\/www.infobae.com\/new-resizer\/NkKDbcBQqTuFxjdVrYsxdJyzlyo=\/1200x675\/filters:format(jpg):quality(85)\/cloudfront-us-east-1.images.arcpublishing.com\/infobae\/6CQFW74BDVFVLF5DYGW6FZRQAA.jpg 1200w\" alt=\"El &quot;esmog&quot; o niebla mezclada con humo y part\u00edculas en suspensi\u00f3n cae sobre la Ciudad Prohibida de Pek\u00edn, China (EFE)\" width=\"1920\" height=\"1080\" \/>El \u00abesmog\u00bb o niebla mezclada con humo y part\u00edculas en suspensi\u00f3n cae sobre la Ciudad Prohibida de Pek\u00edn, China (EFE)<\/div>\n<p class=\"paragraph\"><b>Manuel Jaramillo<\/b>, director ejecutivo de la Fundaci\u00f3n Vida Silvestre Argentina, explica: \u201cEst\u00e1 aqu\u00ed desde miles de millones de a\u00f1os antes que nosotros, seguramente lo estar\u00e1 despu\u00e9s que nosotros ya no estemos. En muy poco tiempo la hemos descubierto, colonizado, utilizado y, en muchos casos, degradado y devastado. A pesar de considerarla nuestra, no la hemos cuidado como si lo fuera.\u00a0<b>Hoy nuestra tierra ya no s\u00f3lo necesita ser cuidada y conservada, necesita ser restaurada y por ello las Naciones Unidas han considerado esta la d\u00e9cada de la restauraci\u00f3n<\/b>.\u201d<\/p>\n<div class=\"visual__image image_container\"><img loading=\"lazy\" decoding=\"async\" src=\"https:\/\/www.infobae.com\/new-resizer\/xVfs58A4GXzUU-6ozPreEdJS4A4=\/420x236\/filters:format(jpg):quality(85)\/cloudfront-us-east-1.images.arcpublishing.com\/infobae\/J3FIOGDZHBDJRBSLYPEE7Q7HQI.jpg\" sizes=\"auto, (min-width: 800px) 50vw, 90vw\" srcset=\"https:\/\/www.infobae.com\/new-resizer\/xVfs58A4GXzUU-6ozPreEdJS4A4=\/420x236\/filters:format(jpg):quality(85)\/cloudfront-us-east-1.images.arcpublishing.com\/infobae\/J3FIOGDZHBDJRBSLYPEE7Q7HQI.jpg 420w,https:\/\/www.infobae.com\/new-resizer\/hO7cROfJwGG43hn6Hl9VsGmiNz8=\/768x432\/filters:format(jpg):quality(85)\/cloudfront-us-east-1.images.arcpublishing.com\/infobae\/J3FIOGDZHBDJRBSLYPEE7Q7HQI.jpg 768w,https:\/\/www.infobae.com\/new-resizer\/YsS2vVCAwLeF1THPqkI_KAsax_A=\/992x558\/filters:format(jpg):quality(85)\/cloudfront-us-east-1.images.arcpublishing.com\/infobae\/J3FIOGDZHBDJRBSLYPEE7Q7HQI.jpg 992w,https:\/\/www.infobae.com\/new-resizer\/LL1VcgKFhEANrZgl4TBSul9abms=\/1200x675\/filters:format(jpg):quality(85)\/cloudfront-us-east-1.images.arcpublishing.com\/infobae\/J3FIOGDZHBDJRBSLYPEE7Q7HQI.jpg 1200w\" alt=\"Chimeneas en una refiner\u00eda de gas y petr\u00f3leo (EFE)\" width=\"1920\" height=\"1080\" \/>Chimeneas en una refiner\u00eda de gas y petr\u00f3leo (EFE)<\/div>\n<p class=\"paragraph\">No s\u00f3lo es clave restaurar ambientes y ecosistemas para Jaramillo; tambi\u00e9n es necesario reformular procesos productivos y socioecon\u00f3micos: \u201cDebemos restaurar tambi\u00e9n los v\u00ednculos entre las personas y la naturaleza que habitamos esta Tierra, entender que la palabra nuestra, implica que es de todos y as\u00ed c\u00f3mo todos tenemos el derecho a vivirla y disfrutarla, todos tenemos el deber de protegerla y cuidarla. La Madre Tierra, c\u00f3mo tambi\u00e9n la llamamos, ya nos ha permitido nacer y nos ha cuidado mientras crecimos como sociedad. Hoy, ya maduros y responsables, debemos empezar a devolverle parte de lo que amorosamente nos ha brindado.\u201d<\/p>\n<p class=\"paragraph\">En t\u00e9rminos pr\u00e1cticos, varias ONG argentinas y movimientos de j\u00f3venes como\u00a0<b>Ecohouse\u00a0<\/b>y\u00a0<b>J\u00f3venes por el Clima<\/b>, impulsan el debate para que\u00a0<b>los delitos ambientales sean incluidos en el C\u00f3digo Penal Argentino.<\/b><\/p>\n<div class=\"visual__image image_container\"><img loading=\"lazy\" decoding=\"async\" src=\"https:\/\/www.infobae.com\/new-resizer\/DYftQe0PFNNZMawCO0tiNRB36oQ=\/420x236\/filters:format(jpg):quality(85)\/cloudfront-us-east-1.images.arcpublishing.com\/infobae\/TSUHCBUPZVHHDIDW2TX6RAQHZQ.jpg\" sizes=\"auto, (min-width: 800px) 50vw, 90vw\" srcset=\"https:\/\/www.infobae.com\/new-resizer\/DYftQe0PFNNZMawCO0tiNRB36oQ=\/420x236\/filters:format(jpg):quality(85)\/cloudfront-us-east-1.images.arcpublishing.com\/infobae\/TSUHCBUPZVHHDIDW2TX6RAQHZQ.jpg 420w,https:\/\/www.infobae.com\/new-resizer\/VUB3Hjfd4gxZ93zUIfZa97fgJiQ=\/768x432\/filters:format(jpg):quality(85)\/cloudfront-us-east-1.images.arcpublishing.com\/infobae\/TSUHCBUPZVHHDIDW2TX6RAQHZQ.jpg 768w,https:\/\/www.infobae.com\/new-resizer\/JLLTPgZjScllQ-1OL0Z7E_oQOzA=\/992x558\/filters:format(jpg):quality(85)\/cloudfront-us-east-1.images.arcpublishing.com\/infobae\/TSUHCBUPZVHHDIDW2TX6RAQHZQ.jpg 992w,https:\/\/www.infobae.com\/new-resizer\/yzGHQQF3VstfzuOMkekFF95oAGQ=\/1200x675\/filters:format(jpg):quality(85)\/cloudfront-us-east-1.images.arcpublishing.com\/infobae\/TSUHCBUPZVHHDIDW2TX6RAQHZQ.jpg 1200w\" alt=\"Fotograf\u00eda de un terreno de selva deforestado, el 22 de febrero de 2020 (EFE)\" width=\"1920\" height=\"1080\" \/>Fotograf\u00eda de un terreno de selva deforestado, el 22 de febrero de 2020 (EFE)<\/div>\n<p class=\"paragraph\">\u201c<b>Estamos alcanzando un punto l\u00edmite. La actual crisis clim\u00e1tica, de biodiversidad y sanitaria nos obliga a actuar en consecuencia. Lamentablemente la mayor\u00eda de los gobiernos y corporaciones siguen en la misma direcci\u00f3n suicida.<\/b>\u00a0Pero cada vez m\u00e1s gente se moviliza en defensa de sus territorios y por un modelo de desarrollo diferente al que nos est\u00e1 llevando al colapso.\u00a0<b>Un paso clave y urgente es la prohibici\u00f3n y penalizaci\u00f3n de desmontes e incendios forestales.<\/b>\u00a0Ya que m\u00e1s deforestaci\u00f3n es m\u00e1s cambio clim\u00e1tico, m\u00e1s p\u00e9rdida de biodiversidad, m\u00e1s inundaciones, m\u00e1s desalojos de comunidades campesinas e ind\u00edgenas\u201d, indic\u00f3\u00a0<b>Hern\u00e1n Giardini<\/b>, director de la campa\u00f1a de\u00a0<b>Bosques de Greenpeace Argentina.<\/b><\/p>\n<p class=\"paragraph\">\u201cEste d\u00eda nos invita a reflexionar y actuar en forma urgente sobre nuestra relaci\u00f3n con el Planeta y sus ecosistemas fr\u00e1giles y vitales, como bosques, humedales, oc\u00e9anos, glaciares, y asumir la responsabilidad de cuidarlos para las generaciones presentes y futuras\u201d, agreg\u00f3.<\/p>\n<\/div>\n<div class=\"author_image\"><img loading=\"lazy\" decoding=\"async\" src=\"https:\/\/s3.amazonaws.com\/arc-authors\/infobae\/4d84c81b-4eae-4559-a50d-b0b31b7fbf41.png\" alt=\"autor\" width=\"60\" height=\"60\" \/><\/div>\n<div class=\"byline-text-wrapper\">\n<div class=\"authors | color_black display_inline\">\n<p>Por:\u00a0<a class=\"author | bold\" href=\"https:\/\/www.infobae.com\/autor\/laura-rocha\">Laura Rocha<\/a><\/p>\n<\/div>\n<div class=\"datetime | display_inline byline_datetime\"><span style=\"color: #ff6600;\"><strong>INFOBAE<\/strong><\/span><\/div>\n<\/div>\n<\/article>\n","protected":false},"excerpt":{"rendered":"<p>Incendios que se multiplican, millones de especies en peligro de extinci\u00f3n, miles de hect\u00e1reas que siguen siendo deforestadas y un virus al que no podemos vencer no parecen razones para festejar. Sin embargo, la sociedad civil, la ciencia y algunos compromisos pol\u00edticos pueden revertir la crisis clim\u00e1tica que padecemos<\/p>\n","protected":false},"author":3,"featured_media":0,"comment_status":"closed","ping_status":"open","sticky":false,"template":"","format":"standard","meta":{"footnotes":""},"categories":[46,26],"tags":[],"class_list":["post-55748","post","type-post","status-publish","format-standard","hentry","category-ciencia-y-tecnologia","category-sociedad"],"yoast_head":"<!-- This site is optimized with the Yoast SEO plugin v25.9 - https:\/\/yoast.com\/wordpress\/plugins\/seo\/ -->\n<title>D\u00eda de la Tierra, una celebraci\u00f3n entre la diplomacia ambiental y la pandemia - Noticias Radio Reflejos<\/title>\n<meta name=\"robots\" content=\"index, follow, max-snippet:-1, max-image-preview:large, max-video-preview:-1\" \/>\n<link rel=\"canonical\" href=\"https:\/\/www.noticiasradioreflejos.com.ar\/2021\/dia-de-la-tierra-una-celebracion-entre-la-diplomacia-ambiental-y-la-pandemia\/\" \/>\n<meta property=\"og:locale\" content=\"es_ES\" \/>\n<meta property=\"og:type\" content=\"article\" \/>\n<meta property=\"og:title\" content=\"D\u00eda de la Tierra, una celebraci\u00f3n entre la diplomacia ambiental y la pandemia - Noticias Radio Reflejos\" \/>\n<meta property=\"og:description\" content=\"Incendios que se multiplican, millones de especies en peligro de extinci\u00f3n, miles de hect\u00e1reas que siguen siendo deforestadas y un virus al que no podemos vencer no parecen razones para festejar. Sin embargo, la sociedad civil, la ciencia y algunos compromisos pol\u00edticos pueden revertir la crisis clim\u00e1tica que padecemos\" \/>\n<meta property=\"og:url\" content=\"https:\/\/www.noticiasradioreflejos.com.ar\/2021\/dia-de-la-tierra-una-celebracion-entre-la-diplomacia-ambiental-y-la-pandemia\/\" \/>\n<meta property=\"og:site_name\" content=\"Noticias Radio Reflejos\" \/>\n<meta property=\"article:published_time\" content=\"2021-04-22T11:18:49+00:00\" \/>\n<meta property=\"og:image\" content=\"https:\/\/www.infobae.com\/new-resizer\/-69zMBVJWPq1ppx40sjF1-cs5GY=\/420x236\/filters:format(jpg):quality(85)\/cloudfront-us-east-1.images.arcpublishing.com\/infobae\/KELMMJTWHFH5RMX4NKNCST4RPE.jpg\" \/>\n<meta name=\"author\" content=\"Arnaldo Botto\" \/>\n<meta name=\"twitter:card\" content=\"summary_large_image\" \/>\n<script type=\"application\/ld+json\" class=\"yoast-schema-graph\">{\"@context\":\"https:\/\/schema.org\",\"@graph\":[{\"@type\":\"WebPage\",\"@id\":\"https:\/\/www.noticiasradioreflejos.com.ar\/2021\/dia-de-la-tierra-una-celebracion-entre-la-diplomacia-ambiental-y-la-pandemia\/\",\"url\":\"https:\/\/www.noticiasradioreflejos.com.ar\/2021\/dia-de-la-tierra-una-celebracion-entre-la-diplomacia-ambiental-y-la-pandemia\/\",\"name\":\"D\u00eda de la Tierra, una celebraci\u00f3n entre la diplomacia ambiental y la pandemia - Noticias Radio Reflejos\",\"isPartOf\":{\"@id\":\"https:\/\/www.noticiasradioreflejos.com.ar\/2021\/#website\"},\"primaryImageOfPage\":{\"@id\":\"https:\/\/www.noticiasradioreflejos.com.ar\/2021\/dia-de-la-tierra-una-celebracion-entre-la-diplomacia-ambiental-y-la-pandemia\/#primaryimage\"},\"image\":{\"@id\":\"https:\/\/www.noticiasradioreflejos.com.ar\/2021\/dia-de-la-tierra-una-celebracion-entre-la-diplomacia-ambiental-y-la-pandemia\/#primaryimage\"},\"thumbnailUrl\":\"https:\/\/www.infobae.com\/new-resizer\/-69zMBVJWPq1ppx40sjF1-cs5GY=\/420x236\/filters:format(jpg):quality(85)\/cloudfront-us-east-1.images.arcpublishing.com\/infobae\/KELMMJTWHFH5RMX4NKNCST4RPE.jpg\",\"datePublished\":\"2021-04-22T11:18:49+00:00\",\"author\":{\"@id\":\"https:\/\/www.noticiasradioreflejos.com.ar\/2021\/#\/schema\/person\/ad82545263dcc5ec0996818884fd5fb1\"},\"breadcrumb\":{\"@id\":\"https:\/\/www.noticiasradioreflejos.com.ar\/2021\/dia-de-la-tierra-una-celebracion-entre-la-diplomacia-ambiental-y-la-pandemia\/#breadcrumb\"},\"inLanguage\":\"es\",\"potentialAction\":[{\"@type\":\"ReadAction\",\"target\":[\"https:\/\/www.noticiasradioreflejos.com.ar\/2021\/dia-de-la-tierra-una-celebracion-entre-la-diplomacia-ambiental-y-la-pandemia\/\"]}]},{\"@type\":\"ImageObject\",\"inLanguage\":\"es\",\"@id\":\"https:\/\/www.noticiasradioreflejos.com.ar\/2021\/dia-de-la-tierra-una-celebracion-entre-la-diplomacia-ambiental-y-la-pandemia\/#primaryimage\",\"url\":\"https:\/\/www.infobae.com\/new-resizer\/-69zMBVJWPq1ppx40sjF1-cs5GY=\/420x236\/filters:format(jpg):quality(85)\/cloudfront-us-east-1.images.arcpublishing.com\/infobae\/KELMMJTWHFH5RMX4NKNCST4RPE.jpg\",\"contentUrl\":\"https:\/\/www.infobae.com\/new-resizer\/-69zMBVJWPq1ppx40sjF1-cs5GY=\/420x236\/filters:format(jpg):quality(85)\/cloudfront-us-east-1.images.arcpublishing.com\/infobae\/KELMMJTWHFH5RMX4NKNCST4RPE.jpg\"},{\"@type\":\"BreadcrumbList\",\"@id\":\"https:\/\/www.noticiasradioreflejos.com.ar\/2021\/dia-de-la-tierra-una-celebracion-entre-la-diplomacia-ambiental-y-la-pandemia\/#breadcrumb\",\"itemListElement\":[{\"@type\":\"ListItem\",\"position\":1,\"name\":\"Portada\",\"item\":\"https:\/\/www.noticiasradioreflejos.com.ar\/2021\/\"},{\"@type\":\"ListItem\",\"position\":2,\"name\":\"D\u00eda de la Tierra, una celebraci\u00f3n entre la diplomacia ambiental y la pandemia\"}]},{\"@type\":\"WebSite\",\"@id\":\"https:\/\/www.noticiasradioreflejos.com.ar\/2021\/#website\",\"url\":\"https:\/\/www.noticiasradioreflejos.com.ar\/2021\/\",\"name\":\"Noticias Radio Reflejos\",\"description\":\"Las noticias de mi comarca\",\"potentialAction\":[{\"@type\":\"SearchAction\",\"target\":{\"@type\":\"EntryPoint\",\"urlTemplate\":\"https:\/\/www.noticiasradioreflejos.com.ar\/2021\/?s={search_term_string}\"},\"query-input\":{\"@type\":\"PropertyValueSpecification\",\"valueRequired\":true,\"valueName\":\"search_term_string\"}}],\"inLanguage\":\"es\"},{\"@type\":\"Person\",\"@id\":\"https:\/\/www.noticiasradioreflejos.com.ar\/2021\/#\/schema\/person\/ad82545263dcc5ec0996818884fd5fb1\",\"name\":\"Arnaldo Botto\",\"image\":{\"@type\":\"ImageObject\",\"inLanguage\":\"es\",\"@id\":\"https:\/\/www.noticiasradioreflejos.com.ar\/2021\/#\/schema\/person\/image\/\",\"url\":\"https:\/\/secure.gravatar.com\/avatar\/55cb5e37c1efa326397366e6974cb338056df65cb50e7d64d1cf314e87504837?s=96&d=mm&r=g\",\"contentUrl\":\"https:\/\/secure.gravatar.com\/avatar\/55cb5e37c1efa326397366e6974cb338056df65cb50e7d64d1cf314e87504837?s=96&d=mm&r=g\",\"caption\":\"Arnaldo Botto\"},\"url\":\"https:\/\/www.noticiasradioreflejos.com.ar\/2021\/author\/arnaldo\/\"}]}<\/script>\n<!-- \/ Yoast SEO plugin. -->","yoast_head_json":{"title":"D\u00eda de la Tierra, una celebraci\u00f3n entre la diplomacia ambiental y la pandemia - Noticias Radio Reflejos","robots":{"index":"index","follow":"follow","max-snippet":"max-snippet:-1","max-image-preview":"max-image-preview:large","max-video-preview":"max-video-preview:-1"},"canonical":"https:\/\/www.noticiasradioreflejos.com.ar\/2021\/dia-de-la-tierra-una-celebracion-entre-la-diplomacia-ambiental-y-la-pandemia\/","og_locale":"es_ES","og_type":"article","og_title":"D\u00eda de la Tierra, una celebraci\u00f3n entre la diplomacia ambiental y la pandemia - Noticias Radio Reflejos","og_description":"Incendios que se multiplican, millones de especies en peligro de extinci\u00f3n, miles de hect\u00e1reas que siguen siendo deforestadas y un virus al que no podemos vencer no parecen razones para festejar. Sin embargo, la sociedad civil, la ciencia y algunos compromisos pol\u00edticos pueden revertir la crisis clim\u00e1tica que padecemos","og_url":"https:\/\/www.noticiasradioreflejos.com.ar\/2021\/dia-de-la-tierra-una-celebracion-entre-la-diplomacia-ambiental-y-la-pandemia\/","og_site_name":"Noticias Radio Reflejos","article_published_time":"2021-04-22T11:18:49+00:00","og_image":[{"url":"https:\/\/www.infobae.com\/new-resizer\/-69zMBVJWPq1ppx40sjF1-cs5GY=\/420x236\/filters:format(jpg):quality(85)\/cloudfront-us-east-1.images.arcpublishing.com\/infobae\/KELMMJTWHFH5RMX4NKNCST4RPE.jpg","type":"","width":"","height":""}],"author":"Arnaldo Botto","twitter_card":"summary_large_image","schema":{"@context":"https:\/\/schema.org","@graph":[{"@type":"WebPage","@id":"https:\/\/www.noticiasradioreflejos.com.ar\/2021\/dia-de-la-tierra-una-celebracion-entre-la-diplomacia-ambiental-y-la-pandemia\/","url":"https:\/\/www.noticiasradioreflejos.com.ar\/2021\/dia-de-la-tierra-una-celebracion-entre-la-diplomacia-ambiental-y-la-pandemia\/","name":"D\u00eda de la Tierra, una celebraci\u00f3n entre la diplomacia ambiental y la pandemia - Noticias Radio Reflejos","isPartOf":{"@id":"https:\/\/www.noticiasradioreflejos.com.ar\/2021\/#website"},"primaryImageOfPage":{"@id":"https:\/\/www.noticiasradioreflejos.com.ar\/2021\/dia-de-la-tierra-una-celebracion-entre-la-diplomacia-ambiental-y-la-pandemia\/#primaryimage"},"image":{"@id":"https:\/\/www.noticiasradioreflejos.com.ar\/2021\/dia-de-la-tierra-una-celebracion-entre-la-diplomacia-ambiental-y-la-pandemia\/#primaryimage"},"thumbnailUrl":"https:\/\/www.infobae.com\/new-resizer\/-69zMBVJWPq1ppx40sjF1-cs5GY=\/420x236\/filters:format(jpg):quality(85)\/cloudfront-us-east-1.images.arcpublishing.com\/infobae\/KELMMJTWHFH5RMX4NKNCST4RPE.jpg","datePublished":"2021-04-22T11:18:49+00:00","author":{"@id":"https:\/\/www.noticiasradioreflejos.com.ar\/2021\/#\/schema\/person\/ad82545263dcc5ec0996818884fd5fb1"},"breadcrumb":{"@id":"https:\/\/www.noticiasradioreflejos.com.ar\/2021\/dia-de-la-tierra-una-celebracion-entre-la-diplomacia-ambiental-y-la-pandemia\/#breadcrumb"},"inLanguage":"es","potentialAction":[{"@type":"ReadAction","target":["https:\/\/www.noticiasradioreflejos.com.ar\/2021\/dia-de-la-tierra-una-celebracion-entre-la-diplomacia-ambiental-y-la-pandemia\/"]}]},{"@type":"ImageObject","inLanguage":"es","@id":"https:\/\/www.noticiasradioreflejos.com.ar\/2021\/dia-de-la-tierra-una-celebracion-entre-la-diplomacia-ambiental-y-la-pandemia\/#primaryimage","url":"https:\/\/www.infobae.com\/new-resizer\/-69zMBVJWPq1ppx40sjF1-cs5GY=\/420x236\/filters:format(jpg):quality(85)\/cloudfront-us-east-1.images.arcpublishing.com\/infobae\/KELMMJTWHFH5RMX4NKNCST4RPE.jpg","contentUrl":"https:\/\/www.infobae.com\/new-resizer\/-69zMBVJWPq1ppx40sjF1-cs5GY=\/420x236\/filters:format(jpg):quality(85)\/cloudfront-us-east-1.images.arcpublishing.com\/infobae\/KELMMJTWHFH5RMX4NKNCST4RPE.jpg"},{"@type":"BreadcrumbList","@id":"https:\/\/www.noticiasradioreflejos.com.ar\/2021\/dia-de-la-tierra-una-celebracion-entre-la-diplomacia-ambiental-y-la-pandemia\/#breadcrumb","itemListElement":[{"@type":"ListItem","position":1,"name":"Portada","item":"https:\/\/www.noticiasradioreflejos.com.ar\/2021\/"},{"@type":"ListItem","position":2,"name":"D\u00eda de la Tierra, una celebraci\u00f3n entre la diplomacia ambiental y la pandemia"}]},{"@type":"WebSite","@id":"https:\/\/www.noticiasradioreflejos.com.ar\/2021\/#website","url":"https:\/\/www.noticiasradioreflejos.com.ar\/2021\/","name":"Noticias Radio Reflejos","description":"Las noticias de mi comarca","potentialAction":[{"@type":"SearchAction","target":{"@type":"EntryPoint","urlTemplate":"https:\/\/www.noticiasradioreflejos.com.ar\/2021\/?s={search_term_string}"},"query-input":{"@type":"PropertyValueSpecification","valueRequired":true,"valueName":"search_term_string"}}],"inLanguage":"es"},{"@type":"Person","@id":"https:\/\/www.noticiasradioreflejos.com.ar\/2021\/#\/schema\/person\/ad82545263dcc5ec0996818884fd5fb1","name":"Arnaldo Botto","image":{"@type":"ImageObject","inLanguage":"es","@id":"https:\/\/www.noticiasradioreflejos.com.ar\/2021\/#\/schema\/person\/image\/","url":"https:\/\/secure.gravatar.com\/avatar\/55cb5e37c1efa326397366e6974cb338056df65cb50e7d64d1cf314e87504837?s=96&d=mm&r=g","contentUrl":"https:\/\/secure.gravatar.com\/avatar\/55cb5e37c1efa326397366e6974cb338056df65cb50e7d64d1cf314e87504837?s=96&d=mm&r=g","caption":"Arnaldo Botto"},"url":"https:\/\/www.noticiasradioreflejos.com.ar\/2021\/author\/arnaldo\/"}]}},"_links":{"self":[{"href":"https:\/\/www.noticiasradioreflejos.com.ar\/2021\/wp-json\/wp\/v2\/posts\/55748","targetHints":{"allow":["GET"]}}],"collection":[{"href":"https:\/\/www.noticiasradioreflejos.com.ar\/2021\/wp-json\/wp\/v2\/posts"}],"about":[{"href":"https:\/\/www.noticiasradioreflejos.com.ar\/2021\/wp-json\/wp\/v2\/types\/post"}],"author":[{"embeddable":true,"href":"https:\/\/www.noticiasradioreflejos.com.ar\/2021\/wp-json\/wp\/v2\/users\/3"}],"replies":[{"embeddable":true,"href":"https:\/\/www.noticiasradioreflejos.com.ar\/2021\/wp-json\/wp\/v2\/comments?post=55748"}],"version-history":[{"count":0,"href":"https:\/\/www.noticiasradioreflejos.com.ar\/2021\/wp-json\/wp\/v2\/posts\/55748\/revisions"}],"wp:attachment":[{"href":"https:\/\/www.noticiasradioreflejos.com.ar\/2021\/wp-json\/wp\/v2\/media?parent=55748"}],"wp:term":[{"taxonomy":"category","embeddable":true,"href":"https:\/\/www.noticiasradioreflejos.com.ar\/2021\/wp-json\/wp\/v2\/categories?post=55748"},{"taxonomy":"post_tag","embeddable":true,"href":"https:\/\/www.noticiasradioreflejos.com.ar\/2021\/wp-json\/wp\/v2\/tags?post=55748"}],"curies":[{"name":"wp","href":"https:\/\/api.w.org\/{rel}","templated":true}]}}