{"id":55740,"date":"2021-04-22T07:35:21","date_gmt":"2021-04-22T10:35:21","guid":{"rendered":"http:\/\/www.noticiasradioreflejos.com.ar\/noticias\/?p=55740"},"modified":"2021-04-22T07:35:21","modified_gmt":"2021-04-22T10:35:21","slug":"alberto-fernandez-pidio-garantizar-la-produccion-y-distribucion-equitativa-de-vacunas-contra-el-covid-19","status":"publish","type":"post","link":"https:\/\/www.noticiasradioreflejos.com.ar\/2021\/alberto-fernandez-pidio-garantizar-la-produccion-y-distribucion-equitativa-de-vacunas-contra-el-covid-19\/","title":{"rendered":"Alberto Fern\u00e1ndez pidi\u00f3 garantizar la producci\u00f3n y distribuci\u00f3n equitativa de vacunas contra el COVID-19"},"content":{"rendered":"<p>El presidente Alberto Fern\u00e1ndez llam\u00f3 a las naciones de la regi\u00f3n a actuar \u201cunidas por solidaridad\u201d para \u201cgarantizar la producci\u00f3n y distribuci\u00f3n equitativa de las vacunas\u201d y a su vez para encontrar mecanismos innovadores que faciliten el acceso al financiamiento externo de los pa\u00edses de ingresos medios durante su intervenci\u00f3n en la XXVII Cumbre Iberoamericana de Jefes de Estado y de Gobierno Andorra 2020, que se desarrolla bajo el lema \u201cInnovaci\u00f3n para el desarrollo sostenible &#8211; Objetivo 2030. Iberoam\u00e9rica frente al reto del Coronavirus\u201d.<!--more-->\u201cSeamos protagonistas unidos, solidarios y organizados de una civilizaci\u00f3n que se reconstruye para integrar a todos y todas\u201d, invit\u00f3 el Presidente y asever\u00f3: \u201cEl mundo se arriesga a una recuperaci\u00f3n incompleta, desigual e insostenible\u201d.<\/p>\n<p>En su exposici\u00f3n, realizada de manera virtual desde la Residencia de Olivos y acompa\u00f1ado del canciller Felipe Sol\u00e1, Fern\u00e1ndez enfatiz\u00f3 que \u201ces indispensable profundizar la transferencia de tecnolog\u00edas y la cooperaci\u00f3n financiera internacional, sin exclusiones\u201d.<\/p>\n<p>Agradeci\u00f3 el \u201cvalioso apoyo\u201d de las delegaciones que han acompa\u00f1ado el documento especial que present\u00f3 la Argentina junto a Espa\u00f1a sobre \u201cAcceso a financiamiento externo para combatir al Covid-19\u201d, que busca promover el uso de todas las herramientas disponibles para que nuestros pa\u00edses est\u00e9n en mejores condiciones financieras para enfrentar esta situaci\u00f3n excepcional.<\/p>\n<p>Se\u00f1al\u00f3 que \u201ces imperativo\u201d que iniciativas de alivio de deuda se extiendan a pa\u00edses de ingreso medio con alta vulnerabilidad, \u201cpromoviendo asimismo nuevos horizontes de pago y tasas m\u00e1s flexibles\u201d, y valor\u00f3 el reclamo del Papa Francisco en cuanto a que \u201clas poblaciones m\u00e1s vulnerables no pueden quedar excluidas de esta redistribuci\u00f3n que inyectar\u00e1 liquidez al escenario econ\u00f3mico mundial\u201d.<\/p>\n<p>Respecto de las Islas Malvinas, el Presidente agradeci\u00f3 el apoyo un\u00e1nime al llamado a la reanudaci\u00f3n de las negociaciones entre el gobierno argentino y el del Reino Unido.<\/p>\n<p>La apertura de la Cumbre, que celebra 30 a\u00f1os desde su inauguraci\u00f3n, estuvo a cargo del jefe de Gobierno del principado de Andorra, Xavier Espot, y de la secretaria General Iberoamericana, Rebeca Grynspan, y luego pronunci\u00f3 un mensaje el secretario general de las Naciones Unidas, Ant\u00f3nio Guterres.<\/p>\n<p>Participaron tambi\u00e9n el Rey Felipe VI y los presidentes de Espa\u00f1a, Pedro S\u00e1nchez; de Portugal, Marcelo Rebelo de Sousa; de Bolivia, Luis Arce; de Chile, Sebasti\u00e1n Pi\u00f1era; de Uruguay, Luis Lacalle Pou; de Cuba, Miguel D\u00edaz-Canel; y de Colombia, Iv\u00e1n Duque, entre otros.<\/p>\n","protected":false},"excerpt":{"rendered":"<p>El presidente Alberto Fern\u00e1ndez llam\u00f3 a las naciones de la regi\u00f3n a actuar \u201cunidas por solidaridad\u201d para \u201cgarantizar la producci\u00f3n y distribuci\u00f3n equitativa de las vacunas\u201d y a su vez para encontrar mecanismos innovadores que faciliten el acceso al financiamiento externo de los pa\u00edses de ingresos medios durante su intervenci\u00f3n en la XXVII Cumbre Iberoamericana [&hellip;]<\/p>\n","protected":false},"author":3,"featured_media":0,"comment_status":"closed","ping_status":"open","sticky":false,"template":"","format":"standard","meta":{"footnotes":""},"categories":[24,30],"tags":[],"class_list":["post-55740","post","type-post","status-publish","format-standard","hentry","category-politica","category-salud"],"yoast_head":"<!-- This site is optimized with the Yoast SEO plugin v25.9 - https:\/\/yoast.com\/wordpress\/plugins\/seo\/ -->\n<title>Alberto Fern\u00e1ndez pidi\u00f3 garantizar la producci\u00f3n y distribuci\u00f3n equitativa de vacunas contra el COVID-19 - Noticias Radio Reflejos<\/title>\n<meta name=\"robots\" content=\"index, follow, max-snippet:-1, max-image-preview:large, max-video-preview:-1\" \/>\n<link rel=\"canonical\" href=\"https:\/\/www.noticiasradioreflejos.com.ar\/2021\/alberto-fernandez-pidio-garantizar-la-produccion-y-distribucion-equitativa-de-vacunas-contra-el-covid-19\/\" \/>\n<meta property=\"og:locale\" content=\"es_ES\" \/>\n<meta property=\"og:type\" content=\"article\" \/>\n<meta property=\"og:title\" content=\"Alberto Fern\u00e1ndez pidi\u00f3 garantizar la producci\u00f3n y distribuci\u00f3n equitativa de vacunas contra el COVID-19 - Noticias Radio Reflejos\" \/>\n<meta property=\"og:description\" content=\"El presidente Alberto Fern\u00e1ndez llam\u00f3 a las naciones de la regi\u00f3n a actuar \u201cunidas por solidaridad\u201d para \u201cgarantizar la producci\u00f3n y distribuci\u00f3n equitativa de las vacunas\u201d y a su vez para encontrar mecanismos innovadores que faciliten el acceso al financiamiento externo de los pa\u00edses de ingresos medios durante su intervenci\u00f3n en la XXVII Cumbre Iberoamericana [&hellip;]\" \/>\n<meta property=\"og:url\" content=\"https:\/\/www.noticiasradioreflejos.com.ar\/2021\/alberto-fernandez-pidio-garantizar-la-produccion-y-distribucion-equitativa-de-vacunas-contra-el-covid-19\/\" \/>\n<meta property=\"og:site_name\" content=\"Noticias Radio Reflejos\" \/>\n<meta property=\"article:published_time\" content=\"2021-04-22T10:35:21+00:00\" \/>\n<meta property=\"og:image\" content=\"https:\/\/www.noticiasradioreflejos.com.ar\/2021\/wp-content\/uploads\/2021\/07\/logosol300x200.png\" \/>\n\t<meta property=\"og:image:width\" content=\"300\" \/>\n\t<meta property=\"og:image:height\" content=\"200\" \/>\n\t<meta property=\"og:image:type\" content=\"image\/png\" \/>\n<meta name=\"author\" content=\"Arnaldo Botto\" \/>\n<meta name=\"twitter:card\" content=\"summary_large_image\" \/>\n<script type=\"application\/ld+json\" class=\"yoast-schema-graph\">{\"@context\":\"https:\/\/schema.org\",\"@graph\":[{\"@type\":\"WebPage\",\"@id\":\"https:\/\/www.noticiasradioreflejos.com.ar\/2021\/alberto-fernandez-pidio-garantizar-la-produccion-y-distribucion-equitativa-de-vacunas-contra-el-covid-19\/\",\"url\":\"https:\/\/www.noticiasradioreflejos.com.ar\/2021\/alberto-fernandez-pidio-garantizar-la-produccion-y-distribucion-equitativa-de-vacunas-contra-el-covid-19\/\",\"name\":\"Alberto Fern\u00e1ndez pidi\u00f3 garantizar la producci\u00f3n y distribuci\u00f3n equitativa de vacunas contra el COVID-19 - Noticias Radio Reflejos\",\"isPartOf\":{\"@id\":\"https:\/\/www.noticiasradioreflejos.com.ar\/2021\/#website\"},\"datePublished\":\"2021-04-22T10:35:21+00:00\",\"author\":{\"@id\":\"https:\/\/www.noticiasradioreflejos.com.ar\/2021\/#\/schema\/person\/ad82545263dcc5ec0996818884fd5fb1\"},\"breadcrumb\":{\"@id\":\"https:\/\/www.noticiasradioreflejos.com.ar\/2021\/alberto-fernandez-pidio-garantizar-la-produccion-y-distribucion-equitativa-de-vacunas-contra-el-covid-19\/#breadcrumb\"},\"inLanguage\":\"es\",\"potentialAction\":[{\"@type\":\"ReadAction\",\"target\":[\"https:\/\/www.noticiasradioreflejos.com.ar\/2021\/alberto-fernandez-pidio-garantizar-la-produccion-y-distribucion-equitativa-de-vacunas-contra-el-covid-19\/\"]}]},{\"@type\":\"BreadcrumbList\",\"@id\":\"https:\/\/www.noticiasradioreflejos.com.ar\/2021\/alberto-fernandez-pidio-garantizar-la-produccion-y-distribucion-equitativa-de-vacunas-contra-el-covid-19\/#breadcrumb\",\"itemListElement\":[{\"@type\":\"ListItem\",\"position\":1,\"name\":\"Portada\",\"item\":\"https:\/\/www.noticiasradioreflejos.com.ar\/2021\/\"},{\"@type\":\"ListItem\",\"position\":2,\"name\":\"Alberto Fern\u00e1ndez pidi\u00f3 garantizar la producci\u00f3n y distribuci\u00f3n equitativa de vacunas contra el COVID-19\"}]},{\"@type\":\"WebSite\",\"@id\":\"https:\/\/www.noticiasradioreflejos.com.ar\/2021\/#website\",\"url\":\"https:\/\/www.noticiasradioreflejos.com.ar\/2021\/\",\"name\":\"Noticias Radio Reflejos\",\"description\":\"Las noticias de mi comarca\",\"potentialAction\":[{\"@type\":\"SearchAction\",\"target\":{\"@type\":\"EntryPoint\",\"urlTemplate\":\"https:\/\/www.noticiasradioreflejos.com.ar\/2021\/?s={search_term_string}\"},\"query-input\":{\"@type\":\"PropertyValueSpecification\",\"valueRequired\":true,\"valueName\":\"search_term_string\"}}],\"inLanguage\":\"es\"},{\"@type\":\"Person\",\"@id\":\"https:\/\/www.noticiasradioreflejos.com.ar\/2021\/#\/schema\/person\/ad82545263dcc5ec0996818884fd5fb1\",\"name\":\"Arnaldo Botto\",\"image\":{\"@type\":\"ImageObject\",\"inLanguage\":\"es\",\"@id\":\"https:\/\/www.noticiasradioreflejos.com.ar\/2021\/#\/schema\/person\/image\/\",\"url\":\"https:\/\/secure.gravatar.com\/avatar\/55cb5e37c1efa326397366e6974cb338056df65cb50e7d64d1cf314e87504837?s=96&d=mm&r=g\",\"contentUrl\":\"https:\/\/secure.gravatar.com\/avatar\/55cb5e37c1efa326397366e6974cb338056df65cb50e7d64d1cf314e87504837?s=96&d=mm&r=g\",\"caption\":\"Arnaldo Botto\"},\"url\":\"https:\/\/www.noticiasradioreflejos.com.ar\/2021\/author\/arnaldo\/\"}]}<\/script>\n<!-- \/ Yoast SEO plugin. -->","yoast_head_json":{"title":"Alberto Fern\u00e1ndez pidi\u00f3 garantizar la producci\u00f3n y distribuci\u00f3n equitativa de vacunas contra el COVID-19 - Noticias Radio Reflejos","robots":{"index":"index","follow":"follow","max-snippet":"max-snippet:-1","max-image-preview":"max-image-preview:large","max-video-preview":"max-video-preview:-1"},"canonical":"https:\/\/www.noticiasradioreflejos.com.ar\/2021\/alberto-fernandez-pidio-garantizar-la-produccion-y-distribucion-equitativa-de-vacunas-contra-el-covid-19\/","og_locale":"es_ES","og_type":"article","og_title":"Alberto Fern\u00e1ndez pidi\u00f3 garantizar la producci\u00f3n y distribuci\u00f3n equitativa de vacunas contra el COVID-19 - Noticias Radio Reflejos","og_description":"El presidente Alberto Fern\u00e1ndez llam\u00f3 a las naciones de la regi\u00f3n a actuar \u201cunidas por solidaridad\u201d para \u201cgarantizar la producci\u00f3n y distribuci\u00f3n equitativa de las vacunas\u201d y a su vez para encontrar mecanismos innovadores que faciliten el acceso al financiamiento externo de los pa\u00edses de ingresos medios durante su intervenci\u00f3n en la XXVII Cumbre Iberoamericana [&hellip;]","og_url":"https:\/\/www.noticiasradioreflejos.com.ar\/2021\/alberto-fernandez-pidio-garantizar-la-produccion-y-distribucion-equitativa-de-vacunas-contra-el-covid-19\/","og_site_name":"Noticias Radio Reflejos","article_published_time":"2021-04-22T10:35:21+00:00","og_image":[{"width":300,"height":200,"url":"https:\/\/www.noticiasradioreflejos.com.ar\/2021\/wp-content\/uploads\/2021\/07\/logosol300x200.png","type":"image\/png"}],"author":"Arnaldo Botto","twitter_card":"summary_large_image","schema":{"@context":"https:\/\/schema.org","@graph":[{"@type":"WebPage","@id":"https:\/\/www.noticiasradioreflejos.com.ar\/2021\/alberto-fernandez-pidio-garantizar-la-produccion-y-distribucion-equitativa-de-vacunas-contra-el-covid-19\/","url":"https:\/\/www.noticiasradioreflejos.com.ar\/2021\/alberto-fernandez-pidio-garantizar-la-produccion-y-distribucion-equitativa-de-vacunas-contra-el-covid-19\/","name":"Alberto Fern\u00e1ndez pidi\u00f3 garantizar la producci\u00f3n y distribuci\u00f3n equitativa de vacunas contra el COVID-19 - Noticias Radio Reflejos","isPartOf":{"@id":"https:\/\/www.noticiasradioreflejos.com.ar\/2021\/#website"},"datePublished":"2021-04-22T10:35:21+00:00","author":{"@id":"https:\/\/www.noticiasradioreflejos.com.ar\/2021\/#\/schema\/person\/ad82545263dcc5ec0996818884fd5fb1"},"breadcrumb":{"@id":"https:\/\/www.noticiasradioreflejos.com.ar\/2021\/alberto-fernandez-pidio-garantizar-la-produccion-y-distribucion-equitativa-de-vacunas-contra-el-covid-19\/#breadcrumb"},"inLanguage":"es","potentialAction":[{"@type":"ReadAction","target":["https:\/\/www.noticiasradioreflejos.com.ar\/2021\/alberto-fernandez-pidio-garantizar-la-produccion-y-distribucion-equitativa-de-vacunas-contra-el-covid-19\/"]}]},{"@type":"BreadcrumbList","@id":"https:\/\/www.noticiasradioreflejos.com.ar\/2021\/alberto-fernandez-pidio-garantizar-la-produccion-y-distribucion-equitativa-de-vacunas-contra-el-covid-19\/#breadcrumb","itemListElement":[{"@type":"ListItem","position":1,"name":"Portada","item":"https:\/\/www.noticiasradioreflejos.com.ar\/2021\/"},{"@type":"ListItem","position":2,"name":"Alberto Fern\u00e1ndez pidi\u00f3 garantizar la producci\u00f3n y distribuci\u00f3n equitativa de vacunas contra el COVID-19"}]},{"@type":"WebSite","@id":"https:\/\/www.noticiasradioreflejos.com.ar\/2021\/#website","url":"https:\/\/www.noticiasradioreflejos.com.ar\/2021\/","name":"Noticias Radio Reflejos","description":"Las noticias de mi comarca","potentialAction":[{"@type":"SearchAction","target":{"@type":"EntryPoint","urlTemplate":"https:\/\/www.noticiasradioreflejos.com.ar\/2021\/?s={search_term_string}"},"query-input":{"@type":"PropertyValueSpecification","valueRequired":true,"valueName":"search_term_string"}}],"inLanguage":"es"},{"@type":"Person","@id":"https:\/\/www.noticiasradioreflejos.com.ar\/2021\/#\/schema\/person\/ad82545263dcc5ec0996818884fd5fb1","name":"Arnaldo Botto","image":{"@type":"ImageObject","inLanguage":"es","@id":"https:\/\/www.noticiasradioreflejos.com.ar\/2021\/#\/schema\/person\/image\/","url":"https:\/\/secure.gravatar.com\/avatar\/55cb5e37c1efa326397366e6974cb338056df65cb50e7d64d1cf314e87504837?s=96&d=mm&r=g","contentUrl":"https:\/\/secure.gravatar.com\/avatar\/55cb5e37c1efa326397366e6974cb338056df65cb50e7d64d1cf314e87504837?s=96&d=mm&r=g","caption":"Arnaldo Botto"},"url":"https:\/\/www.noticiasradioreflejos.com.ar\/2021\/author\/arnaldo\/"}]}},"_links":{"self":[{"href":"https:\/\/www.noticiasradioreflejos.com.ar\/2021\/wp-json\/wp\/v2\/posts\/55740","targetHints":{"allow":["GET"]}}],"collection":[{"href":"https:\/\/www.noticiasradioreflejos.com.ar\/2021\/wp-json\/wp\/v2\/posts"}],"about":[{"href":"https:\/\/www.noticiasradioreflejos.com.ar\/2021\/wp-json\/wp\/v2\/types\/post"}],"author":[{"embeddable":true,"href":"https:\/\/www.noticiasradioreflejos.com.ar\/2021\/wp-json\/wp\/v2\/users\/3"}],"replies":[{"embeddable":true,"href":"https:\/\/www.noticiasradioreflejos.com.ar\/2021\/wp-json\/wp\/v2\/comments?post=55740"}],"version-history":[{"count":0,"href":"https:\/\/www.noticiasradioreflejos.com.ar\/2021\/wp-json\/wp\/v2\/posts\/55740\/revisions"}],"wp:attachment":[{"href":"https:\/\/www.noticiasradioreflejos.com.ar\/2021\/wp-json\/wp\/v2\/media?parent=55740"}],"wp:term":[{"taxonomy":"category","embeddable":true,"href":"https:\/\/www.noticiasradioreflejos.com.ar\/2021\/wp-json\/wp\/v2\/categories?post=55740"},{"taxonomy":"post_tag","embeddable":true,"href":"https:\/\/www.noticiasradioreflejos.com.ar\/2021\/wp-json\/wp\/v2\/tags?post=55740"}],"curies":[{"name":"wp","href":"https:\/\/api.w.org\/{rel}","templated":true}]}}